{"id":454793,"date":"2021-07-15T10:13:13","date_gmt":"2021-07-15T08:13:13","guid":{"rendered":"https:\/\/hudo.com\/si\/?p=454793"},"modified":"2021-07-15T10:13:13","modified_gmt":"2021-07-15T08:13:13","slug":"vreme-sprva-pretezno-jasno-dopoldne-se-bo-od-zahoda-pricelo-oblaciti","status":"publish","type":"post","link":"https:\/\/hudo.com\/si\/vreme\/vreme-sprva-pretezno-jasno-dopoldne-se-bo-od-zahoda-pricelo-oblaciti\/","title":{"rendered":"Vreme: Sprva prete\u017eno jasno, dopoldne se bo od zahoda pri\u010delo obla\u010diti"},"content":{"rendered":"<p>V petek bo spremenljivo do prete\u017eno obla\u010dno, predvsem sredi dneva in popoldne bodo krajevne padavine, tudi nevihte. Zapihal bo veter severne smeri. Najni\u017eje jutranje temperature bodo od 12 do 18, najvi\u0161je dnevne od 20 do 26, na Primorskem do 28 stopinj Celzija.<\/p>\n<p><strong>Obeti:<\/strong> V no\u010di na soboto se bodo padavine od vzhoda okrepile in do jutra raz\u0161irile nad ve\u010dji del Slovenije, vmes bodo nastajale nevihte. V soboto bo ve\u010dinoma obla\u010dno s pogostimi padavinami, ki jih bo manj na zahodu. Pojavljale se bodo tudi nevihte z nalivi. Tudi v nedeljo bo \u0161e spremenljivo s krajevnimi padavinami, ki jih bo ve\u010d v vzhodni polovici dr\u017eave. Oba dneva bo pihal severni do severovzhodni veter.<\/p>\n<p><strong>Vremenska slika:<\/strong> Nad srednjo Evropo se zadr\u017euje vi\u0161insko jedro hladnega zraka. Z jugozahodnim vetrom k nam postopno bolj vla\u017een zrak.<\/p>\n<p><strong>Napoved za sosednje pokrajine:<\/strong> V \u010detrtek bo sprva precej jasno, \u010dez dan se bo od zahoda zmerno poobla\u010dilo, predvsem v Alpah bo nastalo nekaj ploh ali neviht. V petek bo spremenljivo do prete\u017eno obla\u010dno s krajevnimi padavinami, tudi nevihtami. Zapihal bo veter severnih smeri, ob Jadranu \u0161ibka do zmerna burja.<\/p>\n<p><strong>Biovreme:<\/strong> V \u010detrtek bo vpliv vremena na po\u010dutje pove\u010dini ugoden. V petek bo vpliv vremena na po\u010dutje ljudi zmerno obremenilen, ob\u010dutljivi ljudje bodo imeli manj\u0161e vremensko pogojene te\u017eave.<\/p>\n","protected":false},"excerpt":{"rendered":"<p>Sredi dneva in popoldne bo zmerno obla\u010dno, predvsem na zahodu bo nastalo nekaj kratkotrajnih ploh, mo\u017ena je tudi kak\u0161na nevihta. Najvi\u0161je dnevne temperature bodo od 21 do 28 stopinj Celzija, je zapisano na spletnih straneh Agencije RS za okolje.<\/p>\n","protected":false},"author":8,"featured_media":405200,"comment_status":"closed","ping_status":"closed","sticky":false,"template":"","format":"standard","meta":{"footnotes":""},"categories":[18175],"tags":[1595,2149],"source":[4511],"supertag":[5675,12922],"acf":[],"yoast_head":"<!-- This site is optimized with the Yoast SEO plugin v21.3 - https:\/\/yoast.com\/wordpress\/plugins\/seo\/ -->\n<title>Vreme: Sprva prete\u017eno jasno, dopoldne se bo od zahoda pri\u010delo obla\u010diti - Hudo Slovenija<\/title>\n<meta name=\"robots\" content=\"index, follow, max-snippet:-1, max-image-preview:large, max-video-preview:-1\" \/>\n<link rel=\"canonical\" href=\"https:\/\/hudo.com\/si\/vreme\/vreme-sprva-pretezno-jasno-dopoldne-se-bo-od-zahoda-pricelo-oblaciti\/\" \/>\n<meta property=\"og:locale\" content=\"sl_SI\" \/>\n<meta property=\"og:type\" content=\"article\" \/>\n<meta property=\"og:title\" content=\"Vreme: Sprva prete\u017eno jasno, dopoldne se bo od zahoda pri\u010delo obla\u010diti - Hudo Slovenija\" \/>\n<meta property=\"og:description\" content=\"Sredi dneva in popoldne bo zmerno obla\u010dno, predvsem na zahodu bo nastalo nekaj kratkotrajnih ploh, mo\u017ena je tudi kak\u0161na nevihta. Najvi\u0161je dnevne temperature bodo od 21 do 28 stopinj Celzija, je zapisano na spletnih straneh Agencije RS za okolje.\" \/>\n<meta property=\"og:url\" content=\"https:\/\/hudo.com\/si\/vreme\/vreme-sprva-pretezno-jasno-dopoldne-se-bo-od-zahoda-pricelo-oblaciti\/\" \/>\n<meta property=\"og:site_name\" content=\"Hudo Slovenija\" \/>\n<meta property=\"article:publisher\" content=\"https:\/\/www.facebook.com\/hudo.si\" \/>\n<meta property=\"article:published_time\" content=\"2021-07-15T08:13:13+00:00\" \/>\n<meta property=\"og:image\" content=\"https:\/\/hudo.com\/si\/wp-content\/uploads\/sites\/2\/2019\/08\/profimedia-0260656540.jpg\" \/>\n\t<meta property=\"og:image:width\" content=\"1250\" \/>\n\t<meta property=\"og:image:height\" content=\"937\" \/>\n\t<meta property=\"og:image:type\" content=\"image\/jpeg\" \/>\n<meta name=\"author\" content=\"M. N., STA\" \/>\n<meta name=\"twitter:card\" content=\"summary_large_image\" \/>\n<meta name=\"twitter:creator\" content=\"@hudo_si\" \/>\n<meta name=\"twitter:site\" content=\"@hudo_si\" \/>\n<meta name=\"twitter:label1\" content=\"Written by\" \/>\n\t<meta name=\"twitter:data1\" content=\"M. N., STA\" \/>\n\t<meta name=\"twitter:label2\" content=\"Est. reading time\" \/>\n\t<meta name=\"twitter:data2\" content=\"1 minuta\" \/>\n<script type=\"application\/ld+json\" class=\"yoast-schema-graph\">{\"@context\":\"https:\/\/schema.org\",\"@graph\":[{\"@type\":\"Article\",\"@id\":\"https:\/\/hudo.com\/si\/vreme\/vreme-sprva-pretezno-jasno-dopoldne-se-bo-od-zahoda-pricelo-oblaciti\/#article\",\"isPartOf\":{\"@id\":\"https:\/\/hudo.com\/si\/vreme\/vreme-sprva-pretezno-jasno-dopoldne-se-bo-od-zahoda-pricelo-oblaciti\/\"},\"author\":{\"name\":\"M. N., STA\",\"@id\":\"https:\/\/hudo.com\/si\/#\/schema\/person\/c2f10ce65d2e6ede2aeda5be2a0611fa\"},\"headline\":\"Vreme: Sprva prete\u017eno jasno, dopoldne se bo od zahoda pri\u010delo obla\u010diti\",\"datePublished\":\"2021-07-15T08:13:13+00:00\",\"dateModified\":\"2021-07-15T08:13:13+00:00\",\"mainEntityOfPage\":{\"@id\":\"https:\/\/hudo.com\/si\/vreme\/vreme-sprva-pretezno-jasno-dopoldne-se-bo-od-zahoda-pricelo-oblaciti\/\"},\"wordCount\":240,\"publisher\":{\"@id\":\"https:\/\/hudo.com\/si\/#organization\"},\"keywords\":[\"Slovenija\",\"vreme\"],\"articleSection\":[\"Vreme\"],\"inLanguage\":\"sl-SI\"},{\"@type\":\"WebPage\",\"@id\":\"https:\/\/hudo.com\/si\/vreme\/vreme-sprva-pretezno-jasno-dopoldne-se-bo-od-zahoda-pricelo-oblaciti\/\",\"url\":\"https:\/\/hudo.com\/si\/vreme\/vreme-sprva-pretezno-jasno-dopoldne-se-bo-od-zahoda-pricelo-oblaciti\/\",\"name\":\"Vreme: Sprva prete\u017eno jasno, dopoldne se bo od zahoda pri\u010delo obla\u010diti - Hudo Slovenija\",\"isPartOf\":{\"@id\":\"https:\/\/hudo.com\/si\/#website\"},\"datePublished\":\"2021-07-15T08:13:13+00:00\",\"dateModified\":\"2021-07-15T08:13:13+00:00\",\"breadcrumb\":{\"@id\":\"https:\/\/hudo.com\/si\/vreme\/vreme-sprva-pretezno-jasno-dopoldne-se-bo-od-zahoda-pricelo-oblaciti\/#breadcrumb\"},\"inLanguage\":\"sl-SI\",\"potentialAction\":[{\"@type\":\"ReadAction\",\"target\":[\"https:\/\/hudo.com\/si\/vreme\/vreme-sprva-pretezno-jasno-dopoldne-se-bo-od-zahoda-pricelo-oblaciti\/\"]}]},{\"@type\":\"BreadcrumbList\",\"@id\":\"https:\/\/hudo.com\/si\/vreme\/vreme-sprva-pretezno-jasno-dopoldne-se-bo-od-zahoda-pricelo-oblaciti\/#breadcrumb\",\"itemListElement\":[{\"@type\":\"ListItem\",\"position\":1,\"name\":\"Home\",\"item\":\"https:\/\/hudo.com\/si\/\"},{\"@type\":\"ListItem\",\"position\":2,\"name\":\"Vreme: Sprva prete\u017eno jasno, dopoldne se bo od zahoda pri\u010delo obla\u010diti\"}]},{\"@type\":\"WebSite\",\"@id\":\"https:\/\/hudo.com\/si\/#website\",\"url\":\"https:\/\/hudo.com\/si\/\",\"name\":\"Hudo Slovenija\",\"description\":\"Vse novice iz Slovenije in sveta\",\"publisher\":{\"@id\":\"https:\/\/hudo.com\/si\/#organization\"},\"potentialAction\":[{\"@type\":\"SearchAction\",\"target\":{\"@type\":\"EntryPoint\",\"urlTemplate\":\"https:\/\/hudo.com\/si\/?s={search_term_string}\"},\"query-input\":\"required name=search_term_string\"}],\"inLanguage\":\"sl-SI\"},{\"@type\":\"Organization\",\"@id\":\"https:\/\/hudo.com\/si\/#organization\",\"name\":\"VSN Media\",\"url\":\"https:\/\/hudo.com\/si\/\",\"logo\":{\"@type\":\"ImageObject\",\"inLanguage\":\"sl-SI\",\"@id\":\"https:\/\/hudo.com\/si\/#\/schema\/logo\/image\/\",\"url\":\"https:\/\/hudo.com\/si\/wp-content\/uploads\/sites\/2\/2021\/03\/hudo-app-2.png\",\"contentUrl\":\"https:\/\/hudo.com\/si\/wp-content\/uploads\/sites\/2\/2021\/03\/hudo-app-2.png\",\"width\":2185,\"height\":2167,\"caption\":\"VSN Media\"},\"image\":{\"@id\":\"https:\/\/hudo.com\/si\/#\/schema\/logo\/image\/\"},\"sameAs\":[\"https:\/\/www.facebook.com\/hudo.si\",\"https:\/\/twitter.com\/hudo_si\"]},{\"@type\":\"Person\",\"@id\":\"https:\/\/hudo.com\/si\/#\/schema\/person\/c2f10ce65d2e6ede2aeda5be2a0611fa\",\"name\":\"M. N., STA\",\"image\":{\"@type\":\"ImageObject\",\"inLanguage\":\"sl-SI\",\"@id\":\"https:\/\/hudo.com\/si\/#\/schema\/person\/image\/\",\"url\":\"https:\/\/secure.gravatar.com\/avatar\/f370d38daa10467f755c5c766a4cac20?s=96&d=mm&r=g\",\"contentUrl\":\"https:\/\/secure.gravatar.com\/avatar\/f370d38daa10467f755c5c766a4cac20?s=96&d=mm&r=g\",\"caption\":\"M. N., STA\"},\"url\":\"https:\/\/hudo.com\/si\/author\/mana\/\"}]}<\/script>\n<!-- \/ Yoast SEO plugin. -->","yoast_head_json":{"title":"Vreme: Sprva prete\u017eno jasno, dopoldne se bo od zahoda pri\u010delo obla\u010diti - Hudo Slovenija","robots":{"index":"index","follow":"follow","max-snippet":"max-snippet:-1","max-image-preview":"max-image-preview:large","max-video-preview":"max-video-preview:-1"},"canonical":"https:\/\/hudo.com\/si\/vreme\/vreme-sprva-pretezno-jasno-dopoldne-se-bo-od-zahoda-pricelo-oblaciti\/","og_locale":"sl_SI","og_type":"article","og_title":"Vreme: Sprva prete\u017eno jasno, dopoldne se bo od zahoda pri\u010delo obla\u010diti - Hudo Slovenija","og_description":"Sredi dneva in popoldne bo zmerno obla\u010dno, predvsem na zahodu bo nastalo nekaj kratkotrajnih ploh, mo\u017ena je tudi kak\u0161na nevihta. Najvi\u0161je dnevne temperature bodo od 21 do 28 stopinj Celzija, je zapisano na spletnih straneh Agencije RS za okolje.","og_url":"https:\/\/hudo.com\/si\/vreme\/vreme-sprva-pretezno-jasno-dopoldne-se-bo-od-zahoda-pricelo-oblaciti\/","og_site_name":"Hudo Slovenija","article_publisher":"https:\/\/www.facebook.com\/hudo.si","article_published_time":"2021-07-15T08:13:13+00:00","og_image":[{"width":1250,"height":937,"url":"https:\/\/hudo.com\/si\/wp-content\/uploads\/sites\/2\/2019\/08\/profimedia-0260656540.jpg","type":"image\/jpeg"}],"author":"M. N., STA","twitter_card":"summary_large_image","twitter_creator":"@hudo_si","twitter_site":"@hudo_si","twitter_misc":{"Written by":"M. N., STA","Est. reading time":"1 minuta"},"schema":{"@context":"https:\/\/schema.org","@graph":[{"@type":"Article","@id":"https:\/\/hudo.com\/si\/vreme\/vreme-sprva-pretezno-jasno-dopoldne-se-bo-od-zahoda-pricelo-oblaciti\/#article","isPartOf":{"@id":"https:\/\/hudo.com\/si\/vreme\/vreme-sprva-pretezno-jasno-dopoldne-se-bo-od-zahoda-pricelo-oblaciti\/"},"author":{"name":"M. N., STA","@id":"https:\/\/hudo.com\/si\/#\/schema\/person\/c2f10ce65d2e6ede2aeda5be2a0611fa"},"headline":"Vreme: Sprva prete\u017eno jasno, dopoldne se bo od zahoda pri\u010delo obla\u010diti","datePublished":"2021-07-15T08:13:13+00:00","dateModified":"2021-07-15T08:13:13+00:00","mainEntityOfPage":{"@id":"https:\/\/hudo.com\/si\/vreme\/vreme-sprva-pretezno-jasno-dopoldne-se-bo-od-zahoda-pricelo-oblaciti\/"},"wordCount":240,"publisher":{"@id":"https:\/\/hudo.com\/si\/#organization"},"keywords":["Slovenija","vreme"],"articleSection":["Vreme"],"inLanguage":"sl-SI"},{"@type":"WebPage","@id":"https:\/\/hudo.com\/si\/vreme\/vreme-sprva-pretezno-jasno-dopoldne-se-bo-od-zahoda-pricelo-oblaciti\/","url":"https:\/\/hudo.com\/si\/vreme\/vreme-sprva-pretezno-jasno-dopoldne-se-bo-od-zahoda-pricelo-oblaciti\/","name":"Vreme: Sprva prete\u017eno jasno, dopoldne se bo od zahoda pri\u010delo obla\u010diti - Hudo Slovenija","isPartOf":{"@id":"https:\/\/hudo.com\/si\/#website"},"datePublished":"2021-07-15T08:13:13+00:00","dateModified":"2021-07-15T08:13:13+00:00","breadcrumb":{"@id":"https:\/\/hudo.com\/si\/vreme\/vreme-sprva-pretezno-jasno-dopoldne-se-bo-od-zahoda-pricelo-oblaciti\/#breadcrumb"},"inLanguage":"sl-SI","potentialAction":[{"@type":"ReadAction","target":["https:\/\/hudo.com\/si\/vreme\/vreme-sprva-pretezno-jasno-dopoldne-se-bo-od-zahoda-pricelo-oblaciti\/"]}]},{"@type":"BreadcrumbList","@id":"https:\/\/hudo.com\/si\/vreme\/vreme-sprva-pretezno-jasno-dopoldne-se-bo-od-zahoda-pricelo-oblaciti\/#breadcrumb","itemListElement":[{"@type":"ListItem","position":1,"name":"Home","item":"https:\/\/hudo.com\/si\/"},{"@type":"ListItem","position":2,"name":"Vreme: Sprva prete\u017eno jasno, dopoldne se bo od zahoda pri\u010delo obla\u010diti"}]},{"@type":"WebSite","@id":"https:\/\/hudo.com\/si\/#website","url":"https:\/\/hudo.com\/si\/","name":"Hudo Slovenija","description":"Vse novice iz Slovenije in sveta","publisher":{"@id":"https:\/\/hudo.com\/si\/#organization"},"potentialAction":[{"@type":"SearchAction","target":{"@type":"EntryPoint","urlTemplate":"https:\/\/hudo.com\/si\/?s={search_term_string}"},"query-input":"required name=search_term_string"}],"inLanguage":"sl-SI"},{"@type":"Organization","@id":"https:\/\/hudo.com\/si\/#organization","name":"VSN Media","url":"https:\/\/hudo.com\/si\/","logo":{"@type":"ImageObject","inLanguage":"sl-SI","@id":"https:\/\/hudo.com\/si\/#\/schema\/logo\/image\/","url":"https:\/\/hudo.com\/si\/wp-content\/uploads\/sites\/2\/2021\/03\/hudo-app-2.png","contentUrl":"https:\/\/hudo.com\/si\/wp-content\/uploads\/sites\/2\/2021\/03\/hudo-app-2.png","width":2185,"height":2167,"caption":"VSN Media"},"image":{"@id":"https:\/\/hudo.com\/si\/#\/schema\/logo\/image\/"},"sameAs":["https:\/\/www.facebook.com\/hudo.si","https:\/\/twitter.com\/hudo_si"]},{"@type":"Person","@id":"https:\/\/hudo.com\/si\/#\/schema\/person\/c2f10ce65d2e6ede2aeda5be2a0611fa","name":"M. N., STA","image":{"@type":"ImageObject","inLanguage":"sl-SI","@id":"https:\/\/hudo.com\/si\/#\/schema\/person\/image\/","url":"https:\/\/secure.gravatar.com\/avatar\/f370d38daa10467f755c5c766a4cac20?s=96&d=mm&r=g","contentUrl":"https:\/\/secure.gravatar.com\/avatar\/f370d38daa10467f755c5c766a4cac20?s=96&d=mm&r=g","caption":"M. N., STA"},"url":"https:\/\/hudo.com\/si\/author\/mana\/"}]}},"amp_enabled":true,"_links":{"self":[{"href":"https:\/\/hudo.com\/si\/wp-json\/wp\/v2\/posts\/454793"}],"collection":[{"href":"https:\/\/hudo.com\/si\/wp-json\/wp\/v2\/posts"}],"about":[{"href":"https:\/\/hudo.com\/si\/wp-json\/wp\/v2\/types\/post"}],"author":[{"embeddable":true,"href":"https:\/\/hudo.com\/si\/wp-json\/wp\/v2\/users\/8"}],"replies":[{"embeddable":true,"href":"https:\/\/hudo.com\/si\/wp-json\/wp\/v2\/comments?post=454793"}],"version-history":[{"count":1,"href":"https:\/\/hudo.com\/si\/wp-json\/wp\/v2\/posts\/454793\/revisions"}],"predecessor-version":[{"id":454795,"href":"https:\/\/hudo.com\/si\/wp-json\/wp\/v2\/posts\/454793\/revisions\/454795"}],"wp:featuredmedia":[{"embeddable":true,"href":"https:\/\/hudo.com\/si\/wp-json\/wp\/v2\/media\/405200"}],"wp:attachment":[{"href":"https:\/\/hudo.com\/si\/wp-json\/wp\/v2\/media?parent=454793"}],"wp:term":[{"taxonomy":"category","embeddable":true,"href":"https:\/\/hudo.com\/si\/wp-json\/wp\/v2\/categories?post=454793"},{"taxonomy":"post_tag","embeddable":true,"href":"https:\/\/hudo.com\/si\/wp-json\/wp\/v2\/tags?post=454793"},{"taxonomy":"source","embeddable":true,"href":"https:\/\/hudo.com\/si\/wp-json\/wp\/v2\/source?post=454793"},{"taxonomy":"supertag","embeddable":true,"href":"https:\/\/hudo.com\/si\/wp-json\/wp\/v2\/supertag?post=454793"}],"curies":[{"name":"wp","href":"https:\/\/api.w.org\/{rel}","templated":true}]}}