{"id":454812,"date":"2021-07-15T12:28:25","date_gmt":"2021-07-15T10:28:25","guid":{"rendered":"https:\/\/hudo.com\/si\/?p=454812"},"modified":"2021-07-15T12:28:25","modified_gmt":"2021-07-15T10:28:25","slug":"dvajsetletnik-ki-je-v-sloveniji-nacrtoval-strelski-pohod-dobil-taksno-kazen","status":"publish","type":"post","link":"https:\/\/hudo.com\/si\/aktualno\/slovenija\/dvajsetletnik-ki-je-v-sloveniji-nacrtoval-strelski-pohod-dobil-taksno-kazen\/","title":{"rendered":"Dvajsetletnik, ki je v Sloveniji na\u010drtoval strelski pohod, dobil tak\u0161no kazen"},"content":{"rendered":"<p>Kranjsko okro\u017eno sodi\u0161\u010de je dvajsetletniku iz Krope, ki naj bi spomladi na\u010drtoval strelski pohod, danes za kaznivo dejanje poskusa nedovoljenega prometa z oro\u017ejem izreklo osemmese\u010dno pogojno zaporno kazen s preizkusno dobo petih let. Hkrati mu je odredilo obvezno zdravljenje in mu odpravilo pripor. Obto\u017eeni je tako od danes znova na prostosti.<\/p>\n<p>Obto\u017eenec je ob dana\u0161njem za\u010detku glavne obravnave, ki je sledila torkovemu zasli\u0161anju sodnega izvedenca za psihiatrijo, o\u010ditano kaznivo dejanje poskusa nedovoljene proizvodnje in prometa z oro\u017ejem ali eksplozivom priznal. Ob tem je dejal, da svoja dejanja ob\u017ealuje. &#8220;Ob\u017ealujem, da je pri\u0161lo do tega in se vsem globoko opravi\u010dujem,&#8221; je poudaril.<\/p>\n<p>Obto\u017eenec je \u017ee pred preiskovalnim sodnikom priznal, da je sku\u0161al iz ZDA po po\u0161ti v Slovenijo pridobiti polavtomatsko pi\u0161tolo znamke Glock in avtomatsko strelno oro\u017eje znamke Remington ter strelivo. Oro\u017eje je naro\u010dil preko temnega spleta in zanj pla\u010dal okoli 5000 evrov. Vendar pa krivde na predobravnavnem naroku ni priznal, saj je bilo treba prej razre\u0161iti vpra\u0161anje, ali je bil sposoben razumeti pomen svojih ravnanj in jih tudi obvladati.<\/p>\n<p>Sodni izvedenec za psihiatrijo, med zasli\u0161anjem katerega je bila javnost v torek zaradi interesa varstva osebnega \u017eivljenja obto\u017eenca izlo\u010dena, je ocenil, da obto\u017eeni v \u010dasu dejanja ni bil nepri\u0161teven, temve\u010d bistveno zmanj\u0161ano pri\u0161teven.<\/p>\n<p>Glede na oceno izvedenca je to\u017eilka Helga Dobrin na dana\u0161njem naroku za izrek kazenske sankcije, ki je sledil obto\u017een\u010devemu priznanju krivde, oblikovala kaznovalni predlog, in sicer, da se obto\u017eenemu za poskus nedovoljene pridobitve oro\u017eja izre\u010de osem mesecev pogojne zaporne kazni s preizkusno dobo petih let in varnostnim nadzorstvom oziroma zdravljenjem na prostosti, kar pomeni obiskovanje ustrezne zdravstvene ustanove in psiholo\u0161ke svetovalnice.<\/p>\n<p>Sodnica Andrijana Aha\u010di\u010d je predlogu to\u017eilke v celoti sledila. Kot je pojasnila, se je za tako dolgo preizkusno dobo odlo\u010dila, ker je po mnenju izvedenca za obto\u017eenega primerno zdravljenje v dalj\u0161em \u010dasovnem obdobju. \u010ce obto\u017eeni ne bo izvajal navodil glede zdravljenja, mu sodi\u0161\u010de lahko izre\u010de zaporno kazen, v katero bi se \u0161tel tudi \u010das, ki ga je prebil v priporu.<\/p>\n<p>Obto\u017eeni, ki so ga na sodi\u0161\u010de pripeljali iz Maribora, kjer je prestajal pripor, je po izre\u010deni sodbi, ki sicer \u0161e ni pravnomo\u010dna, od\u0161el na prostost. Obto\u017eeni in njegov zagovornik Janez Ko\u0161\u010dak sta sodi\u0161\u010de zapustila brez besed in sodbe nista komentirala. To\u017eilka pa je pojasnila, da sta njen kaznovalni predlog in sodba sodnice sledili ugotovitvam izvedenca, ki je ob obto\u017een\u010devem zdravljenju v \u010dasu pripora \u017ee ugotovil dolo\u010den napredek.<\/p>\n<p>Dvajsetletnik je bil v priporu, ki se je izvajal v psihiatri\u010dni kliniki, od aprila letos, ko so ga gorenjski kriminalisti aretirali. Prijeli so ga po obvestilu ameri\u0161kih varnostnih organov, ki so pri pregledu na\u0161li naro\u010deno oro\u017eje, skrito in zapakirano v mikrovalovni pe\u010dici. Kriminalisti so tedaj ugotovili, da je osumljenec oro\u017eje kupil zato, da bi ga iz ma\u0161\u010devanja uporabil za mno\u017ei\u010dni poboj v nekaterih gorenjskih javnih ustanovah.<\/p>\n<p>Vendar je to\u017eilstvo obto\u017eenega preganjalo le za poskus kaznivega dejanja nedovoljene trgovine z oro\u017ejem. Kot je pojasnila to\u017eilka, policija ni zbrala dovolj dokazov, da bi obto\u017eenemu o\u010ditali \u0161e kak\u0161no drugo kaznivo dejanje. Njegovi na\u010drti so bili namre\u010d samo na ravni naklepa. Tisto, kar nekdo zgolj razmi\u0161lja, pa ni kaznivo.<\/p>\n<p>Da bi obto\u017eenemu lahko o\u010ditali denimo poskus uboja ali umora, bi moral svoje na\u010drte za\u010deti izvr\u0161evati. &#8220;Po skrbni oceni vseh dokazov, ki mi jih je policija predlo\u017eila, sem ocenila, da je izkazano samo kaznivo dejanje, za katerega sem vlo\u017eila obto\u017enico in za katerega je bil tudi obsojen,&#8221; je pojasnila to\u017eilka.<\/p>\n","protected":false},"excerpt":{"rendered":"<p>Obto\u017eeni je od danes znova na prostosti.<\/p>\n","protected":false},"author":5,"featured_media":350459,"comment_status":"closed","ping_status":"closed","sticky":false,"template":"","format":"standard","meta":{"footnotes":""},"categories":[18201],"tags":[5010,1595,4770,14429],"source":[4511],"supertag":[5675],"acf":[],"yoast_head":"<!-- This site is optimized with the Yoast SEO plugin v21.3 - https:\/\/yoast.com\/wordpress\/plugins\/seo\/ -->\n<title>Dvajsetletnik, ki je v Sloveniji na\u010drtoval strelski pohod, dobil tak\u0161no kazen - Hudo Slovenija<\/title>\n<meta name=\"robots\" content=\"index, follow, max-snippet:-1, max-image-preview:large, max-video-preview:-1\" \/>\n<link rel=\"canonical\" href=\"https:\/\/hudo.com\/si\/aktualno\/slovenija\/dvajsetletnik-ki-je-v-sloveniji-nacrtoval-strelski-pohod-dobil-taksno-kazen\/\" \/>\n<meta property=\"og:locale\" content=\"sl_SI\" \/>\n<meta property=\"og:type\" content=\"article\" \/>\n<meta property=\"og:title\" content=\"Dvajsetletnik, ki je v Sloveniji na\u010drtoval strelski pohod, dobil tak\u0161no kazen - Hudo Slovenija\" \/>\n<meta property=\"og:description\" content=\"Obto\u017eeni je od danes znova na prostosti.\" \/>\n<meta property=\"og:url\" content=\"https:\/\/hudo.com\/si\/aktualno\/slovenija\/dvajsetletnik-ki-je-v-sloveniji-nacrtoval-strelski-pohod-dobil-taksno-kazen\/\" \/>\n<meta property=\"og:site_name\" content=\"Hudo Slovenija\" \/>\n<meta property=\"article:publisher\" content=\"https:\/\/www.facebook.com\/hudo.si\" \/>\n<meta property=\"article:published_time\" content=\"2021-07-15T10:28:25+00:00\" \/>\n<meta property=\"og:image\" content=\"https:\/\/hudo.com\/si\/wp-content\/uploads\/sites\/2\/2018\/01\/profimedia-0204970723.jpg\" \/>\n\t<meta property=\"og:image:width\" content=\"1250\" \/>\n\t<meta property=\"og:image:height\" content=\"833\" \/>\n\t<meta property=\"og:image:type\" content=\"image\/jpeg\" \/>\n<meta name=\"author\" content=\"A. G., STA\" \/>\n<meta name=\"twitter:card\" content=\"summary_large_image\" \/>\n<meta name=\"twitter:creator\" content=\"@hudo_si\" \/>\n<meta name=\"twitter:site\" content=\"@hudo_si\" \/>\n<meta name=\"twitter:label1\" content=\"Written by\" \/>\n\t<meta name=\"twitter:data1\" content=\"A. G., STA\" \/>\n\t<meta name=\"twitter:label2\" content=\"Est. reading time\" \/>\n\t<meta name=\"twitter:data2\" content=\"3 minute\" \/>\n<script type=\"application\/ld+json\" class=\"yoast-schema-graph\">{\"@context\":\"https:\/\/schema.org\",\"@graph\":[{\"@type\":\"Article\",\"@id\":\"https:\/\/hudo.com\/si\/aktualno\/slovenija\/dvajsetletnik-ki-je-v-sloveniji-nacrtoval-strelski-pohod-dobil-taksno-kazen\/#article\",\"isPartOf\":{\"@id\":\"https:\/\/hudo.com\/si\/aktualno\/slovenija\/dvajsetletnik-ki-je-v-sloveniji-nacrtoval-strelski-pohod-dobil-taksno-kazen\/\"},\"author\":{\"name\":\"A. G., STA\",\"@id\":\"https:\/\/hudo.com\/si\/#\/schema\/person\/2391667a63ea075ba94f2f2dc6b77537\"},\"headline\":\"Dvajsetletnik, ki je v Sloveniji na\u010drtoval strelski pohod, dobil tak\u0161no kazen\",\"datePublished\":\"2021-07-15T10:28:25+00:00\",\"dateModified\":\"2021-07-15T10:28:25+00:00\",\"mainEntityOfPage\":{\"@id\":\"https:\/\/hudo.com\/si\/aktualno\/slovenija\/dvajsetletnik-ki-je-v-sloveniji-nacrtoval-strelski-pohod-dobil-taksno-kazen\/\"},\"wordCount\":656,\"publisher\":{\"@id\":\"https:\/\/hudo.com\/si\/#organization\"},\"keywords\":[\"kriminal\",\"Slovenija\",\"sodi\u0161\u010de\",\"strelski pohod\"],\"articleSection\":[\"Slovenija\"],\"inLanguage\":\"sl-SI\"},{\"@type\":\"WebPage\",\"@id\":\"https:\/\/hudo.com\/si\/aktualno\/slovenija\/dvajsetletnik-ki-je-v-sloveniji-nacrtoval-strelski-pohod-dobil-taksno-kazen\/\",\"url\":\"https:\/\/hudo.com\/si\/aktualno\/slovenija\/dvajsetletnik-ki-je-v-sloveniji-nacrtoval-strelski-pohod-dobil-taksno-kazen\/\",\"name\":\"Dvajsetletnik, ki je v Sloveniji na\u010drtoval strelski pohod, dobil tak\u0161no kazen - Hudo Slovenija\",\"isPartOf\":{\"@id\":\"https:\/\/hudo.com\/si\/#website\"},\"datePublished\":\"2021-07-15T10:28:25+00:00\",\"dateModified\":\"2021-07-15T10:28:25+00:00\",\"breadcrumb\":{\"@id\":\"https:\/\/hudo.com\/si\/aktualno\/slovenija\/dvajsetletnik-ki-je-v-sloveniji-nacrtoval-strelski-pohod-dobil-taksno-kazen\/#breadcrumb\"},\"inLanguage\":\"sl-SI\",\"potentialAction\":[{\"@type\":\"ReadAction\",\"target\":[\"https:\/\/hudo.com\/si\/aktualno\/slovenija\/dvajsetletnik-ki-je-v-sloveniji-nacrtoval-strelski-pohod-dobil-taksno-kazen\/\"]}]},{\"@type\":\"BreadcrumbList\",\"@id\":\"https:\/\/hudo.com\/si\/aktualno\/slovenija\/dvajsetletnik-ki-je-v-sloveniji-nacrtoval-strelski-pohod-dobil-taksno-kazen\/#breadcrumb\",\"itemListElement\":[{\"@type\":\"ListItem\",\"position\":1,\"name\":\"Home\",\"item\":\"https:\/\/hudo.com\/si\/\"},{\"@type\":\"ListItem\",\"position\":2,\"name\":\"Dvajsetletnik, ki je v Sloveniji na\u010drtoval strelski pohod, dobil tak\u0161no kazen\"}]},{\"@type\":\"WebSite\",\"@id\":\"https:\/\/hudo.com\/si\/#website\",\"url\":\"https:\/\/hudo.com\/si\/\",\"name\":\"Hudo Slovenija\",\"description\":\"Vse novice iz Slovenije in sveta\",\"publisher\":{\"@id\":\"https:\/\/hudo.com\/si\/#organization\"},\"potentialAction\":[{\"@type\":\"SearchAction\",\"target\":{\"@type\":\"EntryPoint\",\"urlTemplate\":\"https:\/\/hudo.com\/si\/?s={search_term_string}\"},\"query-input\":\"required name=search_term_string\"}],\"inLanguage\":\"sl-SI\"},{\"@type\":\"Organization\",\"@id\":\"https:\/\/hudo.com\/si\/#organization\",\"name\":\"VSN Media\",\"url\":\"https:\/\/hudo.com\/si\/\",\"logo\":{\"@type\":\"ImageObject\",\"inLanguage\":\"sl-SI\",\"@id\":\"https:\/\/hudo.com\/si\/#\/schema\/logo\/image\/\",\"url\":\"https:\/\/hudo.com\/si\/wp-content\/uploads\/sites\/2\/2021\/03\/hudo-app-2.png\",\"contentUrl\":\"https:\/\/hudo.com\/si\/wp-content\/uploads\/sites\/2\/2021\/03\/hudo-app-2.png\",\"width\":2185,\"height\":2167,\"caption\":\"VSN Media\"},\"image\":{\"@id\":\"https:\/\/hudo.com\/si\/#\/schema\/logo\/image\/\"},\"sameAs\":[\"https:\/\/www.facebook.com\/hudo.si\",\"https:\/\/twitter.com\/hudo_si\"]},{\"@type\":\"Person\",\"@id\":\"https:\/\/hudo.com\/si\/#\/schema\/person\/2391667a63ea075ba94f2f2dc6b77537\",\"name\":\"A. G., STA\",\"image\":{\"@type\":\"ImageObject\",\"inLanguage\":\"sl-SI\",\"@id\":\"https:\/\/hudo.com\/si\/#\/schema\/person\/image\/\",\"url\":\"https:\/\/secure.gravatar.com\/avatar\/e13d22ac3e442658d5025fbbe6238a79?s=96&d=mm&r=g\",\"contentUrl\":\"https:\/\/secure.gravatar.com\/avatar\/e13d22ac3e442658d5025fbbe6238a79?s=96&d=mm&r=g\",\"caption\":\"A. G., STA\"},\"url\":\"https:\/\/hudo.com\/si\/author\/alenka\/\"}]}<\/script>\n<!-- \/ Yoast SEO plugin. -->","yoast_head_json":{"title":"Dvajsetletnik, ki je v Sloveniji na\u010drtoval strelski pohod, dobil tak\u0161no kazen - Hudo Slovenija","robots":{"index":"index","follow":"follow","max-snippet":"max-snippet:-1","max-image-preview":"max-image-preview:large","max-video-preview":"max-video-preview:-1"},"canonical":"https:\/\/hudo.com\/si\/aktualno\/slovenija\/dvajsetletnik-ki-je-v-sloveniji-nacrtoval-strelski-pohod-dobil-taksno-kazen\/","og_locale":"sl_SI","og_type":"article","og_title":"Dvajsetletnik, ki je v Sloveniji na\u010drtoval strelski pohod, dobil tak\u0161no kazen - Hudo Slovenija","og_description":"Obto\u017eeni je od danes znova na prostosti.","og_url":"https:\/\/hudo.com\/si\/aktualno\/slovenija\/dvajsetletnik-ki-je-v-sloveniji-nacrtoval-strelski-pohod-dobil-taksno-kazen\/","og_site_name":"Hudo Slovenija","article_publisher":"https:\/\/www.facebook.com\/hudo.si","article_published_time":"2021-07-15T10:28:25+00:00","og_image":[{"width":1250,"height":833,"url":"https:\/\/hudo.com\/si\/wp-content\/uploads\/sites\/2\/2018\/01\/profimedia-0204970723.jpg","type":"image\/jpeg"}],"author":"A. G., STA","twitter_card":"summary_large_image","twitter_creator":"@hudo_si","twitter_site":"@hudo_si","twitter_misc":{"Written by":"A. G., STA","Est. reading time":"3 minute"},"schema":{"@context":"https:\/\/schema.org","@graph":[{"@type":"Article","@id":"https:\/\/hudo.com\/si\/aktualno\/slovenija\/dvajsetletnik-ki-je-v-sloveniji-nacrtoval-strelski-pohod-dobil-taksno-kazen\/#article","isPartOf":{"@id":"https:\/\/hudo.com\/si\/aktualno\/slovenija\/dvajsetletnik-ki-je-v-sloveniji-nacrtoval-strelski-pohod-dobil-taksno-kazen\/"},"author":{"name":"A. G., STA","@id":"https:\/\/hudo.com\/si\/#\/schema\/person\/2391667a63ea075ba94f2f2dc6b77537"},"headline":"Dvajsetletnik, ki je v Sloveniji na\u010drtoval strelski pohod, dobil tak\u0161no kazen","datePublished":"2021-07-15T10:28:25+00:00","dateModified":"2021-07-15T10:28:25+00:00","mainEntityOfPage":{"@id":"https:\/\/hudo.com\/si\/aktualno\/slovenija\/dvajsetletnik-ki-je-v-sloveniji-nacrtoval-strelski-pohod-dobil-taksno-kazen\/"},"wordCount":656,"publisher":{"@id":"https:\/\/hudo.com\/si\/#organization"},"keywords":["kriminal","Slovenija","sodi\u0161\u010de","strelski pohod"],"articleSection":["Slovenija"],"inLanguage":"sl-SI"},{"@type":"WebPage","@id":"https:\/\/hudo.com\/si\/aktualno\/slovenija\/dvajsetletnik-ki-je-v-sloveniji-nacrtoval-strelski-pohod-dobil-taksno-kazen\/","url":"https:\/\/hudo.com\/si\/aktualno\/slovenija\/dvajsetletnik-ki-je-v-sloveniji-nacrtoval-strelski-pohod-dobil-taksno-kazen\/","name":"Dvajsetletnik, ki je v Sloveniji na\u010drtoval strelski pohod, dobil tak\u0161no kazen - Hudo Slovenija","isPartOf":{"@id":"https:\/\/hudo.com\/si\/#website"},"datePublished":"2021-07-15T10:28:25+00:00","dateModified":"2021-07-15T10:28:25+00:00","breadcrumb":{"@id":"https:\/\/hudo.com\/si\/aktualno\/slovenija\/dvajsetletnik-ki-je-v-sloveniji-nacrtoval-strelski-pohod-dobil-taksno-kazen\/#breadcrumb"},"inLanguage":"sl-SI","potentialAction":[{"@type":"ReadAction","target":["https:\/\/hudo.com\/si\/aktualno\/slovenija\/dvajsetletnik-ki-je-v-sloveniji-nacrtoval-strelski-pohod-dobil-taksno-kazen\/"]}]},{"@type":"BreadcrumbList","@id":"https:\/\/hudo.com\/si\/aktualno\/slovenija\/dvajsetletnik-ki-je-v-sloveniji-nacrtoval-strelski-pohod-dobil-taksno-kazen\/#breadcrumb","itemListElement":[{"@type":"ListItem","position":1,"name":"Home","item":"https:\/\/hudo.com\/si\/"},{"@type":"ListItem","position":2,"name":"Dvajsetletnik, ki je v Sloveniji na\u010drtoval strelski pohod, dobil tak\u0161no kazen"}]},{"@type":"WebSite","@id":"https:\/\/hudo.com\/si\/#website","url":"https:\/\/hudo.com\/si\/","name":"Hudo Slovenija","description":"Vse novice iz Slovenije in sveta","publisher":{"@id":"https:\/\/hudo.com\/si\/#organization"},"potentialAction":[{"@type":"SearchAction","target":{"@type":"EntryPoint","urlTemplate":"https:\/\/hudo.com\/si\/?s={search_term_string}"},"query-input":"required name=search_term_string"}],"inLanguage":"sl-SI"},{"@type":"Organization","@id":"https:\/\/hudo.com\/si\/#organization","name":"VSN Media","url":"https:\/\/hudo.com\/si\/","logo":{"@type":"ImageObject","inLanguage":"sl-SI","@id":"https:\/\/hudo.com\/si\/#\/schema\/logo\/image\/","url":"https:\/\/hudo.com\/si\/wp-content\/uploads\/sites\/2\/2021\/03\/hudo-app-2.png","contentUrl":"https:\/\/hudo.com\/si\/wp-content\/uploads\/sites\/2\/2021\/03\/hudo-app-2.png","width":2185,"height":2167,"caption":"VSN Media"},"image":{"@id":"https:\/\/hudo.com\/si\/#\/schema\/logo\/image\/"},"sameAs":["https:\/\/www.facebook.com\/hudo.si","https:\/\/twitter.com\/hudo_si"]},{"@type":"Person","@id":"https:\/\/hudo.com\/si\/#\/schema\/person\/2391667a63ea075ba94f2f2dc6b77537","name":"A. G., STA","image":{"@type":"ImageObject","inLanguage":"sl-SI","@id":"https:\/\/hudo.com\/si\/#\/schema\/person\/image\/","url":"https:\/\/secure.gravatar.com\/avatar\/e13d22ac3e442658d5025fbbe6238a79?s=96&d=mm&r=g","contentUrl":"https:\/\/secure.gravatar.com\/avatar\/e13d22ac3e442658d5025fbbe6238a79?s=96&d=mm&r=g","caption":"A. G., STA"},"url":"https:\/\/hudo.com\/si\/author\/alenka\/"}]}},"amp_enabled":true,"_links":{"self":[{"href":"https:\/\/hudo.com\/si\/wp-json\/wp\/v2\/posts\/454812"}],"collection":[{"href":"https:\/\/hudo.com\/si\/wp-json\/wp\/v2\/posts"}],"about":[{"href":"https:\/\/hudo.com\/si\/wp-json\/wp\/v2\/types\/post"}],"author":[{"embeddable":true,"href":"https:\/\/hudo.com\/si\/wp-json\/wp\/v2\/users\/5"}],"replies":[{"embeddable":true,"href":"https:\/\/hudo.com\/si\/wp-json\/wp\/v2\/comments?post=454812"}],"version-history":[{"count":1,"href":"https:\/\/hudo.com\/si\/wp-json\/wp\/v2\/posts\/454812\/revisions"}],"predecessor-version":[{"id":454813,"href":"https:\/\/hudo.com\/si\/wp-json\/wp\/v2\/posts\/454812\/revisions\/454813"}],"wp:featuredmedia":[{"embeddable":true,"href":"https:\/\/hudo.com\/si\/wp-json\/wp\/v2\/media\/350459"}],"wp:attachment":[{"href":"https:\/\/hudo.com\/si\/wp-json\/wp\/v2\/media?parent=454812"}],"wp:term":[{"taxonomy":"category","embeddable":true,"href":"https:\/\/hudo.com\/si\/wp-json\/wp\/v2\/categories?post=454812"},{"taxonomy":"post_tag","embeddable":true,"href":"https:\/\/hudo.com\/si\/wp-json\/wp\/v2\/tags?post=454812"},{"taxonomy":"source","embeddable":true,"href":"https:\/\/hudo.com\/si\/wp-json\/wp\/v2\/source?post=454812"},{"taxonomy":"supertag","embeddable":true,"href":"https:\/\/hudo.com\/si\/wp-json\/wp\/v2\/supertag?post=454812"}],"curies":[{"name":"wp","href":"https:\/\/api.w.org\/{rel}","templated":true}]}}