{"id":454836,"date":"2021-07-15T19:14:13","date_gmt":"2021-07-15T17:14:13","guid":{"rendered":"https:\/\/hudo.com\/si\/?p=454836"},"modified":"2021-07-15T19:14:32","modified_gmt":"2021-07-15T17:14:32","slug":"jansa-od-sredine-avgusta-hitro-testiranje-ne-bo-vec-brezplacno","status":"publish","type":"post","link":"https:\/\/hudo.com\/si\/aktualno\/slovenija\/jansa-od-sredine-avgusta-hitro-testiranje-ne-bo-vec-brezplacno\/","title":{"rendered":"Jan\u0161a: Od sredine avgusta hitro testiranje ne bo ve\u010d brezpla\u010dno"},"content":{"rendered":"<p>Premier je na dana\u0161nji novinarsko konferenci povedal, da je vlada tudi danes obravnavala epidemiolo\u0161ko situacijo v dr\u017eavi, gro\u017enje, ki jih prina\u0161ajo nove koronavirusne razli\u010dice in tudi precepljenost prebivalstva.<\/p>\n<p>Po njihovem mnenju je sedaj, ko imamo na voljo dovolj cepiva proti covidu-19, ko lahko ljudje izbirajo, odgovornost na vsakemu posamezniku, da za\u0161\u010diti sebe in svoje bli\u017enje, hkrati pa tudi omogo\u010di odprtost javnega \u017eivljenja.<\/p>\n<p>Menijo, da imamo &#8220;na voljo dovolj instrumentov, da nam ni treba ponovno zapirati javnega \u017eivljenja, omejevati gibanja, omejevati dolo\u010denih gospodarskih dejavnosti in \u0161e posebej storitvenih, ki so bile v epidemiji covida-19 najbolj prizadete. In da je treba sedaj zdru\u017eiti mo\u010di, da dose\u017eemo \u010dim ve\u010djo precepljenost prebivalstva,&#8221; je poudaril Jan\u0161a.<\/p>\n<p>Ob tem je pozval k zdru\u017eitvi mo\u010di, da dose\u017eemo \u010dim vi\u0161jo precepljenost prebivalstva. Prav tako je napovedal predloge sprememb uredb, ki jih bo v zvezi s tem predlagalo ministrstvo za zdravje. Kot je pojasnil, bo Slovenija sledila priporo\u010dilom Evropske komisije, da se \u010dim \u0161ir\u0161e uporablja pogoj PCT.<\/p>\n<p>Po njegovih napovedih tako cepljeni, testirani ali prebolevniki ne bodo ve\u010d imeli nobenih ovir v javnem \u017eivljenju. Predvidoma od sredine avgusta pa hitro testiranje na oku\u017ebo z novim koronavirusom ne bo ve\u010d brezpla\u010dno. \u0160e naprej pa bo brezpla\u010dno PCR testiranje in testiranje v okviru zdravstva, je napovedal.<\/p>\n<p>&#8220;Za testiranja smo do sedaj porabili 60 milijonov. Ali v \u010dasu, ko imamo na voljo brezpla\u010dno cepljenje, lahko zahtevamo od tistih, ki so cepljeni, da pla\u010dujejo teste za tiste, ki se ne odlo\u010dijo za cepljenje?&#8221; se je vpra\u0161al. Kot je \u0161e dodal, je tudi trend v Evropi tak, da testiranje ni ve\u010d brezpla\u010dno.<\/p>\n<p>V Sloveniji se po besedah predsednika vlade sicer ne nagibajo k temu, da bi uzakonili obvezno cepljenje. Zagotovo pa smo dol\u017eni ravnati tako, da ne bo tisti, ki se obna\u0161a odgovorno, pla\u010deval za tistega, ki se ne, je \u0161e poudaril Jan\u0161a.<\/p>\n<p>Odgovornost posameznika pri obvladovanju epidemije sta danes izpostavila tudi podpredsednika vlade Zdravko Po\u010dival\u0161ek in Matej Tonin.<\/p>\n<p>Kot je dejal predsednik SMC in gospodarski minister Po\u010dival\u0161ek, bo skrb za za\u0161\u010dito pred oku\u017ebo z novim koronavirusom odslej v prvi vrsti odgovornost vsakega posameznika, &#8220;saj predvsem odlo\u010ditve ustavnega sodi\u0161\u010da in informacijske poobla\u0161\u010denke ne dopu\u0161\u010dajo obstoja ustreznih mehanizmov za kolektivno skrb za javno zdravje, ki jih predlaga vlada.&#8221;<\/p>\n<p>Predsednik NSi in obrambni minister Matej Tonin pa je danes ponovil stali\u0161\u010de stranke, da je pri\u0161el \u010das, ko moramo pri prepre\u010devanju \u0161irjenja oku\u017eb odgovornost za zdravje namesto dr\u017eave prevzeti posamezniki, saj je na voljo dovolj cepiva in ga je mogo\u010de celo izbirati.<\/p>\n<p>&#8220;Zato bomo pri na\u0161ih prihodnjih razpravah o tem, kako se spopadati z epidemijo in kak\u0161ne ukrepe sprejemati, absolutno na strani tega, da se javno \u017eivljenje ne zapira dodatno, pa\u010d pa da se striktno upo\u0161teva pogoj PCT. To je najbolj enostaven na\u010din za ohranitev \u010dim bolj normalnega \u017eivljenja,&#8221; je \u0161e dodal Tonin.<\/p>\n<p>Jan\u0161a je pozdravil tudi dana\u0161njo izjavo vseh poslanskih skupin v DZ, v kateri so skupno pozvale k cepljenju. &#8220;Mislim, da je to velika stvar, da je pri\u0161la \u0161e v pravem \u010dasu,&#8221; je \u0161e ocenil.<\/p>\n","protected":false},"excerpt":{"rendered":"<p>Ministrstvo za zdravje pripravlja spremembe uredb, da bodo prebolevniki, cepljeni ali testirani (PCT) v prihodnje imeli \u010dim manj ovir v javnem \u017eivljenju oz. pri uporabi storitev, je dejal predsednik vlade Janez Jan\u0161a. Predvidoma od sredine avgusta hitro testiranje ne bo ve\u010d brezpla\u010dno, je \u0161e napovedal in izpostavil odgovornost vsakega posameznika.<\/p>\n","protected":false},"author":5,"featured_media":447609,"comment_status":"closed","ping_status":"closed","sticky":false,"template":"","format":"standard","meta":{"footnotes":""},"categories":[18201],"tags":[5845,15632,17502],"source":[4511],"supertag":[],"acf":[],"yoast_head":"<!-- This site is optimized with the Yoast SEO plugin v21.3 - https:\/\/yoast.com\/wordpress\/plugins\/seo\/ -->\n<title>Jan\u0161a: Od sredine avgusta hitro testiranje ne bo ve\u010d brezpla\u010dno - Hudo Slovenija<\/title>\n<meta name=\"robots\" content=\"index, follow, max-snippet:-1, max-image-preview:large, max-video-preview:-1\" \/>\n<link rel=\"canonical\" href=\"https:\/\/hudo.com\/si\/aktualno\/slovenija\/jansa-od-sredine-avgusta-hitro-testiranje-ne-bo-vec-brezplacno\/\" \/>\n<meta property=\"og:locale\" content=\"sl_SI\" \/>\n<meta property=\"og:type\" content=\"article\" \/>\n<meta property=\"og:title\" content=\"Jan\u0161a: Od sredine avgusta hitro testiranje ne bo ve\u010d brezpla\u010dno - Hudo Slovenija\" \/>\n<meta property=\"og:description\" content=\"Ministrstvo za zdravje pripravlja spremembe uredb, da bodo prebolevniki, cepljeni ali testirani (PCT) v prihodnje imeli \u010dim manj ovir v javnem \u017eivljenju oz. pri uporabi storitev, je dejal predsednik vlade Janez Jan\u0161a. Predvidoma od sredine avgusta hitro testiranje ne bo ve\u010d brezpla\u010dno, je \u0161e napovedal in izpostavil odgovornost vsakega posameznika.\" \/>\n<meta property=\"og:url\" content=\"https:\/\/hudo.com\/si\/aktualno\/slovenija\/jansa-od-sredine-avgusta-hitro-testiranje-ne-bo-vec-brezplacno\/\" \/>\n<meta property=\"og:site_name\" content=\"Hudo Slovenija\" \/>\n<meta property=\"article:publisher\" content=\"https:\/\/www.facebook.com\/hudo.si\" \/>\n<meta property=\"article:published_time\" content=\"2021-07-15T17:14:13+00:00\" \/>\n<meta property=\"article:modified_time\" content=\"2021-07-15T17:14:32+00:00\" \/>\n<meta property=\"og:image\" content=\"https:\/\/hudo.com\/si\/wp-content\/uploads\/sites\/2\/2021\/03\/profimedia-0574964945.jpg\" \/>\n\t<meta property=\"og:image:width\" content=\"1250\" \/>\n\t<meta property=\"og:image:height\" content=\"833\" \/>\n\t<meta property=\"og:image:type\" content=\"image\/jpeg\" \/>\n<meta name=\"author\" content=\"A. G., STA\" \/>\n<meta name=\"twitter:card\" content=\"summary_large_image\" \/>\n<meta name=\"twitter:creator\" content=\"@hudo_si\" \/>\n<meta name=\"twitter:site\" content=\"@hudo_si\" \/>\n<meta name=\"twitter:label1\" content=\"Written by\" \/>\n\t<meta name=\"twitter:data1\" content=\"A. G., STA\" \/>\n\t<meta name=\"twitter:label2\" content=\"Est. reading time\" \/>\n\t<meta name=\"twitter:data2\" content=\"3 minute\" \/>\n<script type=\"application\/ld+json\" class=\"yoast-schema-graph\">{\"@context\":\"https:\/\/schema.org\",\"@graph\":[{\"@type\":\"Article\",\"@id\":\"https:\/\/hudo.com\/si\/aktualno\/slovenija\/jansa-od-sredine-avgusta-hitro-testiranje-ne-bo-vec-brezplacno\/#article\",\"isPartOf\":{\"@id\":\"https:\/\/hudo.com\/si\/aktualno\/slovenija\/jansa-od-sredine-avgusta-hitro-testiranje-ne-bo-vec-brezplacno\/\"},\"author\":{\"name\":\"A. G., STA\",\"@id\":\"https:\/\/hudo.com\/si\/#\/schema\/person\/2391667a63ea075ba94f2f2dc6b77537\"},\"headline\":\"Jan\u0161a: Od sredine avgusta hitro testiranje ne bo ve\u010d brezpla\u010dno\",\"datePublished\":\"2021-07-15T17:14:13+00:00\",\"dateModified\":\"2021-07-15T17:14:32+00:00\",\"mainEntityOfPage\":{\"@id\":\"https:\/\/hudo.com\/si\/aktualno\/slovenija\/jansa-od-sredine-avgusta-hitro-testiranje-ne-bo-vec-brezplacno\/\"},\"wordCount\":557,\"publisher\":{\"@id\":\"https:\/\/hudo.com\/si\/#organization\"},\"keywords\":[\"janez jan\u0161a\",\"koronavirus\",\"testiranje koronavirus\"],\"articleSection\":[\"Slovenija\"],\"inLanguage\":\"sl-SI\"},{\"@type\":\"WebPage\",\"@id\":\"https:\/\/hudo.com\/si\/aktualno\/slovenija\/jansa-od-sredine-avgusta-hitro-testiranje-ne-bo-vec-brezplacno\/\",\"url\":\"https:\/\/hudo.com\/si\/aktualno\/slovenija\/jansa-od-sredine-avgusta-hitro-testiranje-ne-bo-vec-brezplacno\/\",\"name\":\"Jan\u0161a: Od sredine avgusta hitro testiranje ne bo ve\u010d brezpla\u010dno - Hudo Slovenija\",\"isPartOf\":{\"@id\":\"https:\/\/hudo.com\/si\/#website\"},\"datePublished\":\"2021-07-15T17:14:13+00:00\",\"dateModified\":\"2021-07-15T17:14:32+00:00\",\"breadcrumb\":{\"@id\":\"https:\/\/hudo.com\/si\/aktualno\/slovenija\/jansa-od-sredine-avgusta-hitro-testiranje-ne-bo-vec-brezplacno\/#breadcrumb\"},\"inLanguage\":\"sl-SI\",\"potentialAction\":[{\"@type\":\"ReadAction\",\"target\":[\"https:\/\/hudo.com\/si\/aktualno\/slovenija\/jansa-od-sredine-avgusta-hitro-testiranje-ne-bo-vec-brezplacno\/\"]}]},{\"@type\":\"BreadcrumbList\",\"@id\":\"https:\/\/hudo.com\/si\/aktualno\/slovenija\/jansa-od-sredine-avgusta-hitro-testiranje-ne-bo-vec-brezplacno\/#breadcrumb\",\"itemListElement\":[{\"@type\":\"ListItem\",\"position\":1,\"name\":\"Home\",\"item\":\"https:\/\/hudo.com\/si\/\"},{\"@type\":\"ListItem\",\"position\":2,\"name\":\"Jan\u0161a: Od sredine avgusta hitro testiranje ne bo ve\u010d brezpla\u010dno\"}]},{\"@type\":\"WebSite\",\"@id\":\"https:\/\/hudo.com\/si\/#website\",\"url\":\"https:\/\/hudo.com\/si\/\",\"name\":\"Hudo Slovenija\",\"description\":\"Vse novice iz Slovenije in sveta\",\"publisher\":{\"@id\":\"https:\/\/hudo.com\/si\/#organization\"},\"potentialAction\":[{\"@type\":\"SearchAction\",\"target\":{\"@type\":\"EntryPoint\",\"urlTemplate\":\"https:\/\/hudo.com\/si\/?s={search_term_string}\"},\"query-input\":\"required name=search_term_string\"}],\"inLanguage\":\"sl-SI\"},{\"@type\":\"Organization\",\"@id\":\"https:\/\/hudo.com\/si\/#organization\",\"name\":\"VSN Media\",\"url\":\"https:\/\/hudo.com\/si\/\",\"logo\":{\"@type\":\"ImageObject\",\"inLanguage\":\"sl-SI\",\"@id\":\"https:\/\/hudo.com\/si\/#\/schema\/logo\/image\/\",\"url\":\"https:\/\/hudo.com\/si\/wp-content\/uploads\/sites\/2\/2021\/03\/hudo-app-2.png\",\"contentUrl\":\"https:\/\/hudo.com\/si\/wp-content\/uploads\/sites\/2\/2021\/03\/hudo-app-2.png\",\"width\":2185,\"height\":2167,\"caption\":\"VSN Media\"},\"image\":{\"@id\":\"https:\/\/hudo.com\/si\/#\/schema\/logo\/image\/\"},\"sameAs\":[\"https:\/\/www.facebook.com\/hudo.si\",\"https:\/\/twitter.com\/hudo_si\"]},{\"@type\":\"Person\",\"@id\":\"https:\/\/hudo.com\/si\/#\/schema\/person\/2391667a63ea075ba94f2f2dc6b77537\",\"name\":\"A. G., STA\",\"image\":{\"@type\":\"ImageObject\",\"inLanguage\":\"sl-SI\",\"@id\":\"https:\/\/hudo.com\/si\/#\/schema\/person\/image\/\",\"url\":\"https:\/\/secure.gravatar.com\/avatar\/e13d22ac3e442658d5025fbbe6238a79?s=96&d=mm&r=g\",\"contentUrl\":\"https:\/\/secure.gravatar.com\/avatar\/e13d22ac3e442658d5025fbbe6238a79?s=96&d=mm&r=g\",\"caption\":\"A. G., STA\"},\"url\":\"https:\/\/hudo.com\/si\/author\/alenka\/\"}]}<\/script>\n<!-- \/ Yoast SEO plugin. -->","yoast_head_json":{"title":"Jan\u0161a: Od sredine avgusta hitro testiranje ne bo ve\u010d brezpla\u010dno - Hudo Slovenija","robots":{"index":"index","follow":"follow","max-snippet":"max-snippet:-1","max-image-preview":"max-image-preview:large","max-video-preview":"max-video-preview:-1"},"canonical":"https:\/\/hudo.com\/si\/aktualno\/slovenija\/jansa-od-sredine-avgusta-hitro-testiranje-ne-bo-vec-brezplacno\/","og_locale":"sl_SI","og_type":"article","og_title":"Jan\u0161a: Od sredine avgusta hitro testiranje ne bo ve\u010d brezpla\u010dno - Hudo Slovenija","og_description":"Ministrstvo za zdravje pripravlja spremembe uredb, da bodo prebolevniki, cepljeni ali testirani (PCT) v prihodnje imeli \u010dim manj ovir v javnem \u017eivljenju oz. pri uporabi storitev, je dejal predsednik vlade Janez Jan\u0161a. Predvidoma od sredine avgusta hitro testiranje ne bo ve\u010d brezpla\u010dno, je \u0161e napovedal in izpostavil odgovornost vsakega posameznika.","og_url":"https:\/\/hudo.com\/si\/aktualno\/slovenija\/jansa-od-sredine-avgusta-hitro-testiranje-ne-bo-vec-brezplacno\/","og_site_name":"Hudo Slovenija","article_publisher":"https:\/\/www.facebook.com\/hudo.si","article_published_time":"2021-07-15T17:14:13+00:00","article_modified_time":"2021-07-15T17:14:32+00:00","og_image":[{"width":1250,"height":833,"url":"https:\/\/hudo.com\/si\/wp-content\/uploads\/sites\/2\/2021\/03\/profimedia-0574964945.jpg","type":"image\/jpeg"}],"author":"A. G., STA","twitter_card":"summary_large_image","twitter_creator":"@hudo_si","twitter_site":"@hudo_si","twitter_misc":{"Written by":"A. G., STA","Est. reading time":"3 minute"},"schema":{"@context":"https:\/\/schema.org","@graph":[{"@type":"Article","@id":"https:\/\/hudo.com\/si\/aktualno\/slovenija\/jansa-od-sredine-avgusta-hitro-testiranje-ne-bo-vec-brezplacno\/#article","isPartOf":{"@id":"https:\/\/hudo.com\/si\/aktualno\/slovenija\/jansa-od-sredine-avgusta-hitro-testiranje-ne-bo-vec-brezplacno\/"},"author":{"name":"A. G., STA","@id":"https:\/\/hudo.com\/si\/#\/schema\/person\/2391667a63ea075ba94f2f2dc6b77537"},"headline":"Jan\u0161a: Od sredine avgusta hitro testiranje ne bo ve\u010d brezpla\u010dno","datePublished":"2021-07-15T17:14:13+00:00","dateModified":"2021-07-15T17:14:32+00:00","mainEntityOfPage":{"@id":"https:\/\/hudo.com\/si\/aktualno\/slovenija\/jansa-od-sredine-avgusta-hitro-testiranje-ne-bo-vec-brezplacno\/"},"wordCount":557,"publisher":{"@id":"https:\/\/hudo.com\/si\/#organization"},"keywords":["janez jan\u0161a","koronavirus","testiranje koronavirus"],"articleSection":["Slovenija"],"inLanguage":"sl-SI"},{"@type":"WebPage","@id":"https:\/\/hudo.com\/si\/aktualno\/slovenija\/jansa-od-sredine-avgusta-hitro-testiranje-ne-bo-vec-brezplacno\/","url":"https:\/\/hudo.com\/si\/aktualno\/slovenija\/jansa-od-sredine-avgusta-hitro-testiranje-ne-bo-vec-brezplacno\/","name":"Jan\u0161a: Od sredine avgusta hitro testiranje ne bo ve\u010d brezpla\u010dno - Hudo Slovenija","isPartOf":{"@id":"https:\/\/hudo.com\/si\/#website"},"datePublished":"2021-07-15T17:14:13+00:00","dateModified":"2021-07-15T17:14:32+00:00","breadcrumb":{"@id":"https:\/\/hudo.com\/si\/aktualno\/slovenija\/jansa-od-sredine-avgusta-hitro-testiranje-ne-bo-vec-brezplacno\/#breadcrumb"},"inLanguage":"sl-SI","potentialAction":[{"@type":"ReadAction","target":["https:\/\/hudo.com\/si\/aktualno\/slovenija\/jansa-od-sredine-avgusta-hitro-testiranje-ne-bo-vec-brezplacno\/"]}]},{"@type":"BreadcrumbList","@id":"https:\/\/hudo.com\/si\/aktualno\/slovenija\/jansa-od-sredine-avgusta-hitro-testiranje-ne-bo-vec-brezplacno\/#breadcrumb","itemListElement":[{"@type":"ListItem","position":1,"name":"Home","item":"https:\/\/hudo.com\/si\/"},{"@type":"ListItem","position":2,"name":"Jan\u0161a: Od sredine avgusta hitro testiranje ne bo ve\u010d brezpla\u010dno"}]},{"@type":"WebSite","@id":"https:\/\/hudo.com\/si\/#website","url":"https:\/\/hudo.com\/si\/","name":"Hudo Slovenija","description":"Vse novice iz Slovenije in sveta","publisher":{"@id":"https:\/\/hudo.com\/si\/#organization"},"potentialAction":[{"@type":"SearchAction","target":{"@type":"EntryPoint","urlTemplate":"https:\/\/hudo.com\/si\/?s={search_term_string}"},"query-input":"required name=search_term_string"}],"inLanguage":"sl-SI"},{"@type":"Organization","@id":"https:\/\/hudo.com\/si\/#organization","name":"VSN Media","url":"https:\/\/hudo.com\/si\/","logo":{"@type":"ImageObject","inLanguage":"sl-SI","@id":"https:\/\/hudo.com\/si\/#\/schema\/logo\/image\/","url":"https:\/\/hudo.com\/si\/wp-content\/uploads\/sites\/2\/2021\/03\/hudo-app-2.png","contentUrl":"https:\/\/hudo.com\/si\/wp-content\/uploads\/sites\/2\/2021\/03\/hudo-app-2.png","width":2185,"height":2167,"caption":"VSN Media"},"image":{"@id":"https:\/\/hudo.com\/si\/#\/schema\/logo\/image\/"},"sameAs":["https:\/\/www.facebook.com\/hudo.si","https:\/\/twitter.com\/hudo_si"]},{"@type":"Person","@id":"https:\/\/hudo.com\/si\/#\/schema\/person\/2391667a63ea075ba94f2f2dc6b77537","name":"A. G., STA","image":{"@type":"ImageObject","inLanguage":"sl-SI","@id":"https:\/\/hudo.com\/si\/#\/schema\/person\/image\/","url":"https:\/\/secure.gravatar.com\/avatar\/e13d22ac3e442658d5025fbbe6238a79?s=96&d=mm&r=g","contentUrl":"https:\/\/secure.gravatar.com\/avatar\/e13d22ac3e442658d5025fbbe6238a79?s=96&d=mm&r=g","caption":"A. G., STA"},"url":"https:\/\/hudo.com\/si\/author\/alenka\/"}]}},"amp_enabled":true,"_links":{"self":[{"href":"https:\/\/hudo.com\/si\/wp-json\/wp\/v2\/posts\/454836"}],"collection":[{"href":"https:\/\/hudo.com\/si\/wp-json\/wp\/v2\/posts"}],"about":[{"href":"https:\/\/hudo.com\/si\/wp-json\/wp\/v2\/types\/post"}],"author":[{"embeddable":true,"href":"https:\/\/hudo.com\/si\/wp-json\/wp\/v2\/users\/5"}],"replies":[{"embeddable":true,"href":"https:\/\/hudo.com\/si\/wp-json\/wp\/v2\/comments?post=454836"}],"version-history":[{"count":1,"href":"https:\/\/hudo.com\/si\/wp-json\/wp\/v2\/posts\/454836\/revisions"}],"predecessor-version":[{"id":454837,"href":"https:\/\/hudo.com\/si\/wp-json\/wp\/v2\/posts\/454836\/revisions\/454837"}],"wp:featuredmedia":[{"embeddable":true,"href":"https:\/\/hudo.com\/si\/wp-json\/wp\/v2\/media\/447609"}],"wp:attachment":[{"href":"https:\/\/hudo.com\/si\/wp-json\/wp\/v2\/media?parent=454836"}],"wp:term":[{"taxonomy":"category","embeddable":true,"href":"https:\/\/hudo.com\/si\/wp-json\/wp\/v2\/categories?post=454836"},{"taxonomy":"post_tag","embeddable":true,"href":"https:\/\/hudo.com\/si\/wp-json\/wp\/v2\/tags?post=454836"},{"taxonomy":"source","embeddable":true,"href":"https:\/\/hudo.com\/si\/wp-json\/wp\/v2\/source?post=454836"},{"taxonomy":"supertag","embeddable":true,"href":"https:\/\/hudo.com\/si\/wp-json\/wp\/v2\/supertag?post=454836"}],"curies":[{"name":"wp","href":"https:\/\/api.w.org\/{rel}","templated":true}]}}