{"id":454961,"date":"2021-07-18T17:28:54","date_gmt":"2021-07-18T15:28:54","guid":{"rendered":"https:\/\/hudo.com\/si\/?p=454961"},"modified":"2021-07-18T17:28:54","modified_gmt":"2021-07-18T15:28:54","slug":"na-zahodu-nemcije-odpravljajo-posledice-poplav-jug-nemcije-in-deli-avstrije-pod-vodo","status":"publish","type":"post","link":"https:\/\/hudo.com\/si\/aktualno\/svet\/na-zahodu-nemcije-odpravljajo-posledice-poplav-jug-nemcije-in-deli-avstrije-pod-vodo\/","title":{"rendered":"Na zahodu Nem\u010dije odpravljajo posledice poplav, jug Nem\u010dije in deli Avstrije pod vodo"},"content":{"rendered":"<p>Merkelova je danes med obiskom obmo\u010dja na zahodu dr\u017eave, ki so ga prizadele poplave, dejala, da je opusto\u0161enje te\u017eko opisati z besedami.<\/p>\n<p>&#8220;To so povsem surrealisti\u010dne razmere, rekla bi, da v nem\u0161kem jeziku skorajda ni besed, s katerimi bi opisali nastalo uni\u010denje,&#8221; je dejala kanclerka na novinarski konferenci po obisku vasi Adenau v okro\u017eju Ahrweiler.<\/p>\n<p>&#8220;Smo z vami, zvezna dr\u017eava in de\u017eele,&#8221; je prizadetim zagotovila Merklova, ki jo je spremljala ministrska predsednica de\u017eele Porenje-Pfal\u0161ka Malu Dreyer.<\/p>\n<p>Kanclerka se je obenem zavzela za okrepitev boja proti podnebnim spremembam. &#8220;Tukaj vidimo, kako nasilno se lahko odzove narava,&#8221; je dejala in poudarila, da je treba v boju proti podnebnim spremembam pohiteti.<\/p>\n<p>\u017de v soboto je obmo\u010dje obiskal predsednik Nem\u010dije Frank-Walter Steinmeier. Zahvalil se je vsem, ki pomagajo pri re\u0161evanju.<\/p>\n<p>Na obmo\u010dju Ahrweiler v de\u017eeli Porenje-Pfal\u0161ka so doslej na\u0161teli 110 smrtnih \u017ertev divjanja neurja, 670 ljudi je po\u0161kodovanih.<\/p>\n<p>V sosednji de\u017eeli Severno Porenje-Vestfalija je umrlo najmanj 46 ljudi.<\/p>\n<p>\u0160tevilo \u017ertev v sosednji Belgiji se je medtem povzpelo na 27, a oblasti svarijo, da bi lahko \u0161tevilo \u0161e naraslo.<\/p>\n<p>Prizadeta obmo\u010dja je v soboto obiskal belgijski premier Alexander de Croo, spremljala sta ga predsednica Evropske komisije Ursula von der Leyen in evropski komisar za krizno upravljanje Janez Lenar\u010di\u010d.<\/p>\n<p>V soboto zve\u010der pa so poplave prizadele tudi dele Avstrije, nem\u0161ko zvezno de\u017eelo Bavarsko ter vzhod Nem\u010dije.<\/p>\n<p>Mesto Hallein blizu Salzburga je poplavilo, potem ko se je potok Kothbach spremenil v hudournik. K sre\u010di podatkov o \u017ertvah ali pogre\u0161anih ni, \u0161koda pa bo po oceni pristojnih milijonska, saj so nekaj zgradb in deli infrastrukture mo\u010dno po\u0161kodovani.<\/p>\n<p>O te\u017eavah zaradi de\u017eja so poro\u010dali tudi iz avstrijske zvezne de\u017eele Tirolske. V Kufsteinu so oblasti ljudi pozvale, naj ne zapu\u0161\u010dajo domov in naj se umaknejo v vi\u0161ja nadstropja.<\/p>\n<p>Da bi poplavila reka Salzach, se bojijo tudi v Salzburgu, zato so za\u010deli postavljati mobilne poplavne pregrade.<\/p>\n<p>O dramati\u010dnih razmerah so poro\u010dali iz nem\u0161ke zvezne de\u017eele Bavarske, kjer so razglasili izredne razmere. Najbolj prizadeta sta kraja Berchtesgaden in Bischofswiesen.<\/p>\n<p>Nekaj hi\u0161 so morali izprazniti, saj jih ogro\u017eajo zemeljski plazovi, ljudi pa so pozvali, naj ne hodijo v kletne prostore.<\/p>\n<p>O poplavah so poro\u010dali tudi z vzhoda Nem\u010dije, iz pokrajine, ki je znana kot Sa\u0161ka \u0160vica. Gre za hribovito obmo\u010dje ob reki Labi blizu Dresdna, kjer je zaprtih je ve\u010d cest, pa tudi \u017eelezni\u0161ka proga proti \u010de\u0161kemu mestu Decin.<\/p>\n<p>Vremenska ujma je prizadela tudi sever in jug Italije. Nalivi so davi te\u017eave povzro\u010dali na Siciliji na obmo\u010dju Palerma, kjer so morali zaradi poplavljenih prostorov v \u0161tevilnih primerih posredovati gasilci.<\/p>\n<p>Na Ju\u017enem Tirolskem pa je v zadnjih 24 urah padlo 50 litrov de\u017eja na kvadratni meter, a zaenkrat so razmere pod nadzorom.<\/p>\n<p>Prizadetih v poplavah se je danes z molitvijo spomnil tudi pape\u017e Fran\u010di\u0161ek.<\/p>\n<p>V Nem\u010diji pa je zgra\u017eanje povzro\u010dil kanclerski kandidat nem\u0161kih kr\u0161\u010danskih demokratov Armin Laschet, saj je bil v soboto med obiskom obmo\u010dja, ki so ga prizadele uni\u010dujo\u010de poplave, videti pre\u0161erne volje.<\/p>\n<p>Na posnetku lokalne televizije se je Laschet s \u0161e nekaj osebami kake pol minute smejal, medtem ko je stal za nem\u0161kim predsednikom Frank-Walterjem Steinmeierjem, ki je imel nagovor med obiskom prizadetega obmo\u010dja.<\/p>\n<p>Morebitni naslednik Angele Merkel na polo\u017eaju kanclerja se je za spodrsljaj \u017ee opravi\u010dil.<\/p>\n","protected":false},"excerpt":{"rendered":"<p>Medtem ko na zahodu Nem\u010dije in v Belgiji odpravljajo posledice uni\u010dujo\u010dih poplav, ki so terjale preko 180 \u017ertev, in je obmo\u010dje danes obiskala nem\u0161ka kanclerka Angela Merkel, je ujma dosegla tudi Avstrijo, kjer je poplavilo mesto Hallein, in Bavarsko.<\/p>\n","protected":false},"author":5,"featured_media":454962,"comment_status":"closed","ping_status":"closed","sticky":false,"template":"","format":"standard","meta":{"footnotes":""},"categories":[18202],"tags":[1934,3628,5405],"source":[4511],"supertag":[],"acf":[],"yoast_head":"<!-- This site is optimized with the Yoast SEO plugin v21.3 - https:\/\/yoast.com\/wordpress\/plugins\/seo\/ -->\n<title>Na zahodu Nem\u010dije odpravljajo posledice poplav, jug Nem\u010dije in deli Avstrije pod vodo - Hudo Slovenija<\/title>\n<meta name=\"robots\" content=\"index, follow, max-snippet:-1, max-image-preview:large, max-video-preview:-1\" \/>\n<link rel=\"canonical\" href=\"https:\/\/hudo.com\/si\/aktualno\/svet\/na-zahodu-nemcije-odpravljajo-posledice-poplav-jug-nemcije-in-deli-avstrije-pod-vodo\/\" \/>\n<meta property=\"og:locale\" content=\"sl_SI\" \/>\n<meta property=\"og:type\" content=\"article\" \/>\n<meta property=\"og:title\" content=\"Na zahodu Nem\u010dije odpravljajo posledice poplav, jug Nem\u010dije in deli Avstrije pod vodo - Hudo Slovenija\" \/>\n<meta property=\"og:description\" content=\"Medtem ko na zahodu Nem\u010dije in v Belgiji odpravljajo posledice uni\u010dujo\u010dih poplav, ki so terjale preko 180 \u017ertev, in je obmo\u010dje danes obiskala nem\u0161ka kanclerka Angela Merkel, je ujma dosegla tudi Avstrijo, kjer je poplavilo mesto Hallein, in Bavarsko.\" \/>\n<meta property=\"og:url\" content=\"https:\/\/hudo.com\/si\/aktualno\/svet\/na-zahodu-nemcije-odpravljajo-posledice-poplav-jug-nemcije-in-deli-avstrije-pod-vodo\/\" \/>\n<meta property=\"og:site_name\" content=\"Hudo Slovenija\" \/>\n<meta property=\"article:publisher\" content=\"https:\/\/www.facebook.com\/hudo.si\" \/>\n<meta property=\"article:published_time\" content=\"2021-07-18T15:28:54+00:00\" \/>\n<meta property=\"og:image\" content=\"https:\/\/hudo.com\/si\/wp-content\/uploads\/sites\/2\/2021\/07\/profimedia-0622101401.jpg\" \/>\n\t<meta property=\"og:image:width\" content=\"1250\" \/>\n\t<meta property=\"og:image:height\" content=\"897\" \/>\n\t<meta property=\"og:image:type\" content=\"image\/jpeg\" \/>\n<meta name=\"author\" content=\"A. G., STA\" \/>\n<meta name=\"twitter:card\" content=\"summary_large_image\" \/>\n<meta name=\"twitter:creator\" content=\"@hudo_si\" \/>\n<meta name=\"twitter:site\" content=\"@hudo_si\" \/>\n<meta name=\"twitter:label1\" content=\"Written by\" \/>\n\t<meta name=\"twitter:data1\" content=\"A. G., STA\" \/>\n\t<meta name=\"twitter:label2\" content=\"Est. reading time\" \/>\n\t<meta name=\"twitter:data2\" content=\"3 minute\" \/>\n<script type=\"application\/ld+json\" class=\"yoast-schema-graph\">{\"@context\":\"https:\/\/schema.org\",\"@graph\":[{\"@type\":\"Article\",\"@id\":\"https:\/\/hudo.com\/si\/aktualno\/svet\/na-zahodu-nemcije-odpravljajo-posledice-poplav-jug-nemcije-in-deli-avstrije-pod-vodo\/#article\",\"isPartOf\":{\"@id\":\"https:\/\/hudo.com\/si\/aktualno\/svet\/na-zahodu-nemcije-odpravljajo-posledice-poplav-jug-nemcije-in-deli-avstrije-pod-vodo\/\"},\"author\":{\"name\":\"A. G., STA\",\"@id\":\"https:\/\/hudo.com\/si\/#\/schema\/person\/2391667a63ea075ba94f2f2dc6b77537\"},\"headline\":\"Na zahodu Nem\u010dije odpravljajo posledice poplav, jug Nem\u010dije in deli Avstrije pod vodo\",\"datePublished\":\"2021-07-18T15:28:54+00:00\",\"dateModified\":\"2021-07-18T15:28:54+00:00\",\"mainEntityOfPage\":{\"@id\":\"https:\/\/hudo.com\/si\/aktualno\/svet\/na-zahodu-nemcije-odpravljajo-posledice-poplav-jug-nemcije-in-deli-avstrije-pod-vodo\/\"},\"wordCount\":603,\"publisher\":{\"@id\":\"https:\/\/hudo.com\/si\/#organization\"},\"keywords\":[\"Avstrija\",\"nem\u010dija\",\"poplave\"],\"articleSection\":[\"Svet\"],\"inLanguage\":\"sl-SI\"},{\"@type\":\"WebPage\",\"@id\":\"https:\/\/hudo.com\/si\/aktualno\/svet\/na-zahodu-nemcije-odpravljajo-posledice-poplav-jug-nemcije-in-deli-avstrije-pod-vodo\/\",\"url\":\"https:\/\/hudo.com\/si\/aktualno\/svet\/na-zahodu-nemcije-odpravljajo-posledice-poplav-jug-nemcije-in-deli-avstrije-pod-vodo\/\",\"name\":\"Na zahodu Nem\u010dije odpravljajo posledice poplav, jug Nem\u010dije in deli Avstrije pod vodo - Hudo Slovenija\",\"isPartOf\":{\"@id\":\"https:\/\/hudo.com\/si\/#website\"},\"datePublished\":\"2021-07-18T15:28:54+00:00\",\"dateModified\":\"2021-07-18T15:28:54+00:00\",\"breadcrumb\":{\"@id\":\"https:\/\/hudo.com\/si\/aktualno\/svet\/na-zahodu-nemcije-odpravljajo-posledice-poplav-jug-nemcije-in-deli-avstrije-pod-vodo\/#breadcrumb\"},\"inLanguage\":\"sl-SI\",\"potentialAction\":[{\"@type\":\"ReadAction\",\"target\":[\"https:\/\/hudo.com\/si\/aktualno\/svet\/na-zahodu-nemcije-odpravljajo-posledice-poplav-jug-nemcije-in-deli-avstrije-pod-vodo\/\"]}]},{\"@type\":\"BreadcrumbList\",\"@id\":\"https:\/\/hudo.com\/si\/aktualno\/svet\/na-zahodu-nemcije-odpravljajo-posledice-poplav-jug-nemcije-in-deli-avstrije-pod-vodo\/#breadcrumb\",\"itemListElement\":[{\"@type\":\"ListItem\",\"position\":1,\"name\":\"Home\",\"item\":\"https:\/\/hudo.com\/si\/\"},{\"@type\":\"ListItem\",\"position\":2,\"name\":\"Na zahodu Nem\u010dije odpravljajo posledice poplav, jug Nem\u010dije in deli Avstrije pod vodo\"}]},{\"@type\":\"WebSite\",\"@id\":\"https:\/\/hudo.com\/si\/#website\",\"url\":\"https:\/\/hudo.com\/si\/\",\"name\":\"Hudo Slovenija\",\"description\":\"Vse novice iz Slovenije in sveta\",\"publisher\":{\"@id\":\"https:\/\/hudo.com\/si\/#organization\"},\"potentialAction\":[{\"@type\":\"SearchAction\",\"target\":{\"@type\":\"EntryPoint\",\"urlTemplate\":\"https:\/\/hudo.com\/si\/?s={search_term_string}\"},\"query-input\":\"required name=search_term_string\"}],\"inLanguage\":\"sl-SI\"},{\"@type\":\"Organization\",\"@id\":\"https:\/\/hudo.com\/si\/#organization\",\"name\":\"VSN Media\",\"url\":\"https:\/\/hudo.com\/si\/\",\"logo\":{\"@type\":\"ImageObject\",\"inLanguage\":\"sl-SI\",\"@id\":\"https:\/\/hudo.com\/si\/#\/schema\/logo\/image\/\",\"url\":\"https:\/\/hudo.com\/si\/wp-content\/uploads\/sites\/2\/2021\/03\/hudo-app-2.png\",\"contentUrl\":\"https:\/\/hudo.com\/si\/wp-content\/uploads\/sites\/2\/2021\/03\/hudo-app-2.png\",\"width\":2185,\"height\":2167,\"caption\":\"VSN Media\"},\"image\":{\"@id\":\"https:\/\/hudo.com\/si\/#\/schema\/logo\/image\/\"},\"sameAs\":[\"https:\/\/www.facebook.com\/hudo.si\",\"https:\/\/twitter.com\/hudo_si\"]},{\"@type\":\"Person\",\"@id\":\"https:\/\/hudo.com\/si\/#\/schema\/person\/2391667a63ea075ba94f2f2dc6b77537\",\"name\":\"A. G., STA\",\"image\":{\"@type\":\"ImageObject\",\"inLanguage\":\"sl-SI\",\"@id\":\"https:\/\/hudo.com\/si\/#\/schema\/person\/image\/\",\"url\":\"https:\/\/secure.gravatar.com\/avatar\/e13d22ac3e442658d5025fbbe6238a79?s=96&d=mm&r=g\",\"contentUrl\":\"https:\/\/secure.gravatar.com\/avatar\/e13d22ac3e442658d5025fbbe6238a79?s=96&d=mm&r=g\",\"caption\":\"A. G., STA\"},\"url\":\"https:\/\/hudo.com\/si\/author\/alenka\/\"}]}<\/script>\n<!-- \/ Yoast SEO plugin. -->","yoast_head_json":{"title":"Na zahodu Nem\u010dije odpravljajo posledice poplav, jug Nem\u010dije in deli Avstrije pod vodo - Hudo Slovenija","robots":{"index":"index","follow":"follow","max-snippet":"max-snippet:-1","max-image-preview":"max-image-preview:large","max-video-preview":"max-video-preview:-1"},"canonical":"https:\/\/hudo.com\/si\/aktualno\/svet\/na-zahodu-nemcije-odpravljajo-posledice-poplav-jug-nemcije-in-deli-avstrije-pod-vodo\/","og_locale":"sl_SI","og_type":"article","og_title":"Na zahodu Nem\u010dije odpravljajo posledice poplav, jug Nem\u010dije in deli Avstrije pod vodo - Hudo Slovenija","og_description":"Medtem ko na zahodu Nem\u010dije in v Belgiji odpravljajo posledice uni\u010dujo\u010dih poplav, ki so terjale preko 180 \u017ertev, in je obmo\u010dje danes obiskala nem\u0161ka kanclerka Angela Merkel, je ujma dosegla tudi Avstrijo, kjer je poplavilo mesto Hallein, in Bavarsko.","og_url":"https:\/\/hudo.com\/si\/aktualno\/svet\/na-zahodu-nemcije-odpravljajo-posledice-poplav-jug-nemcije-in-deli-avstrije-pod-vodo\/","og_site_name":"Hudo Slovenija","article_publisher":"https:\/\/www.facebook.com\/hudo.si","article_published_time":"2021-07-18T15:28:54+00:00","og_image":[{"width":1250,"height":897,"url":"https:\/\/hudo.com\/si\/wp-content\/uploads\/sites\/2\/2021\/07\/profimedia-0622101401.jpg","type":"image\/jpeg"}],"author":"A. G., STA","twitter_card":"summary_large_image","twitter_creator":"@hudo_si","twitter_site":"@hudo_si","twitter_misc":{"Written by":"A. G., STA","Est. reading time":"3 minute"},"schema":{"@context":"https:\/\/schema.org","@graph":[{"@type":"Article","@id":"https:\/\/hudo.com\/si\/aktualno\/svet\/na-zahodu-nemcije-odpravljajo-posledice-poplav-jug-nemcije-in-deli-avstrije-pod-vodo\/#article","isPartOf":{"@id":"https:\/\/hudo.com\/si\/aktualno\/svet\/na-zahodu-nemcije-odpravljajo-posledice-poplav-jug-nemcije-in-deli-avstrije-pod-vodo\/"},"author":{"name":"A. G., STA","@id":"https:\/\/hudo.com\/si\/#\/schema\/person\/2391667a63ea075ba94f2f2dc6b77537"},"headline":"Na zahodu Nem\u010dije odpravljajo posledice poplav, jug Nem\u010dije in deli Avstrije pod vodo","datePublished":"2021-07-18T15:28:54+00:00","dateModified":"2021-07-18T15:28:54+00:00","mainEntityOfPage":{"@id":"https:\/\/hudo.com\/si\/aktualno\/svet\/na-zahodu-nemcije-odpravljajo-posledice-poplav-jug-nemcije-in-deli-avstrije-pod-vodo\/"},"wordCount":603,"publisher":{"@id":"https:\/\/hudo.com\/si\/#organization"},"keywords":["Avstrija","nem\u010dija","poplave"],"articleSection":["Svet"],"inLanguage":"sl-SI"},{"@type":"WebPage","@id":"https:\/\/hudo.com\/si\/aktualno\/svet\/na-zahodu-nemcije-odpravljajo-posledice-poplav-jug-nemcije-in-deli-avstrije-pod-vodo\/","url":"https:\/\/hudo.com\/si\/aktualno\/svet\/na-zahodu-nemcije-odpravljajo-posledice-poplav-jug-nemcije-in-deli-avstrije-pod-vodo\/","name":"Na zahodu Nem\u010dije odpravljajo posledice poplav, jug Nem\u010dije in deli Avstrije pod vodo - Hudo Slovenija","isPartOf":{"@id":"https:\/\/hudo.com\/si\/#website"},"datePublished":"2021-07-18T15:28:54+00:00","dateModified":"2021-07-18T15:28:54+00:00","breadcrumb":{"@id":"https:\/\/hudo.com\/si\/aktualno\/svet\/na-zahodu-nemcije-odpravljajo-posledice-poplav-jug-nemcije-in-deli-avstrije-pod-vodo\/#breadcrumb"},"inLanguage":"sl-SI","potentialAction":[{"@type":"ReadAction","target":["https:\/\/hudo.com\/si\/aktualno\/svet\/na-zahodu-nemcije-odpravljajo-posledice-poplav-jug-nemcije-in-deli-avstrije-pod-vodo\/"]}]},{"@type":"BreadcrumbList","@id":"https:\/\/hudo.com\/si\/aktualno\/svet\/na-zahodu-nemcije-odpravljajo-posledice-poplav-jug-nemcije-in-deli-avstrije-pod-vodo\/#breadcrumb","itemListElement":[{"@type":"ListItem","position":1,"name":"Home","item":"https:\/\/hudo.com\/si\/"},{"@type":"ListItem","position":2,"name":"Na zahodu Nem\u010dije odpravljajo posledice poplav, jug Nem\u010dije in deli Avstrije pod vodo"}]},{"@type":"WebSite","@id":"https:\/\/hudo.com\/si\/#website","url":"https:\/\/hudo.com\/si\/","name":"Hudo Slovenija","description":"Vse novice iz Slovenije in sveta","publisher":{"@id":"https:\/\/hudo.com\/si\/#organization"},"potentialAction":[{"@type":"SearchAction","target":{"@type":"EntryPoint","urlTemplate":"https:\/\/hudo.com\/si\/?s={search_term_string}"},"query-input":"required name=search_term_string"}],"inLanguage":"sl-SI"},{"@type":"Organization","@id":"https:\/\/hudo.com\/si\/#organization","name":"VSN Media","url":"https:\/\/hudo.com\/si\/","logo":{"@type":"ImageObject","inLanguage":"sl-SI","@id":"https:\/\/hudo.com\/si\/#\/schema\/logo\/image\/","url":"https:\/\/hudo.com\/si\/wp-content\/uploads\/sites\/2\/2021\/03\/hudo-app-2.png","contentUrl":"https:\/\/hudo.com\/si\/wp-content\/uploads\/sites\/2\/2021\/03\/hudo-app-2.png","width":2185,"height":2167,"caption":"VSN Media"},"image":{"@id":"https:\/\/hudo.com\/si\/#\/schema\/logo\/image\/"},"sameAs":["https:\/\/www.facebook.com\/hudo.si","https:\/\/twitter.com\/hudo_si"]},{"@type":"Person","@id":"https:\/\/hudo.com\/si\/#\/schema\/person\/2391667a63ea075ba94f2f2dc6b77537","name":"A. G., STA","image":{"@type":"ImageObject","inLanguage":"sl-SI","@id":"https:\/\/hudo.com\/si\/#\/schema\/person\/image\/","url":"https:\/\/secure.gravatar.com\/avatar\/e13d22ac3e442658d5025fbbe6238a79?s=96&d=mm&r=g","contentUrl":"https:\/\/secure.gravatar.com\/avatar\/e13d22ac3e442658d5025fbbe6238a79?s=96&d=mm&r=g","caption":"A. G., STA"},"url":"https:\/\/hudo.com\/si\/author\/alenka\/"}]}},"amp_enabled":true,"_links":{"self":[{"href":"https:\/\/hudo.com\/si\/wp-json\/wp\/v2\/posts\/454961"}],"collection":[{"href":"https:\/\/hudo.com\/si\/wp-json\/wp\/v2\/posts"}],"about":[{"href":"https:\/\/hudo.com\/si\/wp-json\/wp\/v2\/types\/post"}],"author":[{"embeddable":true,"href":"https:\/\/hudo.com\/si\/wp-json\/wp\/v2\/users\/5"}],"replies":[{"embeddable":true,"href":"https:\/\/hudo.com\/si\/wp-json\/wp\/v2\/comments?post=454961"}],"version-history":[{"count":1,"href":"https:\/\/hudo.com\/si\/wp-json\/wp\/v2\/posts\/454961\/revisions"}],"predecessor-version":[{"id":454963,"href":"https:\/\/hudo.com\/si\/wp-json\/wp\/v2\/posts\/454961\/revisions\/454963"}],"wp:featuredmedia":[{"embeddable":true,"href":"https:\/\/hudo.com\/si\/wp-json\/wp\/v2\/media\/454962"}],"wp:attachment":[{"href":"https:\/\/hudo.com\/si\/wp-json\/wp\/v2\/media?parent=454961"}],"wp:term":[{"taxonomy":"category","embeddable":true,"href":"https:\/\/hudo.com\/si\/wp-json\/wp\/v2\/categories?post=454961"},{"taxonomy":"post_tag","embeddable":true,"href":"https:\/\/hudo.com\/si\/wp-json\/wp\/v2\/tags?post=454961"},{"taxonomy":"source","embeddable":true,"href":"https:\/\/hudo.com\/si\/wp-json\/wp\/v2\/source?post=454961"},{"taxonomy":"supertag","embeddable":true,"href":"https:\/\/hudo.com\/si\/wp-json\/wp\/v2\/supertag?post=454961"}],"curies":[{"name":"wp","href":"https:\/\/api.w.org\/{rel}","templated":true}]}}