{"id":454983,"date":"2021-07-19T09:30:31","date_gmt":"2021-07-19T07:30:31","guid":{"rendered":"https:\/\/hudo.com\/si\/?p=454983"},"modified":"2021-07-19T09:30:31","modified_gmt":"2021-07-19T07:30:31","slug":"vreme-popoldne-se-bo-zjasnilo-2","status":"publish","type":"post","link":"https:\/\/hudo.com\/si\/vreme\/vreme-popoldne-se-bo-zjasnilo-2\/","title":{"rendered":"Vreme: Popoldne se bo zjasnilo"},"content":{"rendered":"<p>V torek bo pove\u010dini son\u010dno, popoldne bo v notranjosti Slovenije nastalo nekaj ploh in neviht. Jutranje temperature bodo od 12 do 19, najvi\u0161je dnevne od 25 do 28, na Primorskem okoli 30 stopinj Celzija.<\/p>\n<p><strong>Obeti:<\/strong> Tudi v sredo in v \u010detrtek ka\u017ee na son\u010dno vreme, verjetnost popoldanskih neviht bo majhna.<\/p>\n<p><strong>Vremenska slika:<\/strong> Plitvo ciklonsko obmo\u010dje se je umaknilo nad vzhodni in ju\u017eni Balkan. Od severovzhoda priteka k nam postopno bolj suh zrak.<\/p>\n<p><strong>Napoved za sosednje pokrajine:<\/strong> Danes bo le v krajih ju\u017eno od nas \u0161e nestanovitno z ob\u010dasnim de\u017ejem, drugod se bo postopno zjasnilo. \u0160e bo pihal severovzhodnik, ob Jadranu \u0161ibka burja.<\/p>\n<p>V torek bo prevladovalo son\u010dno vreme, popoldne bodo predvsem na obmo\u010dju Alp nastajale posamezne nevihte.<\/p>\n<p><strong>Biovreme:<\/strong> Danes in v torek bo vpliv vremena na po\u010dutje ugoden in spodbuden.<\/p>\n","protected":false},"excerpt":{"rendered":"<p>Danes bo na Primorskem prete\u017eno jasno. V notranjosti bo sprva zmerno do prete\u017eno obla\u010dno, na vzhodu ni izklju\u010dena \u0161e kak\u0161na ploha. Popoldne se bo jasnilo. Najvi\u0161je dnevne temperature bodo od 25 do 29, na Primorskem do 32 stopinj Celzija, je zapisano na spletnih straneh Agencije RS za okolje.<\/p>\n","protected":false},"author":8,"featured_media":431256,"comment_status":"closed","ping_status":"closed","sticky":false,"template":"","format":"standard","meta":{"footnotes":""},"categories":[18175],"tags":[1595,2149],"source":[4511],"supertag":[5675,12922],"acf":[],"yoast_head":"<!-- This site is optimized with the Yoast SEO plugin v21.3 - https:\/\/yoast.com\/wordpress\/plugins\/seo\/ -->\n<title>Vreme: Popoldne se bo zjasnilo - Hudo Slovenija<\/title>\n<meta name=\"robots\" content=\"index, follow, max-snippet:-1, max-image-preview:large, max-video-preview:-1\" \/>\n<link rel=\"canonical\" href=\"https:\/\/hudo.com\/si\/vreme\/vreme-popoldne-se-bo-zjasnilo-2\/\" \/>\n<meta property=\"og:locale\" content=\"sl_SI\" \/>\n<meta property=\"og:type\" content=\"article\" \/>\n<meta property=\"og:title\" content=\"Vreme: Popoldne se bo zjasnilo - Hudo Slovenija\" \/>\n<meta property=\"og:description\" content=\"Danes bo na Primorskem prete\u017eno jasno. V notranjosti bo sprva zmerno do prete\u017eno obla\u010dno, na vzhodu ni izklju\u010dena \u0161e kak\u0161na ploha. Popoldne se bo jasnilo. Najvi\u0161je dnevne temperature bodo od 25 do 29, na Primorskem do 32 stopinj Celzija, je zapisano na spletnih straneh Agencije RS za okolje.\" \/>\n<meta property=\"og:url\" content=\"https:\/\/hudo.com\/si\/vreme\/vreme-popoldne-se-bo-zjasnilo-2\/\" \/>\n<meta property=\"og:site_name\" content=\"Hudo Slovenija\" \/>\n<meta property=\"article:publisher\" content=\"https:\/\/www.facebook.com\/hudo.si\" \/>\n<meta property=\"article:published_time\" content=\"2021-07-19T07:30:31+00:00\" \/>\n<meta property=\"og:image\" content=\"https:\/\/hudo.com\/si\/wp-content\/uploads\/sites\/2\/2020\/08\/profimedia-0316360221.jpg\" \/>\n\t<meta property=\"og:image:width\" content=\"1250\" \/>\n\t<meta property=\"og:image:height\" content=\"834\" \/>\n\t<meta property=\"og:image:type\" content=\"image\/jpeg\" \/>\n<meta name=\"author\" content=\"M. N., STA\" \/>\n<meta name=\"twitter:card\" content=\"summary_large_image\" \/>\n<meta name=\"twitter:creator\" content=\"@hudo_si\" \/>\n<meta name=\"twitter:site\" content=\"@hudo_si\" \/>\n<meta name=\"twitter:label1\" content=\"Written by\" \/>\n\t<meta name=\"twitter:data1\" content=\"M. N., STA\" \/>\n\t<meta name=\"twitter:label2\" content=\"Est. reading time\" \/>\n\t<meta name=\"twitter:data2\" content=\"1 minuta\" \/>\n<script type=\"application\/ld+json\" class=\"yoast-schema-graph\">{\"@context\":\"https:\/\/schema.org\",\"@graph\":[{\"@type\":\"Article\",\"@id\":\"https:\/\/hudo.com\/si\/vreme\/vreme-popoldne-se-bo-zjasnilo-2\/#article\",\"isPartOf\":{\"@id\":\"https:\/\/hudo.com\/si\/vreme\/vreme-popoldne-se-bo-zjasnilo-2\/\"},\"author\":{\"name\":\"M. N., STA\",\"@id\":\"https:\/\/hudo.com\/si\/#\/schema\/person\/c2f10ce65d2e6ede2aeda5be2a0611fa\"},\"headline\":\"Vreme: Popoldne se bo zjasnilo\",\"datePublished\":\"2021-07-19T07:30:31+00:00\",\"dateModified\":\"2021-07-19T07:30:31+00:00\",\"mainEntityOfPage\":{\"@id\":\"https:\/\/hudo.com\/si\/vreme\/vreme-popoldne-se-bo-zjasnilo-2\/\"},\"wordCount\":143,\"publisher\":{\"@id\":\"https:\/\/hudo.com\/si\/#organization\"},\"keywords\":[\"Slovenija\",\"vreme\"],\"articleSection\":[\"Vreme\"],\"inLanguage\":\"sl-SI\"},{\"@type\":\"WebPage\",\"@id\":\"https:\/\/hudo.com\/si\/vreme\/vreme-popoldne-se-bo-zjasnilo-2\/\",\"url\":\"https:\/\/hudo.com\/si\/vreme\/vreme-popoldne-se-bo-zjasnilo-2\/\",\"name\":\"Vreme: Popoldne se bo zjasnilo - Hudo Slovenija\",\"isPartOf\":{\"@id\":\"https:\/\/hudo.com\/si\/#website\"},\"datePublished\":\"2021-07-19T07:30:31+00:00\",\"dateModified\":\"2021-07-19T07:30:31+00:00\",\"breadcrumb\":{\"@id\":\"https:\/\/hudo.com\/si\/vreme\/vreme-popoldne-se-bo-zjasnilo-2\/#breadcrumb\"},\"inLanguage\":\"sl-SI\",\"potentialAction\":[{\"@type\":\"ReadAction\",\"target\":[\"https:\/\/hudo.com\/si\/vreme\/vreme-popoldne-se-bo-zjasnilo-2\/\"]}]},{\"@type\":\"BreadcrumbList\",\"@id\":\"https:\/\/hudo.com\/si\/vreme\/vreme-popoldne-se-bo-zjasnilo-2\/#breadcrumb\",\"itemListElement\":[{\"@type\":\"ListItem\",\"position\":1,\"name\":\"Home\",\"item\":\"https:\/\/hudo.com\/si\/\"},{\"@type\":\"ListItem\",\"position\":2,\"name\":\"Vreme: Popoldne se bo zjasnilo\"}]},{\"@type\":\"WebSite\",\"@id\":\"https:\/\/hudo.com\/si\/#website\",\"url\":\"https:\/\/hudo.com\/si\/\",\"name\":\"Hudo Slovenija\",\"description\":\"Vse novice iz Slovenije in sveta\",\"publisher\":{\"@id\":\"https:\/\/hudo.com\/si\/#organization\"},\"potentialAction\":[{\"@type\":\"SearchAction\",\"target\":{\"@type\":\"EntryPoint\",\"urlTemplate\":\"https:\/\/hudo.com\/si\/?s={search_term_string}\"},\"query-input\":\"required name=search_term_string\"}],\"inLanguage\":\"sl-SI\"},{\"@type\":\"Organization\",\"@id\":\"https:\/\/hudo.com\/si\/#organization\",\"name\":\"VSN Media\",\"url\":\"https:\/\/hudo.com\/si\/\",\"logo\":{\"@type\":\"ImageObject\",\"inLanguage\":\"sl-SI\",\"@id\":\"https:\/\/hudo.com\/si\/#\/schema\/logo\/image\/\",\"url\":\"https:\/\/hudo.com\/si\/wp-content\/uploads\/sites\/2\/2021\/03\/hudo-app-2.png\",\"contentUrl\":\"https:\/\/hudo.com\/si\/wp-content\/uploads\/sites\/2\/2021\/03\/hudo-app-2.png\",\"width\":2185,\"height\":2167,\"caption\":\"VSN Media\"},\"image\":{\"@id\":\"https:\/\/hudo.com\/si\/#\/schema\/logo\/image\/\"},\"sameAs\":[\"https:\/\/www.facebook.com\/hudo.si\",\"https:\/\/twitter.com\/hudo_si\"]},{\"@type\":\"Person\",\"@id\":\"https:\/\/hudo.com\/si\/#\/schema\/person\/c2f10ce65d2e6ede2aeda5be2a0611fa\",\"name\":\"M. N., STA\",\"image\":{\"@type\":\"ImageObject\",\"inLanguage\":\"sl-SI\",\"@id\":\"https:\/\/hudo.com\/si\/#\/schema\/person\/image\/\",\"url\":\"https:\/\/secure.gravatar.com\/avatar\/f370d38daa10467f755c5c766a4cac20?s=96&d=mm&r=g\",\"contentUrl\":\"https:\/\/secure.gravatar.com\/avatar\/f370d38daa10467f755c5c766a4cac20?s=96&d=mm&r=g\",\"caption\":\"M. N., STA\"},\"url\":\"https:\/\/hudo.com\/si\/author\/mana\/\"}]}<\/script>\n<!-- \/ Yoast SEO plugin. -->","yoast_head_json":{"title":"Vreme: Popoldne se bo zjasnilo - Hudo Slovenija","robots":{"index":"index","follow":"follow","max-snippet":"max-snippet:-1","max-image-preview":"max-image-preview:large","max-video-preview":"max-video-preview:-1"},"canonical":"https:\/\/hudo.com\/si\/vreme\/vreme-popoldne-se-bo-zjasnilo-2\/","og_locale":"sl_SI","og_type":"article","og_title":"Vreme: Popoldne se bo zjasnilo - Hudo Slovenija","og_description":"Danes bo na Primorskem prete\u017eno jasno. V notranjosti bo sprva zmerno do prete\u017eno obla\u010dno, na vzhodu ni izklju\u010dena \u0161e kak\u0161na ploha. Popoldne se bo jasnilo. Najvi\u0161je dnevne temperature bodo od 25 do 29, na Primorskem do 32 stopinj Celzija, je zapisano na spletnih straneh Agencije RS za okolje.","og_url":"https:\/\/hudo.com\/si\/vreme\/vreme-popoldne-se-bo-zjasnilo-2\/","og_site_name":"Hudo Slovenija","article_publisher":"https:\/\/www.facebook.com\/hudo.si","article_published_time":"2021-07-19T07:30:31+00:00","og_image":[{"width":1250,"height":834,"url":"https:\/\/hudo.com\/si\/wp-content\/uploads\/sites\/2\/2020\/08\/profimedia-0316360221.jpg","type":"image\/jpeg"}],"author":"M. N., STA","twitter_card":"summary_large_image","twitter_creator":"@hudo_si","twitter_site":"@hudo_si","twitter_misc":{"Written by":"M. N., STA","Est. reading time":"1 minuta"},"schema":{"@context":"https:\/\/schema.org","@graph":[{"@type":"Article","@id":"https:\/\/hudo.com\/si\/vreme\/vreme-popoldne-se-bo-zjasnilo-2\/#article","isPartOf":{"@id":"https:\/\/hudo.com\/si\/vreme\/vreme-popoldne-se-bo-zjasnilo-2\/"},"author":{"name":"M. N., STA","@id":"https:\/\/hudo.com\/si\/#\/schema\/person\/c2f10ce65d2e6ede2aeda5be2a0611fa"},"headline":"Vreme: Popoldne se bo zjasnilo","datePublished":"2021-07-19T07:30:31+00:00","dateModified":"2021-07-19T07:30:31+00:00","mainEntityOfPage":{"@id":"https:\/\/hudo.com\/si\/vreme\/vreme-popoldne-se-bo-zjasnilo-2\/"},"wordCount":143,"publisher":{"@id":"https:\/\/hudo.com\/si\/#organization"},"keywords":["Slovenija","vreme"],"articleSection":["Vreme"],"inLanguage":"sl-SI"},{"@type":"WebPage","@id":"https:\/\/hudo.com\/si\/vreme\/vreme-popoldne-se-bo-zjasnilo-2\/","url":"https:\/\/hudo.com\/si\/vreme\/vreme-popoldne-se-bo-zjasnilo-2\/","name":"Vreme: Popoldne se bo zjasnilo - Hudo Slovenija","isPartOf":{"@id":"https:\/\/hudo.com\/si\/#website"},"datePublished":"2021-07-19T07:30:31+00:00","dateModified":"2021-07-19T07:30:31+00:00","breadcrumb":{"@id":"https:\/\/hudo.com\/si\/vreme\/vreme-popoldne-se-bo-zjasnilo-2\/#breadcrumb"},"inLanguage":"sl-SI","potentialAction":[{"@type":"ReadAction","target":["https:\/\/hudo.com\/si\/vreme\/vreme-popoldne-se-bo-zjasnilo-2\/"]}]},{"@type":"BreadcrumbList","@id":"https:\/\/hudo.com\/si\/vreme\/vreme-popoldne-se-bo-zjasnilo-2\/#breadcrumb","itemListElement":[{"@type":"ListItem","position":1,"name":"Home","item":"https:\/\/hudo.com\/si\/"},{"@type":"ListItem","position":2,"name":"Vreme: Popoldne se bo zjasnilo"}]},{"@type":"WebSite","@id":"https:\/\/hudo.com\/si\/#website","url":"https:\/\/hudo.com\/si\/","name":"Hudo Slovenija","description":"Vse novice iz Slovenije in sveta","publisher":{"@id":"https:\/\/hudo.com\/si\/#organization"},"potentialAction":[{"@type":"SearchAction","target":{"@type":"EntryPoint","urlTemplate":"https:\/\/hudo.com\/si\/?s={search_term_string}"},"query-input":"required name=search_term_string"}],"inLanguage":"sl-SI"},{"@type":"Organization","@id":"https:\/\/hudo.com\/si\/#organization","name":"VSN Media","url":"https:\/\/hudo.com\/si\/","logo":{"@type":"ImageObject","inLanguage":"sl-SI","@id":"https:\/\/hudo.com\/si\/#\/schema\/logo\/image\/","url":"https:\/\/hudo.com\/si\/wp-content\/uploads\/sites\/2\/2021\/03\/hudo-app-2.png","contentUrl":"https:\/\/hudo.com\/si\/wp-content\/uploads\/sites\/2\/2021\/03\/hudo-app-2.png","width":2185,"height":2167,"caption":"VSN Media"},"image":{"@id":"https:\/\/hudo.com\/si\/#\/schema\/logo\/image\/"},"sameAs":["https:\/\/www.facebook.com\/hudo.si","https:\/\/twitter.com\/hudo_si"]},{"@type":"Person","@id":"https:\/\/hudo.com\/si\/#\/schema\/person\/c2f10ce65d2e6ede2aeda5be2a0611fa","name":"M. N., STA","image":{"@type":"ImageObject","inLanguage":"sl-SI","@id":"https:\/\/hudo.com\/si\/#\/schema\/person\/image\/","url":"https:\/\/secure.gravatar.com\/avatar\/f370d38daa10467f755c5c766a4cac20?s=96&d=mm&r=g","contentUrl":"https:\/\/secure.gravatar.com\/avatar\/f370d38daa10467f755c5c766a4cac20?s=96&d=mm&r=g","caption":"M. N., STA"},"url":"https:\/\/hudo.com\/si\/author\/mana\/"}]}},"amp_enabled":true,"_links":{"self":[{"href":"https:\/\/hudo.com\/si\/wp-json\/wp\/v2\/posts\/454983"}],"collection":[{"href":"https:\/\/hudo.com\/si\/wp-json\/wp\/v2\/posts"}],"about":[{"href":"https:\/\/hudo.com\/si\/wp-json\/wp\/v2\/types\/post"}],"author":[{"embeddable":true,"href":"https:\/\/hudo.com\/si\/wp-json\/wp\/v2\/users\/8"}],"replies":[{"embeddable":true,"href":"https:\/\/hudo.com\/si\/wp-json\/wp\/v2\/comments?post=454983"}],"version-history":[{"count":1,"href":"https:\/\/hudo.com\/si\/wp-json\/wp\/v2\/posts\/454983\/revisions"}],"predecessor-version":[{"id":454984,"href":"https:\/\/hudo.com\/si\/wp-json\/wp\/v2\/posts\/454983\/revisions\/454984"}],"wp:featuredmedia":[{"embeddable":true,"href":"https:\/\/hudo.com\/si\/wp-json\/wp\/v2\/media\/431256"}],"wp:attachment":[{"href":"https:\/\/hudo.com\/si\/wp-json\/wp\/v2\/media?parent=454983"}],"wp:term":[{"taxonomy":"category","embeddable":true,"href":"https:\/\/hudo.com\/si\/wp-json\/wp\/v2\/categories?post=454983"},{"taxonomy":"post_tag","embeddable":true,"href":"https:\/\/hudo.com\/si\/wp-json\/wp\/v2\/tags?post=454983"},{"taxonomy":"source","embeddable":true,"href":"https:\/\/hudo.com\/si\/wp-json\/wp\/v2\/source?post=454983"},{"taxonomy":"supertag","embeddable":true,"href":"https:\/\/hudo.com\/si\/wp-json\/wp\/v2\/supertag?post=454983"}],"curies":[{"name":"wp","href":"https:\/\/api.w.org\/{rel}","templated":true}]}}