{"id":455024,"date":"2021-07-19T16:23:15","date_gmt":"2021-07-19T14:23:15","guid":{"rendered":"https:\/\/hudo.com\/si\/?p=455024"},"modified":"2021-07-19T16:23:15","modified_gmt":"2021-07-19T14:23:15","slug":"vse-kaze-na-to-da-je-tudi-madzarska-vlada-vohunila-za-novinarji-politiki-in-aktivisti","status":"publish","type":"post","link":"https:\/\/hudo.com\/si\/aktualno\/svet\/vse-kaze-na-to-da-je-tudi-madzarska-vlada-vohunila-za-novinarji-politiki-in-aktivisti\/","title":{"rendered":"Vse ka\u017ee na to, da je tudi Mad\u017earska vlada vohunila za novinarji, politiki in aktivisti"},"content":{"rendered":"<p>Ve\u010d svetovnih medijev je v nedeljo razkrilo obse\u017eno vohunsko akcijo, v okviru katere so z izraelsko vohunsko programsko opremo, ki jo kupujejo predvsem vlade, povezali ve\u010d kot 50.000 telefonskih \u0161tevilk novinarjev, aktivistov in politikov. Zaenkrat ni znano, na koliko napravah je bil Pegasus podjetja NSO Group tudi name\u0161\u010den, identificirali pa so ve\u010d kot tiso\u010d ljudi s seznama prizadetih.<\/p>\n<p>Na seznamu je bilo tudi ve\u010d kot 300 mad\u017earskih telefonskih \u0161tevilk, ki so jih povezali z novinarji, odvetniki, poslovne\u017ei in aktivisti. To\u010dnega \u0161tevila oku\u017eenih ali napadenih telefonov nimajo, pri forenzi\u010dni analizi \u0161estih naprav so pri treh potrdili oku\u017ebo s Pegasusom, pri dveh pa poskus oku\u017ebe.<\/p>\n<h2>Vlada zanika vohunjenje za mad\u017earskimi novinarji<\/h2>\n<p>Mad\u017earski zunanji minister Szijjarto je dejal, da je direktor mad\u017earske obve\u0161\u010devalne slu\u017ebe IH zanikal, da bi ta uporabljala programsko opremo Pegasus. Slu\u017eba, ki deluje pod okriljem zunanjega ministrstva, je pripravljena podati pojasnila parlamentarnemu odboru za nacionalno varnost, je poro\u010dal mad\u017earski portal Telex.hu<\/p>\n<p>Zasedanje tega odbora je sicer \u017ee zahtevala mad\u017earska opozicija.<\/p>\n<p>IH je sicer ena od petih mad\u017earskih obve\u0161\u010devalnih slu\u017eb. Ali bi lahko katera od drugih slu\u017eb prek programa Pegasus nadzorovala posameznike, mad\u017earski zunanji minister ni \u017eelel povedati, poro\u010da nem\u0161ka tiskovna agencija dpa.<\/p>\n","protected":false},"excerpt":{"rendered":"<p>Mad\u017earski zunanji minister Peter Szijjarto je danes zanikal poro\u010danje svetovnih medijev, da so mad\u017earske oblasti s pomo\u010djo programske opreme Pegasus izraelskega podjetja NSO vohunile za mad\u017earskimi novinarji in aktivisti. Opozicija medtem zahteva preiskavo.<\/p>\n","protected":false},"author":7,"featured_media":237487,"comment_status":"closed","ping_status":"closed","sticky":false,"template":"","format":"standard","meta":{"footnotes":""},"categories":[18202],"tags":[2534,4911],"source":[4511],"supertag":[],"acf":[],"yoast_head":"<!-- This site is optimized with the Yoast SEO plugin v21.3 - https:\/\/yoast.com\/wordpress\/plugins\/seo\/ -->\n<title>Vse ka\u017ee na to, da je tudi Mad\u017earska vlada vohunila za novinarji, politiki in aktivisti - Hudo Slovenija<\/title>\n<meta name=\"robots\" content=\"index, follow, max-snippet:-1, max-image-preview:large, max-video-preview:-1\" \/>\n<link rel=\"canonical\" href=\"https:\/\/hudo.com\/si\/aktualno\/svet\/vse-kaze-na-to-da-je-tudi-madzarska-vlada-vohunila-za-novinarji-politiki-in-aktivisti\/\" \/>\n<meta property=\"og:locale\" content=\"sl_SI\" \/>\n<meta property=\"og:type\" content=\"article\" \/>\n<meta property=\"og:title\" content=\"Vse ka\u017ee na to, da je tudi Mad\u017earska vlada vohunila za novinarji, politiki in aktivisti - Hudo Slovenija\" \/>\n<meta property=\"og:description\" content=\"Mad\u017earski zunanji minister Peter Szijjarto je danes zanikal poro\u010danje svetovnih medijev, da so mad\u017earske oblasti s pomo\u010djo programske opreme Pegasus izraelskega podjetja NSO vohunile za mad\u017earskimi novinarji in aktivisti. Opozicija medtem zahteva preiskavo.\" \/>\n<meta property=\"og:url\" content=\"https:\/\/hudo.com\/si\/aktualno\/svet\/vse-kaze-na-to-da-je-tudi-madzarska-vlada-vohunila-za-novinarji-politiki-in-aktivisti\/\" \/>\n<meta property=\"og:site_name\" content=\"Hudo Slovenija\" \/>\n<meta property=\"article:publisher\" content=\"https:\/\/www.facebook.com\/hudo.si\" \/>\n<meta property=\"article:published_time\" content=\"2021-07-19T14:23:15+00:00\" \/>\n<meta property=\"og:image\" content=\"https:\/\/hudo.com\/si\/wp-content\/uploads\/sites\/2\/2017\/04\/profimedia-0324911149.jpg\" \/>\n\t<meta property=\"og:image:width\" content=\"1250\" \/>\n\t<meta property=\"og:image:height\" content=\"833\" \/>\n\t<meta property=\"og:image:type\" content=\"image\/jpeg\" \/>\n<meta name=\"author\" content=\"A. P., STA\" \/>\n<meta name=\"twitter:card\" content=\"summary_large_image\" \/>\n<meta name=\"twitter:creator\" content=\"@hudo_si\" \/>\n<meta name=\"twitter:site\" content=\"@hudo_si\" \/>\n<meta name=\"twitter:label1\" content=\"Written by\" \/>\n\t<meta name=\"twitter:data1\" content=\"A. P., STA\" \/>\n\t<meta name=\"twitter:label2\" content=\"Est. reading time\" \/>\n\t<meta name=\"twitter:data2\" content=\"1 minuta\" \/>\n<script type=\"application\/ld+json\" class=\"yoast-schema-graph\">{\"@context\":\"https:\/\/schema.org\",\"@graph\":[{\"@type\":\"Article\",\"@id\":\"https:\/\/hudo.com\/si\/aktualno\/svet\/vse-kaze-na-to-da-je-tudi-madzarska-vlada-vohunila-za-novinarji-politiki-in-aktivisti\/#article\",\"isPartOf\":{\"@id\":\"https:\/\/hudo.com\/si\/aktualno\/svet\/vse-kaze-na-to-da-je-tudi-madzarska-vlada-vohunila-za-novinarji-politiki-in-aktivisti\/\"},\"author\":{\"name\":\"A. P., STA\",\"@id\":\"https:\/\/hudo.com\/si\/#\/schema\/person\/18f09c02475ba9e606e941a565b80cff\"},\"headline\":\"Vse ka\u017ee na to, da je tudi Mad\u017earska vlada vohunila za novinarji, politiki in aktivisti\",\"datePublished\":\"2021-07-19T14:23:15+00:00\",\"dateModified\":\"2021-07-19T14:23:15+00:00\",\"mainEntityOfPage\":{\"@id\":\"https:\/\/hudo.com\/si\/aktualno\/svet\/vse-kaze-na-to-da-je-tudi-madzarska-vlada-vohunila-za-novinarji-politiki-in-aktivisti\/\"},\"wordCount\":233,\"publisher\":{\"@id\":\"https:\/\/hudo.com\/si\/#organization\"},\"keywords\":[\"Mad\u017earska\",\"medijska svoboda\"],\"articleSection\":[\"Svet\"],\"inLanguage\":\"sl-SI\"},{\"@type\":\"WebPage\",\"@id\":\"https:\/\/hudo.com\/si\/aktualno\/svet\/vse-kaze-na-to-da-je-tudi-madzarska-vlada-vohunila-za-novinarji-politiki-in-aktivisti\/\",\"url\":\"https:\/\/hudo.com\/si\/aktualno\/svet\/vse-kaze-na-to-da-je-tudi-madzarska-vlada-vohunila-za-novinarji-politiki-in-aktivisti\/\",\"name\":\"Vse ka\u017ee na to, da je tudi Mad\u017earska vlada vohunila za novinarji, politiki in aktivisti - Hudo Slovenija\",\"isPartOf\":{\"@id\":\"https:\/\/hudo.com\/si\/#website\"},\"datePublished\":\"2021-07-19T14:23:15+00:00\",\"dateModified\":\"2021-07-19T14:23:15+00:00\",\"breadcrumb\":{\"@id\":\"https:\/\/hudo.com\/si\/aktualno\/svet\/vse-kaze-na-to-da-je-tudi-madzarska-vlada-vohunila-za-novinarji-politiki-in-aktivisti\/#breadcrumb\"},\"inLanguage\":\"sl-SI\",\"potentialAction\":[{\"@type\":\"ReadAction\",\"target\":[\"https:\/\/hudo.com\/si\/aktualno\/svet\/vse-kaze-na-to-da-je-tudi-madzarska-vlada-vohunila-za-novinarji-politiki-in-aktivisti\/\"]}]},{\"@type\":\"BreadcrumbList\",\"@id\":\"https:\/\/hudo.com\/si\/aktualno\/svet\/vse-kaze-na-to-da-je-tudi-madzarska-vlada-vohunila-za-novinarji-politiki-in-aktivisti\/#breadcrumb\",\"itemListElement\":[{\"@type\":\"ListItem\",\"position\":1,\"name\":\"Home\",\"item\":\"https:\/\/hudo.com\/si\/\"},{\"@type\":\"ListItem\",\"position\":2,\"name\":\"Vse ka\u017ee na to, da je tudi Mad\u017earska vlada vohunila za novinarji, politiki in aktivisti\"}]},{\"@type\":\"WebSite\",\"@id\":\"https:\/\/hudo.com\/si\/#website\",\"url\":\"https:\/\/hudo.com\/si\/\",\"name\":\"Hudo Slovenija\",\"description\":\"Vse novice iz Slovenije in sveta\",\"publisher\":{\"@id\":\"https:\/\/hudo.com\/si\/#organization\"},\"potentialAction\":[{\"@type\":\"SearchAction\",\"target\":{\"@type\":\"EntryPoint\",\"urlTemplate\":\"https:\/\/hudo.com\/si\/?s={search_term_string}\"},\"query-input\":\"required name=search_term_string\"}],\"inLanguage\":\"sl-SI\"},{\"@type\":\"Organization\",\"@id\":\"https:\/\/hudo.com\/si\/#organization\",\"name\":\"VSN Media\",\"url\":\"https:\/\/hudo.com\/si\/\",\"logo\":{\"@type\":\"ImageObject\",\"inLanguage\":\"sl-SI\",\"@id\":\"https:\/\/hudo.com\/si\/#\/schema\/logo\/image\/\",\"url\":\"https:\/\/hudo.com\/si\/wp-content\/uploads\/sites\/2\/2021\/03\/hudo-app-2.png\",\"contentUrl\":\"https:\/\/hudo.com\/si\/wp-content\/uploads\/sites\/2\/2021\/03\/hudo-app-2.png\",\"width\":2185,\"height\":2167,\"caption\":\"VSN Media\"},\"image\":{\"@id\":\"https:\/\/hudo.com\/si\/#\/schema\/logo\/image\/\"},\"sameAs\":[\"https:\/\/www.facebook.com\/hudo.si\",\"https:\/\/twitter.com\/hudo_si\"]},{\"@type\":\"Person\",\"@id\":\"https:\/\/hudo.com\/si\/#\/schema\/person\/18f09c02475ba9e606e941a565b80cff\",\"name\":\"A. P., STA\",\"image\":{\"@type\":\"ImageObject\",\"inLanguage\":\"sl-SI\",\"@id\":\"https:\/\/hudo.com\/si\/#\/schema\/person\/image\/\",\"url\":\"https:\/\/secure.gravatar.com\/avatar\/03eac8e609f5f04383125d80eaeaaf3e?s=96&d=mm&r=g\",\"contentUrl\":\"https:\/\/secure.gravatar.com\/avatar\/03eac8e609f5f04383125d80eaeaaf3e?s=96&d=mm&r=g\",\"caption\":\"A. P., STA\"},\"url\":\"https:\/\/hudo.com\/si\/author\/lubu\/\"}]}<\/script>\n<!-- \/ Yoast SEO plugin. -->","yoast_head_json":{"title":"Vse ka\u017ee na to, da je tudi Mad\u017earska vlada vohunila za novinarji, politiki in aktivisti - Hudo Slovenija","robots":{"index":"index","follow":"follow","max-snippet":"max-snippet:-1","max-image-preview":"max-image-preview:large","max-video-preview":"max-video-preview:-1"},"canonical":"https:\/\/hudo.com\/si\/aktualno\/svet\/vse-kaze-na-to-da-je-tudi-madzarska-vlada-vohunila-za-novinarji-politiki-in-aktivisti\/","og_locale":"sl_SI","og_type":"article","og_title":"Vse ka\u017ee na to, da je tudi Mad\u017earska vlada vohunila za novinarji, politiki in aktivisti - Hudo Slovenija","og_description":"Mad\u017earski zunanji minister Peter Szijjarto je danes zanikal poro\u010danje svetovnih medijev, da so mad\u017earske oblasti s pomo\u010djo programske opreme Pegasus izraelskega podjetja NSO vohunile za mad\u017earskimi novinarji in aktivisti. Opozicija medtem zahteva preiskavo.","og_url":"https:\/\/hudo.com\/si\/aktualno\/svet\/vse-kaze-na-to-da-je-tudi-madzarska-vlada-vohunila-za-novinarji-politiki-in-aktivisti\/","og_site_name":"Hudo Slovenija","article_publisher":"https:\/\/www.facebook.com\/hudo.si","article_published_time":"2021-07-19T14:23:15+00:00","og_image":[{"width":1250,"height":833,"url":"https:\/\/hudo.com\/si\/wp-content\/uploads\/sites\/2\/2017\/04\/profimedia-0324911149.jpg","type":"image\/jpeg"}],"author":"A. P., STA","twitter_card":"summary_large_image","twitter_creator":"@hudo_si","twitter_site":"@hudo_si","twitter_misc":{"Written by":"A. P., STA","Est. reading time":"1 minuta"},"schema":{"@context":"https:\/\/schema.org","@graph":[{"@type":"Article","@id":"https:\/\/hudo.com\/si\/aktualno\/svet\/vse-kaze-na-to-da-je-tudi-madzarska-vlada-vohunila-za-novinarji-politiki-in-aktivisti\/#article","isPartOf":{"@id":"https:\/\/hudo.com\/si\/aktualno\/svet\/vse-kaze-na-to-da-je-tudi-madzarska-vlada-vohunila-za-novinarji-politiki-in-aktivisti\/"},"author":{"name":"A. P., STA","@id":"https:\/\/hudo.com\/si\/#\/schema\/person\/18f09c02475ba9e606e941a565b80cff"},"headline":"Vse ka\u017ee na to, da je tudi Mad\u017earska vlada vohunila za novinarji, politiki in aktivisti","datePublished":"2021-07-19T14:23:15+00:00","dateModified":"2021-07-19T14:23:15+00:00","mainEntityOfPage":{"@id":"https:\/\/hudo.com\/si\/aktualno\/svet\/vse-kaze-na-to-da-je-tudi-madzarska-vlada-vohunila-za-novinarji-politiki-in-aktivisti\/"},"wordCount":233,"publisher":{"@id":"https:\/\/hudo.com\/si\/#organization"},"keywords":["Mad\u017earska","medijska svoboda"],"articleSection":["Svet"],"inLanguage":"sl-SI"},{"@type":"WebPage","@id":"https:\/\/hudo.com\/si\/aktualno\/svet\/vse-kaze-na-to-da-je-tudi-madzarska-vlada-vohunila-za-novinarji-politiki-in-aktivisti\/","url":"https:\/\/hudo.com\/si\/aktualno\/svet\/vse-kaze-na-to-da-je-tudi-madzarska-vlada-vohunila-za-novinarji-politiki-in-aktivisti\/","name":"Vse ka\u017ee na to, da je tudi Mad\u017earska vlada vohunila za novinarji, politiki in aktivisti - Hudo Slovenija","isPartOf":{"@id":"https:\/\/hudo.com\/si\/#website"},"datePublished":"2021-07-19T14:23:15+00:00","dateModified":"2021-07-19T14:23:15+00:00","breadcrumb":{"@id":"https:\/\/hudo.com\/si\/aktualno\/svet\/vse-kaze-na-to-da-je-tudi-madzarska-vlada-vohunila-za-novinarji-politiki-in-aktivisti\/#breadcrumb"},"inLanguage":"sl-SI","potentialAction":[{"@type":"ReadAction","target":["https:\/\/hudo.com\/si\/aktualno\/svet\/vse-kaze-na-to-da-je-tudi-madzarska-vlada-vohunila-za-novinarji-politiki-in-aktivisti\/"]}]},{"@type":"BreadcrumbList","@id":"https:\/\/hudo.com\/si\/aktualno\/svet\/vse-kaze-na-to-da-je-tudi-madzarska-vlada-vohunila-za-novinarji-politiki-in-aktivisti\/#breadcrumb","itemListElement":[{"@type":"ListItem","position":1,"name":"Home","item":"https:\/\/hudo.com\/si\/"},{"@type":"ListItem","position":2,"name":"Vse ka\u017ee na to, da je tudi Mad\u017earska vlada vohunila za novinarji, politiki in aktivisti"}]},{"@type":"WebSite","@id":"https:\/\/hudo.com\/si\/#website","url":"https:\/\/hudo.com\/si\/","name":"Hudo Slovenija","description":"Vse novice iz Slovenije in sveta","publisher":{"@id":"https:\/\/hudo.com\/si\/#organization"},"potentialAction":[{"@type":"SearchAction","target":{"@type":"EntryPoint","urlTemplate":"https:\/\/hudo.com\/si\/?s={search_term_string}"},"query-input":"required name=search_term_string"}],"inLanguage":"sl-SI"},{"@type":"Organization","@id":"https:\/\/hudo.com\/si\/#organization","name":"VSN Media","url":"https:\/\/hudo.com\/si\/","logo":{"@type":"ImageObject","inLanguage":"sl-SI","@id":"https:\/\/hudo.com\/si\/#\/schema\/logo\/image\/","url":"https:\/\/hudo.com\/si\/wp-content\/uploads\/sites\/2\/2021\/03\/hudo-app-2.png","contentUrl":"https:\/\/hudo.com\/si\/wp-content\/uploads\/sites\/2\/2021\/03\/hudo-app-2.png","width":2185,"height":2167,"caption":"VSN Media"},"image":{"@id":"https:\/\/hudo.com\/si\/#\/schema\/logo\/image\/"},"sameAs":["https:\/\/www.facebook.com\/hudo.si","https:\/\/twitter.com\/hudo_si"]},{"@type":"Person","@id":"https:\/\/hudo.com\/si\/#\/schema\/person\/18f09c02475ba9e606e941a565b80cff","name":"A. P., STA","image":{"@type":"ImageObject","inLanguage":"sl-SI","@id":"https:\/\/hudo.com\/si\/#\/schema\/person\/image\/","url":"https:\/\/secure.gravatar.com\/avatar\/03eac8e609f5f04383125d80eaeaaf3e?s=96&d=mm&r=g","contentUrl":"https:\/\/secure.gravatar.com\/avatar\/03eac8e609f5f04383125d80eaeaaf3e?s=96&d=mm&r=g","caption":"A. P., STA"},"url":"https:\/\/hudo.com\/si\/author\/lubu\/"}]}},"amp_enabled":true,"_links":{"self":[{"href":"https:\/\/hudo.com\/si\/wp-json\/wp\/v2\/posts\/455024"}],"collection":[{"href":"https:\/\/hudo.com\/si\/wp-json\/wp\/v2\/posts"}],"about":[{"href":"https:\/\/hudo.com\/si\/wp-json\/wp\/v2\/types\/post"}],"author":[{"embeddable":true,"href":"https:\/\/hudo.com\/si\/wp-json\/wp\/v2\/users\/7"}],"replies":[{"embeddable":true,"href":"https:\/\/hudo.com\/si\/wp-json\/wp\/v2\/comments?post=455024"}],"version-history":[{"count":1,"href":"https:\/\/hudo.com\/si\/wp-json\/wp\/v2\/posts\/455024\/revisions"}],"predecessor-version":[{"id":455029,"href":"https:\/\/hudo.com\/si\/wp-json\/wp\/v2\/posts\/455024\/revisions\/455029"}],"wp:featuredmedia":[{"embeddable":true,"href":"https:\/\/hudo.com\/si\/wp-json\/wp\/v2\/media\/237487"}],"wp:attachment":[{"href":"https:\/\/hudo.com\/si\/wp-json\/wp\/v2\/media?parent=455024"}],"wp:term":[{"taxonomy":"category","embeddable":true,"href":"https:\/\/hudo.com\/si\/wp-json\/wp\/v2\/categories?post=455024"},{"taxonomy":"post_tag","embeddable":true,"href":"https:\/\/hudo.com\/si\/wp-json\/wp\/v2\/tags?post=455024"},{"taxonomy":"source","embeddable":true,"href":"https:\/\/hudo.com\/si\/wp-json\/wp\/v2\/source?post=455024"},{"taxonomy":"supertag","embeddable":true,"href":"https:\/\/hudo.com\/si\/wp-json\/wp\/v2\/supertag?post=455024"}],"curies":[{"name":"wp","href":"https:\/\/api.w.org\/{rel}","templated":true}]}}