{"id":455033,"date":"2021-07-19T18:57:54","date_gmt":"2021-07-19T16:57:54","guid":{"rendered":"https:\/\/hudo.com\/si\/?p=455033"},"modified":"2021-07-19T18:57:54","modified_gmt":"2021-07-19T16:57:54","slug":"namige-o-mozni-zlorabi-vohunske-opreme-v-sloveniji-prejel-ze-lani","status":"publish","type":"post","link":"https:\/\/hudo.com\/si\/aktualno\/slovenija\/namige-o-mozni-zlorabi-vohunske-opreme-v-sloveniji-prejel-ze-lani\/","title":{"rendered":"&#8221;Namige o mo\u017eni zlorabi vohunske opreme v Sloveniji prejel \u017ee lani&#8221;"},"content":{"rendered":"<p>&#8220;Lahko potrdim, da smo na Knovsu dobili prve namige o mo\u017eni zlorabi vohunske programske opreme v Sloveniji \u017ee v lanskem letu,&#8221; je zapisal poslanec SD Nemec. Dodal je, da so Slovensko obve\u0161\u010devalno-varnostno agencijo (Sova) za pojasnila zaprosili 10. junija 2020. Odgovor, ki je bil ozna\u010den z oznako tajno, pa so prejeli 23. junija 2020.<\/p>\n<p>V izjavi za STA je predsednik Knovsa pojasnil, da niti pred enim letom niti \u0161e zdaj ne vedo, za katero programsko opremo in tehniko naj bi \u0161lo.<\/p>\n<p>Na Twitterju je ob tem zapisal, da jih je tudi pri kasnej\u0161em nenapovedanem nadzoru na Generalni policijski upravi (GPU) zanimalo, ali so zaznali uporabo prepovedane programske opreme ali tehnike, ki bi jo lahko uporabile politi\u010dne stranke, gospodarske dru\u017ebe ali detektivska agencija v njihovem imenu.<\/p>\n<p>Po obisku premierja Janeza Jan\u0161e decembra lani v Izraelu so sicer postali \u0161e bolj pozorni, je \u0161e povedal za STA.<\/p>\n<p>Jan\u0161a se je po poro\u010danju portala O\u0161tro v Izraelu sestal s predstavniki izraelskega podjetja NSO.<\/p>\n<p>To podjetje izdeluje vohunsko programsko opremo Pegasus, s pomo\u010djo katere naj bi, kot je v nedeljo poro\u010dalo ve\u010d tujih medijev, povezali ve\u010d kot 50.000 telefonskih \u0161tevilk novinarjev, aktivistov in politikov. Zaenkrat ni znano, na koliko napravah je bil Pegasus tudi name\u0161\u010den, identificirali pa so ve\u010d kot tiso\u010d ljudi s seznama prizadetih.<\/p>\n<p>Gre za posameznike iz 50 dr\u017eav. Ve\u010dji del telefonskih \u0161tevilk so sicer povezali z desetimi dr\u017eavami, in sicer z Mad\u017earsko, Azerbajd\u017eanom, Bahrajnom, Indijo, Kazahstanom, Mehiko, Marokom, Savdsko Arabijo, Ruando in Zdru\u017eenimi arabskimi emirati.<\/p>\n","protected":false},"excerpt":{"rendered":"<p>Predsednik komisije DZ za nadzor obve\u0161\u010devalnih in varnostnih slu\u017eb (Knovs) Matja\u017e Nemec je v lu\u010di poro\u010danja tujih medijev o prislu\u0161kovanju novinarjem danes na Twitterju potrdil, da je Knovs prve namige o mo\u017eni zlorabi vohunske programske opreme v Sloveniji prejel \u017ee lani. Za STA je pojasnil, da ne vedo, za katero programsko opremo je \u0161lo.<\/p>\n","protected":false},"author":7,"featured_media":455034,"comment_status":"closed","ping_status":"closed","sticky":false,"template":"","format":"standard","meta":{"footnotes":""},"categories":[18201],"tags":[3493,4911,7638],"source":[4511],"supertag":[],"acf":[],"yoast_head":"<!-- This site is optimized with the Yoast SEO plugin v21.3 - https:\/\/yoast.com\/wordpress\/plugins\/seo\/ -->\n<title>&#039;&#039;Namige o mo\u017eni zlorabi vohunske opreme v Sloveniji prejel \u017ee lani&#039;&#039; - Hudo Slovenija<\/title>\n<meta name=\"robots\" content=\"index, follow, max-snippet:-1, max-image-preview:large, max-video-preview:-1\" \/>\n<link rel=\"canonical\" href=\"https:\/\/hudo.com\/si\/aktualno\/slovenija\/namige-o-mozni-zlorabi-vohunske-opreme-v-sloveniji-prejel-ze-lani\/\" \/>\n<meta property=\"og:locale\" content=\"sl_SI\" \/>\n<meta property=\"og:type\" content=\"article\" \/>\n<meta property=\"og:title\" content=\"&#039;&#039;Namige o mo\u017eni zlorabi vohunske opreme v Sloveniji prejel \u017ee lani&#039;&#039; - Hudo Slovenija\" \/>\n<meta property=\"og:description\" content=\"Predsednik komisije DZ za nadzor obve\u0161\u010devalnih in varnostnih slu\u017eb (Knovs) Matja\u017e Nemec je v lu\u010di poro\u010danja tujih medijev o prislu\u0161kovanju novinarjem danes na Twitterju potrdil, da je Knovs prve namige o mo\u017eni zlorabi vohunske programske opreme v Sloveniji prejel \u017ee lani. Za STA je pojasnil, da ne vedo, za katero programsko opremo je \u0161lo.\" \/>\n<meta property=\"og:url\" content=\"https:\/\/hudo.com\/si\/aktualno\/slovenija\/namige-o-mozni-zlorabi-vohunske-opreme-v-sloveniji-prejel-ze-lani\/\" \/>\n<meta property=\"og:site_name\" content=\"Hudo Slovenija\" \/>\n<meta property=\"article:publisher\" content=\"https:\/\/www.facebook.com\/hudo.si\" \/>\n<meta property=\"article:published_time\" content=\"2021-07-19T16:57:54+00:00\" \/>\n<meta property=\"og:image\" content=\"https:\/\/hudo.com\/si\/wp-content\/uploads\/sites\/2\/2021\/07\/20210324-01053109.jpg\" \/>\n\t<meta property=\"og:image:width\" content=\"640\" \/>\n\t<meta property=\"og:image:height\" content=\"426\" \/>\n\t<meta property=\"og:image:type\" content=\"image\/jpeg\" \/>\n<meta name=\"author\" content=\"A. P., STA\" \/>\n<meta name=\"twitter:card\" content=\"summary_large_image\" \/>\n<meta name=\"twitter:creator\" content=\"@hudo_si\" \/>\n<meta name=\"twitter:site\" content=\"@hudo_si\" \/>\n<meta name=\"twitter:label1\" content=\"Written by\" \/>\n\t<meta name=\"twitter:data1\" content=\"A. P., STA\" \/>\n\t<meta name=\"twitter:label2\" content=\"Est. reading time\" \/>\n\t<meta name=\"twitter:data2\" content=\"1 minuta\" \/>\n<script type=\"application\/ld+json\" class=\"yoast-schema-graph\">{\"@context\":\"https:\/\/schema.org\",\"@graph\":[{\"@type\":\"Article\",\"@id\":\"https:\/\/hudo.com\/si\/aktualno\/slovenija\/namige-o-mozni-zlorabi-vohunske-opreme-v-sloveniji-prejel-ze-lani\/#article\",\"isPartOf\":{\"@id\":\"https:\/\/hudo.com\/si\/aktualno\/slovenija\/namige-o-mozni-zlorabi-vohunske-opreme-v-sloveniji-prejel-ze-lani\/\"},\"author\":{\"name\":\"A. P., STA\",\"@id\":\"https:\/\/hudo.com\/si\/#\/schema\/person\/18f09c02475ba9e606e941a565b80cff\"},\"headline\":\"&#8221;Namige o mo\u017eni zlorabi vohunske opreme v Sloveniji prejel \u017ee lani&#8221;\",\"datePublished\":\"2021-07-19T16:57:54+00:00\",\"dateModified\":\"2021-07-19T16:57:54+00:00\",\"mainEntityOfPage\":{\"@id\":\"https:\/\/hudo.com\/si\/aktualno\/slovenija\/namige-o-mozni-zlorabi-vohunske-opreme-v-sloveniji-prejel-ze-lani\/\"},\"wordCount\":269,\"publisher\":{\"@id\":\"https:\/\/hudo.com\/si\/#organization\"},\"keywords\":[\"Izrael\",\"medijska svoboda\",\"vohunjenje\"],\"articleSection\":[\"Slovenija\"],\"inLanguage\":\"sl-SI\"},{\"@type\":\"WebPage\",\"@id\":\"https:\/\/hudo.com\/si\/aktualno\/slovenija\/namige-o-mozni-zlorabi-vohunske-opreme-v-sloveniji-prejel-ze-lani\/\",\"url\":\"https:\/\/hudo.com\/si\/aktualno\/slovenija\/namige-o-mozni-zlorabi-vohunske-opreme-v-sloveniji-prejel-ze-lani\/\",\"name\":\"''Namige o mo\u017eni zlorabi vohunske opreme v Sloveniji prejel \u017ee lani'' - Hudo Slovenija\",\"isPartOf\":{\"@id\":\"https:\/\/hudo.com\/si\/#website\"},\"datePublished\":\"2021-07-19T16:57:54+00:00\",\"dateModified\":\"2021-07-19T16:57:54+00:00\",\"breadcrumb\":{\"@id\":\"https:\/\/hudo.com\/si\/aktualno\/slovenija\/namige-o-mozni-zlorabi-vohunske-opreme-v-sloveniji-prejel-ze-lani\/#breadcrumb\"},\"inLanguage\":\"sl-SI\",\"potentialAction\":[{\"@type\":\"ReadAction\",\"target\":[\"https:\/\/hudo.com\/si\/aktualno\/slovenija\/namige-o-mozni-zlorabi-vohunske-opreme-v-sloveniji-prejel-ze-lani\/\"]}]},{\"@type\":\"BreadcrumbList\",\"@id\":\"https:\/\/hudo.com\/si\/aktualno\/slovenija\/namige-o-mozni-zlorabi-vohunske-opreme-v-sloveniji-prejel-ze-lani\/#breadcrumb\",\"itemListElement\":[{\"@type\":\"ListItem\",\"position\":1,\"name\":\"Home\",\"item\":\"https:\/\/hudo.com\/si\/\"},{\"@type\":\"ListItem\",\"position\":2,\"name\":\"&#8221;Namige o mo\u017eni zlorabi vohunske opreme v Sloveniji prejel \u017ee lani&#8221;\"}]},{\"@type\":\"WebSite\",\"@id\":\"https:\/\/hudo.com\/si\/#website\",\"url\":\"https:\/\/hudo.com\/si\/\",\"name\":\"Hudo Slovenija\",\"description\":\"Vse novice iz Slovenije in sveta\",\"publisher\":{\"@id\":\"https:\/\/hudo.com\/si\/#organization\"},\"potentialAction\":[{\"@type\":\"SearchAction\",\"target\":{\"@type\":\"EntryPoint\",\"urlTemplate\":\"https:\/\/hudo.com\/si\/?s={search_term_string}\"},\"query-input\":\"required name=search_term_string\"}],\"inLanguage\":\"sl-SI\"},{\"@type\":\"Organization\",\"@id\":\"https:\/\/hudo.com\/si\/#organization\",\"name\":\"VSN Media\",\"url\":\"https:\/\/hudo.com\/si\/\",\"logo\":{\"@type\":\"ImageObject\",\"inLanguage\":\"sl-SI\",\"@id\":\"https:\/\/hudo.com\/si\/#\/schema\/logo\/image\/\",\"url\":\"https:\/\/hudo.com\/si\/wp-content\/uploads\/sites\/2\/2021\/03\/hudo-app-2.png\",\"contentUrl\":\"https:\/\/hudo.com\/si\/wp-content\/uploads\/sites\/2\/2021\/03\/hudo-app-2.png\",\"width\":2185,\"height\":2167,\"caption\":\"VSN Media\"},\"image\":{\"@id\":\"https:\/\/hudo.com\/si\/#\/schema\/logo\/image\/\"},\"sameAs\":[\"https:\/\/www.facebook.com\/hudo.si\",\"https:\/\/twitter.com\/hudo_si\"]},{\"@type\":\"Person\",\"@id\":\"https:\/\/hudo.com\/si\/#\/schema\/person\/18f09c02475ba9e606e941a565b80cff\",\"name\":\"A. P., STA\",\"image\":{\"@type\":\"ImageObject\",\"inLanguage\":\"sl-SI\",\"@id\":\"https:\/\/hudo.com\/si\/#\/schema\/person\/image\/\",\"url\":\"https:\/\/secure.gravatar.com\/avatar\/03eac8e609f5f04383125d80eaeaaf3e?s=96&d=mm&r=g\",\"contentUrl\":\"https:\/\/secure.gravatar.com\/avatar\/03eac8e609f5f04383125d80eaeaaf3e?s=96&d=mm&r=g\",\"caption\":\"A. P., STA\"},\"url\":\"https:\/\/hudo.com\/si\/author\/lubu\/\"}]}<\/script>\n<!-- \/ Yoast SEO plugin. -->","yoast_head_json":{"title":"''Namige o mo\u017eni zlorabi vohunske opreme v Sloveniji prejel \u017ee lani'' - Hudo Slovenija","robots":{"index":"index","follow":"follow","max-snippet":"max-snippet:-1","max-image-preview":"max-image-preview:large","max-video-preview":"max-video-preview:-1"},"canonical":"https:\/\/hudo.com\/si\/aktualno\/slovenija\/namige-o-mozni-zlorabi-vohunske-opreme-v-sloveniji-prejel-ze-lani\/","og_locale":"sl_SI","og_type":"article","og_title":"''Namige o mo\u017eni zlorabi vohunske opreme v Sloveniji prejel \u017ee lani'' - Hudo Slovenija","og_description":"Predsednik komisije DZ za nadzor obve\u0161\u010devalnih in varnostnih slu\u017eb (Knovs) Matja\u017e Nemec je v lu\u010di poro\u010danja tujih medijev o prislu\u0161kovanju novinarjem danes na Twitterju potrdil, da je Knovs prve namige o mo\u017eni zlorabi vohunske programske opreme v Sloveniji prejel \u017ee lani. Za STA je pojasnil, da ne vedo, za katero programsko opremo je \u0161lo.","og_url":"https:\/\/hudo.com\/si\/aktualno\/slovenija\/namige-o-mozni-zlorabi-vohunske-opreme-v-sloveniji-prejel-ze-lani\/","og_site_name":"Hudo Slovenija","article_publisher":"https:\/\/www.facebook.com\/hudo.si","article_published_time":"2021-07-19T16:57:54+00:00","og_image":[{"width":640,"height":426,"url":"https:\/\/hudo.com\/si\/wp-content\/uploads\/sites\/2\/2021\/07\/20210324-01053109.jpg","type":"image\/jpeg"}],"author":"A. P., STA","twitter_card":"summary_large_image","twitter_creator":"@hudo_si","twitter_site":"@hudo_si","twitter_misc":{"Written by":"A. P., STA","Est. reading time":"1 minuta"},"schema":{"@context":"https:\/\/schema.org","@graph":[{"@type":"Article","@id":"https:\/\/hudo.com\/si\/aktualno\/slovenija\/namige-o-mozni-zlorabi-vohunske-opreme-v-sloveniji-prejel-ze-lani\/#article","isPartOf":{"@id":"https:\/\/hudo.com\/si\/aktualno\/slovenija\/namige-o-mozni-zlorabi-vohunske-opreme-v-sloveniji-prejel-ze-lani\/"},"author":{"name":"A. P., STA","@id":"https:\/\/hudo.com\/si\/#\/schema\/person\/18f09c02475ba9e606e941a565b80cff"},"headline":"&#8221;Namige o mo\u017eni zlorabi vohunske opreme v Sloveniji prejel \u017ee lani&#8221;","datePublished":"2021-07-19T16:57:54+00:00","dateModified":"2021-07-19T16:57:54+00:00","mainEntityOfPage":{"@id":"https:\/\/hudo.com\/si\/aktualno\/slovenija\/namige-o-mozni-zlorabi-vohunske-opreme-v-sloveniji-prejel-ze-lani\/"},"wordCount":269,"publisher":{"@id":"https:\/\/hudo.com\/si\/#organization"},"keywords":["Izrael","medijska svoboda","vohunjenje"],"articleSection":["Slovenija"],"inLanguage":"sl-SI"},{"@type":"WebPage","@id":"https:\/\/hudo.com\/si\/aktualno\/slovenija\/namige-o-mozni-zlorabi-vohunske-opreme-v-sloveniji-prejel-ze-lani\/","url":"https:\/\/hudo.com\/si\/aktualno\/slovenija\/namige-o-mozni-zlorabi-vohunske-opreme-v-sloveniji-prejel-ze-lani\/","name":"''Namige o mo\u017eni zlorabi vohunske opreme v Sloveniji prejel \u017ee lani'' - Hudo Slovenija","isPartOf":{"@id":"https:\/\/hudo.com\/si\/#website"},"datePublished":"2021-07-19T16:57:54+00:00","dateModified":"2021-07-19T16:57:54+00:00","breadcrumb":{"@id":"https:\/\/hudo.com\/si\/aktualno\/slovenija\/namige-o-mozni-zlorabi-vohunske-opreme-v-sloveniji-prejel-ze-lani\/#breadcrumb"},"inLanguage":"sl-SI","potentialAction":[{"@type":"ReadAction","target":["https:\/\/hudo.com\/si\/aktualno\/slovenija\/namige-o-mozni-zlorabi-vohunske-opreme-v-sloveniji-prejel-ze-lani\/"]}]},{"@type":"BreadcrumbList","@id":"https:\/\/hudo.com\/si\/aktualno\/slovenija\/namige-o-mozni-zlorabi-vohunske-opreme-v-sloveniji-prejel-ze-lani\/#breadcrumb","itemListElement":[{"@type":"ListItem","position":1,"name":"Home","item":"https:\/\/hudo.com\/si\/"},{"@type":"ListItem","position":2,"name":"&#8221;Namige o mo\u017eni zlorabi vohunske opreme v Sloveniji prejel \u017ee lani&#8221;"}]},{"@type":"WebSite","@id":"https:\/\/hudo.com\/si\/#website","url":"https:\/\/hudo.com\/si\/","name":"Hudo Slovenija","description":"Vse novice iz Slovenije in sveta","publisher":{"@id":"https:\/\/hudo.com\/si\/#organization"},"potentialAction":[{"@type":"SearchAction","target":{"@type":"EntryPoint","urlTemplate":"https:\/\/hudo.com\/si\/?s={search_term_string}"},"query-input":"required name=search_term_string"}],"inLanguage":"sl-SI"},{"@type":"Organization","@id":"https:\/\/hudo.com\/si\/#organization","name":"VSN Media","url":"https:\/\/hudo.com\/si\/","logo":{"@type":"ImageObject","inLanguage":"sl-SI","@id":"https:\/\/hudo.com\/si\/#\/schema\/logo\/image\/","url":"https:\/\/hudo.com\/si\/wp-content\/uploads\/sites\/2\/2021\/03\/hudo-app-2.png","contentUrl":"https:\/\/hudo.com\/si\/wp-content\/uploads\/sites\/2\/2021\/03\/hudo-app-2.png","width":2185,"height":2167,"caption":"VSN Media"},"image":{"@id":"https:\/\/hudo.com\/si\/#\/schema\/logo\/image\/"},"sameAs":["https:\/\/www.facebook.com\/hudo.si","https:\/\/twitter.com\/hudo_si"]},{"@type":"Person","@id":"https:\/\/hudo.com\/si\/#\/schema\/person\/18f09c02475ba9e606e941a565b80cff","name":"A. P., STA","image":{"@type":"ImageObject","inLanguage":"sl-SI","@id":"https:\/\/hudo.com\/si\/#\/schema\/person\/image\/","url":"https:\/\/secure.gravatar.com\/avatar\/03eac8e609f5f04383125d80eaeaaf3e?s=96&d=mm&r=g","contentUrl":"https:\/\/secure.gravatar.com\/avatar\/03eac8e609f5f04383125d80eaeaaf3e?s=96&d=mm&r=g","caption":"A. P., STA"},"url":"https:\/\/hudo.com\/si\/author\/lubu\/"}]}},"amp_enabled":true,"_links":{"self":[{"href":"https:\/\/hudo.com\/si\/wp-json\/wp\/v2\/posts\/455033"}],"collection":[{"href":"https:\/\/hudo.com\/si\/wp-json\/wp\/v2\/posts"}],"about":[{"href":"https:\/\/hudo.com\/si\/wp-json\/wp\/v2\/types\/post"}],"author":[{"embeddable":true,"href":"https:\/\/hudo.com\/si\/wp-json\/wp\/v2\/users\/7"}],"replies":[{"embeddable":true,"href":"https:\/\/hudo.com\/si\/wp-json\/wp\/v2\/comments?post=455033"}],"version-history":[{"count":1,"href":"https:\/\/hudo.com\/si\/wp-json\/wp\/v2\/posts\/455033\/revisions"}],"predecessor-version":[{"id":455035,"href":"https:\/\/hudo.com\/si\/wp-json\/wp\/v2\/posts\/455033\/revisions\/455035"}],"wp:featuredmedia":[{"embeddable":true,"href":"https:\/\/hudo.com\/si\/wp-json\/wp\/v2\/media\/455034"}],"wp:attachment":[{"href":"https:\/\/hudo.com\/si\/wp-json\/wp\/v2\/media?parent=455033"}],"wp:term":[{"taxonomy":"category","embeddable":true,"href":"https:\/\/hudo.com\/si\/wp-json\/wp\/v2\/categories?post=455033"},{"taxonomy":"post_tag","embeddable":true,"href":"https:\/\/hudo.com\/si\/wp-json\/wp\/v2\/tags?post=455033"},{"taxonomy":"source","embeddable":true,"href":"https:\/\/hudo.com\/si\/wp-json\/wp\/v2\/source?post=455033"},{"taxonomy":"supertag","embeddable":true,"href":"https:\/\/hudo.com\/si\/wp-json\/wp\/v2\/supertag?post=455033"}],"curies":[{"name":"wp","href":"https:\/\/api.w.org\/{rel}","templated":true}]}}