{"id":455112,"date":"2021-07-21T07:58:06","date_gmt":"2021-07-21T05:58:06","guid":{"rendered":"https:\/\/hudo.com\/si\/2021\/07\/21\/podnebne-spremembe-bodo-samo-se-okrepile-dezevje-in-poplave-po-evropi\/"},"modified":"2021-07-21T07:58:06","modified_gmt":"2021-07-21T05:58:06","slug":"podnebne-spremembe-bodo-samo-se-okrepile-dezevje-in-poplave-po-evropi","status":"publish","type":"post","link":"https:\/\/hudo.com\/si\/lifestyle\/podnebne-spremembe-bodo-samo-se-okrepile-dezevje-in-poplave-po-evropi\/","title":{"rendered":"Podnebne spremembe bodo samo \u0161e okrepile de\u017eevje in poplave po Evropi"},"content":{"rendered":"<figure>\n\t\t\t\t\t<img loading=\"lazy\" decoding=\"async\" width=\"660\" height=\"320\" src=\"image\/gif;base64,R0lGODlhAQABAAAAACH5BAEKAAEALAAAAAABAAEAAAICTAEAOw==\" class=\"lazyload\" data-src=\"https:\/\/moski.hudo.com\/wp-content\/uploads\/2021\/07\/profimedia-0622437893-320x155.jpg\" data-srcset=\"https:\/\/moski.hudo.com\/wp-content\/uploads\/2021\/07\/profimedia-0622437893-660x320.jpg 660w,https:\/\/moski.hudo.com\/wp-content\/uploads\/2021\/07\/profimedia-0622437893-320x155.jpg 330w\" \/><figcaption>Poplave v Nem\u010diji \/ Profimedia<\/figcaption><\/figure>\n<p>Znanstveniki z univerze v britanskem Newcastlu so na podlagi zelo natan\u010dnih podnebnih simulacij britanske meteorolo\u0161ke slu\u017ebe ugotovili, da se ob po\u010dasnej\u0161em premikanju neviht pove\u010da koli\u010dina padavin, ki se nabere na dolo\u010denem lokalnem obmo\u010dju. Tako je tveganje hudourni\u0161kih poplav po Evropi \u0161e ve\u010dje od napovedi na podlagi dosedanjih \u0161tudij, so konec preteklega tedna zapisali na spletni strani univerze.<\/p>\n<p>&#8220;Ta \u0161tudija ka\u017ee, da lahko poleg okrepitve padavin ob globalnem segrevanju pri\u010dakujemo tudi velik porast po\u010dasi premikajo\u010dih se neviht, ki imajo velik potencial za veliko akumulacijo de\u017eja. To je bilo zna\u010dilno za zadnje poplave v Nem\u010diji in Belgiji, ki so pokazale uni\u010dujo\u010de posledice po\u010dasi premikajo\u010dih se neviht,&#8221; je povedala znanstvena sodelavka britanske meteorolo\u0161ke slu\u017ebe Lizzie Kendon.<\/p>\n<p>&#8220;Ugotovili smo, da bi lahko bile do konca stoletja po\u010dasi premikajo\u010de se obilne nevihte 14-krat pogostej\u0161e,&#8221; je pojasnila. To ka\u017ee na hude posledice, ki jih je mogo\u010de pri\u010dakovati po Evropi, \u010de ne bomo omejili izpustov toplogrednih plinov, je opozorila Kendonova.<\/p>\n<p>Profesorica na univerzi v Newcastlu Hayley Fowler pa je poudarila, da so vlade prepo\u010dasne pri zmanj\u0161evanju izpustov toplogrednih plinov, globalno segrevanje pa se krepi. &#8220;Ta \u0161tudija ka\u017ee, da bodo spremembe pri ekstremnih neurjih velike in da bodo pove\u010dale pogostost uni\u010dujo\u010dih poplav po Evropi,&#8221; je povedala.<\/p>\n<p>&#8220;To je poleg trenutnih poplav v Evropi opozorilo, da moramo izbolj\u0161ati sisteme opozarjanja in upravljanja izrednih razmer,&#8221; je dejala Fowlerjeva. Poleg tega je treba po njenih besedah pri gradnji upo\u0161tevati dejavnike podnebnih sprememb, da bi bile zgradbe bolj odporne na tovrstne vremenske dogodke.<\/p>\n<p>Ugotovitve so pomembne za oblikovanje podnebnih politik v Evropi, predvsem z vidika poplav, na\u010drtovanja infrastrukture in upravljanja vodnih virov, so \u0161e zapisali na spletni strani univerze v Newcastlu.<\/p>\n<p>Pojasnili so sicer, da so trenutno skoraj nepremi\u010dne de\u017eevne nevihte v Evropi redke, v\u010dasih se pojavijo nad deli Sredozemskega morja.<\/p>\n","protected":false},"excerpt":{"rendered":"<p>Britanski znanstveniki so ugotovili, da bo zaradi podnebnih sprememb v Evropi v prihodnje \u0161e bistveno ve\u010d po\u010dasi premikajo\u010dih se neviht. Tako bo na dolo\u010denem obmo\u010dju padlo \u0161e ve\u010d de\u017eja, kar bo imelo uni\u010dujo\u010de posledice, s kakr\u0161nimi se trenutno soo\u010dajo v Nem\u010diji in Belgiji.<\/p>\n","protected":false},"author":1,"featured_media":455113,"comment_status":"closed","ping_status":"closed","sticky":false,"template":"","format":"standard","meta":{"footnotes":""},"categories":[1091],"tags":[2171,4561,5405,1645],"source":[1522,1518,1552],"supertag":[],"acf":[],"yoast_head":"<!-- This site is optimized with the Yoast SEO plugin v21.3 - https:\/\/yoast.com\/wordpress\/plugins\/seo\/ -->\n<title>Podnebne spremembe bodo samo \u0161e okrepile de\u017eevje in poplave po Evropi - Hudo Slovenija<\/title>\n<meta name=\"robots\" content=\"index, follow, max-snippet:-1, max-image-preview:large, max-video-preview:-1\" \/>\n<link rel=\"canonical\" href=\"https:\/\/hudo.com\/si\/lifestyle\/podnebne-spremembe-bodo-samo-se-okrepile-dezevje-in-poplave-po-evropi\/\" \/>\n<meta property=\"og:locale\" content=\"sl_SI\" \/>\n<meta property=\"og:type\" content=\"article\" \/>\n<meta property=\"og:title\" content=\"Podnebne spremembe bodo samo \u0161e okrepile de\u017eevje in poplave po Evropi - Hudo Slovenija\" \/>\n<meta property=\"og:description\" content=\"Britanski znanstveniki so ugotovili, da bo zaradi podnebnih sprememb v Evropi v prihodnje \u0161e bistveno ve\u010d po\u010dasi premikajo\u010dih se neviht. Tako bo na dolo\u010denem obmo\u010dju padlo \u0161e ve\u010d de\u017eja, kar bo imelo uni\u010dujo\u010de posledice, s kakr\u0161nimi se trenutno soo\u010dajo v Nem\u010diji in Belgiji.\" \/>\n<meta property=\"og:url\" content=\"https:\/\/hudo.com\/si\/lifestyle\/podnebne-spremembe-bodo-samo-se-okrepile-dezevje-in-poplave-po-evropi\/\" \/>\n<meta property=\"og:site_name\" content=\"Hudo Slovenija\" \/>\n<meta property=\"article:publisher\" content=\"https:\/\/www.facebook.com\/hudo.si\" \/>\n<meta property=\"article:published_time\" content=\"2021-07-21T05:58:06+00:00\" \/>\n<meta property=\"og:image\" content=\"https:\/\/hudo.com\/si\/wp-content\/uploads\/sites\/2\/2021\/07\/profimedia-0622437893.jpg\" \/>\n\t<meta property=\"og:image:width\" content=\"1250\" \/>\n\t<meta property=\"og:image:height\" content=\"833\" \/>\n\t<meta property=\"og:image:type\" content=\"image\/jpeg\" \/>\n<meta name=\"author\" content=\"hudo\" \/>\n<meta name=\"twitter:card\" content=\"summary_large_image\" \/>\n<meta name=\"twitter:creator\" content=\"@hudo_si\" \/>\n<meta name=\"twitter:site\" content=\"@hudo_si\" \/>\n<meta name=\"twitter:label1\" content=\"Written by\" \/>\n\t<meta name=\"twitter:data1\" content=\"hudo\" \/>\n\t<meta name=\"twitter:label2\" content=\"Est. reading time\" \/>\n\t<meta name=\"twitter:data2\" content=\"2 minuti\" \/>\n<script type=\"application\/ld+json\" class=\"yoast-schema-graph\">{\"@context\":\"https:\/\/schema.org\",\"@graph\":[{\"@type\":\"Article\",\"@id\":\"https:\/\/hudo.com\/si\/lifestyle\/podnebne-spremembe-bodo-samo-se-okrepile-dezevje-in-poplave-po-evropi\/#article\",\"isPartOf\":{\"@id\":\"https:\/\/hudo.com\/si\/lifestyle\/podnebne-spremembe-bodo-samo-se-okrepile-dezevje-in-poplave-po-evropi\/\"},\"author\":{\"name\":\"hudo\",\"@id\":\"https:\/\/hudo.com\/si\/#\/schema\/person\/601cf3379633985b20f7e50f2bb47707\"},\"headline\":\"Podnebne spremembe bodo samo \u0161e okrepile de\u017eevje in poplave po Evropi\",\"datePublished\":\"2021-07-21T05:58:06+00:00\",\"dateModified\":\"2021-07-21T05:58:06+00:00\",\"mainEntityOfPage\":{\"@id\":\"https:\/\/hudo.com\/si\/lifestyle\/podnebne-spremembe-bodo-samo-se-okrepile-dezevje-in-poplave-po-evropi\/\"},\"wordCount\":348,\"publisher\":{\"@id\":\"https:\/\/hudo.com\/si\/#organization\"},\"keywords\":[\"ekologija\",\"podnebne spremembe\",\"poplave\",\"znanstvene zanimivosti\"],\"articleSection\":[\"Lifestyle\"],\"inLanguage\":\"sl-SI\"},{\"@type\":\"WebPage\",\"@id\":\"https:\/\/hudo.com\/si\/lifestyle\/podnebne-spremembe-bodo-samo-se-okrepile-dezevje-in-poplave-po-evropi\/\",\"url\":\"https:\/\/hudo.com\/si\/lifestyle\/podnebne-spremembe-bodo-samo-se-okrepile-dezevje-in-poplave-po-evropi\/\",\"name\":\"Podnebne spremembe bodo samo \u0161e okrepile de\u017eevje in poplave po Evropi - Hudo Slovenija\",\"isPartOf\":{\"@id\":\"https:\/\/hudo.com\/si\/#website\"},\"datePublished\":\"2021-07-21T05:58:06+00:00\",\"dateModified\":\"2021-07-21T05:58:06+00:00\",\"breadcrumb\":{\"@id\":\"https:\/\/hudo.com\/si\/lifestyle\/podnebne-spremembe-bodo-samo-se-okrepile-dezevje-in-poplave-po-evropi\/#breadcrumb\"},\"inLanguage\":\"sl-SI\",\"potentialAction\":[{\"@type\":\"ReadAction\",\"target\":[\"https:\/\/hudo.com\/si\/lifestyle\/podnebne-spremembe-bodo-samo-se-okrepile-dezevje-in-poplave-po-evropi\/\"]}]},{\"@type\":\"BreadcrumbList\",\"@id\":\"https:\/\/hudo.com\/si\/lifestyle\/podnebne-spremembe-bodo-samo-se-okrepile-dezevje-in-poplave-po-evropi\/#breadcrumb\",\"itemListElement\":[{\"@type\":\"ListItem\",\"position\":1,\"name\":\"Home\",\"item\":\"https:\/\/hudo.com\/si\/\"},{\"@type\":\"ListItem\",\"position\":2,\"name\":\"Podnebne spremembe bodo samo \u0161e okrepile de\u017eevje in poplave po Evropi\"}]},{\"@type\":\"WebSite\",\"@id\":\"https:\/\/hudo.com\/si\/#website\",\"url\":\"https:\/\/hudo.com\/si\/\",\"name\":\"Hudo Slovenija\",\"description\":\"Vse novice iz Slovenije in sveta\",\"publisher\":{\"@id\":\"https:\/\/hudo.com\/si\/#organization\"},\"potentialAction\":[{\"@type\":\"SearchAction\",\"target\":{\"@type\":\"EntryPoint\",\"urlTemplate\":\"https:\/\/hudo.com\/si\/?s={search_term_string}\"},\"query-input\":\"required name=search_term_string\"}],\"inLanguage\":\"sl-SI\"},{\"@type\":\"Organization\",\"@id\":\"https:\/\/hudo.com\/si\/#organization\",\"name\":\"VSN Media\",\"url\":\"https:\/\/hudo.com\/si\/\",\"logo\":{\"@type\":\"ImageObject\",\"inLanguage\":\"sl-SI\",\"@id\":\"https:\/\/hudo.com\/si\/#\/schema\/logo\/image\/\",\"url\":\"https:\/\/hudo.com\/si\/wp-content\/uploads\/sites\/2\/2021\/03\/hudo-app-2.png\",\"contentUrl\":\"https:\/\/hudo.com\/si\/wp-content\/uploads\/sites\/2\/2021\/03\/hudo-app-2.png\",\"width\":2185,\"height\":2167,\"caption\":\"VSN Media\"},\"image\":{\"@id\":\"https:\/\/hudo.com\/si\/#\/schema\/logo\/image\/\"},\"sameAs\":[\"https:\/\/www.facebook.com\/hudo.si\",\"https:\/\/twitter.com\/hudo_si\"]},{\"@type\":\"Person\",\"@id\":\"https:\/\/hudo.com\/si\/#\/schema\/person\/601cf3379633985b20f7e50f2bb47707\",\"name\":\"hudo\",\"image\":{\"@type\":\"ImageObject\",\"inLanguage\":\"sl-SI\",\"@id\":\"https:\/\/hudo.com\/si\/#\/schema\/person\/image\/\",\"url\":\"https:\/\/secure.gravatar.com\/avatar\/c4ca25fa72cace7a696b52ff5db9e095?s=96&d=mm&r=g\",\"contentUrl\":\"https:\/\/secure.gravatar.com\/avatar\/c4ca25fa72cace7a696b52ff5db9e095?s=96&d=mm&r=g\",\"caption\":\"hudo\"},\"url\":\"https:\/\/hudo.com\/si\/author\/hudo\/\"}]}<\/script>\n<!-- \/ Yoast SEO plugin. -->","yoast_head_json":{"title":"Podnebne spremembe bodo samo \u0161e okrepile de\u017eevje in poplave po Evropi - Hudo Slovenija","robots":{"index":"index","follow":"follow","max-snippet":"max-snippet:-1","max-image-preview":"max-image-preview:large","max-video-preview":"max-video-preview:-1"},"canonical":"https:\/\/hudo.com\/si\/lifestyle\/podnebne-spremembe-bodo-samo-se-okrepile-dezevje-in-poplave-po-evropi\/","og_locale":"sl_SI","og_type":"article","og_title":"Podnebne spremembe bodo samo \u0161e okrepile de\u017eevje in poplave po Evropi - Hudo Slovenija","og_description":"Britanski znanstveniki so ugotovili, da bo zaradi podnebnih sprememb v Evropi v prihodnje \u0161e bistveno ve\u010d po\u010dasi premikajo\u010dih se neviht. Tako bo na dolo\u010denem obmo\u010dju padlo \u0161e ve\u010d de\u017eja, kar bo imelo uni\u010dujo\u010de posledice, s kakr\u0161nimi se trenutno soo\u010dajo v Nem\u010diji in Belgiji.","og_url":"https:\/\/hudo.com\/si\/lifestyle\/podnebne-spremembe-bodo-samo-se-okrepile-dezevje-in-poplave-po-evropi\/","og_site_name":"Hudo Slovenija","article_publisher":"https:\/\/www.facebook.com\/hudo.si","article_published_time":"2021-07-21T05:58:06+00:00","og_image":[{"width":1250,"height":833,"url":"https:\/\/hudo.com\/si\/wp-content\/uploads\/sites\/2\/2021\/07\/profimedia-0622437893.jpg","type":"image\/jpeg"}],"author":"hudo","twitter_card":"summary_large_image","twitter_creator":"@hudo_si","twitter_site":"@hudo_si","twitter_misc":{"Written by":"hudo","Est. reading time":"2 minuti"},"schema":{"@context":"https:\/\/schema.org","@graph":[{"@type":"Article","@id":"https:\/\/hudo.com\/si\/lifestyle\/podnebne-spremembe-bodo-samo-se-okrepile-dezevje-in-poplave-po-evropi\/#article","isPartOf":{"@id":"https:\/\/hudo.com\/si\/lifestyle\/podnebne-spremembe-bodo-samo-se-okrepile-dezevje-in-poplave-po-evropi\/"},"author":{"name":"hudo","@id":"https:\/\/hudo.com\/si\/#\/schema\/person\/601cf3379633985b20f7e50f2bb47707"},"headline":"Podnebne spremembe bodo samo \u0161e okrepile de\u017eevje in poplave po Evropi","datePublished":"2021-07-21T05:58:06+00:00","dateModified":"2021-07-21T05:58:06+00:00","mainEntityOfPage":{"@id":"https:\/\/hudo.com\/si\/lifestyle\/podnebne-spremembe-bodo-samo-se-okrepile-dezevje-in-poplave-po-evropi\/"},"wordCount":348,"publisher":{"@id":"https:\/\/hudo.com\/si\/#organization"},"keywords":["ekologija","podnebne spremembe","poplave","znanstvene zanimivosti"],"articleSection":["Lifestyle"],"inLanguage":"sl-SI"},{"@type":"WebPage","@id":"https:\/\/hudo.com\/si\/lifestyle\/podnebne-spremembe-bodo-samo-se-okrepile-dezevje-in-poplave-po-evropi\/","url":"https:\/\/hudo.com\/si\/lifestyle\/podnebne-spremembe-bodo-samo-se-okrepile-dezevje-in-poplave-po-evropi\/","name":"Podnebne spremembe bodo samo \u0161e okrepile de\u017eevje in poplave po Evropi - Hudo Slovenija","isPartOf":{"@id":"https:\/\/hudo.com\/si\/#website"},"datePublished":"2021-07-21T05:58:06+00:00","dateModified":"2021-07-21T05:58:06+00:00","breadcrumb":{"@id":"https:\/\/hudo.com\/si\/lifestyle\/podnebne-spremembe-bodo-samo-se-okrepile-dezevje-in-poplave-po-evropi\/#breadcrumb"},"inLanguage":"sl-SI","potentialAction":[{"@type":"ReadAction","target":["https:\/\/hudo.com\/si\/lifestyle\/podnebne-spremembe-bodo-samo-se-okrepile-dezevje-in-poplave-po-evropi\/"]}]},{"@type":"BreadcrumbList","@id":"https:\/\/hudo.com\/si\/lifestyle\/podnebne-spremembe-bodo-samo-se-okrepile-dezevje-in-poplave-po-evropi\/#breadcrumb","itemListElement":[{"@type":"ListItem","position":1,"name":"Home","item":"https:\/\/hudo.com\/si\/"},{"@type":"ListItem","position":2,"name":"Podnebne spremembe bodo samo \u0161e okrepile de\u017eevje in poplave po Evropi"}]},{"@type":"WebSite","@id":"https:\/\/hudo.com\/si\/#website","url":"https:\/\/hudo.com\/si\/","name":"Hudo Slovenija","description":"Vse novice iz Slovenije in sveta","publisher":{"@id":"https:\/\/hudo.com\/si\/#organization"},"potentialAction":[{"@type":"SearchAction","target":{"@type":"EntryPoint","urlTemplate":"https:\/\/hudo.com\/si\/?s={search_term_string}"},"query-input":"required name=search_term_string"}],"inLanguage":"sl-SI"},{"@type":"Organization","@id":"https:\/\/hudo.com\/si\/#organization","name":"VSN Media","url":"https:\/\/hudo.com\/si\/","logo":{"@type":"ImageObject","inLanguage":"sl-SI","@id":"https:\/\/hudo.com\/si\/#\/schema\/logo\/image\/","url":"https:\/\/hudo.com\/si\/wp-content\/uploads\/sites\/2\/2021\/03\/hudo-app-2.png","contentUrl":"https:\/\/hudo.com\/si\/wp-content\/uploads\/sites\/2\/2021\/03\/hudo-app-2.png","width":2185,"height":2167,"caption":"VSN Media"},"image":{"@id":"https:\/\/hudo.com\/si\/#\/schema\/logo\/image\/"},"sameAs":["https:\/\/www.facebook.com\/hudo.si","https:\/\/twitter.com\/hudo_si"]},{"@type":"Person","@id":"https:\/\/hudo.com\/si\/#\/schema\/person\/601cf3379633985b20f7e50f2bb47707","name":"hudo","image":{"@type":"ImageObject","inLanguage":"sl-SI","@id":"https:\/\/hudo.com\/si\/#\/schema\/person\/image\/","url":"https:\/\/secure.gravatar.com\/avatar\/c4ca25fa72cace7a696b52ff5db9e095?s=96&d=mm&r=g","contentUrl":"https:\/\/secure.gravatar.com\/avatar\/c4ca25fa72cace7a696b52ff5db9e095?s=96&d=mm&r=g","caption":"hudo"},"url":"https:\/\/hudo.com\/si\/author\/hudo\/"}]}},"amp_enabled":true,"_links":{"self":[{"href":"https:\/\/hudo.com\/si\/wp-json\/wp\/v2\/posts\/455112"}],"collection":[{"href":"https:\/\/hudo.com\/si\/wp-json\/wp\/v2\/posts"}],"about":[{"href":"https:\/\/hudo.com\/si\/wp-json\/wp\/v2\/types\/post"}],"author":[{"embeddable":true,"href":"https:\/\/hudo.com\/si\/wp-json\/wp\/v2\/users\/1"}],"replies":[{"embeddable":true,"href":"https:\/\/hudo.com\/si\/wp-json\/wp\/v2\/comments?post=455112"}],"version-history":[{"count":0,"href":"https:\/\/hudo.com\/si\/wp-json\/wp\/v2\/posts\/455112\/revisions"}],"wp:featuredmedia":[{"embeddable":true,"href":"https:\/\/hudo.com\/si\/wp-json\/wp\/v2\/media\/455113"}],"wp:attachment":[{"href":"https:\/\/hudo.com\/si\/wp-json\/wp\/v2\/media?parent=455112"}],"wp:term":[{"taxonomy":"category","embeddable":true,"href":"https:\/\/hudo.com\/si\/wp-json\/wp\/v2\/categories?post=455112"},{"taxonomy":"post_tag","embeddable":true,"href":"https:\/\/hudo.com\/si\/wp-json\/wp\/v2\/tags?post=455112"},{"taxonomy":"source","embeddable":true,"href":"https:\/\/hudo.com\/si\/wp-json\/wp\/v2\/source?post=455112"},{"taxonomy":"supertag","embeddable":true,"href":"https:\/\/hudo.com\/si\/wp-json\/wp\/v2\/supertag?post=455112"}],"curies":[{"name":"wp","href":"https:\/\/api.w.org\/{rel}","templated":true}]}}