{"id":455275,"date":"2021-07-24T10:01:05","date_gmt":"2021-07-24T08:01:05","guid":{"rendered":"https:\/\/hudo.com\/si\/?p=455275"},"modified":"2021-07-24T10:01:05","modified_gmt":"2021-07-24T08:01:05","slug":"jelincic-zeli-dovoljenje-za-streljanje-na-ljudi","status":"publish","type":"post","link":"https:\/\/hudo.com\/si\/aktualno\/slovenija\/jelincic-zeli-dovoljenje-za-streljanje-na-ljudi\/","title":{"rendered":"Jelin\u010di\u010d \u017eeli dovoljenje za streljanje na ljudi"},"content":{"rendered":"<p>Zaradi nara\u0161\u010danja nasilja je treba poskrbeti za varnost, kar po prepri\u010danju poslanca in predsednika SNS Zmaga Jelin\u010di\u010da Plemenitega pomeni, da se vsak posameznik lahko brani. Zato je na vlado naslovil pobudo, da je &#8220;za samoobrambo sebe in svojega premo\u017eenja na zakonski ravni uzakonjena pravica do samoobrambe z oro\u017ejem&#8221;. Predlagal je tudi, da bi dr\u017eava poskrbela za kritje vseh stro\u0161kov, ki bi jih storilci kaznivih dejanj morda zahtevali od tistih, ki so se branili.<\/p>\n<p>Tudi poslanec SDS Branko Grims je minuli teden na nujni seji odbora DZ za notranje zadeve v razpravi o napadih na poslance govoril o pravici do samoobrambe. &#8220;\u010ce se v \u010dasu pandemije covida-19 nekoga popljuva, je to napad, ki ogro\u017ea \u010dlove\u0161ko \u017eivljenje, kar pomeni, da je dovoljena samoobramba z vsemi sredstvi,&#8221; je ocenil.<\/p>\n<p>V odgovoru na Jelin\u010di\u010devo pobudo so na vladi izpostavili, da pravica do samoobrambe izhaja med drugim iz ustavnih pravic do nedotakljivosti \u010dlovekovega \u017eivljenja in do svobode.<\/p>\n<p>Prav tako so instituti glede samoobrambe in od\u0161kodninske odgovornosti navedeni v kazenskem in obligacijskem zakoniku. Kazenski zakonik dolo\u010da silobran, ki da je dejanje z vsemi znaki kaznivega dejanja, a je bilo storjeno v obrambi pred protipravnim napadom.<\/p>\n<p>Drugi institut, namenjen nekaznovanju tistega, ki so ga v kaznivo dejanje prisilile zunanje okoli\u0161\u010dine, je skrajna sila. &#8220;Dejanje, ki je storjeno, da bi storilec od sebe ali koga drugega odvrnil isto\u010dasno nevarnost, ki je ni bilo mogo\u010de odvrniti druga\u010de, ni protipravno, \u010de je povzro\u010deno zlo manj\u0161e od zla, ki je grozilo,&#8221; je zapisano v odgovoru na Jelin\u010di\u010devo vpra\u0161anje.<\/p>\n<p>Obligacijski zakonik pa dolo\u010da, da je dovoljena samopomo\u010d &#8220;pravica vsakogar, da odvrne kr\u0161itev pravice, ko grozi neposredna nevarnost, \u010de je tak\u0161na za\u0161\u010dita nujna in \u010de na\u010din odvra\u010danja kr\u0161itev ustreza okoli\u0161\u010dinam, v katerih nastaja nevarnost, s \u010demer je ponovno izpostavljeno na\u010delo sorazmernosti&#8221;. &#8220;Kdor pri dovoljeni samopomo\u010di povzro\u010di \u0161kodo tistemu, ki je povzro\u010dil potrebo po samopomo\u010di, je ni dol\u017ean povrniti,&#8221; so v vladi pojasnili na Jelin\u010di\u010devo pobudo o ureditvi kritja od\u0161kodninske odgovornosti za samoobrambo.<\/p>\n<p>Da je samopomo\u010d \u017ee danes dovoljena in da ima vsak pravico se braniti, je za STA poudaril tudi odvetnik in predavatelj kazenskega prava na Evropski pravni fakulteti Bla\u017e Kova\u010di\u010d Mlinar. &#8220;Posamezniku ni treba \u010dakati, da ga napadejo, lahko se brani tudi \u017ee \u010de vidi, da se napad pripravlja. A mora biti za obrambo uporabljena sila sorazmerna,&#8221; je pojasnil.<\/p>\n<p>Tako je po mnenju Kova\u010di\u010da Mlinarja lahko sorazmerna na primer uporaba poprovega spreja ali tudi uporaba borilnih ve\u0161\u010din, \u010de jih nekdo obvlada. Uporaba no\u017ea ali strelnega oro\u017eja, \u010de na primer nekdo pljuva nate, pa je zelo verjetno nesorazmeren ukrep, je pojasnil.<\/p>\n<p>Vlada ocenjuje, da kazenski in od\u0161kodninski vidiki silobrana, skrajne sile in dovoljene samopomo\u010di \u017ee urejajo pravico do samoobrambe, kot jo v svoji pobudi izpostavlja Jelin\u010di\u010d. &#8220;Sedanja ureditev \u017ee omogo\u010da, da se v vsakem konkretnem primeru presoja, upo\u0161tevajo\u010d vse okoli\u0161\u010dine, tudi sredstvo obrambe, ali dejanje izklju\u010duje protipravnost in od\u0161kodninsko odgovornost.<\/p>\n<p>Napovedali pa so, da bodo zakonsko ureditev podro\u010dja, ki sicer sodi v pristojnost ve\u010d ministrstev, ponovno prou\u010dili &#8220;v smeri morebiti potrebne ustreznej\u0161e ureditve dolo\u010denih vidikov pravice do samoobrambe&#8221;.<\/p>\n","protected":false},"excerpt":{"rendered":"<p>Poslanec Zmago Jelin\u010di\u010d ocenjuje, da se stanje varnosti v Sloveniji slab\u0161a. V poslanskem vpra\u0161anju vladi je izpostavil tatvine in rope, v izjavi za STA tudi napade na poslance. Vsakdo ima pravico do samoobrambe in dr\u017eava naj krije od\u0161kodnine v takih primerih, pravi. Vlada odgovarja, da ima vsakdo pravico se braniti, a obramba mora biti sorazmerna.<\/p>\n","protected":false},"author":7,"featured_media":328703,"comment_status":"closed","ping_status":"closed","sticky":false,"template":"","format":"standard","meta":{"footnotes":""},"categories":[18201],"tags":[5813],"source":[4511],"supertag":[],"acf":[],"yoast_head":"<!-- This site is optimized with the Yoast SEO plugin v21.3 - https:\/\/yoast.com\/wordpress\/plugins\/seo\/ -->\n<title>Jelin\u010di\u010d \u017eeli dovoljenje za streljanje na ljudi - Hudo Slovenija<\/title>\n<meta name=\"robots\" content=\"index, follow, max-snippet:-1, max-image-preview:large, max-video-preview:-1\" \/>\n<link rel=\"canonical\" href=\"https:\/\/hudo.com\/si\/aktualno\/slovenija\/jelincic-zeli-dovoljenje-za-streljanje-na-ljudi\/\" \/>\n<meta property=\"og:locale\" content=\"sl_SI\" \/>\n<meta property=\"og:type\" content=\"article\" \/>\n<meta property=\"og:title\" content=\"Jelin\u010di\u010d \u017eeli dovoljenje za streljanje na ljudi - Hudo Slovenija\" \/>\n<meta property=\"og:description\" content=\"Poslanec Zmago Jelin\u010di\u010d ocenjuje, da se stanje varnosti v Sloveniji slab\u0161a. V poslanskem vpra\u0161anju vladi je izpostavil tatvine in rope, v izjavi za STA tudi napade na poslance. Vsakdo ima pravico do samoobrambe in dr\u017eava naj krije od\u0161kodnine v takih primerih, pravi. Vlada odgovarja, da ima vsakdo pravico se braniti, a obramba mora biti sorazmerna.\" \/>\n<meta property=\"og:url\" content=\"https:\/\/hudo.com\/si\/aktualno\/slovenija\/jelincic-zeli-dovoljenje-za-streljanje-na-ljudi\/\" \/>\n<meta property=\"og:site_name\" content=\"Hudo Slovenija\" \/>\n<meta property=\"article:publisher\" content=\"https:\/\/www.facebook.com\/hudo.si\" \/>\n<meta property=\"article:published_time\" content=\"2021-07-24T08:01:05+00:00\" \/>\n<meta property=\"og:image\" content=\"https:\/\/hudo.com\/si\/wp-content\/uploads\/sites\/2\/2017\/12\/20081117-00109384.jpg\" \/>\n\t<meta property=\"og:image:width\" content=\"479\" \/>\n\t<meta property=\"og:image:height\" content=\"640\" \/>\n\t<meta property=\"og:image:type\" content=\"image\/jpeg\" \/>\n<meta name=\"author\" content=\"A. P., STA\" \/>\n<meta name=\"twitter:card\" content=\"summary_large_image\" \/>\n<meta name=\"twitter:creator\" content=\"@hudo_si\" \/>\n<meta name=\"twitter:site\" content=\"@hudo_si\" \/>\n<meta name=\"twitter:label1\" content=\"Written by\" \/>\n\t<meta name=\"twitter:data1\" content=\"A. P., STA\" \/>\n\t<meta name=\"twitter:label2\" content=\"Est. reading time\" \/>\n\t<meta name=\"twitter:data2\" content=\"3 minute\" \/>\n<script type=\"application\/ld+json\" class=\"yoast-schema-graph\">{\"@context\":\"https:\/\/schema.org\",\"@graph\":[{\"@type\":\"Article\",\"@id\":\"https:\/\/hudo.com\/si\/aktualno\/slovenija\/jelincic-zeli-dovoljenje-za-streljanje-na-ljudi\/#article\",\"isPartOf\":{\"@id\":\"https:\/\/hudo.com\/si\/aktualno\/slovenija\/jelincic-zeli-dovoljenje-za-streljanje-na-ljudi\/\"},\"author\":{\"name\":\"A. P., STA\",\"@id\":\"https:\/\/hudo.com\/si\/#\/schema\/person\/18f09c02475ba9e606e941a565b80cff\"},\"headline\":\"Jelin\u010di\u010d \u017eeli dovoljenje za streljanje na ljudi\",\"datePublished\":\"2021-07-24T08:01:05+00:00\",\"dateModified\":\"2021-07-24T08:01:05+00:00\",\"mainEntityOfPage\":{\"@id\":\"https:\/\/hudo.com\/si\/aktualno\/slovenija\/jelincic-zeli-dovoljenje-za-streljanje-na-ljudi\/\"},\"wordCount\":561,\"publisher\":{\"@id\":\"https:\/\/hudo.com\/si\/#organization\"},\"keywords\":[\"zmago jelin\u010di\u010d\"],\"articleSection\":[\"Slovenija\"],\"inLanguage\":\"sl-SI\"},{\"@type\":\"WebPage\",\"@id\":\"https:\/\/hudo.com\/si\/aktualno\/slovenija\/jelincic-zeli-dovoljenje-za-streljanje-na-ljudi\/\",\"url\":\"https:\/\/hudo.com\/si\/aktualno\/slovenija\/jelincic-zeli-dovoljenje-za-streljanje-na-ljudi\/\",\"name\":\"Jelin\u010di\u010d \u017eeli dovoljenje za streljanje na ljudi - Hudo Slovenija\",\"isPartOf\":{\"@id\":\"https:\/\/hudo.com\/si\/#website\"},\"datePublished\":\"2021-07-24T08:01:05+00:00\",\"dateModified\":\"2021-07-24T08:01:05+00:00\",\"breadcrumb\":{\"@id\":\"https:\/\/hudo.com\/si\/aktualno\/slovenija\/jelincic-zeli-dovoljenje-za-streljanje-na-ljudi\/#breadcrumb\"},\"inLanguage\":\"sl-SI\",\"potentialAction\":[{\"@type\":\"ReadAction\",\"target\":[\"https:\/\/hudo.com\/si\/aktualno\/slovenija\/jelincic-zeli-dovoljenje-za-streljanje-na-ljudi\/\"]}]},{\"@type\":\"BreadcrumbList\",\"@id\":\"https:\/\/hudo.com\/si\/aktualno\/slovenija\/jelincic-zeli-dovoljenje-za-streljanje-na-ljudi\/#breadcrumb\",\"itemListElement\":[{\"@type\":\"ListItem\",\"position\":1,\"name\":\"Home\",\"item\":\"https:\/\/hudo.com\/si\/\"},{\"@type\":\"ListItem\",\"position\":2,\"name\":\"Jelin\u010di\u010d \u017eeli dovoljenje za streljanje na ljudi\"}]},{\"@type\":\"WebSite\",\"@id\":\"https:\/\/hudo.com\/si\/#website\",\"url\":\"https:\/\/hudo.com\/si\/\",\"name\":\"Hudo Slovenija\",\"description\":\"Vse novice iz Slovenije in sveta\",\"publisher\":{\"@id\":\"https:\/\/hudo.com\/si\/#organization\"},\"potentialAction\":[{\"@type\":\"SearchAction\",\"target\":{\"@type\":\"EntryPoint\",\"urlTemplate\":\"https:\/\/hudo.com\/si\/?s={search_term_string}\"},\"query-input\":\"required name=search_term_string\"}],\"inLanguage\":\"sl-SI\"},{\"@type\":\"Organization\",\"@id\":\"https:\/\/hudo.com\/si\/#organization\",\"name\":\"VSN Media\",\"url\":\"https:\/\/hudo.com\/si\/\",\"logo\":{\"@type\":\"ImageObject\",\"inLanguage\":\"sl-SI\",\"@id\":\"https:\/\/hudo.com\/si\/#\/schema\/logo\/image\/\",\"url\":\"https:\/\/hudo.com\/si\/wp-content\/uploads\/sites\/2\/2021\/03\/hudo-app-2.png\",\"contentUrl\":\"https:\/\/hudo.com\/si\/wp-content\/uploads\/sites\/2\/2021\/03\/hudo-app-2.png\",\"width\":2185,\"height\":2167,\"caption\":\"VSN Media\"},\"image\":{\"@id\":\"https:\/\/hudo.com\/si\/#\/schema\/logo\/image\/\"},\"sameAs\":[\"https:\/\/www.facebook.com\/hudo.si\",\"https:\/\/twitter.com\/hudo_si\"]},{\"@type\":\"Person\",\"@id\":\"https:\/\/hudo.com\/si\/#\/schema\/person\/18f09c02475ba9e606e941a565b80cff\",\"name\":\"A. P., STA\",\"image\":{\"@type\":\"ImageObject\",\"inLanguage\":\"sl-SI\",\"@id\":\"https:\/\/hudo.com\/si\/#\/schema\/person\/image\/\",\"url\":\"https:\/\/secure.gravatar.com\/avatar\/03eac8e609f5f04383125d80eaeaaf3e?s=96&d=mm&r=g\",\"contentUrl\":\"https:\/\/secure.gravatar.com\/avatar\/03eac8e609f5f04383125d80eaeaaf3e?s=96&d=mm&r=g\",\"caption\":\"A. P., STA\"},\"url\":\"https:\/\/hudo.com\/si\/author\/lubu\/\"}]}<\/script>\n<!-- \/ Yoast SEO plugin. -->","yoast_head_json":{"title":"Jelin\u010di\u010d \u017eeli dovoljenje za streljanje na ljudi - Hudo Slovenija","robots":{"index":"index","follow":"follow","max-snippet":"max-snippet:-1","max-image-preview":"max-image-preview:large","max-video-preview":"max-video-preview:-1"},"canonical":"https:\/\/hudo.com\/si\/aktualno\/slovenija\/jelincic-zeli-dovoljenje-za-streljanje-na-ljudi\/","og_locale":"sl_SI","og_type":"article","og_title":"Jelin\u010di\u010d \u017eeli dovoljenje za streljanje na ljudi - Hudo Slovenija","og_description":"Poslanec Zmago Jelin\u010di\u010d ocenjuje, da se stanje varnosti v Sloveniji slab\u0161a. V poslanskem vpra\u0161anju vladi je izpostavil tatvine in rope, v izjavi za STA tudi napade na poslance. Vsakdo ima pravico do samoobrambe in dr\u017eava naj krije od\u0161kodnine v takih primerih, pravi. Vlada odgovarja, da ima vsakdo pravico se braniti, a obramba mora biti sorazmerna.","og_url":"https:\/\/hudo.com\/si\/aktualno\/slovenija\/jelincic-zeli-dovoljenje-za-streljanje-na-ljudi\/","og_site_name":"Hudo Slovenija","article_publisher":"https:\/\/www.facebook.com\/hudo.si","article_published_time":"2021-07-24T08:01:05+00:00","og_image":[{"width":479,"height":640,"url":"https:\/\/hudo.com\/si\/wp-content\/uploads\/sites\/2\/2017\/12\/20081117-00109384.jpg","type":"image\/jpeg"}],"author":"A. P., STA","twitter_card":"summary_large_image","twitter_creator":"@hudo_si","twitter_site":"@hudo_si","twitter_misc":{"Written by":"A. P., STA","Est. reading time":"3 minute"},"schema":{"@context":"https:\/\/schema.org","@graph":[{"@type":"Article","@id":"https:\/\/hudo.com\/si\/aktualno\/slovenija\/jelincic-zeli-dovoljenje-za-streljanje-na-ljudi\/#article","isPartOf":{"@id":"https:\/\/hudo.com\/si\/aktualno\/slovenija\/jelincic-zeli-dovoljenje-za-streljanje-na-ljudi\/"},"author":{"name":"A. P., STA","@id":"https:\/\/hudo.com\/si\/#\/schema\/person\/18f09c02475ba9e606e941a565b80cff"},"headline":"Jelin\u010di\u010d \u017eeli dovoljenje za streljanje na ljudi","datePublished":"2021-07-24T08:01:05+00:00","dateModified":"2021-07-24T08:01:05+00:00","mainEntityOfPage":{"@id":"https:\/\/hudo.com\/si\/aktualno\/slovenija\/jelincic-zeli-dovoljenje-za-streljanje-na-ljudi\/"},"wordCount":561,"publisher":{"@id":"https:\/\/hudo.com\/si\/#organization"},"keywords":["zmago jelin\u010di\u010d"],"articleSection":["Slovenija"],"inLanguage":"sl-SI"},{"@type":"WebPage","@id":"https:\/\/hudo.com\/si\/aktualno\/slovenija\/jelincic-zeli-dovoljenje-za-streljanje-na-ljudi\/","url":"https:\/\/hudo.com\/si\/aktualno\/slovenija\/jelincic-zeli-dovoljenje-za-streljanje-na-ljudi\/","name":"Jelin\u010di\u010d \u017eeli dovoljenje za streljanje na ljudi - Hudo Slovenija","isPartOf":{"@id":"https:\/\/hudo.com\/si\/#website"},"datePublished":"2021-07-24T08:01:05+00:00","dateModified":"2021-07-24T08:01:05+00:00","breadcrumb":{"@id":"https:\/\/hudo.com\/si\/aktualno\/slovenija\/jelincic-zeli-dovoljenje-za-streljanje-na-ljudi\/#breadcrumb"},"inLanguage":"sl-SI","potentialAction":[{"@type":"ReadAction","target":["https:\/\/hudo.com\/si\/aktualno\/slovenija\/jelincic-zeli-dovoljenje-za-streljanje-na-ljudi\/"]}]},{"@type":"BreadcrumbList","@id":"https:\/\/hudo.com\/si\/aktualno\/slovenija\/jelincic-zeli-dovoljenje-za-streljanje-na-ljudi\/#breadcrumb","itemListElement":[{"@type":"ListItem","position":1,"name":"Home","item":"https:\/\/hudo.com\/si\/"},{"@type":"ListItem","position":2,"name":"Jelin\u010di\u010d \u017eeli dovoljenje za streljanje na ljudi"}]},{"@type":"WebSite","@id":"https:\/\/hudo.com\/si\/#website","url":"https:\/\/hudo.com\/si\/","name":"Hudo Slovenija","description":"Vse novice iz Slovenije in sveta","publisher":{"@id":"https:\/\/hudo.com\/si\/#organization"},"potentialAction":[{"@type":"SearchAction","target":{"@type":"EntryPoint","urlTemplate":"https:\/\/hudo.com\/si\/?s={search_term_string}"},"query-input":"required name=search_term_string"}],"inLanguage":"sl-SI"},{"@type":"Organization","@id":"https:\/\/hudo.com\/si\/#organization","name":"VSN Media","url":"https:\/\/hudo.com\/si\/","logo":{"@type":"ImageObject","inLanguage":"sl-SI","@id":"https:\/\/hudo.com\/si\/#\/schema\/logo\/image\/","url":"https:\/\/hudo.com\/si\/wp-content\/uploads\/sites\/2\/2021\/03\/hudo-app-2.png","contentUrl":"https:\/\/hudo.com\/si\/wp-content\/uploads\/sites\/2\/2021\/03\/hudo-app-2.png","width":2185,"height":2167,"caption":"VSN Media"},"image":{"@id":"https:\/\/hudo.com\/si\/#\/schema\/logo\/image\/"},"sameAs":["https:\/\/www.facebook.com\/hudo.si","https:\/\/twitter.com\/hudo_si"]},{"@type":"Person","@id":"https:\/\/hudo.com\/si\/#\/schema\/person\/18f09c02475ba9e606e941a565b80cff","name":"A. P., STA","image":{"@type":"ImageObject","inLanguage":"sl-SI","@id":"https:\/\/hudo.com\/si\/#\/schema\/person\/image\/","url":"https:\/\/secure.gravatar.com\/avatar\/03eac8e609f5f04383125d80eaeaaf3e?s=96&d=mm&r=g","contentUrl":"https:\/\/secure.gravatar.com\/avatar\/03eac8e609f5f04383125d80eaeaaf3e?s=96&d=mm&r=g","caption":"A. P., STA"},"url":"https:\/\/hudo.com\/si\/author\/lubu\/"}]}},"amp_enabled":true,"_links":{"self":[{"href":"https:\/\/hudo.com\/si\/wp-json\/wp\/v2\/posts\/455275"}],"collection":[{"href":"https:\/\/hudo.com\/si\/wp-json\/wp\/v2\/posts"}],"about":[{"href":"https:\/\/hudo.com\/si\/wp-json\/wp\/v2\/types\/post"}],"author":[{"embeddable":true,"href":"https:\/\/hudo.com\/si\/wp-json\/wp\/v2\/users\/7"}],"replies":[{"embeddable":true,"href":"https:\/\/hudo.com\/si\/wp-json\/wp\/v2\/comments?post=455275"}],"version-history":[{"count":1,"href":"https:\/\/hudo.com\/si\/wp-json\/wp\/v2\/posts\/455275\/revisions"}],"predecessor-version":[{"id":455276,"href":"https:\/\/hudo.com\/si\/wp-json\/wp\/v2\/posts\/455275\/revisions\/455276"}],"wp:featuredmedia":[{"embeddable":true,"href":"https:\/\/hudo.com\/si\/wp-json\/wp\/v2\/media\/328703"}],"wp:attachment":[{"href":"https:\/\/hudo.com\/si\/wp-json\/wp\/v2\/media?parent=455275"}],"wp:term":[{"taxonomy":"category","embeddable":true,"href":"https:\/\/hudo.com\/si\/wp-json\/wp\/v2\/categories?post=455275"},{"taxonomy":"post_tag","embeddable":true,"href":"https:\/\/hudo.com\/si\/wp-json\/wp\/v2\/tags?post=455275"},{"taxonomy":"source","embeddable":true,"href":"https:\/\/hudo.com\/si\/wp-json\/wp\/v2\/source?post=455275"},{"taxonomy":"supertag","embeddable":true,"href":"https:\/\/hudo.com\/si\/wp-json\/wp\/v2\/supertag?post=455275"}],"curies":[{"name":"wp","href":"https:\/\/api.w.org\/{rel}","templated":true}]}}