{"id":455321,"date":"2021-07-25T20:49:17","date_gmt":"2021-07-25T18:49:17","guid":{"rendered":"https:\/\/hudo.com\/si\/?p=455321"},"modified":"2021-07-25T20:49:17","modified_gmt":"2021-07-25T18:49:17","slug":"anketa-pop-tv-jansevi-vladi-nasprotuje-vecina-vprasanih-drzavljanov","status":"publish","type":"post","link":"https:\/\/hudo.com\/si\/aktualno\/slovenija\/anketa-pop-tv-jansevi-vladi-nasprotuje-vecina-vprasanih-drzavljanov\/","title":{"rendered":"Anketa POP TV: Jan\u0161evi vladi nasprotuje ve\u010dina vpra\u0161anih dr\u017eavljanov"},"content":{"rendered":"<p>Med strankami ima kljub 0,9-odstotnemu padcu \u0161e vedno najve\u010d podpore SDS. \u010ce bi bile volitve danes, bi zanjo volilo 18 odstotkov volivcev. Za ve\u010d kot dve odstotni to\u010dki se je podpora pove\u010dala vodilni stranki levega politi\u010dnega pola SD, za katero bi volilo 11,7 odstotka vpra\u0161anih. Sledi ji Levica z osmimi odstotki, podpora se ji je zni\u017eala za 1,4 odstotne to\u010dke, za LM\u0160 bi glasovalo 7,9 odstotka vpra\u0161anih oziroma pol odstotne to\u010dke volivcev manj. Peta je NSi s 4,2-odstotno podporo, tudi njej je podpora padla, za 0,7 odstotne to\u010dke.<\/p>\n<p>Prvim petim sledita SAB z 2,7 odstotka glasov, ki ji je podpora padla za pol odstotne to\u010dke, in DeSUS z 0,2 odstotne to\u010dke vi\u0161jo podporo, zdaj bi jo volilo 2,3 odstotka vpra\u0161anih. Piratsko stranko bi volilo 1,9 odstotka volivcev, kar je 0,7 odstotne to\u010dke manj, SNS je z 1,8 odstotka podpora zrasla za pol odstone to\u010dke, 1,4 odstotka vpra\u0161anih oziroma 0,2 odstotni to\u010dki manj volivcev pa bi na volitvah obkro\u017eilo SLS. Koalicijska stranka SMC \u0161e vedno bele\u017ei manj kot odstotek podpore.<\/p>\n<p>\u0160e vedno najve\u010dja politi\u010dna skupina ostajajo neopredeljeni volivci. 19,2 odstotka vpra\u0161anih ne ve, katero stranko bi volili, \u010de bi bile volitve danes. 12,3 odstotka vpra\u0161anih ne bi volilo nobene od obstoje\u010dih strank, 1,7 odstotka pa na vpra\u0161anje ni \u017eelelo odgovoriti.<\/p>\n<p>Po petih mesecih se na mesto najbolj priljubljenega politika vra\u010da predsednik republike Borut Pahor, ki je prehitel sedaj drugouvr\u0161\u010denega zdravstvenega ministra Janeza Poklukarja. Tretja je evropska poslanka Ljudmila Novak. Sledijo predsednik dr\u017eavnega zbora Igor Zor\u010di\u010d, minister za infrastrukturo Jernej Vrtovec in predsednica SD Tanja Fajon.<\/p>\n<p>Koordinator Levice Luka Mesec je na devetem mestu, sledita mu obrambni minister Matej Tonin in predsednik stranke LM\u0160 Marjan \u0160arec. Predsednik vlade Janez Jan\u0161a je na 16. mestu, za njim je \u0161e gospodarski minister Zdravko Po\u010dival\u0161ek.<\/p>\n<p>Javnomnenjsko raziskavo je minuli teden za POP TV opravila agencija Mediana na vzorcu 714 anketirancev.<\/p>\n","protected":false},"excerpt":{"rendered":"<p>Delo trenutne vlade podpira 33 odstotkov vpra\u0161anih, nasprotuje pa ji 58,8 odstotka, je pokazala anketa, ki jo je za POP TV opravila Mediana. Neopredeljenih je 8,2 odstotka vpra\u0161anih. Med strankami bi najve\u010d vpra\u0161anih volilo SDS, sledijo ji SD, Levica, LM\u0160 in NSi.<\/p>\n","protected":false},"author":7,"featured_media":428933,"comment_status":"closed","ping_status":"closed","sticky":false,"template":"","format":"standard","meta":{"footnotes":""},"categories":[18201],"tags":[5845],"source":[4511],"supertag":[],"acf":[],"yoast_head":"<!-- This site is optimized with the Yoast SEO plugin v21.3 - https:\/\/yoast.com\/wordpress\/plugins\/seo\/ -->\n<title>Anketa POP TV: Jan\u0161evi vladi nasprotuje ve\u010dina vpra\u0161anih dr\u017eavljanov - Hudo Slovenija<\/title>\n<meta name=\"robots\" content=\"index, follow, max-snippet:-1, max-image-preview:large, max-video-preview:-1\" \/>\n<link rel=\"canonical\" href=\"https:\/\/hudo.com\/si\/aktualno\/slovenija\/anketa-pop-tv-jansevi-vladi-nasprotuje-vecina-vprasanih-drzavljanov\/\" \/>\n<meta property=\"og:locale\" content=\"sl_SI\" \/>\n<meta property=\"og:type\" content=\"article\" \/>\n<meta property=\"og:title\" content=\"Anketa POP TV: Jan\u0161evi vladi nasprotuje ve\u010dina vpra\u0161anih dr\u017eavljanov - Hudo Slovenija\" \/>\n<meta property=\"og:description\" content=\"Delo trenutne vlade podpira 33 odstotkov vpra\u0161anih, nasprotuje pa ji 58,8 odstotka, je pokazala anketa, ki jo je za POP TV opravila Mediana. Neopredeljenih je 8,2 odstotka vpra\u0161anih. Med strankami bi najve\u010d vpra\u0161anih volilo SDS, sledijo ji SD, Levica, LM\u0160 in NSi.\" \/>\n<meta property=\"og:url\" content=\"https:\/\/hudo.com\/si\/aktualno\/slovenija\/anketa-pop-tv-jansevi-vladi-nasprotuje-vecina-vprasanih-drzavljanov\/\" \/>\n<meta property=\"og:site_name\" content=\"Hudo Slovenija\" \/>\n<meta property=\"article:publisher\" content=\"https:\/\/www.facebook.com\/hudo.si\" \/>\n<meta property=\"article:published_time\" content=\"2021-07-25T18:49:17+00:00\" \/>\n<meta property=\"og:image\" content=\"https:\/\/hudo.com\/si\/wp-content\/uploads\/sites\/2\/2020\/07\/20200525-01006357.jpg\" \/>\n\t<meta property=\"og:image:width\" content=\"640\" \/>\n\t<meta property=\"og:image:height\" content=\"426\" \/>\n\t<meta property=\"og:image:type\" content=\"image\/jpeg\" \/>\n<meta name=\"author\" content=\"A. P., STA\" \/>\n<meta name=\"twitter:card\" content=\"summary_large_image\" \/>\n<meta name=\"twitter:creator\" content=\"@hudo_si\" \/>\n<meta name=\"twitter:site\" content=\"@hudo_si\" \/>\n<meta name=\"twitter:label1\" content=\"Written by\" \/>\n\t<meta name=\"twitter:data1\" content=\"A. P., STA\" \/>\n\t<meta name=\"twitter:label2\" content=\"Est. reading time\" \/>\n\t<meta name=\"twitter:data2\" content=\"2 minuti\" \/>\n<script type=\"application\/ld+json\" class=\"yoast-schema-graph\">{\"@context\":\"https:\/\/schema.org\",\"@graph\":[{\"@type\":\"Article\",\"@id\":\"https:\/\/hudo.com\/si\/aktualno\/slovenija\/anketa-pop-tv-jansevi-vladi-nasprotuje-vecina-vprasanih-drzavljanov\/#article\",\"isPartOf\":{\"@id\":\"https:\/\/hudo.com\/si\/aktualno\/slovenija\/anketa-pop-tv-jansevi-vladi-nasprotuje-vecina-vprasanih-drzavljanov\/\"},\"author\":{\"name\":\"A. P., STA\",\"@id\":\"https:\/\/hudo.com\/si\/#\/schema\/person\/18f09c02475ba9e606e941a565b80cff\"},\"headline\":\"Anketa POP TV: Jan\u0161evi vladi nasprotuje ve\u010dina vpra\u0161anih dr\u017eavljanov\",\"datePublished\":\"2021-07-25T18:49:17+00:00\",\"dateModified\":\"2021-07-25T18:49:17+00:00\",\"mainEntityOfPage\":{\"@id\":\"https:\/\/hudo.com\/si\/aktualno\/slovenija\/anketa-pop-tv-jansevi-vladi-nasprotuje-vecina-vprasanih-drzavljanov\/\"},\"wordCount\":332,\"publisher\":{\"@id\":\"https:\/\/hudo.com\/si\/#organization\"},\"keywords\":[\"janez jan\u0161a\"],\"articleSection\":[\"Slovenija\"],\"inLanguage\":\"sl-SI\"},{\"@type\":\"WebPage\",\"@id\":\"https:\/\/hudo.com\/si\/aktualno\/slovenija\/anketa-pop-tv-jansevi-vladi-nasprotuje-vecina-vprasanih-drzavljanov\/\",\"url\":\"https:\/\/hudo.com\/si\/aktualno\/slovenija\/anketa-pop-tv-jansevi-vladi-nasprotuje-vecina-vprasanih-drzavljanov\/\",\"name\":\"Anketa POP TV: Jan\u0161evi vladi nasprotuje ve\u010dina vpra\u0161anih dr\u017eavljanov - Hudo Slovenija\",\"isPartOf\":{\"@id\":\"https:\/\/hudo.com\/si\/#website\"},\"datePublished\":\"2021-07-25T18:49:17+00:00\",\"dateModified\":\"2021-07-25T18:49:17+00:00\",\"breadcrumb\":{\"@id\":\"https:\/\/hudo.com\/si\/aktualno\/slovenija\/anketa-pop-tv-jansevi-vladi-nasprotuje-vecina-vprasanih-drzavljanov\/#breadcrumb\"},\"inLanguage\":\"sl-SI\",\"potentialAction\":[{\"@type\":\"ReadAction\",\"target\":[\"https:\/\/hudo.com\/si\/aktualno\/slovenija\/anketa-pop-tv-jansevi-vladi-nasprotuje-vecina-vprasanih-drzavljanov\/\"]}]},{\"@type\":\"BreadcrumbList\",\"@id\":\"https:\/\/hudo.com\/si\/aktualno\/slovenija\/anketa-pop-tv-jansevi-vladi-nasprotuje-vecina-vprasanih-drzavljanov\/#breadcrumb\",\"itemListElement\":[{\"@type\":\"ListItem\",\"position\":1,\"name\":\"Home\",\"item\":\"https:\/\/hudo.com\/si\/\"},{\"@type\":\"ListItem\",\"position\":2,\"name\":\"Anketa POP TV: Jan\u0161evi vladi nasprotuje ve\u010dina vpra\u0161anih dr\u017eavljanov\"}]},{\"@type\":\"WebSite\",\"@id\":\"https:\/\/hudo.com\/si\/#website\",\"url\":\"https:\/\/hudo.com\/si\/\",\"name\":\"Hudo Slovenija\",\"description\":\"Vse novice iz Slovenije in sveta\",\"publisher\":{\"@id\":\"https:\/\/hudo.com\/si\/#organization\"},\"potentialAction\":[{\"@type\":\"SearchAction\",\"target\":{\"@type\":\"EntryPoint\",\"urlTemplate\":\"https:\/\/hudo.com\/si\/?s={search_term_string}\"},\"query-input\":\"required name=search_term_string\"}],\"inLanguage\":\"sl-SI\"},{\"@type\":\"Organization\",\"@id\":\"https:\/\/hudo.com\/si\/#organization\",\"name\":\"VSN Media\",\"url\":\"https:\/\/hudo.com\/si\/\",\"logo\":{\"@type\":\"ImageObject\",\"inLanguage\":\"sl-SI\",\"@id\":\"https:\/\/hudo.com\/si\/#\/schema\/logo\/image\/\",\"url\":\"https:\/\/hudo.com\/si\/wp-content\/uploads\/sites\/2\/2021\/03\/hudo-app-2.png\",\"contentUrl\":\"https:\/\/hudo.com\/si\/wp-content\/uploads\/sites\/2\/2021\/03\/hudo-app-2.png\",\"width\":2185,\"height\":2167,\"caption\":\"VSN Media\"},\"image\":{\"@id\":\"https:\/\/hudo.com\/si\/#\/schema\/logo\/image\/\"},\"sameAs\":[\"https:\/\/www.facebook.com\/hudo.si\",\"https:\/\/twitter.com\/hudo_si\"]},{\"@type\":\"Person\",\"@id\":\"https:\/\/hudo.com\/si\/#\/schema\/person\/18f09c02475ba9e606e941a565b80cff\",\"name\":\"A. P., STA\",\"image\":{\"@type\":\"ImageObject\",\"inLanguage\":\"sl-SI\",\"@id\":\"https:\/\/hudo.com\/si\/#\/schema\/person\/image\/\",\"url\":\"https:\/\/secure.gravatar.com\/avatar\/03eac8e609f5f04383125d80eaeaaf3e?s=96&d=mm&r=g\",\"contentUrl\":\"https:\/\/secure.gravatar.com\/avatar\/03eac8e609f5f04383125d80eaeaaf3e?s=96&d=mm&r=g\",\"caption\":\"A. P., STA\"},\"url\":\"https:\/\/hudo.com\/si\/author\/lubu\/\"}]}<\/script>\n<!-- \/ Yoast SEO plugin. -->","yoast_head_json":{"title":"Anketa POP TV: Jan\u0161evi vladi nasprotuje ve\u010dina vpra\u0161anih dr\u017eavljanov - Hudo Slovenija","robots":{"index":"index","follow":"follow","max-snippet":"max-snippet:-1","max-image-preview":"max-image-preview:large","max-video-preview":"max-video-preview:-1"},"canonical":"https:\/\/hudo.com\/si\/aktualno\/slovenija\/anketa-pop-tv-jansevi-vladi-nasprotuje-vecina-vprasanih-drzavljanov\/","og_locale":"sl_SI","og_type":"article","og_title":"Anketa POP TV: Jan\u0161evi vladi nasprotuje ve\u010dina vpra\u0161anih dr\u017eavljanov - Hudo Slovenija","og_description":"Delo trenutne vlade podpira 33 odstotkov vpra\u0161anih, nasprotuje pa ji 58,8 odstotka, je pokazala anketa, ki jo je za POP TV opravila Mediana. Neopredeljenih je 8,2 odstotka vpra\u0161anih. Med strankami bi najve\u010d vpra\u0161anih volilo SDS, sledijo ji SD, Levica, LM\u0160 in NSi.","og_url":"https:\/\/hudo.com\/si\/aktualno\/slovenija\/anketa-pop-tv-jansevi-vladi-nasprotuje-vecina-vprasanih-drzavljanov\/","og_site_name":"Hudo Slovenija","article_publisher":"https:\/\/www.facebook.com\/hudo.si","article_published_time":"2021-07-25T18:49:17+00:00","og_image":[{"width":640,"height":426,"url":"https:\/\/hudo.com\/si\/wp-content\/uploads\/sites\/2\/2020\/07\/20200525-01006357.jpg","type":"image\/jpeg"}],"author":"A. P., STA","twitter_card":"summary_large_image","twitter_creator":"@hudo_si","twitter_site":"@hudo_si","twitter_misc":{"Written by":"A. P., STA","Est. reading time":"2 minuti"},"schema":{"@context":"https:\/\/schema.org","@graph":[{"@type":"Article","@id":"https:\/\/hudo.com\/si\/aktualno\/slovenija\/anketa-pop-tv-jansevi-vladi-nasprotuje-vecina-vprasanih-drzavljanov\/#article","isPartOf":{"@id":"https:\/\/hudo.com\/si\/aktualno\/slovenija\/anketa-pop-tv-jansevi-vladi-nasprotuje-vecina-vprasanih-drzavljanov\/"},"author":{"name":"A. P., STA","@id":"https:\/\/hudo.com\/si\/#\/schema\/person\/18f09c02475ba9e606e941a565b80cff"},"headline":"Anketa POP TV: Jan\u0161evi vladi nasprotuje ve\u010dina vpra\u0161anih dr\u017eavljanov","datePublished":"2021-07-25T18:49:17+00:00","dateModified":"2021-07-25T18:49:17+00:00","mainEntityOfPage":{"@id":"https:\/\/hudo.com\/si\/aktualno\/slovenija\/anketa-pop-tv-jansevi-vladi-nasprotuje-vecina-vprasanih-drzavljanov\/"},"wordCount":332,"publisher":{"@id":"https:\/\/hudo.com\/si\/#organization"},"keywords":["janez jan\u0161a"],"articleSection":["Slovenija"],"inLanguage":"sl-SI"},{"@type":"WebPage","@id":"https:\/\/hudo.com\/si\/aktualno\/slovenija\/anketa-pop-tv-jansevi-vladi-nasprotuje-vecina-vprasanih-drzavljanov\/","url":"https:\/\/hudo.com\/si\/aktualno\/slovenija\/anketa-pop-tv-jansevi-vladi-nasprotuje-vecina-vprasanih-drzavljanov\/","name":"Anketa POP TV: Jan\u0161evi vladi nasprotuje ve\u010dina vpra\u0161anih dr\u017eavljanov - Hudo Slovenija","isPartOf":{"@id":"https:\/\/hudo.com\/si\/#website"},"datePublished":"2021-07-25T18:49:17+00:00","dateModified":"2021-07-25T18:49:17+00:00","breadcrumb":{"@id":"https:\/\/hudo.com\/si\/aktualno\/slovenija\/anketa-pop-tv-jansevi-vladi-nasprotuje-vecina-vprasanih-drzavljanov\/#breadcrumb"},"inLanguage":"sl-SI","potentialAction":[{"@type":"ReadAction","target":["https:\/\/hudo.com\/si\/aktualno\/slovenija\/anketa-pop-tv-jansevi-vladi-nasprotuje-vecina-vprasanih-drzavljanov\/"]}]},{"@type":"BreadcrumbList","@id":"https:\/\/hudo.com\/si\/aktualno\/slovenija\/anketa-pop-tv-jansevi-vladi-nasprotuje-vecina-vprasanih-drzavljanov\/#breadcrumb","itemListElement":[{"@type":"ListItem","position":1,"name":"Home","item":"https:\/\/hudo.com\/si\/"},{"@type":"ListItem","position":2,"name":"Anketa POP TV: Jan\u0161evi vladi nasprotuje ve\u010dina vpra\u0161anih dr\u017eavljanov"}]},{"@type":"WebSite","@id":"https:\/\/hudo.com\/si\/#website","url":"https:\/\/hudo.com\/si\/","name":"Hudo Slovenija","description":"Vse novice iz Slovenije in sveta","publisher":{"@id":"https:\/\/hudo.com\/si\/#organization"},"potentialAction":[{"@type":"SearchAction","target":{"@type":"EntryPoint","urlTemplate":"https:\/\/hudo.com\/si\/?s={search_term_string}"},"query-input":"required name=search_term_string"}],"inLanguage":"sl-SI"},{"@type":"Organization","@id":"https:\/\/hudo.com\/si\/#organization","name":"VSN Media","url":"https:\/\/hudo.com\/si\/","logo":{"@type":"ImageObject","inLanguage":"sl-SI","@id":"https:\/\/hudo.com\/si\/#\/schema\/logo\/image\/","url":"https:\/\/hudo.com\/si\/wp-content\/uploads\/sites\/2\/2021\/03\/hudo-app-2.png","contentUrl":"https:\/\/hudo.com\/si\/wp-content\/uploads\/sites\/2\/2021\/03\/hudo-app-2.png","width":2185,"height":2167,"caption":"VSN Media"},"image":{"@id":"https:\/\/hudo.com\/si\/#\/schema\/logo\/image\/"},"sameAs":["https:\/\/www.facebook.com\/hudo.si","https:\/\/twitter.com\/hudo_si"]},{"@type":"Person","@id":"https:\/\/hudo.com\/si\/#\/schema\/person\/18f09c02475ba9e606e941a565b80cff","name":"A. P., STA","image":{"@type":"ImageObject","inLanguage":"sl-SI","@id":"https:\/\/hudo.com\/si\/#\/schema\/person\/image\/","url":"https:\/\/secure.gravatar.com\/avatar\/03eac8e609f5f04383125d80eaeaaf3e?s=96&d=mm&r=g","contentUrl":"https:\/\/secure.gravatar.com\/avatar\/03eac8e609f5f04383125d80eaeaaf3e?s=96&d=mm&r=g","caption":"A. P., STA"},"url":"https:\/\/hudo.com\/si\/author\/lubu\/"}]}},"amp_enabled":true,"_links":{"self":[{"href":"https:\/\/hudo.com\/si\/wp-json\/wp\/v2\/posts\/455321"}],"collection":[{"href":"https:\/\/hudo.com\/si\/wp-json\/wp\/v2\/posts"}],"about":[{"href":"https:\/\/hudo.com\/si\/wp-json\/wp\/v2\/types\/post"}],"author":[{"embeddable":true,"href":"https:\/\/hudo.com\/si\/wp-json\/wp\/v2\/users\/7"}],"replies":[{"embeddable":true,"href":"https:\/\/hudo.com\/si\/wp-json\/wp\/v2\/comments?post=455321"}],"version-history":[{"count":1,"href":"https:\/\/hudo.com\/si\/wp-json\/wp\/v2\/posts\/455321\/revisions"}],"predecessor-version":[{"id":455322,"href":"https:\/\/hudo.com\/si\/wp-json\/wp\/v2\/posts\/455321\/revisions\/455322"}],"wp:featuredmedia":[{"embeddable":true,"href":"https:\/\/hudo.com\/si\/wp-json\/wp\/v2\/media\/428933"}],"wp:attachment":[{"href":"https:\/\/hudo.com\/si\/wp-json\/wp\/v2\/media?parent=455321"}],"wp:term":[{"taxonomy":"category","embeddable":true,"href":"https:\/\/hudo.com\/si\/wp-json\/wp\/v2\/categories?post=455321"},{"taxonomy":"post_tag","embeddable":true,"href":"https:\/\/hudo.com\/si\/wp-json\/wp\/v2\/tags?post=455321"},{"taxonomy":"source","embeddable":true,"href":"https:\/\/hudo.com\/si\/wp-json\/wp\/v2\/source?post=455321"},{"taxonomy":"supertag","embeddable":true,"href":"https:\/\/hudo.com\/si\/wp-json\/wp\/v2\/supertag?post=455321"}],"curies":[{"name":"wp","href":"https:\/\/api.w.org\/{rel}","templated":true}]}}