{"id":455366,"date":"2021-07-26T12:36:17","date_gmt":"2021-07-26T10:36:17","guid":{"rendered":"https:\/\/hudo.com\/si\/?p=455366"},"modified":"2021-07-26T12:36:17","modified_gmt":"2021-07-26T10:36:17","slug":"slovenski-dijaki-na-dveh-mednarodnih-olimpijadah-v-znanju-osvojili-pet-odlicij","status":"publish","type":"post","link":"https:\/\/hudo.com\/si\/aktualno\/slovenija\/slovenski-dijaki-na-dveh-mednarodnih-olimpijadah-v-znanju-osvojili-pet-odlicij\/","title":{"rendered":"Slovenski dijaki na dveh mednarodnih olimpijadah v znanju osvojili pet odli\u010dij"},"content":{"rendered":"<p>Na Biotehni\u0161ki fakulteti Univerze v Ljubljani so Slovenijo pod okriljem Zveze za tehni\u010dno kulturo Slovenije (ZOTKS) zastopale \u0161e dijakinja izobra\u017eevalnega centra ERUDIO Lorena Vovk, gimnazijka \u0160olskega centra Velenje Nina Jakop in dijakinja II. gimnazije Maribor Zarja Dober\u0161ek, ki so osvojile bron.<\/p>\n<p>Na mednarodnem biolo\u0161kem izzivu, ki je nadomestil 32. mednarodno biolo\u0161ko olimpijado in ga je letos gostila Lizbona, je ekipa \u0161tirih dijakinj prej\u0161nji ponedeljek uspe\u0161no opravila triurni prakti\u010dno-teoreti\u010dni preizkus. V sredo pa so se preizkusile \u0161e v triurnem teoreti\u010dnem testu. Tekmovale so v konkurenci 396 dijakinj in dijakov iz 76 dr\u017eav. Naslednje leto bo olimpijada v Armeniji.<\/p>\n<p>Dve \u0161tiri\u010dlanski ekipi dijakinj in dijakov pa sta se udele\u017eili 18. mednarodne lingvisti\u010dne olimpijade, ki so jo organizirali v latvijskem Ventspilsu. Ekipi sta naloge re\u0161evali na Fakulteti za elektrotehniko Univerze v Ljubljani. V konkurenci 54 ekip, sestavljenih iz 217 udele\u017eencev iz 34 dr\u017eav, si je bron priboril dijak I. Gimnazije v Celju Matic Petek, \u010dastno omembo pa dijak Gimnazije Koper Jan Malej.<\/p>\n<p>Slovenijo so zastopali \u0161e dijak Gimnazije \u017delimlje Matija Jezer\u0161ek, dijakinja in dijak Gimnazije Be\u017eigrad Katja Andol\u0161ek in Lenart Dolinar, dijakinja S\u0160 Slovenska Bistrica Katarina Grilj, dijakinja Gimnazije Nova Gorica Ema Fran\u010de\u0161kin in dijakinja \u0160kofijske klasi\u010dne gimnazije Ur\u0161ka Kon\u010dar.<\/p>\n<p>Ekipi sta se pomerili v \u0161esturnem individualnem preizkusu lingvisti\u010dnih nalog in ugank ter v \u0161tiriurni ekipni tekmi, so \u0161e sporo\u010dili iz zveze.<\/p>\n","protected":false},"excerpt":{"rendered":"<p>Na mednarodnem biolo\u0161kem izzivu IBO Challenge 2021 je dijakinja Gimnazije Kranj Tja\u0161a Su\u0161nik osvojila srebrno odli\u010dje, tri dijakinje pa so si priborile bronasta odli\u010dja. Na mednarodni lingvisti\u010dni olimpijadi pa je dijak I. Gimnazije v Celju Matic Petek osvojil bronasto odli\u010dje, so sporo\u010dili iz zveze za tehni\u010dno kulturo Slovenije.<\/p>\n","protected":false},"author":8,"featured_media":373648,"comment_status":"closed","ping_status":"closed","sticky":false,"template":"","format":"standard","meta":{"footnotes":""},"categories":[18201],"tags":[5253,19150,1595],"source":[4511],"supertag":[5675],"acf":[],"yoast_head":"<!-- This site is optimized with the Yoast SEO plugin v21.3 - https:\/\/yoast.com\/wordpress\/plugins\/seo\/ -->\n<title>Slovenski dijaki na dveh mednarodnih olimpijadah v znanju osvojili pet odli\u010dij - Hudo Slovenija<\/title>\n<meta name=\"robots\" content=\"index, follow, max-snippet:-1, max-image-preview:large, max-video-preview:-1\" \/>\n<link rel=\"canonical\" href=\"https:\/\/hudo.com\/si\/aktualno\/slovenija\/slovenski-dijaki-na-dveh-mednarodnih-olimpijadah-v-znanju-osvojili-pet-odlicij\/\" \/>\n<meta property=\"og:locale\" content=\"sl_SI\" \/>\n<meta property=\"og:type\" content=\"article\" \/>\n<meta property=\"og:title\" content=\"Slovenski dijaki na dveh mednarodnih olimpijadah v znanju osvojili pet odli\u010dij - Hudo Slovenija\" \/>\n<meta property=\"og:description\" content=\"Na mednarodnem biolo\u0161kem izzivu IBO Challenge 2021 je dijakinja Gimnazije Kranj Tja\u0161a Su\u0161nik osvojila srebrno odli\u010dje, tri dijakinje pa so si priborile bronasta odli\u010dja. Na mednarodni lingvisti\u010dni olimpijadi pa je dijak I. Gimnazije v Celju Matic Petek osvojil bronasto odli\u010dje, so sporo\u010dili iz zveze za tehni\u010dno kulturo Slovenije.\" \/>\n<meta property=\"og:url\" content=\"https:\/\/hudo.com\/si\/aktualno\/slovenija\/slovenski-dijaki-na-dveh-mednarodnih-olimpijadah-v-znanju-osvojili-pet-odlicij\/\" \/>\n<meta property=\"og:site_name\" content=\"Hudo Slovenija\" \/>\n<meta property=\"article:publisher\" content=\"https:\/\/www.facebook.com\/hudo.si\" \/>\n<meta property=\"article:published_time\" content=\"2021-07-26T10:36:17+00:00\" \/>\n<meta property=\"og:image\" content=\"https:\/\/hudo.com\/si\/wp-content\/uploads\/sites\/2\/2018\/07\/profimedia-0077866314.jpg\" \/>\n\t<meta property=\"og:image:width\" content=\"1250\" \/>\n\t<meta property=\"og:image:height\" content=\"833\" \/>\n\t<meta property=\"og:image:type\" content=\"image\/jpeg\" \/>\n<meta name=\"author\" content=\"M. N., STA\" \/>\n<meta name=\"twitter:card\" content=\"summary_large_image\" \/>\n<meta name=\"twitter:creator\" content=\"@hudo_si\" \/>\n<meta name=\"twitter:site\" content=\"@hudo_si\" \/>\n<meta name=\"twitter:label1\" content=\"Written by\" \/>\n\t<meta name=\"twitter:data1\" content=\"M. N., STA\" \/>\n\t<meta name=\"twitter:label2\" content=\"Est. reading time\" \/>\n\t<meta name=\"twitter:data2\" content=\"1 minuta\" \/>\n<script type=\"application\/ld+json\" class=\"yoast-schema-graph\">{\"@context\":\"https:\/\/schema.org\",\"@graph\":[{\"@type\":\"Article\",\"@id\":\"https:\/\/hudo.com\/si\/aktualno\/slovenija\/slovenski-dijaki-na-dveh-mednarodnih-olimpijadah-v-znanju-osvojili-pet-odlicij\/#article\",\"isPartOf\":{\"@id\":\"https:\/\/hudo.com\/si\/aktualno\/slovenija\/slovenski-dijaki-na-dveh-mednarodnih-olimpijadah-v-znanju-osvojili-pet-odlicij\/\"},\"author\":{\"name\":\"M. N., STA\",\"@id\":\"https:\/\/hudo.com\/si\/#\/schema\/person\/c2f10ce65d2e6ede2aeda5be2a0611fa\"},\"headline\":\"Slovenski dijaki na dveh mednarodnih olimpijadah v znanju osvojili pet odli\u010dij\",\"datePublished\":\"2021-07-26T10:36:17+00:00\",\"dateModified\":\"2021-07-26T10:36:17+00:00\",\"mainEntityOfPage\":{\"@id\":\"https:\/\/hudo.com\/si\/aktualno\/slovenija\/slovenski-dijaki-na-dveh-mednarodnih-olimpijadah-v-znanju-osvojili-pet-odlicij\/\"},\"wordCount\":252,\"publisher\":{\"@id\":\"https:\/\/hudo.com\/si\/#organization\"},\"keywords\":[\"dijaki\",\"mednarodna olimpijada\",\"Slovenija\"],\"articleSection\":[\"Slovenija\"],\"inLanguage\":\"sl-SI\"},{\"@type\":\"WebPage\",\"@id\":\"https:\/\/hudo.com\/si\/aktualno\/slovenija\/slovenski-dijaki-na-dveh-mednarodnih-olimpijadah-v-znanju-osvojili-pet-odlicij\/\",\"url\":\"https:\/\/hudo.com\/si\/aktualno\/slovenija\/slovenski-dijaki-na-dveh-mednarodnih-olimpijadah-v-znanju-osvojili-pet-odlicij\/\",\"name\":\"Slovenski dijaki na dveh mednarodnih olimpijadah v znanju osvojili pet odli\u010dij - Hudo Slovenija\",\"isPartOf\":{\"@id\":\"https:\/\/hudo.com\/si\/#website\"},\"datePublished\":\"2021-07-26T10:36:17+00:00\",\"dateModified\":\"2021-07-26T10:36:17+00:00\",\"breadcrumb\":{\"@id\":\"https:\/\/hudo.com\/si\/aktualno\/slovenija\/slovenski-dijaki-na-dveh-mednarodnih-olimpijadah-v-znanju-osvojili-pet-odlicij\/#breadcrumb\"},\"inLanguage\":\"sl-SI\",\"potentialAction\":[{\"@type\":\"ReadAction\",\"target\":[\"https:\/\/hudo.com\/si\/aktualno\/slovenija\/slovenski-dijaki-na-dveh-mednarodnih-olimpijadah-v-znanju-osvojili-pet-odlicij\/\"]}]},{\"@type\":\"BreadcrumbList\",\"@id\":\"https:\/\/hudo.com\/si\/aktualno\/slovenija\/slovenski-dijaki-na-dveh-mednarodnih-olimpijadah-v-znanju-osvojili-pet-odlicij\/#breadcrumb\",\"itemListElement\":[{\"@type\":\"ListItem\",\"position\":1,\"name\":\"Home\",\"item\":\"https:\/\/hudo.com\/si\/\"},{\"@type\":\"ListItem\",\"position\":2,\"name\":\"Slovenski dijaki na dveh mednarodnih olimpijadah v znanju osvojili pet odli\u010dij\"}]},{\"@type\":\"WebSite\",\"@id\":\"https:\/\/hudo.com\/si\/#website\",\"url\":\"https:\/\/hudo.com\/si\/\",\"name\":\"Hudo Slovenija\",\"description\":\"Vse novice iz Slovenije in sveta\",\"publisher\":{\"@id\":\"https:\/\/hudo.com\/si\/#organization\"},\"potentialAction\":[{\"@type\":\"SearchAction\",\"target\":{\"@type\":\"EntryPoint\",\"urlTemplate\":\"https:\/\/hudo.com\/si\/?s={search_term_string}\"},\"query-input\":\"required name=search_term_string\"}],\"inLanguage\":\"sl-SI\"},{\"@type\":\"Organization\",\"@id\":\"https:\/\/hudo.com\/si\/#organization\",\"name\":\"VSN Media\",\"url\":\"https:\/\/hudo.com\/si\/\",\"logo\":{\"@type\":\"ImageObject\",\"inLanguage\":\"sl-SI\",\"@id\":\"https:\/\/hudo.com\/si\/#\/schema\/logo\/image\/\",\"url\":\"https:\/\/hudo.com\/si\/wp-content\/uploads\/sites\/2\/2021\/03\/hudo-app-2.png\",\"contentUrl\":\"https:\/\/hudo.com\/si\/wp-content\/uploads\/sites\/2\/2021\/03\/hudo-app-2.png\",\"width\":2185,\"height\":2167,\"caption\":\"VSN Media\"},\"image\":{\"@id\":\"https:\/\/hudo.com\/si\/#\/schema\/logo\/image\/\"},\"sameAs\":[\"https:\/\/www.facebook.com\/hudo.si\",\"https:\/\/twitter.com\/hudo_si\"]},{\"@type\":\"Person\",\"@id\":\"https:\/\/hudo.com\/si\/#\/schema\/person\/c2f10ce65d2e6ede2aeda5be2a0611fa\",\"name\":\"M. N., STA\",\"image\":{\"@type\":\"ImageObject\",\"inLanguage\":\"sl-SI\",\"@id\":\"https:\/\/hudo.com\/si\/#\/schema\/person\/image\/\",\"url\":\"https:\/\/secure.gravatar.com\/avatar\/f370d38daa10467f755c5c766a4cac20?s=96&d=mm&r=g\",\"contentUrl\":\"https:\/\/secure.gravatar.com\/avatar\/f370d38daa10467f755c5c766a4cac20?s=96&d=mm&r=g\",\"caption\":\"M. N., STA\"},\"url\":\"https:\/\/hudo.com\/si\/author\/mana\/\"}]}<\/script>\n<!-- \/ Yoast SEO plugin. -->","yoast_head_json":{"title":"Slovenski dijaki na dveh mednarodnih olimpijadah v znanju osvojili pet odli\u010dij - Hudo Slovenija","robots":{"index":"index","follow":"follow","max-snippet":"max-snippet:-1","max-image-preview":"max-image-preview:large","max-video-preview":"max-video-preview:-1"},"canonical":"https:\/\/hudo.com\/si\/aktualno\/slovenija\/slovenski-dijaki-na-dveh-mednarodnih-olimpijadah-v-znanju-osvojili-pet-odlicij\/","og_locale":"sl_SI","og_type":"article","og_title":"Slovenski dijaki na dveh mednarodnih olimpijadah v znanju osvojili pet odli\u010dij - Hudo Slovenija","og_description":"Na mednarodnem biolo\u0161kem izzivu IBO Challenge 2021 je dijakinja Gimnazije Kranj Tja\u0161a Su\u0161nik osvojila srebrno odli\u010dje, tri dijakinje pa so si priborile bronasta odli\u010dja. Na mednarodni lingvisti\u010dni olimpijadi pa je dijak I. Gimnazije v Celju Matic Petek osvojil bronasto odli\u010dje, so sporo\u010dili iz zveze za tehni\u010dno kulturo Slovenije.","og_url":"https:\/\/hudo.com\/si\/aktualno\/slovenija\/slovenski-dijaki-na-dveh-mednarodnih-olimpijadah-v-znanju-osvojili-pet-odlicij\/","og_site_name":"Hudo Slovenija","article_publisher":"https:\/\/www.facebook.com\/hudo.si","article_published_time":"2021-07-26T10:36:17+00:00","og_image":[{"width":1250,"height":833,"url":"https:\/\/hudo.com\/si\/wp-content\/uploads\/sites\/2\/2018\/07\/profimedia-0077866314.jpg","type":"image\/jpeg"}],"author":"M. N., STA","twitter_card":"summary_large_image","twitter_creator":"@hudo_si","twitter_site":"@hudo_si","twitter_misc":{"Written by":"M. N., STA","Est. reading time":"1 minuta"},"schema":{"@context":"https:\/\/schema.org","@graph":[{"@type":"Article","@id":"https:\/\/hudo.com\/si\/aktualno\/slovenija\/slovenski-dijaki-na-dveh-mednarodnih-olimpijadah-v-znanju-osvojili-pet-odlicij\/#article","isPartOf":{"@id":"https:\/\/hudo.com\/si\/aktualno\/slovenija\/slovenski-dijaki-na-dveh-mednarodnih-olimpijadah-v-znanju-osvojili-pet-odlicij\/"},"author":{"name":"M. N., STA","@id":"https:\/\/hudo.com\/si\/#\/schema\/person\/c2f10ce65d2e6ede2aeda5be2a0611fa"},"headline":"Slovenski dijaki na dveh mednarodnih olimpijadah v znanju osvojili pet odli\u010dij","datePublished":"2021-07-26T10:36:17+00:00","dateModified":"2021-07-26T10:36:17+00:00","mainEntityOfPage":{"@id":"https:\/\/hudo.com\/si\/aktualno\/slovenija\/slovenski-dijaki-na-dveh-mednarodnih-olimpijadah-v-znanju-osvojili-pet-odlicij\/"},"wordCount":252,"publisher":{"@id":"https:\/\/hudo.com\/si\/#organization"},"keywords":["dijaki","mednarodna olimpijada","Slovenija"],"articleSection":["Slovenija"],"inLanguage":"sl-SI"},{"@type":"WebPage","@id":"https:\/\/hudo.com\/si\/aktualno\/slovenija\/slovenski-dijaki-na-dveh-mednarodnih-olimpijadah-v-znanju-osvojili-pet-odlicij\/","url":"https:\/\/hudo.com\/si\/aktualno\/slovenija\/slovenski-dijaki-na-dveh-mednarodnih-olimpijadah-v-znanju-osvojili-pet-odlicij\/","name":"Slovenski dijaki na dveh mednarodnih olimpijadah v znanju osvojili pet odli\u010dij - Hudo Slovenija","isPartOf":{"@id":"https:\/\/hudo.com\/si\/#website"},"datePublished":"2021-07-26T10:36:17+00:00","dateModified":"2021-07-26T10:36:17+00:00","breadcrumb":{"@id":"https:\/\/hudo.com\/si\/aktualno\/slovenija\/slovenski-dijaki-na-dveh-mednarodnih-olimpijadah-v-znanju-osvojili-pet-odlicij\/#breadcrumb"},"inLanguage":"sl-SI","potentialAction":[{"@type":"ReadAction","target":["https:\/\/hudo.com\/si\/aktualno\/slovenija\/slovenski-dijaki-na-dveh-mednarodnih-olimpijadah-v-znanju-osvojili-pet-odlicij\/"]}]},{"@type":"BreadcrumbList","@id":"https:\/\/hudo.com\/si\/aktualno\/slovenija\/slovenski-dijaki-na-dveh-mednarodnih-olimpijadah-v-znanju-osvojili-pet-odlicij\/#breadcrumb","itemListElement":[{"@type":"ListItem","position":1,"name":"Home","item":"https:\/\/hudo.com\/si\/"},{"@type":"ListItem","position":2,"name":"Slovenski dijaki na dveh mednarodnih olimpijadah v znanju osvojili pet odli\u010dij"}]},{"@type":"WebSite","@id":"https:\/\/hudo.com\/si\/#website","url":"https:\/\/hudo.com\/si\/","name":"Hudo Slovenija","description":"Vse novice iz Slovenije in sveta","publisher":{"@id":"https:\/\/hudo.com\/si\/#organization"},"potentialAction":[{"@type":"SearchAction","target":{"@type":"EntryPoint","urlTemplate":"https:\/\/hudo.com\/si\/?s={search_term_string}"},"query-input":"required name=search_term_string"}],"inLanguage":"sl-SI"},{"@type":"Organization","@id":"https:\/\/hudo.com\/si\/#organization","name":"VSN Media","url":"https:\/\/hudo.com\/si\/","logo":{"@type":"ImageObject","inLanguage":"sl-SI","@id":"https:\/\/hudo.com\/si\/#\/schema\/logo\/image\/","url":"https:\/\/hudo.com\/si\/wp-content\/uploads\/sites\/2\/2021\/03\/hudo-app-2.png","contentUrl":"https:\/\/hudo.com\/si\/wp-content\/uploads\/sites\/2\/2021\/03\/hudo-app-2.png","width":2185,"height":2167,"caption":"VSN Media"},"image":{"@id":"https:\/\/hudo.com\/si\/#\/schema\/logo\/image\/"},"sameAs":["https:\/\/www.facebook.com\/hudo.si","https:\/\/twitter.com\/hudo_si"]},{"@type":"Person","@id":"https:\/\/hudo.com\/si\/#\/schema\/person\/c2f10ce65d2e6ede2aeda5be2a0611fa","name":"M. N., STA","image":{"@type":"ImageObject","inLanguage":"sl-SI","@id":"https:\/\/hudo.com\/si\/#\/schema\/person\/image\/","url":"https:\/\/secure.gravatar.com\/avatar\/f370d38daa10467f755c5c766a4cac20?s=96&d=mm&r=g","contentUrl":"https:\/\/secure.gravatar.com\/avatar\/f370d38daa10467f755c5c766a4cac20?s=96&d=mm&r=g","caption":"M. N., STA"},"url":"https:\/\/hudo.com\/si\/author\/mana\/"}]}},"amp_enabled":true,"_links":{"self":[{"href":"https:\/\/hudo.com\/si\/wp-json\/wp\/v2\/posts\/455366"}],"collection":[{"href":"https:\/\/hudo.com\/si\/wp-json\/wp\/v2\/posts"}],"about":[{"href":"https:\/\/hudo.com\/si\/wp-json\/wp\/v2\/types\/post"}],"author":[{"embeddable":true,"href":"https:\/\/hudo.com\/si\/wp-json\/wp\/v2\/users\/8"}],"replies":[{"embeddable":true,"href":"https:\/\/hudo.com\/si\/wp-json\/wp\/v2\/comments?post=455366"}],"version-history":[{"count":1,"href":"https:\/\/hudo.com\/si\/wp-json\/wp\/v2\/posts\/455366\/revisions"}],"predecessor-version":[{"id":455369,"href":"https:\/\/hudo.com\/si\/wp-json\/wp\/v2\/posts\/455366\/revisions\/455369"}],"wp:featuredmedia":[{"embeddable":true,"href":"https:\/\/hudo.com\/si\/wp-json\/wp\/v2\/media\/373648"}],"wp:attachment":[{"href":"https:\/\/hudo.com\/si\/wp-json\/wp\/v2\/media?parent=455366"}],"wp:term":[{"taxonomy":"category","embeddable":true,"href":"https:\/\/hudo.com\/si\/wp-json\/wp\/v2\/categories?post=455366"},{"taxonomy":"post_tag","embeddable":true,"href":"https:\/\/hudo.com\/si\/wp-json\/wp\/v2\/tags?post=455366"},{"taxonomy":"source","embeddable":true,"href":"https:\/\/hudo.com\/si\/wp-json\/wp\/v2\/source?post=455366"},{"taxonomy":"supertag","embeddable":true,"href":"https:\/\/hudo.com\/si\/wp-json\/wp\/v2\/supertag?post=455366"}],"curies":[{"name":"wp","href":"https:\/\/api.w.org\/{rel}","templated":true}]}}