{"id":455451,"date":"2021-07-28T08:05:09","date_gmt":"2021-07-28T06:05:09","guid":{"rendered":"https:\/\/hudo.com\/si\/?p=455451"},"modified":"2021-07-28T08:05:09","modified_gmt":"2021-07-28T06:05:09","slug":"v-blizini-ivancne-gorice-obcutili-sibek-potresni-sunek","status":"publish","type":"post","link":"https:\/\/hudo.com\/si\/aktualno\/slovenija\/v-blizini-ivancne-gorice-obcutili-sibek-potresni-sunek\/","title":{"rendered":"V bli\u017eini Ivan\u010dne Gorice ob\u010dutili \u0161ibek potresni sunek"},"content":{"rendered":"<p>Intenziteta potresa v \u0161ir\u0161em nad\u017eari\u0161\u010dnem obmo\u010dju ni presegla tretje stopnje po evropski potresni lestvici, potres pa so \u010dutili posamezni prebivalci Zagradca in \u0160entvida pri Sti\u010dni, so \u0161e sporo\u010dili iz Urada za seizmologijo in geologijo pri Agenciji RS za okolje.<\/p>\n","protected":false},"excerpt":{"rendered":"<p>Seizmografi dr\u017eavne mre\u017ee potresnih opazovalnic so v torek ob 22.33 zabele\u017eili \u0161ibek potresni sunek, magnitude 0,9. Po prvih podatkih je bilo \u017eari\u0161\u010de potresa 31 kilometrov jugovzhodno od Ljubljane, v bli\u017eini Ivan\u010dne Gorice.<\/p>\n","protected":false},"author":8,"featured_media":171591,"comment_status":"closed","ping_status":"closed","sticky":false,"template":"","format":"standard","meta":{"footnotes":""},"categories":[18201],"tags":[3718,1595],"source":[4511],"supertag":[5675],"acf":[],"yoast_head":"<!-- This site is optimized with the Yoast SEO plugin v21.3 - https:\/\/yoast.com\/wordpress\/plugins\/seo\/ -->\n<title>V bli\u017eini Ivan\u010dne Gorice ob\u010dutili \u0161ibek potresni sunek - Hudo Slovenija<\/title>\n<meta name=\"robots\" content=\"index, follow, max-snippet:-1, max-image-preview:large, max-video-preview:-1\" \/>\n<link rel=\"canonical\" href=\"https:\/\/hudo.com\/si\/aktualno\/slovenija\/v-blizini-ivancne-gorice-obcutili-sibek-potresni-sunek\/\" \/>\n<meta property=\"og:locale\" content=\"sl_SI\" \/>\n<meta property=\"og:type\" content=\"article\" \/>\n<meta property=\"og:title\" content=\"V bli\u017eini Ivan\u010dne Gorice ob\u010dutili \u0161ibek potresni sunek - Hudo Slovenija\" \/>\n<meta property=\"og:description\" content=\"Seizmografi dr\u017eavne mre\u017ee potresnih opazovalnic so v torek ob 22.33 zabele\u017eili \u0161ibek potresni sunek, magnitude 0,9. Po prvih podatkih je bilo \u017eari\u0161\u010de potresa 31 kilometrov jugovzhodno od Ljubljane, v bli\u017eini Ivan\u010dne Gorice.\" \/>\n<meta property=\"og:url\" content=\"https:\/\/hudo.com\/si\/aktualno\/slovenija\/v-blizini-ivancne-gorice-obcutili-sibek-potresni-sunek\/\" \/>\n<meta property=\"og:site_name\" content=\"Hudo Slovenija\" \/>\n<meta property=\"article:publisher\" content=\"https:\/\/www.facebook.com\/hudo.si\" \/>\n<meta property=\"article:published_time\" content=\"2021-07-28T06:05:09+00:00\" \/>\n<meta property=\"og:image\" content=\"https:\/\/hudo.com\/si\/wp-content\/uploads\/sites\/2\/2016\/11\/profimedia-0294275091.jpg\" \/>\n\t<meta property=\"og:image:width\" content=\"1250\" \/>\n\t<meta property=\"og:image:height\" content=\"786\" \/>\n\t<meta property=\"og:image:type\" content=\"image\/jpeg\" \/>\n<meta name=\"author\" content=\"M. N., STA\" \/>\n<meta name=\"twitter:card\" content=\"summary_large_image\" \/>\n<meta name=\"twitter:creator\" content=\"@hudo_si\" \/>\n<meta name=\"twitter:site\" content=\"@hudo_si\" \/>\n<meta name=\"twitter:label1\" content=\"Written by\" \/>\n\t<meta name=\"twitter:data1\" content=\"M. N., STA\" \/>\n<script type=\"application\/ld+json\" class=\"yoast-schema-graph\">{\"@context\":\"https:\/\/schema.org\",\"@graph\":[{\"@type\":\"Article\",\"@id\":\"https:\/\/hudo.com\/si\/aktualno\/slovenija\/v-blizini-ivancne-gorice-obcutili-sibek-potresni-sunek\/#article\",\"isPartOf\":{\"@id\":\"https:\/\/hudo.com\/si\/aktualno\/slovenija\/v-blizini-ivancne-gorice-obcutili-sibek-potresni-sunek\/\"},\"author\":{\"name\":\"M. N., STA\",\"@id\":\"https:\/\/hudo.com\/si\/#\/schema\/person\/c2f10ce65d2e6ede2aeda5be2a0611fa\"},\"headline\":\"V bli\u017eini Ivan\u010dne Gorice ob\u010dutili \u0161ibek potresni sunek\",\"datePublished\":\"2021-07-28T06:05:09+00:00\",\"dateModified\":\"2021-07-28T06:05:09+00:00\",\"mainEntityOfPage\":{\"@id\":\"https:\/\/hudo.com\/si\/aktualno\/slovenija\/v-blizini-ivancne-gorice-obcutili-sibek-potresni-sunek\/\"},\"wordCount\":56,\"publisher\":{\"@id\":\"https:\/\/hudo.com\/si\/#organization\"},\"keywords\":[\"potres\",\"Slovenija\"],\"articleSection\":[\"Slovenija\"],\"inLanguage\":\"sl-SI\"},{\"@type\":\"WebPage\",\"@id\":\"https:\/\/hudo.com\/si\/aktualno\/slovenija\/v-blizini-ivancne-gorice-obcutili-sibek-potresni-sunek\/\",\"url\":\"https:\/\/hudo.com\/si\/aktualno\/slovenija\/v-blizini-ivancne-gorice-obcutili-sibek-potresni-sunek\/\",\"name\":\"V bli\u017eini Ivan\u010dne Gorice ob\u010dutili \u0161ibek potresni sunek - Hudo Slovenija\",\"isPartOf\":{\"@id\":\"https:\/\/hudo.com\/si\/#website\"},\"datePublished\":\"2021-07-28T06:05:09+00:00\",\"dateModified\":\"2021-07-28T06:05:09+00:00\",\"breadcrumb\":{\"@id\":\"https:\/\/hudo.com\/si\/aktualno\/slovenija\/v-blizini-ivancne-gorice-obcutili-sibek-potresni-sunek\/#breadcrumb\"},\"inLanguage\":\"sl-SI\",\"potentialAction\":[{\"@type\":\"ReadAction\",\"target\":[\"https:\/\/hudo.com\/si\/aktualno\/slovenija\/v-blizini-ivancne-gorice-obcutili-sibek-potresni-sunek\/\"]}]},{\"@type\":\"BreadcrumbList\",\"@id\":\"https:\/\/hudo.com\/si\/aktualno\/slovenija\/v-blizini-ivancne-gorice-obcutili-sibek-potresni-sunek\/#breadcrumb\",\"itemListElement\":[{\"@type\":\"ListItem\",\"position\":1,\"name\":\"Home\",\"item\":\"https:\/\/hudo.com\/si\/\"},{\"@type\":\"ListItem\",\"position\":2,\"name\":\"V bli\u017eini Ivan\u010dne Gorice ob\u010dutili \u0161ibek potresni sunek\"}]},{\"@type\":\"WebSite\",\"@id\":\"https:\/\/hudo.com\/si\/#website\",\"url\":\"https:\/\/hudo.com\/si\/\",\"name\":\"Hudo Slovenija\",\"description\":\"Vse novice iz Slovenije in sveta\",\"publisher\":{\"@id\":\"https:\/\/hudo.com\/si\/#organization\"},\"potentialAction\":[{\"@type\":\"SearchAction\",\"target\":{\"@type\":\"EntryPoint\",\"urlTemplate\":\"https:\/\/hudo.com\/si\/?s={search_term_string}\"},\"query-input\":\"required name=search_term_string\"}],\"inLanguage\":\"sl-SI\"},{\"@type\":\"Organization\",\"@id\":\"https:\/\/hudo.com\/si\/#organization\",\"name\":\"VSN Media\",\"url\":\"https:\/\/hudo.com\/si\/\",\"logo\":{\"@type\":\"ImageObject\",\"inLanguage\":\"sl-SI\",\"@id\":\"https:\/\/hudo.com\/si\/#\/schema\/logo\/image\/\",\"url\":\"https:\/\/hudo.com\/si\/wp-content\/uploads\/sites\/2\/2021\/03\/hudo-app-2.png\",\"contentUrl\":\"https:\/\/hudo.com\/si\/wp-content\/uploads\/sites\/2\/2021\/03\/hudo-app-2.png\",\"width\":2185,\"height\":2167,\"caption\":\"VSN Media\"},\"image\":{\"@id\":\"https:\/\/hudo.com\/si\/#\/schema\/logo\/image\/\"},\"sameAs\":[\"https:\/\/www.facebook.com\/hudo.si\",\"https:\/\/twitter.com\/hudo_si\"]},{\"@type\":\"Person\",\"@id\":\"https:\/\/hudo.com\/si\/#\/schema\/person\/c2f10ce65d2e6ede2aeda5be2a0611fa\",\"name\":\"M. N., STA\",\"image\":{\"@type\":\"ImageObject\",\"inLanguage\":\"sl-SI\",\"@id\":\"https:\/\/hudo.com\/si\/#\/schema\/person\/image\/\",\"url\":\"https:\/\/secure.gravatar.com\/avatar\/f370d38daa10467f755c5c766a4cac20?s=96&d=mm&r=g\",\"contentUrl\":\"https:\/\/secure.gravatar.com\/avatar\/f370d38daa10467f755c5c766a4cac20?s=96&d=mm&r=g\",\"caption\":\"M. N., STA\"},\"url\":\"https:\/\/hudo.com\/si\/author\/mana\/\"}]}<\/script>\n<!-- \/ Yoast SEO plugin. -->","yoast_head_json":{"title":"V bli\u017eini Ivan\u010dne Gorice ob\u010dutili \u0161ibek potresni sunek - Hudo Slovenija","robots":{"index":"index","follow":"follow","max-snippet":"max-snippet:-1","max-image-preview":"max-image-preview:large","max-video-preview":"max-video-preview:-1"},"canonical":"https:\/\/hudo.com\/si\/aktualno\/slovenija\/v-blizini-ivancne-gorice-obcutili-sibek-potresni-sunek\/","og_locale":"sl_SI","og_type":"article","og_title":"V bli\u017eini Ivan\u010dne Gorice ob\u010dutili \u0161ibek potresni sunek - Hudo Slovenija","og_description":"Seizmografi dr\u017eavne mre\u017ee potresnih opazovalnic so v torek ob 22.33 zabele\u017eili \u0161ibek potresni sunek, magnitude 0,9. Po prvih podatkih je bilo \u017eari\u0161\u010de potresa 31 kilometrov jugovzhodno od Ljubljane, v bli\u017eini Ivan\u010dne Gorice.","og_url":"https:\/\/hudo.com\/si\/aktualno\/slovenija\/v-blizini-ivancne-gorice-obcutili-sibek-potresni-sunek\/","og_site_name":"Hudo Slovenija","article_publisher":"https:\/\/www.facebook.com\/hudo.si","article_published_time":"2021-07-28T06:05:09+00:00","og_image":[{"width":1250,"height":786,"url":"https:\/\/hudo.com\/si\/wp-content\/uploads\/sites\/2\/2016\/11\/profimedia-0294275091.jpg","type":"image\/jpeg"}],"author":"M. N., STA","twitter_card":"summary_large_image","twitter_creator":"@hudo_si","twitter_site":"@hudo_si","twitter_misc":{"Written by":"M. N., STA"},"schema":{"@context":"https:\/\/schema.org","@graph":[{"@type":"Article","@id":"https:\/\/hudo.com\/si\/aktualno\/slovenija\/v-blizini-ivancne-gorice-obcutili-sibek-potresni-sunek\/#article","isPartOf":{"@id":"https:\/\/hudo.com\/si\/aktualno\/slovenija\/v-blizini-ivancne-gorice-obcutili-sibek-potresni-sunek\/"},"author":{"name":"M. N., STA","@id":"https:\/\/hudo.com\/si\/#\/schema\/person\/c2f10ce65d2e6ede2aeda5be2a0611fa"},"headline":"V bli\u017eini Ivan\u010dne Gorice ob\u010dutili \u0161ibek potresni sunek","datePublished":"2021-07-28T06:05:09+00:00","dateModified":"2021-07-28T06:05:09+00:00","mainEntityOfPage":{"@id":"https:\/\/hudo.com\/si\/aktualno\/slovenija\/v-blizini-ivancne-gorice-obcutili-sibek-potresni-sunek\/"},"wordCount":56,"publisher":{"@id":"https:\/\/hudo.com\/si\/#organization"},"keywords":["potres","Slovenija"],"articleSection":["Slovenija"],"inLanguage":"sl-SI"},{"@type":"WebPage","@id":"https:\/\/hudo.com\/si\/aktualno\/slovenija\/v-blizini-ivancne-gorice-obcutili-sibek-potresni-sunek\/","url":"https:\/\/hudo.com\/si\/aktualno\/slovenija\/v-blizini-ivancne-gorice-obcutili-sibek-potresni-sunek\/","name":"V bli\u017eini Ivan\u010dne Gorice ob\u010dutili \u0161ibek potresni sunek - Hudo Slovenija","isPartOf":{"@id":"https:\/\/hudo.com\/si\/#website"},"datePublished":"2021-07-28T06:05:09+00:00","dateModified":"2021-07-28T06:05:09+00:00","breadcrumb":{"@id":"https:\/\/hudo.com\/si\/aktualno\/slovenija\/v-blizini-ivancne-gorice-obcutili-sibek-potresni-sunek\/#breadcrumb"},"inLanguage":"sl-SI","potentialAction":[{"@type":"ReadAction","target":["https:\/\/hudo.com\/si\/aktualno\/slovenija\/v-blizini-ivancne-gorice-obcutili-sibek-potresni-sunek\/"]}]},{"@type":"BreadcrumbList","@id":"https:\/\/hudo.com\/si\/aktualno\/slovenija\/v-blizini-ivancne-gorice-obcutili-sibek-potresni-sunek\/#breadcrumb","itemListElement":[{"@type":"ListItem","position":1,"name":"Home","item":"https:\/\/hudo.com\/si\/"},{"@type":"ListItem","position":2,"name":"V bli\u017eini Ivan\u010dne Gorice ob\u010dutili \u0161ibek potresni sunek"}]},{"@type":"WebSite","@id":"https:\/\/hudo.com\/si\/#website","url":"https:\/\/hudo.com\/si\/","name":"Hudo Slovenija","description":"Vse novice iz Slovenije in sveta","publisher":{"@id":"https:\/\/hudo.com\/si\/#organization"},"potentialAction":[{"@type":"SearchAction","target":{"@type":"EntryPoint","urlTemplate":"https:\/\/hudo.com\/si\/?s={search_term_string}"},"query-input":"required name=search_term_string"}],"inLanguage":"sl-SI"},{"@type":"Organization","@id":"https:\/\/hudo.com\/si\/#organization","name":"VSN Media","url":"https:\/\/hudo.com\/si\/","logo":{"@type":"ImageObject","inLanguage":"sl-SI","@id":"https:\/\/hudo.com\/si\/#\/schema\/logo\/image\/","url":"https:\/\/hudo.com\/si\/wp-content\/uploads\/sites\/2\/2021\/03\/hudo-app-2.png","contentUrl":"https:\/\/hudo.com\/si\/wp-content\/uploads\/sites\/2\/2021\/03\/hudo-app-2.png","width":2185,"height":2167,"caption":"VSN Media"},"image":{"@id":"https:\/\/hudo.com\/si\/#\/schema\/logo\/image\/"},"sameAs":["https:\/\/www.facebook.com\/hudo.si","https:\/\/twitter.com\/hudo_si"]},{"@type":"Person","@id":"https:\/\/hudo.com\/si\/#\/schema\/person\/c2f10ce65d2e6ede2aeda5be2a0611fa","name":"M. N., STA","image":{"@type":"ImageObject","inLanguage":"sl-SI","@id":"https:\/\/hudo.com\/si\/#\/schema\/person\/image\/","url":"https:\/\/secure.gravatar.com\/avatar\/f370d38daa10467f755c5c766a4cac20?s=96&d=mm&r=g","contentUrl":"https:\/\/secure.gravatar.com\/avatar\/f370d38daa10467f755c5c766a4cac20?s=96&d=mm&r=g","caption":"M. N., STA"},"url":"https:\/\/hudo.com\/si\/author\/mana\/"}]}},"amp_enabled":true,"_links":{"self":[{"href":"https:\/\/hudo.com\/si\/wp-json\/wp\/v2\/posts\/455451"}],"collection":[{"href":"https:\/\/hudo.com\/si\/wp-json\/wp\/v2\/posts"}],"about":[{"href":"https:\/\/hudo.com\/si\/wp-json\/wp\/v2\/types\/post"}],"author":[{"embeddable":true,"href":"https:\/\/hudo.com\/si\/wp-json\/wp\/v2\/users\/8"}],"replies":[{"embeddable":true,"href":"https:\/\/hudo.com\/si\/wp-json\/wp\/v2\/comments?post=455451"}],"version-history":[{"count":1,"href":"https:\/\/hudo.com\/si\/wp-json\/wp\/v2\/posts\/455451\/revisions"}],"predecessor-version":[{"id":455452,"href":"https:\/\/hudo.com\/si\/wp-json\/wp\/v2\/posts\/455451\/revisions\/455452"}],"wp:featuredmedia":[{"embeddable":true,"href":"https:\/\/hudo.com\/si\/wp-json\/wp\/v2\/media\/171591"}],"wp:attachment":[{"href":"https:\/\/hudo.com\/si\/wp-json\/wp\/v2\/media?parent=455451"}],"wp:term":[{"taxonomy":"category","embeddable":true,"href":"https:\/\/hudo.com\/si\/wp-json\/wp\/v2\/categories?post=455451"},{"taxonomy":"post_tag","embeddable":true,"href":"https:\/\/hudo.com\/si\/wp-json\/wp\/v2\/tags?post=455451"},{"taxonomy":"source","embeddable":true,"href":"https:\/\/hudo.com\/si\/wp-json\/wp\/v2\/source?post=455451"},{"taxonomy":"supertag","embeddable":true,"href":"https:\/\/hudo.com\/si\/wp-json\/wp\/v2\/supertag?post=455451"}],"curies":[{"name":"wp","href":"https:\/\/api.w.org\/{rel}","templated":true}]}}