{"id":455453,"date":"2021-07-28T09:00:41","date_gmt":"2021-07-28T07:00:41","guid":{"rendered":"https:\/\/hudo.com\/si\/?p=455453"},"modified":"2021-07-28T09:00:41","modified_gmt":"2021-07-28T07:00:41","slug":"jazz-festival-ljubljana-ki-se-zacenja-danes-bo-razgibal-dogajanje-v-prestolnici","status":"publish","type":"post","link":"https:\/\/hudo.com\/si\/aktualno\/slovenija\/jazz-festival-ljubljana-ki-se-zacenja-danes-bo-razgibal-dogajanje-v-prestolnici\/","title":{"rendered":"Jazz festival Ljubljana, ki se za\u010denja danes, bo razgibal dogajanje v prestolnici"},"content":{"rendered":"<p>Drevi\u0161nje dogajanje bo uvedel koncert saksofonista Lenarta De Bocka na Odru pri starem drevesu, ki bo s svojo skupino bo predstavil projekt steps. Ob njem bodo na odru Klemen Kocijan\u010di\u010d (klavir), Domen Ku\u017enar (viola), Luka Hren (bobni), Samo Cizelj (elektri\u010dni bas) in Ne\u017ea Okorn (vokal).<\/p>\n<p>Na Glavnem odru bo nastopila Lakiko. Umetnica s pravim imenom Lana Kosti\u0107 bo predstavila projekt, ki je nastal leta 2016 v drobovju elektroencefalografske naprave (EEG) v \u0161vicarskem Bielu. Z elektri\u010dno dejavnostjo lastnih mo\u017eganov v obliki EEG-signala in obenem z uporabo priro\u010dnika za spored odigranih skladb je nastalo gradivo, ki se dozdevno poraja onkraj \u010dlove\u0161ke zavesti, iz globoko potla\u010denih mo\u017eganskih predelov, so zapisali v CD.<\/p>\n<p>Sledili ji bodo Teo Collori &amp; Momento Cigano. Band, ki ga je ustanovil kitarist Collori, ima za sabo \u017ee tri albume: Hot Club Piran, Kamerato muzikante in Molto Aligatore. Na lanskem festivalu je zasedba nastopila za zelo omejeno \u0161tevilo obiskovalcev v Linhartovi dvorani, tokrat bo lahko zadihala s polnimi plju\u010di na polnem odprtem prizori\u0161\u010du, so zapisali v CD.<\/p>\n<p>Program festivala sta zasnovala vodja programa jazza in glasb sveta v CD Bogdan Benigar in Edin Zub\u010devi\u0107 iz Jazz festa Sarajevo. Med koncerti v dvoranah CD je Benigar poudaril koncerta tria Avishai Cohen in tria Simulacrum ter zaklju\u010dni koncert festivala, na katerem bo nastopil tolkalist Zlatko Kau\u010di\u010d z za to prilo\u017enost prenovljeno zasedbo Arkos.<\/p>\n<p>Koncert v Parku Sveta Evrope bodo brezpla\u010dni, koncerti v dvoranah pa pla\u010dljivi.<\/p>\n","protected":false},"excerpt":{"rendered":"<p> S koncerti v Parku pri Cankarjevem domu (CD) oziroma Parku Sveta Evrope se danes za\u010denja 62. Jazz festival Ljubljana. Skupaj bo ponudil 25 koncertov, od tega \u0161est v dvoranah CD. Nastopili bodo doma\u010di in tuji glasbeniki iz 13 dr\u017eav. \u010ce je bila lanska izdaja kombinacija spletnih koncertov in koncertov v \u017eivo, bodo letos vsi potekali v \u017eivo.<\/p>\n","protected":false},"author":8,"featured_media":455454,"comment_status":"closed","ping_status":"closed","sticky":false,"template":"","format":"standard","meta":{"footnotes":""},"categories":[18201],"tags":[19162,1633,1595],"source":[4511],"supertag":[5675],"acf":[],"yoast_head":"<!-- This site is optimized with the Yoast SEO plugin v21.3 - https:\/\/yoast.com\/wordpress\/plugins\/seo\/ -->\n<title>Jazz festival Ljubljana, ki se za\u010denja danes, bo razgibal dogajanje v prestolnici - Hudo Slovenija<\/title>\n<meta name=\"robots\" content=\"index, follow, max-snippet:-1, max-image-preview:large, max-video-preview:-1\" \/>\n<link rel=\"canonical\" href=\"https:\/\/hudo.com\/si\/aktualno\/slovenija\/jazz-festival-ljubljana-ki-se-zacenja-danes-bo-razgibal-dogajanje-v-prestolnici\/\" \/>\n<meta property=\"og:locale\" content=\"sl_SI\" \/>\n<meta property=\"og:type\" content=\"article\" \/>\n<meta property=\"og:title\" content=\"Jazz festival Ljubljana, ki se za\u010denja danes, bo razgibal dogajanje v prestolnici - Hudo Slovenija\" \/>\n<meta property=\"og:description\" content=\"S koncerti v Parku pri Cankarjevem domu (CD) oziroma Parku Sveta Evrope se danes za\u010denja 62. Jazz festival Ljubljana. Skupaj bo ponudil 25 koncertov, od tega \u0161est v dvoranah CD. Nastopili bodo doma\u010di in tuji glasbeniki iz 13 dr\u017eav. \u010ce je bila lanska izdaja kombinacija spletnih koncertov in koncertov v \u017eivo, bodo letos vsi potekali v \u017eivo.\" \/>\n<meta property=\"og:url\" content=\"https:\/\/hudo.com\/si\/aktualno\/slovenija\/jazz-festival-ljubljana-ki-se-zacenja-danes-bo-razgibal-dogajanje-v-prestolnici\/\" \/>\n<meta property=\"og:site_name\" content=\"Hudo Slovenija\" \/>\n<meta property=\"article:publisher\" content=\"https:\/\/www.facebook.com\/hudo.si\" \/>\n<meta property=\"article:published_time\" content=\"2021-07-28T07:00:41+00:00\" \/>\n<meta property=\"og:image\" content=\"https:\/\/hudo.com\/si\/wp-content\/uploads\/sites\/2\/2021\/07\/20190623-00945189.jpg\" \/>\n\t<meta property=\"og:image:width\" content=\"640\" \/>\n\t<meta property=\"og:image:height\" content=\"426\" \/>\n\t<meta property=\"og:image:type\" content=\"image\/jpeg\" \/>\n<meta name=\"author\" content=\"M. N., STA\" \/>\n<meta name=\"twitter:card\" content=\"summary_large_image\" \/>\n<meta name=\"twitter:creator\" content=\"@hudo_si\" \/>\n<meta name=\"twitter:site\" content=\"@hudo_si\" \/>\n<meta name=\"twitter:label1\" content=\"Written by\" \/>\n\t<meta name=\"twitter:data1\" content=\"M. N., STA\" \/>\n\t<meta name=\"twitter:label2\" content=\"Est. reading time\" \/>\n\t<meta name=\"twitter:data2\" content=\"1 minuta\" \/>\n<script type=\"application\/ld+json\" class=\"yoast-schema-graph\">{\"@context\":\"https:\/\/schema.org\",\"@graph\":[{\"@type\":\"Article\",\"@id\":\"https:\/\/hudo.com\/si\/aktualno\/slovenija\/jazz-festival-ljubljana-ki-se-zacenja-danes-bo-razgibal-dogajanje-v-prestolnici\/#article\",\"isPartOf\":{\"@id\":\"https:\/\/hudo.com\/si\/aktualno\/slovenija\/jazz-festival-ljubljana-ki-se-zacenja-danes-bo-razgibal-dogajanje-v-prestolnici\/\"},\"author\":{\"name\":\"M. N., STA\",\"@id\":\"https:\/\/hudo.com\/si\/#\/schema\/person\/c2f10ce65d2e6ede2aeda5be2a0611fa\"},\"headline\":\"Jazz festival Ljubljana, ki se za\u010denja danes, bo razgibal dogajanje v prestolnici\",\"datePublished\":\"2021-07-28T07:00:41+00:00\",\"dateModified\":\"2021-07-28T07:00:41+00:00\",\"mainEntityOfPage\":{\"@id\":\"https:\/\/hudo.com\/si\/aktualno\/slovenija\/jazz-festival-ljubljana-ki-se-zacenja-danes-bo-razgibal-dogajanje-v-prestolnici\/\"},\"wordCount\":264,\"publisher\":{\"@id\":\"https:\/\/hudo.com\/si\/#organization\"},\"keywords\":[\"jazz festival ljubljana\",\"Ljubljana\",\"Slovenija\"],\"articleSection\":[\"Slovenija\"],\"inLanguage\":\"sl-SI\"},{\"@type\":\"WebPage\",\"@id\":\"https:\/\/hudo.com\/si\/aktualno\/slovenija\/jazz-festival-ljubljana-ki-se-zacenja-danes-bo-razgibal-dogajanje-v-prestolnici\/\",\"url\":\"https:\/\/hudo.com\/si\/aktualno\/slovenija\/jazz-festival-ljubljana-ki-se-zacenja-danes-bo-razgibal-dogajanje-v-prestolnici\/\",\"name\":\"Jazz festival Ljubljana, ki se za\u010denja danes, bo razgibal dogajanje v prestolnici - Hudo Slovenija\",\"isPartOf\":{\"@id\":\"https:\/\/hudo.com\/si\/#website\"},\"datePublished\":\"2021-07-28T07:00:41+00:00\",\"dateModified\":\"2021-07-28T07:00:41+00:00\",\"breadcrumb\":{\"@id\":\"https:\/\/hudo.com\/si\/aktualno\/slovenija\/jazz-festival-ljubljana-ki-se-zacenja-danes-bo-razgibal-dogajanje-v-prestolnici\/#breadcrumb\"},\"inLanguage\":\"sl-SI\",\"potentialAction\":[{\"@type\":\"ReadAction\",\"target\":[\"https:\/\/hudo.com\/si\/aktualno\/slovenija\/jazz-festival-ljubljana-ki-se-zacenja-danes-bo-razgibal-dogajanje-v-prestolnici\/\"]}]},{\"@type\":\"BreadcrumbList\",\"@id\":\"https:\/\/hudo.com\/si\/aktualno\/slovenija\/jazz-festival-ljubljana-ki-se-zacenja-danes-bo-razgibal-dogajanje-v-prestolnici\/#breadcrumb\",\"itemListElement\":[{\"@type\":\"ListItem\",\"position\":1,\"name\":\"Home\",\"item\":\"https:\/\/hudo.com\/si\/\"},{\"@type\":\"ListItem\",\"position\":2,\"name\":\"Jazz festival Ljubljana, ki se za\u010denja danes, bo razgibal dogajanje v prestolnici\"}]},{\"@type\":\"WebSite\",\"@id\":\"https:\/\/hudo.com\/si\/#website\",\"url\":\"https:\/\/hudo.com\/si\/\",\"name\":\"Hudo Slovenija\",\"description\":\"Vse novice iz Slovenije in sveta\",\"publisher\":{\"@id\":\"https:\/\/hudo.com\/si\/#organization\"},\"potentialAction\":[{\"@type\":\"SearchAction\",\"target\":{\"@type\":\"EntryPoint\",\"urlTemplate\":\"https:\/\/hudo.com\/si\/?s={search_term_string}\"},\"query-input\":\"required name=search_term_string\"}],\"inLanguage\":\"sl-SI\"},{\"@type\":\"Organization\",\"@id\":\"https:\/\/hudo.com\/si\/#organization\",\"name\":\"VSN Media\",\"url\":\"https:\/\/hudo.com\/si\/\",\"logo\":{\"@type\":\"ImageObject\",\"inLanguage\":\"sl-SI\",\"@id\":\"https:\/\/hudo.com\/si\/#\/schema\/logo\/image\/\",\"url\":\"https:\/\/hudo.com\/si\/wp-content\/uploads\/sites\/2\/2021\/03\/hudo-app-2.png\",\"contentUrl\":\"https:\/\/hudo.com\/si\/wp-content\/uploads\/sites\/2\/2021\/03\/hudo-app-2.png\",\"width\":2185,\"height\":2167,\"caption\":\"VSN Media\"},\"image\":{\"@id\":\"https:\/\/hudo.com\/si\/#\/schema\/logo\/image\/\"},\"sameAs\":[\"https:\/\/www.facebook.com\/hudo.si\",\"https:\/\/twitter.com\/hudo_si\"]},{\"@type\":\"Person\",\"@id\":\"https:\/\/hudo.com\/si\/#\/schema\/person\/c2f10ce65d2e6ede2aeda5be2a0611fa\",\"name\":\"M. N., STA\",\"image\":{\"@type\":\"ImageObject\",\"inLanguage\":\"sl-SI\",\"@id\":\"https:\/\/hudo.com\/si\/#\/schema\/person\/image\/\",\"url\":\"https:\/\/secure.gravatar.com\/avatar\/f370d38daa10467f755c5c766a4cac20?s=96&d=mm&r=g\",\"contentUrl\":\"https:\/\/secure.gravatar.com\/avatar\/f370d38daa10467f755c5c766a4cac20?s=96&d=mm&r=g\",\"caption\":\"M. N., STA\"},\"url\":\"https:\/\/hudo.com\/si\/author\/mana\/\"}]}<\/script>\n<!-- \/ Yoast SEO plugin. -->","yoast_head_json":{"title":"Jazz festival Ljubljana, ki se za\u010denja danes, bo razgibal dogajanje v prestolnici - Hudo Slovenija","robots":{"index":"index","follow":"follow","max-snippet":"max-snippet:-1","max-image-preview":"max-image-preview:large","max-video-preview":"max-video-preview:-1"},"canonical":"https:\/\/hudo.com\/si\/aktualno\/slovenija\/jazz-festival-ljubljana-ki-se-zacenja-danes-bo-razgibal-dogajanje-v-prestolnici\/","og_locale":"sl_SI","og_type":"article","og_title":"Jazz festival Ljubljana, ki se za\u010denja danes, bo razgibal dogajanje v prestolnici - Hudo Slovenija","og_description":"S koncerti v Parku pri Cankarjevem domu (CD) oziroma Parku Sveta Evrope se danes za\u010denja 62. Jazz festival Ljubljana. Skupaj bo ponudil 25 koncertov, od tega \u0161est v dvoranah CD. Nastopili bodo doma\u010di in tuji glasbeniki iz 13 dr\u017eav. \u010ce je bila lanska izdaja kombinacija spletnih koncertov in koncertov v \u017eivo, bodo letos vsi potekali v \u017eivo.","og_url":"https:\/\/hudo.com\/si\/aktualno\/slovenija\/jazz-festival-ljubljana-ki-se-zacenja-danes-bo-razgibal-dogajanje-v-prestolnici\/","og_site_name":"Hudo Slovenija","article_publisher":"https:\/\/www.facebook.com\/hudo.si","article_published_time":"2021-07-28T07:00:41+00:00","og_image":[{"width":640,"height":426,"url":"https:\/\/hudo.com\/si\/wp-content\/uploads\/sites\/2\/2021\/07\/20190623-00945189.jpg","type":"image\/jpeg"}],"author":"M. N., STA","twitter_card":"summary_large_image","twitter_creator":"@hudo_si","twitter_site":"@hudo_si","twitter_misc":{"Written by":"M. N., STA","Est. reading time":"1 minuta"},"schema":{"@context":"https:\/\/schema.org","@graph":[{"@type":"Article","@id":"https:\/\/hudo.com\/si\/aktualno\/slovenija\/jazz-festival-ljubljana-ki-se-zacenja-danes-bo-razgibal-dogajanje-v-prestolnici\/#article","isPartOf":{"@id":"https:\/\/hudo.com\/si\/aktualno\/slovenija\/jazz-festival-ljubljana-ki-se-zacenja-danes-bo-razgibal-dogajanje-v-prestolnici\/"},"author":{"name":"M. N., STA","@id":"https:\/\/hudo.com\/si\/#\/schema\/person\/c2f10ce65d2e6ede2aeda5be2a0611fa"},"headline":"Jazz festival Ljubljana, ki se za\u010denja danes, bo razgibal dogajanje v prestolnici","datePublished":"2021-07-28T07:00:41+00:00","dateModified":"2021-07-28T07:00:41+00:00","mainEntityOfPage":{"@id":"https:\/\/hudo.com\/si\/aktualno\/slovenija\/jazz-festival-ljubljana-ki-se-zacenja-danes-bo-razgibal-dogajanje-v-prestolnici\/"},"wordCount":264,"publisher":{"@id":"https:\/\/hudo.com\/si\/#organization"},"keywords":["jazz festival ljubljana","Ljubljana","Slovenija"],"articleSection":["Slovenija"],"inLanguage":"sl-SI"},{"@type":"WebPage","@id":"https:\/\/hudo.com\/si\/aktualno\/slovenija\/jazz-festival-ljubljana-ki-se-zacenja-danes-bo-razgibal-dogajanje-v-prestolnici\/","url":"https:\/\/hudo.com\/si\/aktualno\/slovenija\/jazz-festival-ljubljana-ki-se-zacenja-danes-bo-razgibal-dogajanje-v-prestolnici\/","name":"Jazz festival Ljubljana, ki se za\u010denja danes, bo razgibal dogajanje v prestolnici - Hudo Slovenija","isPartOf":{"@id":"https:\/\/hudo.com\/si\/#website"},"datePublished":"2021-07-28T07:00:41+00:00","dateModified":"2021-07-28T07:00:41+00:00","breadcrumb":{"@id":"https:\/\/hudo.com\/si\/aktualno\/slovenija\/jazz-festival-ljubljana-ki-se-zacenja-danes-bo-razgibal-dogajanje-v-prestolnici\/#breadcrumb"},"inLanguage":"sl-SI","potentialAction":[{"@type":"ReadAction","target":["https:\/\/hudo.com\/si\/aktualno\/slovenija\/jazz-festival-ljubljana-ki-se-zacenja-danes-bo-razgibal-dogajanje-v-prestolnici\/"]}]},{"@type":"BreadcrumbList","@id":"https:\/\/hudo.com\/si\/aktualno\/slovenija\/jazz-festival-ljubljana-ki-se-zacenja-danes-bo-razgibal-dogajanje-v-prestolnici\/#breadcrumb","itemListElement":[{"@type":"ListItem","position":1,"name":"Home","item":"https:\/\/hudo.com\/si\/"},{"@type":"ListItem","position":2,"name":"Jazz festival Ljubljana, ki se za\u010denja danes, bo razgibal dogajanje v prestolnici"}]},{"@type":"WebSite","@id":"https:\/\/hudo.com\/si\/#website","url":"https:\/\/hudo.com\/si\/","name":"Hudo Slovenija","description":"Vse novice iz Slovenije in sveta","publisher":{"@id":"https:\/\/hudo.com\/si\/#organization"},"potentialAction":[{"@type":"SearchAction","target":{"@type":"EntryPoint","urlTemplate":"https:\/\/hudo.com\/si\/?s={search_term_string}"},"query-input":"required name=search_term_string"}],"inLanguage":"sl-SI"},{"@type":"Organization","@id":"https:\/\/hudo.com\/si\/#organization","name":"VSN Media","url":"https:\/\/hudo.com\/si\/","logo":{"@type":"ImageObject","inLanguage":"sl-SI","@id":"https:\/\/hudo.com\/si\/#\/schema\/logo\/image\/","url":"https:\/\/hudo.com\/si\/wp-content\/uploads\/sites\/2\/2021\/03\/hudo-app-2.png","contentUrl":"https:\/\/hudo.com\/si\/wp-content\/uploads\/sites\/2\/2021\/03\/hudo-app-2.png","width":2185,"height":2167,"caption":"VSN Media"},"image":{"@id":"https:\/\/hudo.com\/si\/#\/schema\/logo\/image\/"},"sameAs":["https:\/\/www.facebook.com\/hudo.si","https:\/\/twitter.com\/hudo_si"]},{"@type":"Person","@id":"https:\/\/hudo.com\/si\/#\/schema\/person\/c2f10ce65d2e6ede2aeda5be2a0611fa","name":"M. N., STA","image":{"@type":"ImageObject","inLanguage":"sl-SI","@id":"https:\/\/hudo.com\/si\/#\/schema\/person\/image\/","url":"https:\/\/secure.gravatar.com\/avatar\/f370d38daa10467f755c5c766a4cac20?s=96&d=mm&r=g","contentUrl":"https:\/\/secure.gravatar.com\/avatar\/f370d38daa10467f755c5c766a4cac20?s=96&d=mm&r=g","caption":"M. N., STA"},"url":"https:\/\/hudo.com\/si\/author\/mana\/"}]}},"amp_enabled":true,"_links":{"self":[{"href":"https:\/\/hudo.com\/si\/wp-json\/wp\/v2\/posts\/455453"}],"collection":[{"href":"https:\/\/hudo.com\/si\/wp-json\/wp\/v2\/posts"}],"about":[{"href":"https:\/\/hudo.com\/si\/wp-json\/wp\/v2\/types\/post"}],"author":[{"embeddable":true,"href":"https:\/\/hudo.com\/si\/wp-json\/wp\/v2\/users\/8"}],"replies":[{"embeddable":true,"href":"https:\/\/hudo.com\/si\/wp-json\/wp\/v2\/comments?post=455453"}],"version-history":[{"count":1,"href":"https:\/\/hudo.com\/si\/wp-json\/wp\/v2\/posts\/455453\/revisions"}],"predecessor-version":[{"id":455459,"href":"https:\/\/hudo.com\/si\/wp-json\/wp\/v2\/posts\/455453\/revisions\/455459"}],"wp:featuredmedia":[{"embeddable":true,"href":"https:\/\/hudo.com\/si\/wp-json\/wp\/v2\/media\/455454"}],"wp:attachment":[{"href":"https:\/\/hudo.com\/si\/wp-json\/wp\/v2\/media?parent=455453"}],"wp:term":[{"taxonomy":"category","embeddable":true,"href":"https:\/\/hudo.com\/si\/wp-json\/wp\/v2\/categories?post=455453"},{"taxonomy":"post_tag","embeddable":true,"href":"https:\/\/hudo.com\/si\/wp-json\/wp\/v2\/tags?post=455453"},{"taxonomy":"source","embeddable":true,"href":"https:\/\/hudo.com\/si\/wp-json\/wp\/v2\/source?post=455453"},{"taxonomy":"supertag","embeddable":true,"href":"https:\/\/hudo.com\/si\/wp-json\/wp\/v2\/supertag?post=455453"}],"curies":[{"name":"wp","href":"https:\/\/api.w.org\/{rel}","templated":true}]}}