{"id":455568,"date":"2021-07-29T15:17:17","date_gmt":"2021-07-29T13:17:17","guid":{"rendered":"https:\/\/hudo.com\/si\/?p=455568"},"modified":"2021-07-29T15:25:23","modified_gmt":"2021-07-29T13:25:23","slug":"marko-vozelj-pristal-v-bolnisnici-v-zivljenju-pricakuj-tudi-nepricakovano","status":"publish","type":"post","link":"https:\/\/hudo.com\/si\/vip\/marko-vozelj-pristal-v-bolnisnici-v-zivljenju-pricakuj-tudi-nepricakovano\/","title":{"rendered":"Marko Vozelj pristal v bolni\u0161nici: &#8220;&#8221;V \u017eivljenju pri\u010dakuj tudi nepri\u010dakovano&#8221;"},"content":{"rendered":"<p><strong>Marko Vozelj<\/strong> je na svojem profilu na Facebooku obo\u017eevalcem sporo\u010dil, da je moral prestati urgentno operacijo, zaradi katere bo \u017eal moral izpustiti koncert v Zagorju.<\/p>\n<p>Nepri\u010dakovano je namre\u010d pristal na operacijski mizi. &#8220;V \u017eivljenju pri\u010dakuj tudi nepri\u010dakovano. Operacijski poseg, ki je bil nepri\u010dakovan in neizogiben,&#8221; je zapisal na Facebooku. Zakaj to\u010dno je pristal v bolni\u0161nici, pa ni izdal.<\/p>\n<p><div class=\"embed-notice\">Za ogled vstavljene vsebine morate omogo\u010diti <a href=\"#\" onclick=\"Optanon.ToggleInfoDisplay()\">shranjevanje pi\u0161kotkov v napravi<\/a><\/div><iframe loading=\"lazy\" style=\"border: none; overflow: hidden;\"  class=\"optanon-category-C0002-C0003-C0004\" optanon-src=\"https:\/\/www.facebook.com\/plugins\/post.php?href=https%3A%2F%2Fwww.facebook.com%2FMarkoVozelj%2Fposts%2F10159181330436233&amp;show_text=true&amp;width=500\" width=\"500\" height=\"722\" frameborder=\"0\" scrolling=\"no\" allowfullscreen=\"allowfullscreen\"><\/iframe><\/p>\n<p>Novica je br\u017ekone veliko razo\u010daranje za obo\u017eevalce, a ne bodo ostali praznih rok. &#8220;\u017dal se ta petek ne bomo videli v Zagorju, a vas bo zato presenetila ena in edina Helena Blagne,&#8221; jih je potola\u017eil.<\/p>\n<p>Obo\u017eevalci so ga pod fotografijo zasuli s komentarji in mu za\u017eeleli hitro okrevanje. Dokler pa Marko ne okreva, pa se lahko malce potola\u017eite z njegovimi uspe\u0161nicami &#8230;<\/p>\n<p><div class=\"embed\"><div class=\"embed-notice\">Za ogled vstavljene vsebine morate omogo\u010diti <a href=\"#\" onclick=\"Optanon.ToggleInfoDisplay()\">shranjevanje pi\u0161kotkov v napravi<\/a><\/div><iframe loading=\"lazy\" title=\"Marko Vozelj &amp; Mojstri - Za vse z\u030civljenje (Official Video)\" width=\"500\" height=\"281\"  class=\"optanon-category-C0002-C0003-C0004\" optanon-src=\"https:\/\/www.youtube.com\/embed\/0pPCCVVLovM?feature=oembed\" frameborder=\"0\" allow=\"accelerometer; autoplay; clipboard-write; encrypted-media; gyroscope; picture-in-picture\" allowfullscreen><\/iframe><\/div><\/p>\n<p><div class=\"embed\"><div class=\"embed-notice\">Za ogled vstavljene vsebine morate omogo\u010diti <a href=\"#\" onclick=\"Optanon.ToggleInfoDisplay()\">shranjevanje pi\u0161kotkov v napravi<\/a><\/div><iframe loading=\"lazy\" title=\"Marko Vozelj &amp; Mojstri - Spomin na naju (Angel varuh) (Official Video)\" width=\"500\" height=\"281\"  class=\"optanon-category-C0002-C0003-C0004\" optanon-src=\"https:\/\/www.youtube.com\/embed\/Z7g-t43J244?feature=oembed\" frameborder=\"0\" allow=\"accelerometer; autoplay; clipboard-write; encrypted-media; gyroscope; picture-in-picture\" allowfullscreen><\/iframe><\/div><\/p>\n<p><div class=\"embed\"><div class=\"embed-notice\">Za ogled vstavljene vsebine morate omogo\u010diti <a href=\"#\" onclick=\"Optanon.ToggleInfoDisplay()\">shranjevanje pi\u0161kotkov v napravi<\/a><\/div><iframe loading=\"lazy\" title=\"Marko Vozelj in Mojstri - Ljubi se z menoj (Official Video)\" width=\"500\" height=\"281\"  class=\"optanon-category-C0002-C0003-C0004\" optanon-src=\"https:\/\/www.youtube.com\/embed\/u96J9gGp_48?feature=oembed\" frameborder=\"0\" allow=\"accelerometer; autoplay; clipboard-write; encrypted-media; gyroscope; picture-in-picture\" allowfullscreen><\/iframe><\/div><\/p>\n","protected":false},"excerpt":{"rendered":"<p>Na\u0161 priljubljeni pevec je na svojem profilu na Facebooku objavil svojo fotografijo iz bolni\u0161nice in obo\u017eevalcem sporo\u010dil \u017ealostno novico.<\/p>\n","protected":false},"author":6,"featured_media":455574,"comment_status":"closed","ping_status":"closed","sticky":false,"template":"","format":"standard","meta":{"footnotes":""},"categories":[1093],"tags":[5464,14665,3526,1595],"source":[4511],"supertag":[5675],"acf":[],"yoast_head":"<!-- This site is optimized with the Yoast SEO plugin v21.3 - https:\/\/yoast.com\/wordpress\/plugins\/seo\/ -->\n<title>Marko Vozelj pristal v bolni\u0161nici: &quot;&quot;V \u017eivljenju pri\u010dakuj tudi nepri\u010dakovano&quot; - Hudo Slovenija<\/title>\n<meta name=\"robots\" content=\"index, follow, max-snippet:-1, max-image-preview:large, max-video-preview:-1\" \/>\n<link rel=\"canonical\" href=\"https:\/\/hudo.com\/si\/vip\/marko-vozelj-pristal-v-bolnisnici-v-zivljenju-pricakuj-tudi-nepricakovano\/\" \/>\n<meta property=\"og:locale\" content=\"sl_SI\" \/>\n<meta property=\"og:type\" content=\"article\" \/>\n<meta property=\"og:title\" content=\"Marko Vozelj pristal v bolni\u0161nici: &quot;&quot;V \u017eivljenju pri\u010dakuj tudi nepri\u010dakovano&quot; - Hudo Slovenija\" \/>\n<meta property=\"og:description\" content=\"Na\u0161 priljubljeni pevec je na svojem profilu na Facebooku objavil svojo fotografijo iz bolni\u0161nice in obo\u017eevalcem sporo\u010dil \u017ealostno novico.\" \/>\n<meta property=\"og:url\" content=\"https:\/\/hudo.com\/si\/vip\/marko-vozelj-pristal-v-bolnisnici-v-zivljenju-pricakuj-tudi-nepricakovano\/\" \/>\n<meta property=\"og:site_name\" content=\"Hudo Slovenija\" \/>\n<meta property=\"article:publisher\" content=\"https:\/\/www.facebook.com\/hudo.si\" \/>\n<meta property=\"article:published_time\" content=\"2021-07-29T13:17:17+00:00\" \/>\n<meta property=\"article:modified_time\" content=\"2021-07-29T13:25:23+00:00\" \/>\n<meta property=\"og:image\" content=\"https:\/\/hudo.com\/si\/wp-content\/uploads\/sites\/2\/2021\/07\/profimedia-0617027226.jpg\" \/>\n\t<meta property=\"og:image:width\" content=\"1250\" \/>\n\t<meta property=\"og:image:height\" content=\"832\" \/>\n\t<meta property=\"og:image:type\" content=\"image\/jpeg\" \/>\n<meta name=\"author\" content=\"A. G.\" \/>\n<meta name=\"twitter:card\" content=\"summary_large_image\" \/>\n<meta name=\"twitter:creator\" content=\"@hudo_si\" \/>\n<meta name=\"twitter:site\" content=\"@hudo_si\" \/>\n<meta name=\"twitter:label1\" content=\"Written by\" \/>\n\t<meta name=\"twitter:data1\" content=\"A. G.\" \/>\n\t<meta name=\"twitter:label2\" content=\"Est. reading time\" \/>\n\t<meta name=\"twitter:data2\" content=\"1 minuta\" \/>\n<script type=\"application\/ld+json\" class=\"yoast-schema-graph\">{\"@context\":\"https:\/\/schema.org\",\"@graph\":[{\"@type\":\"Article\",\"@id\":\"https:\/\/hudo.com\/si\/vip\/marko-vozelj-pristal-v-bolnisnici-v-zivljenju-pricakuj-tudi-nepricakovano\/#article\",\"isPartOf\":{\"@id\":\"https:\/\/hudo.com\/si\/vip\/marko-vozelj-pristal-v-bolnisnici-v-zivljenju-pricakuj-tudi-nepricakovano\/\"},\"author\":{\"name\":\"A. G.\",\"@id\":\"https:\/\/hudo.com\/si\/#\/schema\/person\/f95639a66e0dd2c682b0568634e85b8b\"},\"headline\":\"Marko Vozelj pristal v bolni\u0161nici: &#8220;&#8221;V \u017eivljenju pri\u010dakuj tudi nepri\u010dakovano&#8221;\",\"datePublished\":\"2021-07-29T13:17:17+00:00\",\"dateModified\":\"2021-07-29T13:25:23+00:00\",\"mainEntityOfPage\":{\"@id\":\"https:\/\/hudo.com\/si\/vip\/marko-vozelj-pristal-v-bolnisnici-v-zivljenju-pricakuj-tudi-nepricakovano\/\"},\"wordCount\":177,\"publisher\":{\"@id\":\"https:\/\/hudo.com\/si\/#organization\"},\"keywords\":[\"bolni\u0161nica\",\"Marko Vozelj\",\"operacija\",\"Slovenija\"],\"articleSection\":[\"VIP\"],\"inLanguage\":\"sl-SI\"},{\"@type\":\"WebPage\",\"@id\":\"https:\/\/hudo.com\/si\/vip\/marko-vozelj-pristal-v-bolnisnici-v-zivljenju-pricakuj-tudi-nepricakovano\/\",\"url\":\"https:\/\/hudo.com\/si\/vip\/marko-vozelj-pristal-v-bolnisnici-v-zivljenju-pricakuj-tudi-nepricakovano\/\",\"name\":\"Marko Vozelj pristal v bolni\u0161nici: \\\"\\\"V \u017eivljenju pri\u010dakuj tudi nepri\u010dakovano\\\" - Hudo Slovenija\",\"isPartOf\":{\"@id\":\"https:\/\/hudo.com\/si\/#website\"},\"datePublished\":\"2021-07-29T13:17:17+00:00\",\"dateModified\":\"2021-07-29T13:25:23+00:00\",\"breadcrumb\":{\"@id\":\"https:\/\/hudo.com\/si\/vip\/marko-vozelj-pristal-v-bolnisnici-v-zivljenju-pricakuj-tudi-nepricakovano\/#breadcrumb\"},\"inLanguage\":\"sl-SI\",\"potentialAction\":[{\"@type\":\"ReadAction\",\"target\":[\"https:\/\/hudo.com\/si\/vip\/marko-vozelj-pristal-v-bolnisnici-v-zivljenju-pricakuj-tudi-nepricakovano\/\"]}]},{\"@type\":\"BreadcrumbList\",\"@id\":\"https:\/\/hudo.com\/si\/vip\/marko-vozelj-pristal-v-bolnisnici-v-zivljenju-pricakuj-tudi-nepricakovano\/#breadcrumb\",\"itemListElement\":[{\"@type\":\"ListItem\",\"position\":1,\"name\":\"Home\",\"item\":\"https:\/\/hudo.com\/si\/\"},{\"@type\":\"ListItem\",\"position\":2,\"name\":\"Marko Vozelj pristal v bolni\u0161nici: &#8220;&#8221;V \u017eivljenju pri\u010dakuj tudi nepri\u010dakovano&#8221;\"}]},{\"@type\":\"WebSite\",\"@id\":\"https:\/\/hudo.com\/si\/#website\",\"url\":\"https:\/\/hudo.com\/si\/\",\"name\":\"Hudo Slovenija\",\"description\":\"Vse novice iz Slovenije in sveta\",\"publisher\":{\"@id\":\"https:\/\/hudo.com\/si\/#organization\"},\"potentialAction\":[{\"@type\":\"SearchAction\",\"target\":{\"@type\":\"EntryPoint\",\"urlTemplate\":\"https:\/\/hudo.com\/si\/?s={search_term_string}\"},\"query-input\":\"required name=search_term_string\"}],\"inLanguage\":\"sl-SI\"},{\"@type\":\"Organization\",\"@id\":\"https:\/\/hudo.com\/si\/#organization\",\"name\":\"VSN Media\",\"url\":\"https:\/\/hudo.com\/si\/\",\"logo\":{\"@type\":\"ImageObject\",\"inLanguage\":\"sl-SI\",\"@id\":\"https:\/\/hudo.com\/si\/#\/schema\/logo\/image\/\",\"url\":\"https:\/\/hudo.com\/si\/wp-content\/uploads\/sites\/2\/2021\/03\/hudo-app-2.png\",\"contentUrl\":\"https:\/\/hudo.com\/si\/wp-content\/uploads\/sites\/2\/2021\/03\/hudo-app-2.png\",\"width\":2185,\"height\":2167,\"caption\":\"VSN Media\"},\"image\":{\"@id\":\"https:\/\/hudo.com\/si\/#\/schema\/logo\/image\/\"},\"sameAs\":[\"https:\/\/www.facebook.com\/hudo.si\",\"https:\/\/twitter.com\/hudo_si\"]},{\"@type\":\"Person\",\"@id\":\"https:\/\/hudo.com\/si\/#\/schema\/person\/f95639a66e0dd2c682b0568634e85b8b\",\"name\":\"A. G.\",\"image\":{\"@type\":\"ImageObject\",\"inLanguage\":\"sl-SI\",\"@id\":\"https:\/\/hudo.com\/si\/#\/schema\/person\/image\/\",\"url\":\"https:\/\/secure.gravatar.com\/avatar\/9f44de561c70d5d80348d3ed0f4b142d?s=96&d=mm&r=g\",\"contentUrl\":\"https:\/\/secure.gravatar.com\/avatar\/9f44de561c70d5d80348d3ed0f4b142d?s=96&d=mm&r=g\",\"caption\":\"A. G.\"},\"url\":\"https:\/\/hudo.com\/si\/author\/alenkagrmek\/\"}]}<\/script>\n<!-- \/ Yoast SEO plugin. -->","yoast_head_json":{"title":"Marko Vozelj pristal v bolni\u0161nici: \"\"V \u017eivljenju pri\u010dakuj tudi nepri\u010dakovano\" - Hudo Slovenija","robots":{"index":"index","follow":"follow","max-snippet":"max-snippet:-1","max-image-preview":"max-image-preview:large","max-video-preview":"max-video-preview:-1"},"canonical":"https:\/\/hudo.com\/si\/vip\/marko-vozelj-pristal-v-bolnisnici-v-zivljenju-pricakuj-tudi-nepricakovano\/","og_locale":"sl_SI","og_type":"article","og_title":"Marko Vozelj pristal v bolni\u0161nici: \"\"V \u017eivljenju pri\u010dakuj tudi nepri\u010dakovano\" - Hudo Slovenija","og_description":"Na\u0161 priljubljeni pevec je na svojem profilu na Facebooku objavil svojo fotografijo iz bolni\u0161nice in obo\u017eevalcem sporo\u010dil \u017ealostno novico.","og_url":"https:\/\/hudo.com\/si\/vip\/marko-vozelj-pristal-v-bolnisnici-v-zivljenju-pricakuj-tudi-nepricakovano\/","og_site_name":"Hudo Slovenija","article_publisher":"https:\/\/www.facebook.com\/hudo.si","article_published_time":"2021-07-29T13:17:17+00:00","article_modified_time":"2021-07-29T13:25:23+00:00","og_image":[{"width":1250,"height":832,"url":"https:\/\/hudo.com\/si\/wp-content\/uploads\/sites\/2\/2021\/07\/profimedia-0617027226.jpg","type":"image\/jpeg"}],"author":"A. G.","twitter_card":"summary_large_image","twitter_creator":"@hudo_si","twitter_site":"@hudo_si","twitter_misc":{"Written by":"A. G.","Est. reading time":"1 minuta"},"schema":{"@context":"https:\/\/schema.org","@graph":[{"@type":"Article","@id":"https:\/\/hudo.com\/si\/vip\/marko-vozelj-pristal-v-bolnisnici-v-zivljenju-pricakuj-tudi-nepricakovano\/#article","isPartOf":{"@id":"https:\/\/hudo.com\/si\/vip\/marko-vozelj-pristal-v-bolnisnici-v-zivljenju-pricakuj-tudi-nepricakovano\/"},"author":{"name":"A. G.","@id":"https:\/\/hudo.com\/si\/#\/schema\/person\/f95639a66e0dd2c682b0568634e85b8b"},"headline":"Marko Vozelj pristal v bolni\u0161nici: &#8220;&#8221;V \u017eivljenju pri\u010dakuj tudi nepri\u010dakovano&#8221;","datePublished":"2021-07-29T13:17:17+00:00","dateModified":"2021-07-29T13:25:23+00:00","mainEntityOfPage":{"@id":"https:\/\/hudo.com\/si\/vip\/marko-vozelj-pristal-v-bolnisnici-v-zivljenju-pricakuj-tudi-nepricakovano\/"},"wordCount":177,"publisher":{"@id":"https:\/\/hudo.com\/si\/#organization"},"keywords":["bolni\u0161nica","Marko Vozelj","operacija","Slovenija"],"articleSection":["VIP"],"inLanguage":"sl-SI"},{"@type":"WebPage","@id":"https:\/\/hudo.com\/si\/vip\/marko-vozelj-pristal-v-bolnisnici-v-zivljenju-pricakuj-tudi-nepricakovano\/","url":"https:\/\/hudo.com\/si\/vip\/marko-vozelj-pristal-v-bolnisnici-v-zivljenju-pricakuj-tudi-nepricakovano\/","name":"Marko Vozelj pristal v bolni\u0161nici: \"\"V \u017eivljenju pri\u010dakuj tudi nepri\u010dakovano\" - Hudo Slovenija","isPartOf":{"@id":"https:\/\/hudo.com\/si\/#website"},"datePublished":"2021-07-29T13:17:17+00:00","dateModified":"2021-07-29T13:25:23+00:00","breadcrumb":{"@id":"https:\/\/hudo.com\/si\/vip\/marko-vozelj-pristal-v-bolnisnici-v-zivljenju-pricakuj-tudi-nepricakovano\/#breadcrumb"},"inLanguage":"sl-SI","potentialAction":[{"@type":"ReadAction","target":["https:\/\/hudo.com\/si\/vip\/marko-vozelj-pristal-v-bolnisnici-v-zivljenju-pricakuj-tudi-nepricakovano\/"]}]},{"@type":"BreadcrumbList","@id":"https:\/\/hudo.com\/si\/vip\/marko-vozelj-pristal-v-bolnisnici-v-zivljenju-pricakuj-tudi-nepricakovano\/#breadcrumb","itemListElement":[{"@type":"ListItem","position":1,"name":"Home","item":"https:\/\/hudo.com\/si\/"},{"@type":"ListItem","position":2,"name":"Marko Vozelj pristal v bolni\u0161nici: &#8220;&#8221;V \u017eivljenju pri\u010dakuj tudi nepri\u010dakovano&#8221;"}]},{"@type":"WebSite","@id":"https:\/\/hudo.com\/si\/#website","url":"https:\/\/hudo.com\/si\/","name":"Hudo Slovenija","description":"Vse novice iz Slovenije in sveta","publisher":{"@id":"https:\/\/hudo.com\/si\/#organization"},"potentialAction":[{"@type":"SearchAction","target":{"@type":"EntryPoint","urlTemplate":"https:\/\/hudo.com\/si\/?s={search_term_string}"},"query-input":"required name=search_term_string"}],"inLanguage":"sl-SI"},{"@type":"Organization","@id":"https:\/\/hudo.com\/si\/#organization","name":"VSN Media","url":"https:\/\/hudo.com\/si\/","logo":{"@type":"ImageObject","inLanguage":"sl-SI","@id":"https:\/\/hudo.com\/si\/#\/schema\/logo\/image\/","url":"https:\/\/hudo.com\/si\/wp-content\/uploads\/sites\/2\/2021\/03\/hudo-app-2.png","contentUrl":"https:\/\/hudo.com\/si\/wp-content\/uploads\/sites\/2\/2021\/03\/hudo-app-2.png","width":2185,"height":2167,"caption":"VSN Media"},"image":{"@id":"https:\/\/hudo.com\/si\/#\/schema\/logo\/image\/"},"sameAs":["https:\/\/www.facebook.com\/hudo.si","https:\/\/twitter.com\/hudo_si"]},{"@type":"Person","@id":"https:\/\/hudo.com\/si\/#\/schema\/person\/f95639a66e0dd2c682b0568634e85b8b","name":"A. G.","image":{"@type":"ImageObject","inLanguage":"sl-SI","@id":"https:\/\/hudo.com\/si\/#\/schema\/person\/image\/","url":"https:\/\/secure.gravatar.com\/avatar\/9f44de561c70d5d80348d3ed0f4b142d?s=96&d=mm&r=g","contentUrl":"https:\/\/secure.gravatar.com\/avatar\/9f44de561c70d5d80348d3ed0f4b142d?s=96&d=mm&r=g","caption":"A. G."},"url":"https:\/\/hudo.com\/si\/author\/alenkagrmek\/"}]}},"amp_enabled":true,"_links":{"self":[{"href":"https:\/\/hudo.com\/si\/wp-json\/wp\/v2\/posts\/455568"}],"collection":[{"href":"https:\/\/hudo.com\/si\/wp-json\/wp\/v2\/posts"}],"about":[{"href":"https:\/\/hudo.com\/si\/wp-json\/wp\/v2\/types\/post"}],"author":[{"embeddable":true,"href":"https:\/\/hudo.com\/si\/wp-json\/wp\/v2\/users\/6"}],"replies":[{"embeddable":true,"href":"https:\/\/hudo.com\/si\/wp-json\/wp\/v2\/comments?post=455568"}],"version-history":[{"count":5,"href":"https:\/\/hudo.com\/si\/wp-json\/wp\/v2\/posts\/455568\/revisions"}],"predecessor-version":[{"id":455579,"href":"https:\/\/hudo.com\/si\/wp-json\/wp\/v2\/posts\/455568\/revisions\/455579"}],"wp:featuredmedia":[{"embeddable":true,"href":"https:\/\/hudo.com\/si\/wp-json\/wp\/v2\/media\/455574"}],"wp:attachment":[{"href":"https:\/\/hudo.com\/si\/wp-json\/wp\/v2\/media?parent=455568"}],"wp:term":[{"taxonomy":"category","embeddable":true,"href":"https:\/\/hudo.com\/si\/wp-json\/wp\/v2\/categories?post=455568"},{"taxonomy":"post_tag","embeddable":true,"href":"https:\/\/hudo.com\/si\/wp-json\/wp\/v2\/tags?post=455568"},{"taxonomy":"source","embeddable":true,"href":"https:\/\/hudo.com\/si\/wp-json\/wp\/v2\/source?post=455568"},{"taxonomy":"supertag","embeddable":true,"href":"https:\/\/hudo.com\/si\/wp-json\/wp\/v2\/supertag?post=455568"}],"curies":[{"name":"wp","href":"https:\/\/api.w.org\/{rel}","templated":true}]}}