{"id":455813,"date":"2021-08-04T10:57:48","date_gmt":"2021-08-04T08:57:48","guid":{"rendered":"https:\/\/hudo.com\/si\/?p=455813"},"modified":"2021-08-04T10:57:48","modified_gmt":"2021-08-04T08:57:48","slug":"trcila-potniska-vlaka-dve-smrtni-zrtvi-38-oseb-poskodovanih-od-tega-jih-je-sedem-v-kriticnem-stanju","status":"publish","type":"post","link":"https:\/\/hudo.com\/si\/aktualno\/svet\/trcila-potniska-vlaka-dve-smrtni-zrtvi-38-oseb-poskodovanih-od-tega-jih-je-sedem-v-kriticnem-stanju\/","title":{"rendered":"Tr\u010dila potni\u0161ka vlaka: dve smrtni \u017ertvi, 38 oseb po\u0161kodovanih, od tega jih je sedem v kriti\u010dnem stanju"},"content":{"rendered":"<p>Na jugozahodu \u010ce\u0161ke sta danes tr\u010dila potni\u0161ka vlaka, pri \u010demer sta po navedbah policije in re\u0161evalcev dve osebi umrli, 38 pa je ranjenih, od tega jih je sedem v kriti\u010dnem stanju, poro\u010da nem\u0161ka tiskovna agencija dpa.<\/p>\n<blockquote class=\"twitter-tweet\">\n<p dir=\"ltr\" lang=\"cs\">Situace na m\u00edst\u011b FOTO: Jan Ek <a href=\"https:\/\/t.co\/sQkpgqTMyd\">pic.twitter.com\/sQkpgqTMyd<\/a><\/p>\n<p>\u2014 Jirka Kohout &#x1f413; (@JirkaKokodak) <a href=\"https:\/\/twitter.com\/JirkaKokodak\/status\/1422821391762657280?ref_src=twsrc%5Etfw\">August 4, 2021<\/a><\/p><\/blockquote>\n<p><div class=\"embed-notice\">Za ogled vstavljene vsebine morate omogo\u010diti <a href=\"#\" onclick=\"Optanon.ToggleInfoDisplay()\">shranjevanje pi\u0161kotkov v napravi<\/a><\/div><script async type=\"text\/plain\" class=\"optanon-category-C0002-C0003-C0004\" optanon-src=\"https:\/\/platform.twitter.com\/widgets.js\" charset=\"utf-8\"><\/script><\/p>\n<p>Nesre\u010da se je zgodila okoli 8. ure v vasi Milav\u010de pri mestu Doma\u017elice, nedale\u010d od meje z nem\u0161ko Bavarsko. Tr\u010dila sta hitri vlak, ki je prihajal iz M\u00fcnchna in je bil na poti v Prago, ter navaden potni\u0161ki vlak, t. i. RegioShark, med Plznom in Doma\u017elicami. Po prvih informacijah naj bi hitri vlak prevozil signal za ustavitev.<\/p>\n<blockquote class=\"twitter-tweet\">\n<p dir=\"ltr\" lang=\"und\"><a href=\"https:\/\/t.co\/1xd7HpwB6l\">pic.twitter.com\/1xd7HpwB6l<\/a><\/p>\n<p>\u2014 HZS Plze\u0148sk\u00e9ho kraje (@hzsplzen) <a href=\"https:\/\/twitter.com\/hzsplzen\/status\/1422825372190748672?ref_src=twsrc%5Etfw\">August 4, 2021<\/a><\/p><\/blockquote>\n<p><div class=\"embed-notice\">Za ogled vstavljene vsebine morate omogo\u010diti <a href=\"#\" onclick=\"Optanon.ToggleInfoDisplay()\">shranjevanje pi\u0161kotkov v napravi<\/a><\/div><script async type=\"text\/plain\" class=\"optanon-category-C0002-C0003-C0004\" optanon-src=\"https:\/\/platform.twitter.com\/widgets.js\" charset=\"utf-8\"><\/script><\/p>\n<p>Na prizori\u0161\u010du je ve\u010d deset re\u0161evalcev, pa tudi \u0161tirje re\u0161evalni helikopterji in ve\u010d re\u0161evalnih avtomobilov, ki ranjene preva\u017eajo v bolni\u0161nice. Pomo\u010d je \u017ee pri\u0161la tudi iz Nem\u010dije. Na poti na prizori\u0161\u010de je \u010de\u0161ki minister za promet Karel Havli\u010dek.<\/p>\n<blockquote class=\"twitter-tweet\">\n<p dir=\"ltr\" lang=\"und\"><a href=\"https:\/\/t.co\/bgOiUgp3ug\">pic.twitter.com\/bgOiUgp3ug<\/a><\/p>\n<p>\u2014 Jirka Kohout &#x1f413; (@JirkaKokodak) <a href=\"https:\/\/twitter.com\/JirkaKokodak\/status\/1422822055549014016?ref_src=twsrc%5Etfw\">August 4, 2021<\/a><\/p><\/blockquote>\n<p><div class=\"embed-notice\">Za ogled vstavljene vsebine morate omogo\u010diti <a href=\"#\" onclick=\"Optanon.ToggleInfoDisplay()\">shranjevanje pi\u0161kotkov v napravi<\/a><\/div><script async type=\"text\/plain\" class=\"optanon-category-C0002-C0003-C0004\" optanon-src=\"https:\/\/platform.twitter.com\/widgets.js\" charset=\"utf-8\"><\/script><\/p>\n<p>V podobni \u017eelezni\u0161ki nesre\u010di julija lani na \u010ce\u0161kem so umrli trije ljudje, ve\u010d deset je bilo ranjenih. Nesre\u010de \u010de\u0161kih vlakov so sicer po poro\u010danju dpa relativno pogoste, pogosto pa so zanje krivi zastareli varnostni sistemi.<\/p>\n","protected":false},"excerpt":{"rendered":"<p>Mrtvi in ranjeni v hudem tr\u010denju vlakov na \u010ce\u0161kem.<\/p>\n","protected":false},"author":5,"featured_media":455814,"comment_status":"closed","ping_status":"closed","sticky":false,"template":"","format":"standard","meta":{"footnotes":""},"categories":[18202],"tags":[3758,5647],"source":[4511],"supertag":[],"acf":[],"yoast_head":"<!-- This site is optimized with the Yoast SEO plugin v21.3 - https:\/\/yoast.com\/wordpress\/plugins\/seo\/ -->\n<title>Tr\u010dila potni\u0161ka vlaka: dve smrtni \u017ertvi, 38 oseb po\u0161kodovanih, od tega jih je sedem v kriti\u010dnem stanju - Hudo Slovenija<\/title>\n<meta name=\"robots\" content=\"index, follow, max-snippet:-1, max-image-preview:large, max-video-preview:-1\" \/>\n<link rel=\"canonical\" href=\"https:\/\/hudo.com\/si\/aktualno\/svet\/trcila-potniska-vlaka-dve-smrtni-zrtvi-38-oseb-poskodovanih-od-tega-jih-je-sedem-v-kriticnem-stanju\/\" \/>\n<meta property=\"og:locale\" content=\"sl_SI\" \/>\n<meta property=\"og:type\" content=\"article\" \/>\n<meta property=\"og:title\" content=\"Tr\u010dila potni\u0161ka vlaka: dve smrtni \u017ertvi, 38 oseb po\u0161kodovanih, od tega jih je sedem v kriti\u010dnem stanju - Hudo Slovenija\" \/>\n<meta property=\"og:description\" content=\"Mrtvi in ranjeni v hudem tr\u010denju vlakov na \u010ce\u0161kem.\" \/>\n<meta property=\"og:url\" content=\"https:\/\/hudo.com\/si\/aktualno\/svet\/trcila-potniska-vlaka-dve-smrtni-zrtvi-38-oseb-poskodovanih-od-tega-jih-je-sedem-v-kriticnem-stanju\/\" \/>\n<meta property=\"og:site_name\" content=\"Hudo Slovenija\" \/>\n<meta property=\"article:publisher\" content=\"https:\/\/www.facebook.com\/hudo.si\" \/>\n<meta property=\"article:published_time\" content=\"2021-08-04T08:57:48+00:00\" \/>\n<meta property=\"og:image\" content=\"https:\/\/hudo.com\/si\/wp-content\/uploads\/sites\/2\/2021\/08\/Screenshot-from-2021-08-04-10-56-49.jpg\" \/>\n\t<meta property=\"og:image:width\" content=\"639\" \/>\n\t<meta property=\"og:image:height\" content=\"475\" \/>\n\t<meta property=\"og:image:type\" content=\"image\/jpeg\" \/>\n<meta name=\"author\" content=\"A. G., STA\" \/>\n<meta name=\"twitter:card\" content=\"summary_large_image\" \/>\n<meta name=\"twitter:creator\" content=\"@hudo_si\" \/>\n<meta name=\"twitter:site\" content=\"@hudo_si\" \/>\n<meta name=\"twitter:label1\" content=\"Written by\" \/>\n\t<meta name=\"twitter:data1\" content=\"A. G., STA\" \/>\n\t<meta name=\"twitter:label2\" content=\"Est. reading time\" \/>\n\t<meta name=\"twitter:data2\" content=\"1 minuta\" \/>\n<script type=\"application\/ld+json\" class=\"yoast-schema-graph\">{\"@context\":\"https:\/\/schema.org\",\"@graph\":[{\"@type\":\"Article\",\"@id\":\"https:\/\/hudo.com\/si\/aktualno\/svet\/trcila-potniska-vlaka-dve-smrtni-zrtvi-38-oseb-poskodovanih-od-tega-jih-je-sedem-v-kriticnem-stanju\/#article\",\"isPartOf\":{\"@id\":\"https:\/\/hudo.com\/si\/aktualno\/svet\/trcila-potniska-vlaka-dve-smrtni-zrtvi-38-oseb-poskodovanih-od-tega-jih-je-sedem-v-kriticnem-stanju\/\"},\"author\":{\"name\":\"A. G., STA\",\"@id\":\"https:\/\/hudo.com\/si\/#\/schema\/person\/2391667a63ea075ba94f2f2dc6b77537\"},\"headline\":\"Tr\u010dila potni\u0161ka vlaka: dve smrtni \u017ertvi, 38 oseb po\u0161kodovanih, od tega jih je sedem v kriti\u010dnem stanju\",\"datePublished\":\"2021-08-04T08:57:48+00:00\",\"dateModified\":\"2021-08-04T08:57:48+00:00\",\"mainEntityOfPage\":{\"@id\":\"https:\/\/hudo.com\/si\/aktualno\/svet\/trcila-potniska-vlaka-dve-smrtni-zrtvi-38-oseb-poskodovanih-od-tega-jih-je-sedem-v-kriticnem-stanju\/\"},\"wordCount\":257,\"publisher\":{\"@id\":\"https:\/\/hudo.com\/si\/#organization\"},\"keywords\":[\"\u010de\u0161ka\",\"\u017eelezni\u0161ka nesre\u010da\"],\"articleSection\":[\"Svet\"],\"inLanguage\":\"sl-SI\"},{\"@type\":\"WebPage\",\"@id\":\"https:\/\/hudo.com\/si\/aktualno\/svet\/trcila-potniska-vlaka-dve-smrtni-zrtvi-38-oseb-poskodovanih-od-tega-jih-je-sedem-v-kriticnem-stanju\/\",\"url\":\"https:\/\/hudo.com\/si\/aktualno\/svet\/trcila-potniska-vlaka-dve-smrtni-zrtvi-38-oseb-poskodovanih-od-tega-jih-je-sedem-v-kriticnem-stanju\/\",\"name\":\"Tr\u010dila potni\u0161ka vlaka: dve smrtni \u017ertvi, 38 oseb po\u0161kodovanih, od tega jih je sedem v kriti\u010dnem stanju - Hudo Slovenija\",\"isPartOf\":{\"@id\":\"https:\/\/hudo.com\/si\/#website\"},\"datePublished\":\"2021-08-04T08:57:48+00:00\",\"dateModified\":\"2021-08-04T08:57:48+00:00\",\"breadcrumb\":{\"@id\":\"https:\/\/hudo.com\/si\/aktualno\/svet\/trcila-potniska-vlaka-dve-smrtni-zrtvi-38-oseb-poskodovanih-od-tega-jih-je-sedem-v-kriticnem-stanju\/#breadcrumb\"},\"inLanguage\":\"sl-SI\",\"potentialAction\":[{\"@type\":\"ReadAction\",\"target\":[\"https:\/\/hudo.com\/si\/aktualno\/svet\/trcila-potniska-vlaka-dve-smrtni-zrtvi-38-oseb-poskodovanih-od-tega-jih-je-sedem-v-kriticnem-stanju\/\"]}]},{\"@type\":\"BreadcrumbList\",\"@id\":\"https:\/\/hudo.com\/si\/aktualno\/svet\/trcila-potniska-vlaka-dve-smrtni-zrtvi-38-oseb-poskodovanih-od-tega-jih-je-sedem-v-kriticnem-stanju\/#breadcrumb\",\"itemListElement\":[{\"@type\":\"ListItem\",\"position\":1,\"name\":\"Home\",\"item\":\"https:\/\/hudo.com\/si\/\"},{\"@type\":\"ListItem\",\"position\":2,\"name\":\"Tr\u010dila potni\u0161ka vlaka: dve smrtni \u017ertvi, 38 oseb po\u0161kodovanih, od tega jih je sedem v kriti\u010dnem stanju\"}]},{\"@type\":\"WebSite\",\"@id\":\"https:\/\/hudo.com\/si\/#website\",\"url\":\"https:\/\/hudo.com\/si\/\",\"name\":\"Hudo Slovenija\",\"description\":\"Vse novice iz Slovenije in sveta\",\"publisher\":{\"@id\":\"https:\/\/hudo.com\/si\/#organization\"},\"potentialAction\":[{\"@type\":\"SearchAction\",\"target\":{\"@type\":\"EntryPoint\",\"urlTemplate\":\"https:\/\/hudo.com\/si\/?s={search_term_string}\"},\"query-input\":\"required name=search_term_string\"}],\"inLanguage\":\"sl-SI\"},{\"@type\":\"Organization\",\"@id\":\"https:\/\/hudo.com\/si\/#organization\",\"name\":\"VSN Media\",\"url\":\"https:\/\/hudo.com\/si\/\",\"logo\":{\"@type\":\"ImageObject\",\"inLanguage\":\"sl-SI\",\"@id\":\"https:\/\/hudo.com\/si\/#\/schema\/logo\/image\/\",\"url\":\"https:\/\/hudo.com\/si\/wp-content\/uploads\/sites\/2\/2021\/03\/hudo-app-2.png\",\"contentUrl\":\"https:\/\/hudo.com\/si\/wp-content\/uploads\/sites\/2\/2021\/03\/hudo-app-2.png\",\"width\":2185,\"height\":2167,\"caption\":\"VSN Media\"},\"image\":{\"@id\":\"https:\/\/hudo.com\/si\/#\/schema\/logo\/image\/\"},\"sameAs\":[\"https:\/\/www.facebook.com\/hudo.si\",\"https:\/\/twitter.com\/hudo_si\"]},{\"@type\":\"Person\",\"@id\":\"https:\/\/hudo.com\/si\/#\/schema\/person\/2391667a63ea075ba94f2f2dc6b77537\",\"name\":\"A. G., STA\",\"image\":{\"@type\":\"ImageObject\",\"inLanguage\":\"sl-SI\",\"@id\":\"https:\/\/hudo.com\/si\/#\/schema\/person\/image\/\",\"url\":\"https:\/\/secure.gravatar.com\/avatar\/e13d22ac3e442658d5025fbbe6238a79?s=96&d=mm&r=g\",\"contentUrl\":\"https:\/\/secure.gravatar.com\/avatar\/e13d22ac3e442658d5025fbbe6238a79?s=96&d=mm&r=g\",\"caption\":\"A. G., STA\"},\"url\":\"https:\/\/hudo.com\/si\/author\/alenka\/\"}]}<\/script>\n<!-- \/ Yoast SEO plugin. -->","yoast_head_json":{"title":"Tr\u010dila potni\u0161ka vlaka: dve smrtni \u017ertvi, 38 oseb po\u0161kodovanih, od tega jih je sedem v kriti\u010dnem stanju - Hudo Slovenija","robots":{"index":"index","follow":"follow","max-snippet":"max-snippet:-1","max-image-preview":"max-image-preview:large","max-video-preview":"max-video-preview:-1"},"canonical":"https:\/\/hudo.com\/si\/aktualno\/svet\/trcila-potniska-vlaka-dve-smrtni-zrtvi-38-oseb-poskodovanih-od-tega-jih-je-sedem-v-kriticnem-stanju\/","og_locale":"sl_SI","og_type":"article","og_title":"Tr\u010dila potni\u0161ka vlaka: dve smrtni \u017ertvi, 38 oseb po\u0161kodovanih, od tega jih je sedem v kriti\u010dnem stanju - Hudo Slovenija","og_description":"Mrtvi in ranjeni v hudem tr\u010denju vlakov na \u010ce\u0161kem.","og_url":"https:\/\/hudo.com\/si\/aktualno\/svet\/trcila-potniska-vlaka-dve-smrtni-zrtvi-38-oseb-poskodovanih-od-tega-jih-je-sedem-v-kriticnem-stanju\/","og_site_name":"Hudo Slovenija","article_publisher":"https:\/\/www.facebook.com\/hudo.si","article_published_time":"2021-08-04T08:57:48+00:00","og_image":[{"width":639,"height":475,"url":"https:\/\/hudo.com\/si\/wp-content\/uploads\/sites\/2\/2021\/08\/Screenshot-from-2021-08-04-10-56-49.jpg","type":"image\/jpeg"}],"author":"A. G., STA","twitter_card":"summary_large_image","twitter_creator":"@hudo_si","twitter_site":"@hudo_si","twitter_misc":{"Written by":"A. G., STA","Est. reading time":"1 minuta"},"schema":{"@context":"https:\/\/schema.org","@graph":[{"@type":"Article","@id":"https:\/\/hudo.com\/si\/aktualno\/svet\/trcila-potniska-vlaka-dve-smrtni-zrtvi-38-oseb-poskodovanih-od-tega-jih-je-sedem-v-kriticnem-stanju\/#article","isPartOf":{"@id":"https:\/\/hudo.com\/si\/aktualno\/svet\/trcila-potniska-vlaka-dve-smrtni-zrtvi-38-oseb-poskodovanih-od-tega-jih-je-sedem-v-kriticnem-stanju\/"},"author":{"name":"A. G., STA","@id":"https:\/\/hudo.com\/si\/#\/schema\/person\/2391667a63ea075ba94f2f2dc6b77537"},"headline":"Tr\u010dila potni\u0161ka vlaka: dve smrtni \u017ertvi, 38 oseb po\u0161kodovanih, od tega jih je sedem v kriti\u010dnem stanju","datePublished":"2021-08-04T08:57:48+00:00","dateModified":"2021-08-04T08:57:48+00:00","mainEntityOfPage":{"@id":"https:\/\/hudo.com\/si\/aktualno\/svet\/trcila-potniska-vlaka-dve-smrtni-zrtvi-38-oseb-poskodovanih-od-tega-jih-je-sedem-v-kriticnem-stanju\/"},"wordCount":257,"publisher":{"@id":"https:\/\/hudo.com\/si\/#organization"},"keywords":["\u010de\u0161ka","\u017eelezni\u0161ka nesre\u010da"],"articleSection":["Svet"],"inLanguage":"sl-SI"},{"@type":"WebPage","@id":"https:\/\/hudo.com\/si\/aktualno\/svet\/trcila-potniska-vlaka-dve-smrtni-zrtvi-38-oseb-poskodovanih-od-tega-jih-je-sedem-v-kriticnem-stanju\/","url":"https:\/\/hudo.com\/si\/aktualno\/svet\/trcila-potniska-vlaka-dve-smrtni-zrtvi-38-oseb-poskodovanih-od-tega-jih-je-sedem-v-kriticnem-stanju\/","name":"Tr\u010dila potni\u0161ka vlaka: dve smrtni \u017ertvi, 38 oseb po\u0161kodovanih, od tega jih je sedem v kriti\u010dnem stanju - Hudo Slovenija","isPartOf":{"@id":"https:\/\/hudo.com\/si\/#website"},"datePublished":"2021-08-04T08:57:48+00:00","dateModified":"2021-08-04T08:57:48+00:00","breadcrumb":{"@id":"https:\/\/hudo.com\/si\/aktualno\/svet\/trcila-potniska-vlaka-dve-smrtni-zrtvi-38-oseb-poskodovanih-od-tega-jih-je-sedem-v-kriticnem-stanju\/#breadcrumb"},"inLanguage":"sl-SI","potentialAction":[{"@type":"ReadAction","target":["https:\/\/hudo.com\/si\/aktualno\/svet\/trcila-potniska-vlaka-dve-smrtni-zrtvi-38-oseb-poskodovanih-od-tega-jih-je-sedem-v-kriticnem-stanju\/"]}]},{"@type":"BreadcrumbList","@id":"https:\/\/hudo.com\/si\/aktualno\/svet\/trcila-potniska-vlaka-dve-smrtni-zrtvi-38-oseb-poskodovanih-od-tega-jih-je-sedem-v-kriticnem-stanju\/#breadcrumb","itemListElement":[{"@type":"ListItem","position":1,"name":"Home","item":"https:\/\/hudo.com\/si\/"},{"@type":"ListItem","position":2,"name":"Tr\u010dila potni\u0161ka vlaka: dve smrtni \u017ertvi, 38 oseb po\u0161kodovanih, od tega jih je sedem v kriti\u010dnem stanju"}]},{"@type":"WebSite","@id":"https:\/\/hudo.com\/si\/#website","url":"https:\/\/hudo.com\/si\/","name":"Hudo Slovenija","description":"Vse novice iz Slovenije in sveta","publisher":{"@id":"https:\/\/hudo.com\/si\/#organization"},"potentialAction":[{"@type":"SearchAction","target":{"@type":"EntryPoint","urlTemplate":"https:\/\/hudo.com\/si\/?s={search_term_string}"},"query-input":"required name=search_term_string"}],"inLanguage":"sl-SI"},{"@type":"Organization","@id":"https:\/\/hudo.com\/si\/#organization","name":"VSN Media","url":"https:\/\/hudo.com\/si\/","logo":{"@type":"ImageObject","inLanguage":"sl-SI","@id":"https:\/\/hudo.com\/si\/#\/schema\/logo\/image\/","url":"https:\/\/hudo.com\/si\/wp-content\/uploads\/sites\/2\/2021\/03\/hudo-app-2.png","contentUrl":"https:\/\/hudo.com\/si\/wp-content\/uploads\/sites\/2\/2021\/03\/hudo-app-2.png","width":2185,"height":2167,"caption":"VSN Media"},"image":{"@id":"https:\/\/hudo.com\/si\/#\/schema\/logo\/image\/"},"sameAs":["https:\/\/www.facebook.com\/hudo.si","https:\/\/twitter.com\/hudo_si"]},{"@type":"Person","@id":"https:\/\/hudo.com\/si\/#\/schema\/person\/2391667a63ea075ba94f2f2dc6b77537","name":"A. G., STA","image":{"@type":"ImageObject","inLanguage":"sl-SI","@id":"https:\/\/hudo.com\/si\/#\/schema\/person\/image\/","url":"https:\/\/secure.gravatar.com\/avatar\/e13d22ac3e442658d5025fbbe6238a79?s=96&d=mm&r=g","contentUrl":"https:\/\/secure.gravatar.com\/avatar\/e13d22ac3e442658d5025fbbe6238a79?s=96&d=mm&r=g","caption":"A. G., STA"},"url":"https:\/\/hudo.com\/si\/author\/alenka\/"}]}},"amp_enabled":true,"_links":{"self":[{"href":"https:\/\/hudo.com\/si\/wp-json\/wp\/v2\/posts\/455813"}],"collection":[{"href":"https:\/\/hudo.com\/si\/wp-json\/wp\/v2\/posts"}],"about":[{"href":"https:\/\/hudo.com\/si\/wp-json\/wp\/v2\/types\/post"}],"author":[{"embeddable":true,"href":"https:\/\/hudo.com\/si\/wp-json\/wp\/v2\/users\/5"}],"replies":[{"embeddable":true,"href":"https:\/\/hudo.com\/si\/wp-json\/wp\/v2\/comments?post=455813"}],"version-history":[{"count":1,"href":"https:\/\/hudo.com\/si\/wp-json\/wp\/v2\/posts\/455813\/revisions"}],"predecessor-version":[{"id":455815,"href":"https:\/\/hudo.com\/si\/wp-json\/wp\/v2\/posts\/455813\/revisions\/455815"}],"wp:featuredmedia":[{"embeddable":true,"href":"https:\/\/hudo.com\/si\/wp-json\/wp\/v2\/media\/455814"}],"wp:attachment":[{"href":"https:\/\/hudo.com\/si\/wp-json\/wp\/v2\/media?parent=455813"}],"wp:term":[{"taxonomy":"category","embeddable":true,"href":"https:\/\/hudo.com\/si\/wp-json\/wp\/v2\/categories?post=455813"},{"taxonomy":"post_tag","embeddable":true,"href":"https:\/\/hudo.com\/si\/wp-json\/wp\/v2\/tags?post=455813"},{"taxonomy":"source","embeddable":true,"href":"https:\/\/hudo.com\/si\/wp-json\/wp\/v2\/source?post=455813"},{"taxonomy":"supertag","embeddable":true,"href":"https:\/\/hudo.com\/si\/wp-json\/wp\/v2\/supertag?post=455813"}],"curies":[{"name":"wp","href":"https:\/\/api.w.org\/{rel}","templated":true}]}}