{"id":455919,"date":"2021-08-06T10:55:30","date_gmt":"2021-08-06T08:55:30","guid":{"rendered":"https:\/\/hudo.com\/si\/?p=455919"},"modified":"2021-08-06T10:55:30","modified_gmt":"2021-08-06T08:55:30","slug":"letos-zaradi-neprilagojene-hitrosti-ze-26-smrtnih-zrtev-prihodnji-teden-poostren-nadzor","status":"publish","type":"post","link":"https:\/\/hudo.com\/si\/aktualno\/slovenija\/letos-zaradi-neprilagojene-hitrosti-ze-26-smrtnih-zrtev-prihodnji-teden-poostren-nadzor\/","title":{"rendered":"Letos zaradi neprilagojene hitrosti \u017ee 26 smrtnih \u017ertev; prihodnji teden poostren nadzor"},"content":{"rendered":"<p>Neprilagojena hitrost je \u0161e vedno med najpogostej\u0161imi vzroki za prometne nesre\u010de z najhuj\u0161imi posledicami. Letos je bilo do 15. julija zabele\u017eenih 1335 tak\u0161nih prometnih nesre\u010d, kar je pet odstotkov manj kot v enakem obdobju lani. A zelo zaskrbljujo\u010de so najhuj\u0161e posledice teh prometnih nesre\u010d. Letos namre\u010d zaradi neprilagojene hitrosti bele\u017eimo \u017ee skoraj toliko smrtnih \u017ertev kot v celotnem lanskem letu, v dana\u0161njem sporo\u010dilu za javnost opozarja Agencija za varnost prometa (AVP).<\/p>\n<p>Skoraj polovica teh nesre\u010d (660) se je zgodila med petkom in nedeljo. Med temi smrtnimi \u017ertvami je bilo letos najve\u010d, kar sedem, voznikov motornih koles, pet voznikov osebnih avtomobilov, \u0161tirje pe\u0161ci, ki prometne nesre\u010de, v kateri so umrli, niso povzro\u010dili. Med \u017ertvami so bili tudi \u0161tirje vozniki tovornih vozil, dva potnika, ter po en voznik mopeda, \u0161tirikolesnika, traktorja in en kolesar.<\/p>\n<p>Do 20. julija je bilo kljub manj\u0161emu obsegu prometa v prvem \u010detrtletju ugotovljenih 74.522 kr\u0161itev s podro\u010dja hitrosti, to je skoraj 11.000 kr\u0161itev ve\u010d kot v enakem obdobju lani.<\/p>\n<p>Med povzro\u010ditelji prometnih nesre\u010d zaradi neprilagojene hitrosti letos izstopa starostna skupina od 25 do 34 let. Udele\u017eenci iz te starostne skupine so povzro\u010dili najve\u010d, 306 prometnih nesre\u010d, pa tudi najve\u010d smrtnih prometnih nesre\u010d, teh je bilo sedem. Udele\u017eenci starostne skupine od 45 do 54 let so povzro\u010dili \u0161est smrtnih prometnih nesre\u010d.<\/p>\n<p>Najve\u010d hudih telesnih po\u0161kodb (24) so povzro\u010dili udele\u017eenci starostne skupine od 18 do 24 let, najve\u010d la\u017ejih telesnih po\u0161kodb pa iz starostne skupine od 25 do 34 let (149). Sedem smrtnih \u017ertev prometnih nesre\u010d je bilo zaradi udele\u017eencev, ki so poleg neprilagojene hitrosti vozili \u0161e pod vplivom alkohola. Letos je policija od 1. januarja do 20. julija ugotovila skupaj 74.522 kr\u0161itev cestnoprometnih predpisov s podro\u010dja hitrosti, ki sicer predstavljajo pribli\u017eno tretjino vseh ugotovljenih kr\u0161itev.<\/p>\n<p>Tretjina smrtnih prometnih nesre\u010d zaradi neprilagojene hitrosti se zgodi pono\u010di, pribli\u017eno enako razmerje v \u010dasu nastanka prometne nesre\u010de (dan\/no\u010d) pa je tudi v primeru smrtnih prometnih nesre\u010d, \u0161e navaja AVP.<\/p>\n<p>Policija bo v \u010dasu preventivne akcije, ki se bo za\u010dela v ponedeljek, po vsej Sloveniji izvedla poostren nadzor hitrosti, ki je mednarodno usklajen. Gre za aktivnosti, povezane z umirjanjem prometa, nadzor pa je tudi uvod v za\u010detek \u0161olskega leta.<\/p>\n<p>AVP v sodelovanju s Policijo in AMZS v petek, 13. avgusta, v Centru varne vo\u017enje na Vranskem pripravlja dogodek za medije, namenjen ozave\u0161\u010danju javnosti o pomenu prilagajanja hitrosti voznim razmeram. Obenem bodo skupaj opozorili na \u0161tevilne dejavnike, ki vplivajo na varno udele\u017ebo v cestnem prometu. Aktivnosti agencije bodo usmerjene tudi v spletno kampanjo in ozave\u0161\u010danje.<\/p>\n<p>Agencija in policija znova pozivata voznike, naj z umirjeno vo\u017enjo prispevajo k varnim potem za vse prometne udele\u017eence. &#8220;Omejitve hitrosti so namenjene za na\u0161o lastno varnost. Zmerno in odgovorno vozite zato, ker se objestna vo\u017enja lahko kon\u010da usodno,&#8221; so \u0161e opozorili v sporo\u010dilu za javnost.<\/p>\n","protected":false},"excerpt":{"rendered":"<p>Agencija za varnost prometa v sodelovanju s policijo v ponedeljek za\u010denja nacionalno preventivno akcijo Hitrost, ki bo potekala do 15. avgusta. \u010ceprav je bilo letos do 15. julija pet odstotkov manj prometnih nesre\u010d zaradi neprilagojene hitrosti kot v enakem obdobju lani, pa je bilo iz tega razloga \u017ee 26 smrtnih \u017ertev, lani v celem letu pa 27.<\/p>\n","protected":false},"author":5,"featured_media":420591,"comment_status":"closed","ping_status":"closed","sticky":false,"template":"","format":"standard","meta":{"footnotes":""},"categories":[18201],"tags":[4837,1728,1595],"source":[4511],"supertag":[5675],"acf":[],"yoast_head":"<!-- This site is optimized with the Yoast SEO plugin v21.3 - https:\/\/yoast.com\/wordpress\/plugins\/seo\/ -->\n<title>Letos zaradi neprilagojene hitrosti \u017ee 26 smrtnih \u017ertev; prihodnji teden poostren nadzor - Hudo Slovenija<\/title>\n<meta name=\"robots\" content=\"index, follow, max-snippet:-1, max-image-preview:large, max-video-preview:-1\" \/>\n<link rel=\"canonical\" href=\"https:\/\/hudo.com\/si\/aktualno\/slovenija\/letos-zaradi-neprilagojene-hitrosti-ze-26-smrtnih-zrtev-prihodnji-teden-poostren-nadzor\/\" \/>\n<meta property=\"og:locale\" content=\"sl_SI\" \/>\n<meta property=\"og:type\" content=\"article\" \/>\n<meta property=\"og:title\" content=\"Letos zaradi neprilagojene hitrosti \u017ee 26 smrtnih \u017ertev; prihodnji teden poostren nadzor - Hudo Slovenija\" \/>\n<meta property=\"og:description\" content=\"Agencija za varnost prometa v sodelovanju s policijo v ponedeljek za\u010denja nacionalno preventivno akcijo Hitrost, ki bo potekala do 15. avgusta. \u010ceprav je bilo letos do 15. julija pet odstotkov manj prometnih nesre\u010d zaradi neprilagojene hitrosti kot v enakem obdobju lani, pa je bilo iz tega razloga \u017ee 26 smrtnih \u017ertev, lani v celem letu pa 27.\" \/>\n<meta property=\"og:url\" content=\"https:\/\/hudo.com\/si\/aktualno\/slovenija\/letos-zaradi-neprilagojene-hitrosti-ze-26-smrtnih-zrtev-prihodnji-teden-poostren-nadzor\/\" \/>\n<meta property=\"og:site_name\" content=\"Hudo Slovenija\" \/>\n<meta property=\"article:publisher\" content=\"https:\/\/www.facebook.com\/hudo.si\" \/>\n<meta property=\"article:published_time\" content=\"2021-08-06T08:55:30+00:00\" \/>\n<meta property=\"og:image\" content=\"https:\/\/hudo.com\/si\/wp-content\/uploads\/sites\/2\/2020\/04\/profimedia-0512095065.jpg\" \/>\n\t<meta property=\"og:image:width\" content=\"1250\" \/>\n\t<meta property=\"og:image:height\" content=\"833\" \/>\n\t<meta property=\"og:image:type\" content=\"image\/jpeg\" \/>\n<meta name=\"author\" content=\"A. G., STA\" \/>\n<meta name=\"twitter:card\" content=\"summary_large_image\" \/>\n<meta name=\"twitter:creator\" content=\"@hudo_si\" \/>\n<meta name=\"twitter:site\" content=\"@hudo_si\" \/>\n<meta name=\"twitter:label1\" content=\"Written by\" \/>\n\t<meta name=\"twitter:data1\" content=\"A. G., STA\" \/>\n\t<meta name=\"twitter:label2\" content=\"Est. reading time\" \/>\n\t<meta name=\"twitter:data2\" content=\"2 minuti\" \/>\n<script type=\"application\/ld+json\" class=\"yoast-schema-graph\">{\"@context\":\"https:\/\/schema.org\",\"@graph\":[{\"@type\":\"Article\",\"@id\":\"https:\/\/hudo.com\/si\/aktualno\/slovenija\/letos-zaradi-neprilagojene-hitrosti-ze-26-smrtnih-zrtev-prihodnji-teden-poostren-nadzor\/#article\",\"isPartOf\":{\"@id\":\"https:\/\/hudo.com\/si\/aktualno\/slovenija\/letos-zaradi-neprilagojene-hitrosti-ze-26-smrtnih-zrtev-prihodnji-teden-poostren-nadzor\/\"},\"author\":{\"name\":\"A. G., STA\",\"@id\":\"https:\/\/hudo.com\/si\/#\/schema\/person\/2391667a63ea075ba94f2f2dc6b77537\"},\"headline\":\"Letos zaradi neprilagojene hitrosti \u017ee 26 smrtnih \u017ertev; prihodnji teden poostren nadzor\",\"datePublished\":\"2021-08-06T08:55:30+00:00\",\"dateModified\":\"2021-08-06T08:55:30+00:00\",\"mainEntityOfPage\":{\"@id\":\"https:\/\/hudo.com\/si\/aktualno\/slovenija\/letos-zaradi-neprilagojene-hitrosti-ze-26-smrtnih-zrtev-prihodnji-teden-poostren-nadzor\/\"},\"wordCount\":493,\"publisher\":{\"@id\":\"https:\/\/hudo.com\/si\/#organization\"},\"keywords\":[\"neprilagojena hitrost\",\"policija\",\"Slovenija\"],\"articleSection\":[\"Slovenija\"],\"inLanguage\":\"sl-SI\"},{\"@type\":\"WebPage\",\"@id\":\"https:\/\/hudo.com\/si\/aktualno\/slovenija\/letos-zaradi-neprilagojene-hitrosti-ze-26-smrtnih-zrtev-prihodnji-teden-poostren-nadzor\/\",\"url\":\"https:\/\/hudo.com\/si\/aktualno\/slovenija\/letos-zaradi-neprilagojene-hitrosti-ze-26-smrtnih-zrtev-prihodnji-teden-poostren-nadzor\/\",\"name\":\"Letos zaradi neprilagojene hitrosti \u017ee 26 smrtnih \u017ertev; prihodnji teden poostren nadzor - Hudo Slovenija\",\"isPartOf\":{\"@id\":\"https:\/\/hudo.com\/si\/#website\"},\"datePublished\":\"2021-08-06T08:55:30+00:00\",\"dateModified\":\"2021-08-06T08:55:30+00:00\",\"breadcrumb\":{\"@id\":\"https:\/\/hudo.com\/si\/aktualno\/slovenija\/letos-zaradi-neprilagojene-hitrosti-ze-26-smrtnih-zrtev-prihodnji-teden-poostren-nadzor\/#breadcrumb\"},\"inLanguage\":\"sl-SI\",\"potentialAction\":[{\"@type\":\"ReadAction\",\"target\":[\"https:\/\/hudo.com\/si\/aktualno\/slovenija\/letos-zaradi-neprilagojene-hitrosti-ze-26-smrtnih-zrtev-prihodnji-teden-poostren-nadzor\/\"]}]},{\"@type\":\"BreadcrumbList\",\"@id\":\"https:\/\/hudo.com\/si\/aktualno\/slovenija\/letos-zaradi-neprilagojene-hitrosti-ze-26-smrtnih-zrtev-prihodnji-teden-poostren-nadzor\/#breadcrumb\",\"itemListElement\":[{\"@type\":\"ListItem\",\"position\":1,\"name\":\"Home\",\"item\":\"https:\/\/hudo.com\/si\/\"},{\"@type\":\"ListItem\",\"position\":2,\"name\":\"Letos zaradi neprilagojene hitrosti \u017ee 26 smrtnih \u017ertev; prihodnji teden poostren nadzor\"}]},{\"@type\":\"WebSite\",\"@id\":\"https:\/\/hudo.com\/si\/#website\",\"url\":\"https:\/\/hudo.com\/si\/\",\"name\":\"Hudo Slovenija\",\"description\":\"Vse novice iz Slovenije in sveta\",\"publisher\":{\"@id\":\"https:\/\/hudo.com\/si\/#organization\"},\"potentialAction\":[{\"@type\":\"SearchAction\",\"target\":{\"@type\":\"EntryPoint\",\"urlTemplate\":\"https:\/\/hudo.com\/si\/?s={search_term_string}\"},\"query-input\":\"required name=search_term_string\"}],\"inLanguage\":\"sl-SI\"},{\"@type\":\"Organization\",\"@id\":\"https:\/\/hudo.com\/si\/#organization\",\"name\":\"VSN Media\",\"url\":\"https:\/\/hudo.com\/si\/\",\"logo\":{\"@type\":\"ImageObject\",\"inLanguage\":\"sl-SI\",\"@id\":\"https:\/\/hudo.com\/si\/#\/schema\/logo\/image\/\",\"url\":\"https:\/\/hudo.com\/si\/wp-content\/uploads\/sites\/2\/2021\/03\/hudo-app-2.png\",\"contentUrl\":\"https:\/\/hudo.com\/si\/wp-content\/uploads\/sites\/2\/2021\/03\/hudo-app-2.png\",\"width\":2185,\"height\":2167,\"caption\":\"VSN Media\"},\"image\":{\"@id\":\"https:\/\/hudo.com\/si\/#\/schema\/logo\/image\/\"},\"sameAs\":[\"https:\/\/www.facebook.com\/hudo.si\",\"https:\/\/twitter.com\/hudo_si\"]},{\"@type\":\"Person\",\"@id\":\"https:\/\/hudo.com\/si\/#\/schema\/person\/2391667a63ea075ba94f2f2dc6b77537\",\"name\":\"A. G., STA\",\"image\":{\"@type\":\"ImageObject\",\"inLanguage\":\"sl-SI\",\"@id\":\"https:\/\/hudo.com\/si\/#\/schema\/person\/image\/\",\"url\":\"https:\/\/secure.gravatar.com\/avatar\/e13d22ac3e442658d5025fbbe6238a79?s=96&d=mm&r=g\",\"contentUrl\":\"https:\/\/secure.gravatar.com\/avatar\/e13d22ac3e442658d5025fbbe6238a79?s=96&d=mm&r=g\",\"caption\":\"A. G., STA\"},\"url\":\"https:\/\/hudo.com\/si\/author\/alenka\/\"}]}<\/script>\n<!-- \/ Yoast SEO plugin. -->","yoast_head_json":{"title":"Letos zaradi neprilagojene hitrosti \u017ee 26 smrtnih \u017ertev; prihodnji teden poostren nadzor - Hudo Slovenija","robots":{"index":"index","follow":"follow","max-snippet":"max-snippet:-1","max-image-preview":"max-image-preview:large","max-video-preview":"max-video-preview:-1"},"canonical":"https:\/\/hudo.com\/si\/aktualno\/slovenija\/letos-zaradi-neprilagojene-hitrosti-ze-26-smrtnih-zrtev-prihodnji-teden-poostren-nadzor\/","og_locale":"sl_SI","og_type":"article","og_title":"Letos zaradi neprilagojene hitrosti \u017ee 26 smrtnih \u017ertev; prihodnji teden poostren nadzor - Hudo Slovenija","og_description":"Agencija za varnost prometa v sodelovanju s policijo v ponedeljek za\u010denja nacionalno preventivno akcijo Hitrost, ki bo potekala do 15. avgusta. \u010ceprav je bilo letos do 15. julija pet odstotkov manj prometnih nesre\u010d zaradi neprilagojene hitrosti kot v enakem obdobju lani, pa je bilo iz tega razloga \u017ee 26 smrtnih \u017ertev, lani v celem letu pa 27.","og_url":"https:\/\/hudo.com\/si\/aktualno\/slovenija\/letos-zaradi-neprilagojene-hitrosti-ze-26-smrtnih-zrtev-prihodnji-teden-poostren-nadzor\/","og_site_name":"Hudo Slovenija","article_publisher":"https:\/\/www.facebook.com\/hudo.si","article_published_time":"2021-08-06T08:55:30+00:00","og_image":[{"width":1250,"height":833,"url":"https:\/\/hudo.com\/si\/wp-content\/uploads\/sites\/2\/2020\/04\/profimedia-0512095065.jpg","type":"image\/jpeg"}],"author":"A. G., STA","twitter_card":"summary_large_image","twitter_creator":"@hudo_si","twitter_site":"@hudo_si","twitter_misc":{"Written by":"A. G., STA","Est. reading time":"2 minuti"},"schema":{"@context":"https:\/\/schema.org","@graph":[{"@type":"Article","@id":"https:\/\/hudo.com\/si\/aktualno\/slovenija\/letos-zaradi-neprilagojene-hitrosti-ze-26-smrtnih-zrtev-prihodnji-teden-poostren-nadzor\/#article","isPartOf":{"@id":"https:\/\/hudo.com\/si\/aktualno\/slovenija\/letos-zaradi-neprilagojene-hitrosti-ze-26-smrtnih-zrtev-prihodnji-teden-poostren-nadzor\/"},"author":{"name":"A. G., STA","@id":"https:\/\/hudo.com\/si\/#\/schema\/person\/2391667a63ea075ba94f2f2dc6b77537"},"headline":"Letos zaradi neprilagojene hitrosti \u017ee 26 smrtnih \u017ertev; prihodnji teden poostren nadzor","datePublished":"2021-08-06T08:55:30+00:00","dateModified":"2021-08-06T08:55:30+00:00","mainEntityOfPage":{"@id":"https:\/\/hudo.com\/si\/aktualno\/slovenija\/letos-zaradi-neprilagojene-hitrosti-ze-26-smrtnih-zrtev-prihodnji-teden-poostren-nadzor\/"},"wordCount":493,"publisher":{"@id":"https:\/\/hudo.com\/si\/#organization"},"keywords":["neprilagojena hitrost","policija","Slovenija"],"articleSection":["Slovenija"],"inLanguage":"sl-SI"},{"@type":"WebPage","@id":"https:\/\/hudo.com\/si\/aktualno\/slovenija\/letos-zaradi-neprilagojene-hitrosti-ze-26-smrtnih-zrtev-prihodnji-teden-poostren-nadzor\/","url":"https:\/\/hudo.com\/si\/aktualno\/slovenija\/letos-zaradi-neprilagojene-hitrosti-ze-26-smrtnih-zrtev-prihodnji-teden-poostren-nadzor\/","name":"Letos zaradi neprilagojene hitrosti \u017ee 26 smrtnih \u017ertev; prihodnji teden poostren nadzor - Hudo Slovenija","isPartOf":{"@id":"https:\/\/hudo.com\/si\/#website"},"datePublished":"2021-08-06T08:55:30+00:00","dateModified":"2021-08-06T08:55:30+00:00","breadcrumb":{"@id":"https:\/\/hudo.com\/si\/aktualno\/slovenija\/letos-zaradi-neprilagojene-hitrosti-ze-26-smrtnih-zrtev-prihodnji-teden-poostren-nadzor\/#breadcrumb"},"inLanguage":"sl-SI","potentialAction":[{"@type":"ReadAction","target":["https:\/\/hudo.com\/si\/aktualno\/slovenija\/letos-zaradi-neprilagojene-hitrosti-ze-26-smrtnih-zrtev-prihodnji-teden-poostren-nadzor\/"]}]},{"@type":"BreadcrumbList","@id":"https:\/\/hudo.com\/si\/aktualno\/slovenija\/letos-zaradi-neprilagojene-hitrosti-ze-26-smrtnih-zrtev-prihodnji-teden-poostren-nadzor\/#breadcrumb","itemListElement":[{"@type":"ListItem","position":1,"name":"Home","item":"https:\/\/hudo.com\/si\/"},{"@type":"ListItem","position":2,"name":"Letos zaradi neprilagojene hitrosti \u017ee 26 smrtnih \u017ertev; prihodnji teden poostren nadzor"}]},{"@type":"WebSite","@id":"https:\/\/hudo.com\/si\/#website","url":"https:\/\/hudo.com\/si\/","name":"Hudo Slovenija","description":"Vse novice iz Slovenije in sveta","publisher":{"@id":"https:\/\/hudo.com\/si\/#organization"},"potentialAction":[{"@type":"SearchAction","target":{"@type":"EntryPoint","urlTemplate":"https:\/\/hudo.com\/si\/?s={search_term_string}"},"query-input":"required name=search_term_string"}],"inLanguage":"sl-SI"},{"@type":"Organization","@id":"https:\/\/hudo.com\/si\/#organization","name":"VSN Media","url":"https:\/\/hudo.com\/si\/","logo":{"@type":"ImageObject","inLanguage":"sl-SI","@id":"https:\/\/hudo.com\/si\/#\/schema\/logo\/image\/","url":"https:\/\/hudo.com\/si\/wp-content\/uploads\/sites\/2\/2021\/03\/hudo-app-2.png","contentUrl":"https:\/\/hudo.com\/si\/wp-content\/uploads\/sites\/2\/2021\/03\/hudo-app-2.png","width":2185,"height":2167,"caption":"VSN Media"},"image":{"@id":"https:\/\/hudo.com\/si\/#\/schema\/logo\/image\/"},"sameAs":["https:\/\/www.facebook.com\/hudo.si","https:\/\/twitter.com\/hudo_si"]},{"@type":"Person","@id":"https:\/\/hudo.com\/si\/#\/schema\/person\/2391667a63ea075ba94f2f2dc6b77537","name":"A. G., STA","image":{"@type":"ImageObject","inLanguage":"sl-SI","@id":"https:\/\/hudo.com\/si\/#\/schema\/person\/image\/","url":"https:\/\/secure.gravatar.com\/avatar\/e13d22ac3e442658d5025fbbe6238a79?s=96&d=mm&r=g","contentUrl":"https:\/\/secure.gravatar.com\/avatar\/e13d22ac3e442658d5025fbbe6238a79?s=96&d=mm&r=g","caption":"A. G., STA"},"url":"https:\/\/hudo.com\/si\/author\/alenka\/"}]}},"amp_enabled":true,"_links":{"self":[{"href":"https:\/\/hudo.com\/si\/wp-json\/wp\/v2\/posts\/455919"}],"collection":[{"href":"https:\/\/hudo.com\/si\/wp-json\/wp\/v2\/posts"}],"about":[{"href":"https:\/\/hudo.com\/si\/wp-json\/wp\/v2\/types\/post"}],"author":[{"embeddable":true,"href":"https:\/\/hudo.com\/si\/wp-json\/wp\/v2\/users\/5"}],"replies":[{"embeddable":true,"href":"https:\/\/hudo.com\/si\/wp-json\/wp\/v2\/comments?post=455919"}],"version-history":[{"count":1,"href":"https:\/\/hudo.com\/si\/wp-json\/wp\/v2\/posts\/455919\/revisions"}],"predecessor-version":[{"id":455920,"href":"https:\/\/hudo.com\/si\/wp-json\/wp\/v2\/posts\/455919\/revisions\/455920"}],"wp:featuredmedia":[{"embeddable":true,"href":"https:\/\/hudo.com\/si\/wp-json\/wp\/v2\/media\/420591"}],"wp:attachment":[{"href":"https:\/\/hudo.com\/si\/wp-json\/wp\/v2\/media?parent=455919"}],"wp:term":[{"taxonomy":"category","embeddable":true,"href":"https:\/\/hudo.com\/si\/wp-json\/wp\/v2\/categories?post=455919"},{"taxonomy":"post_tag","embeddable":true,"href":"https:\/\/hudo.com\/si\/wp-json\/wp\/v2\/tags?post=455919"},{"taxonomy":"source","embeddable":true,"href":"https:\/\/hudo.com\/si\/wp-json\/wp\/v2\/source?post=455919"},{"taxonomy":"supertag","embeddable":true,"href":"https:\/\/hudo.com\/si\/wp-json\/wp\/v2\/supertag?post=455919"}],"curies":[{"name":"wp","href":"https:\/\/api.w.org\/{rel}","templated":true}]}}