{"id":456391,"date":"2021-08-16T09:02:52","date_gmt":"2021-08-16T07:02:52","guid":{"rendered":"https:\/\/hudo.com\/si\/2021\/08\/16\/pevec-skupine-u2-bono-je-v-nedeljo-nepricakovano-obiskal-filmski-festival-v-sarajevu\/"},"modified":"2021-08-16T09:02:52","modified_gmt":"2021-08-16T07:02:52","slug":"pevec-skupine-u2-bono-je-v-nedeljo-nepricakovano-obiskal-filmski-festival-v-sarajevu","status":"publish","type":"post","link":"https:\/\/hudo.com\/si\/vip\/pevec-skupine-u2-bono-je-v-nedeljo-nepricakovano-obiskal-filmski-festival-v-sarajevu\/","title":{"rendered":"Pevec skupine U2 Bono je v nedeljo nepri\u010dakovano obiskal filmski festival v Sarajevu"},"content":{"rendered":"<figure>\n\t\t\t\t\t<img loading=\"lazy\" decoding=\"async\" width=\"660\" height=\"320\" src=\"image\/gif;base64,R0lGODlhAQABAAAAACH5BAEKAAEALAAAAAABAAEAAAICTAEAOw==\" class=\"lazyload\" data-src=\"https:\/\/zenska.hudo.com\/files\/2021\/08\/profimedia-0627150179-320x155.jpg\" data-srcset=\"https:\/\/zenska.hudo.com\/files\/2021\/08\/profimedia-0627150179-660x320.jpg 660w,https:\/\/zenska.hudo.com\/files\/2021\/08\/profimedia-0627150179-320x155.jpg 330w\" \/><figcaption>Foto: Profimedia<\/figcaption><\/figure>\n<p>Kot poro\u010da portal Variety, je glasbenik nagovoril polno dvorano narodnega gledali\u0161\u010da, pred katerim so se v veliki vro\u010dini zbrali njegovi obo\u017eevalci, ki so ob \u010dakanju na njegov prihod peli uspe\u0161nice U2.<\/p>\n<p>V nagovoru je dejal, da se mu zdi, kot da obstajata dva Sarajeva &#8211; resni\u010dni in domi\u0161ljijski, ki je poln navihanosti, zabave in \u010darovnije. &#8220;In zame je \u0161e vedno prestolnica soobstoja. To izjemno mesto in ta izjemni festival, ki je skoraj vezivno tkivo med tema dvema Sarajevoma,&#8221; je poudaril pevec in borec za \u010dlovekove pravice.<\/p>\n<p>Zgodovina povezanosti med irskim zvezdnikom in Sarajevom sega skoraj tri desetletja v preteklost, ko ga je ameri\u0161ki humanitarni delavec seznanil s stisko v Bosni in Hercegovini, kjer je leta 1992 izbruhnila vojna. Leto kasneje, med evropskim delom turneje Zoo TV Tour, so U2 predvajali prenos v \u017eivo iz Sarajeva, ki je bil tedaj sredi obleganja.<\/p>\n<p>Bono je nato na povabilo bosanskega zunanjega ministra in prijatelja Muhameda \u0160a\u0107irbegovi\u0107a novo leto 1996 pre\u017eivel v Sarajevu. Takrat se je sestal tudi z bosanskim predsednikom Alijo Izetbegovi\u0107em in mu povedal, da ga je u\u017ealostila popolnoma pogorela sarajevska narodna knji\u017enica. Dejal je, da bi v njej rad priredil koncert, vendar so mu to odsvetovali, saj je bilo zaradi nevarnosti streljanja zbiranje mno\u017eic \u0161e prenevarno. Tako je v povojnem Sarajevu prvi\u010d nastopil septembra 1997, v okviru svetovne turneje U2.<\/p>\n<p>Leta 2000 je na \u0161esti ediciji sarajevskega filmskega festivala predstavil Hotel milijon dolarjev, za katerega je napisal glasbo in sodeloval pri scenariju. Letos je Wendersa, ki je za re\u017eijo prejel berlinskega srebrnega medveda, imenoval za &#8220;velikana kina&#8221;, spomnil pa je tudi na producenta istoimenskega albuma Hala Willnerja, ki je lani umrl zaradi posledic covida-19: &#8220;\u010ce v glasbi \u010dutite nekaj malenkost posebnega, \u010dutite duh Hala Willnerja.&#8221;<\/p>\n<p>Wenders je v petek na otvoritveni slovesnosti prejel \u010dastno nagrado srce Sarajeva, opozoril pa je tudi na preskromno Bonovo trditev, da ima sam kot soscenarist le &#8220;majhno pisno zaslugo&#8221; v filmu. &#8220;Ti si ustvaril zgodbo,&#8221; je poudaril.<\/p>\n<p>Bono je sodeloval pri vrsti \u010dlovekoljubnih projektov in bil tudi pobudnik nekaterih. Velja za glavnega glasnika organizacije Aid for Africa, ustanovil pa je tudi globalno skupino za boj proti rev\u0161\u010dini in nalezljivim boleznim v Afriki z imenom One.<\/p>\n<p>Sarajevski filmski festival so v prestolnici Bosne in Hercegovine prvi\u010d pripravili leta 1995, nekaj mesecev pred koncem \u0161tiriletnega obleganja Sarajeva z \u017eeljo, da bi pomagali pri revitalizaciji civilne dru\u017ebe in ohranili svetovljanski duh mesta. Od takrat so ga med drugim obiskali Susan Sontag, Mil\u010de Man\u010devski, Steve Buscemi, Willem Dafoe, Jeremy Irons in Angelina Jolie. Leto\u0161nja edicija festivala poteka do 20. avgusta.<\/p>\n","protected":false},"excerpt":{"rendered":"<p>Predstavil je digitalno restavrirano verzijo filma Wima Wendersa Hotel milijon dolarjev, ki ga je na festivalu predstavil \u017ee pred ve\u010d kot 20 leti. V Sarajevu Bona cenijo po tem, da je obsodil nasilje srbskih sil nad prebivalstvom BiH med vojno.<\/p>\n","protected":false},"author":1,"featured_media":456392,"comment_status":"closed","ping_status":"closed","sticky":false,"template":"","format":"standard","meta":{"footnotes":""},"categories":[1093],"tags":[17309,9223],"source":[1346,1345,1334],"supertag":[],"acf":[],"yoast_head":"<!-- This site is optimized with the Yoast SEO plugin v21.3 - https:\/\/yoast.com\/wordpress\/plugins\/seo\/ -->\n<title>Pevec skupine U2 Bono je v nedeljo nepri\u010dakovano obiskal filmski festival v Sarajevu - Hudo Slovenija<\/title>\n<meta name=\"robots\" content=\"index, follow, max-snippet:-1, max-image-preview:large, max-video-preview:-1\" \/>\n<link rel=\"canonical\" href=\"https:\/\/hudo.com\/si\/vip\/pevec-skupine-u2-bono-je-v-nedeljo-nepricakovano-obiskal-filmski-festival-v-sarajevu\/\" \/>\n<meta property=\"og:locale\" content=\"sl_SI\" \/>\n<meta property=\"og:type\" content=\"article\" \/>\n<meta property=\"og:title\" content=\"Pevec skupine U2 Bono je v nedeljo nepri\u010dakovano obiskal filmski festival v Sarajevu - Hudo Slovenija\" \/>\n<meta property=\"og:description\" content=\"Predstavil je digitalno restavrirano verzijo filma Wima Wendersa Hotel milijon dolarjev, ki ga je na festivalu predstavil \u017ee pred ve\u010d kot 20 leti. V Sarajevu Bona cenijo po tem, da je obsodil nasilje srbskih sil nad prebivalstvom BiH med vojno.\" \/>\n<meta property=\"og:url\" content=\"https:\/\/hudo.com\/si\/vip\/pevec-skupine-u2-bono-je-v-nedeljo-nepricakovano-obiskal-filmski-festival-v-sarajevu\/\" \/>\n<meta property=\"og:site_name\" content=\"Hudo Slovenija\" \/>\n<meta property=\"article:publisher\" content=\"https:\/\/www.facebook.com\/hudo.si\" \/>\n<meta property=\"article:published_time\" content=\"2021-08-16T07:02:52+00:00\" \/>\n<meta property=\"og:image\" content=\"https:\/\/hudo.com\/si\/wp-content\/uploads\/sites\/2\/2021\/08\/profimedia-0627150179.jpg\" \/>\n\t<meta property=\"og:image:width\" content=\"1250\" \/>\n\t<meta property=\"og:image:height\" content=\"833\" \/>\n\t<meta property=\"og:image:type\" content=\"image\/jpeg\" \/>\n<meta name=\"author\" content=\"hudo\" \/>\n<meta name=\"twitter:card\" content=\"summary_large_image\" \/>\n<meta name=\"twitter:creator\" content=\"@hudo_si\" \/>\n<meta name=\"twitter:site\" content=\"@hudo_si\" \/>\n<meta name=\"twitter:label1\" content=\"Written by\" \/>\n\t<meta name=\"twitter:data1\" content=\"hudo\" \/>\n\t<meta name=\"twitter:label2\" content=\"Est. reading time\" \/>\n\t<meta name=\"twitter:data2\" content=\"2 minuti\" \/>\n<script type=\"application\/ld+json\" class=\"yoast-schema-graph\">{\"@context\":\"https:\/\/schema.org\",\"@graph\":[{\"@type\":\"Article\",\"@id\":\"https:\/\/hudo.com\/si\/vip\/pevec-skupine-u2-bono-je-v-nedeljo-nepricakovano-obiskal-filmski-festival-v-sarajevu\/#article\",\"isPartOf\":{\"@id\":\"https:\/\/hudo.com\/si\/vip\/pevec-skupine-u2-bono-je-v-nedeljo-nepricakovano-obiskal-filmski-festival-v-sarajevu\/\"},\"author\":{\"name\":\"hudo\",\"@id\":\"https:\/\/hudo.com\/si\/#\/schema\/person\/601cf3379633985b20f7e50f2bb47707\"},\"headline\":\"Pevec skupine U2 Bono je v nedeljo nepri\u010dakovano obiskal filmski festival v Sarajevu\",\"datePublished\":\"2021-08-16T07:02:52+00:00\",\"dateModified\":\"2021-08-16T07:02:52+00:00\",\"mainEntityOfPage\":{\"@id\":\"https:\/\/hudo.com\/si\/vip\/pevec-skupine-u2-bono-je-v-nedeljo-nepricakovano-obiskal-filmski-festival-v-sarajevu\/\"},\"wordCount\":450,\"publisher\":{\"@id\":\"https:\/\/hudo.com\/si\/#organization\"},\"keywords\":[\"bono vox\",\"Sarajevski filmski festival\"],\"articleSection\":[\"VIP\"],\"inLanguage\":\"sl-SI\"},{\"@type\":\"WebPage\",\"@id\":\"https:\/\/hudo.com\/si\/vip\/pevec-skupine-u2-bono-je-v-nedeljo-nepricakovano-obiskal-filmski-festival-v-sarajevu\/\",\"url\":\"https:\/\/hudo.com\/si\/vip\/pevec-skupine-u2-bono-je-v-nedeljo-nepricakovano-obiskal-filmski-festival-v-sarajevu\/\",\"name\":\"Pevec skupine U2 Bono je v nedeljo nepri\u010dakovano obiskal filmski festival v Sarajevu - Hudo Slovenija\",\"isPartOf\":{\"@id\":\"https:\/\/hudo.com\/si\/#website\"},\"datePublished\":\"2021-08-16T07:02:52+00:00\",\"dateModified\":\"2021-08-16T07:02:52+00:00\",\"breadcrumb\":{\"@id\":\"https:\/\/hudo.com\/si\/vip\/pevec-skupine-u2-bono-je-v-nedeljo-nepricakovano-obiskal-filmski-festival-v-sarajevu\/#breadcrumb\"},\"inLanguage\":\"sl-SI\",\"potentialAction\":[{\"@type\":\"ReadAction\",\"target\":[\"https:\/\/hudo.com\/si\/vip\/pevec-skupine-u2-bono-je-v-nedeljo-nepricakovano-obiskal-filmski-festival-v-sarajevu\/\"]}]},{\"@type\":\"BreadcrumbList\",\"@id\":\"https:\/\/hudo.com\/si\/vip\/pevec-skupine-u2-bono-je-v-nedeljo-nepricakovano-obiskal-filmski-festival-v-sarajevu\/#breadcrumb\",\"itemListElement\":[{\"@type\":\"ListItem\",\"position\":1,\"name\":\"Home\",\"item\":\"https:\/\/hudo.com\/si\/\"},{\"@type\":\"ListItem\",\"position\":2,\"name\":\"Pevec skupine U2 Bono je v nedeljo nepri\u010dakovano obiskal filmski festival v Sarajevu\"}]},{\"@type\":\"WebSite\",\"@id\":\"https:\/\/hudo.com\/si\/#website\",\"url\":\"https:\/\/hudo.com\/si\/\",\"name\":\"Hudo Slovenija\",\"description\":\"Vse novice iz Slovenije in sveta\",\"publisher\":{\"@id\":\"https:\/\/hudo.com\/si\/#organization\"},\"potentialAction\":[{\"@type\":\"SearchAction\",\"target\":{\"@type\":\"EntryPoint\",\"urlTemplate\":\"https:\/\/hudo.com\/si\/?s={search_term_string}\"},\"query-input\":\"required name=search_term_string\"}],\"inLanguage\":\"sl-SI\"},{\"@type\":\"Organization\",\"@id\":\"https:\/\/hudo.com\/si\/#organization\",\"name\":\"VSN Media\",\"url\":\"https:\/\/hudo.com\/si\/\",\"logo\":{\"@type\":\"ImageObject\",\"inLanguage\":\"sl-SI\",\"@id\":\"https:\/\/hudo.com\/si\/#\/schema\/logo\/image\/\",\"url\":\"https:\/\/hudo.com\/si\/wp-content\/uploads\/sites\/2\/2021\/03\/hudo-app-2.png\",\"contentUrl\":\"https:\/\/hudo.com\/si\/wp-content\/uploads\/sites\/2\/2021\/03\/hudo-app-2.png\",\"width\":2185,\"height\":2167,\"caption\":\"VSN Media\"},\"image\":{\"@id\":\"https:\/\/hudo.com\/si\/#\/schema\/logo\/image\/\"},\"sameAs\":[\"https:\/\/www.facebook.com\/hudo.si\",\"https:\/\/twitter.com\/hudo_si\"]},{\"@type\":\"Person\",\"@id\":\"https:\/\/hudo.com\/si\/#\/schema\/person\/601cf3379633985b20f7e50f2bb47707\",\"name\":\"hudo\",\"image\":{\"@type\":\"ImageObject\",\"inLanguage\":\"sl-SI\",\"@id\":\"https:\/\/hudo.com\/si\/#\/schema\/person\/image\/\",\"url\":\"https:\/\/secure.gravatar.com\/avatar\/c4ca25fa72cace7a696b52ff5db9e095?s=96&d=mm&r=g\",\"contentUrl\":\"https:\/\/secure.gravatar.com\/avatar\/c4ca25fa72cace7a696b52ff5db9e095?s=96&d=mm&r=g\",\"caption\":\"hudo\"},\"url\":\"https:\/\/hudo.com\/si\/author\/hudo\/\"}]}<\/script>\n<!-- \/ Yoast SEO plugin. -->","yoast_head_json":{"title":"Pevec skupine U2 Bono je v nedeljo nepri\u010dakovano obiskal filmski festival v Sarajevu - Hudo Slovenija","robots":{"index":"index","follow":"follow","max-snippet":"max-snippet:-1","max-image-preview":"max-image-preview:large","max-video-preview":"max-video-preview:-1"},"canonical":"https:\/\/hudo.com\/si\/vip\/pevec-skupine-u2-bono-je-v-nedeljo-nepricakovano-obiskal-filmski-festival-v-sarajevu\/","og_locale":"sl_SI","og_type":"article","og_title":"Pevec skupine U2 Bono je v nedeljo nepri\u010dakovano obiskal filmski festival v Sarajevu - Hudo Slovenija","og_description":"Predstavil je digitalno restavrirano verzijo filma Wima Wendersa Hotel milijon dolarjev, ki ga je na festivalu predstavil \u017ee pred ve\u010d kot 20 leti. V Sarajevu Bona cenijo po tem, da je obsodil nasilje srbskih sil nad prebivalstvom BiH med vojno.","og_url":"https:\/\/hudo.com\/si\/vip\/pevec-skupine-u2-bono-je-v-nedeljo-nepricakovano-obiskal-filmski-festival-v-sarajevu\/","og_site_name":"Hudo Slovenija","article_publisher":"https:\/\/www.facebook.com\/hudo.si","article_published_time":"2021-08-16T07:02:52+00:00","og_image":[{"width":1250,"height":833,"url":"https:\/\/hudo.com\/si\/wp-content\/uploads\/sites\/2\/2021\/08\/profimedia-0627150179.jpg","type":"image\/jpeg"}],"author":"hudo","twitter_card":"summary_large_image","twitter_creator":"@hudo_si","twitter_site":"@hudo_si","twitter_misc":{"Written by":"hudo","Est. reading time":"2 minuti"},"schema":{"@context":"https:\/\/schema.org","@graph":[{"@type":"Article","@id":"https:\/\/hudo.com\/si\/vip\/pevec-skupine-u2-bono-je-v-nedeljo-nepricakovano-obiskal-filmski-festival-v-sarajevu\/#article","isPartOf":{"@id":"https:\/\/hudo.com\/si\/vip\/pevec-skupine-u2-bono-je-v-nedeljo-nepricakovano-obiskal-filmski-festival-v-sarajevu\/"},"author":{"name":"hudo","@id":"https:\/\/hudo.com\/si\/#\/schema\/person\/601cf3379633985b20f7e50f2bb47707"},"headline":"Pevec skupine U2 Bono je v nedeljo nepri\u010dakovano obiskal filmski festival v Sarajevu","datePublished":"2021-08-16T07:02:52+00:00","dateModified":"2021-08-16T07:02:52+00:00","mainEntityOfPage":{"@id":"https:\/\/hudo.com\/si\/vip\/pevec-skupine-u2-bono-je-v-nedeljo-nepricakovano-obiskal-filmski-festival-v-sarajevu\/"},"wordCount":450,"publisher":{"@id":"https:\/\/hudo.com\/si\/#organization"},"keywords":["bono vox","Sarajevski filmski festival"],"articleSection":["VIP"],"inLanguage":"sl-SI"},{"@type":"WebPage","@id":"https:\/\/hudo.com\/si\/vip\/pevec-skupine-u2-bono-je-v-nedeljo-nepricakovano-obiskal-filmski-festival-v-sarajevu\/","url":"https:\/\/hudo.com\/si\/vip\/pevec-skupine-u2-bono-je-v-nedeljo-nepricakovano-obiskal-filmski-festival-v-sarajevu\/","name":"Pevec skupine U2 Bono je v nedeljo nepri\u010dakovano obiskal filmski festival v Sarajevu - Hudo Slovenija","isPartOf":{"@id":"https:\/\/hudo.com\/si\/#website"},"datePublished":"2021-08-16T07:02:52+00:00","dateModified":"2021-08-16T07:02:52+00:00","breadcrumb":{"@id":"https:\/\/hudo.com\/si\/vip\/pevec-skupine-u2-bono-je-v-nedeljo-nepricakovano-obiskal-filmski-festival-v-sarajevu\/#breadcrumb"},"inLanguage":"sl-SI","potentialAction":[{"@type":"ReadAction","target":["https:\/\/hudo.com\/si\/vip\/pevec-skupine-u2-bono-je-v-nedeljo-nepricakovano-obiskal-filmski-festival-v-sarajevu\/"]}]},{"@type":"BreadcrumbList","@id":"https:\/\/hudo.com\/si\/vip\/pevec-skupine-u2-bono-je-v-nedeljo-nepricakovano-obiskal-filmski-festival-v-sarajevu\/#breadcrumb","itemListElement":[{"@type":"ListItem","position":1,"name":"Home","item":"https:\/\/hudo.com\/si\/"},{"@type":"ListItem","position":2,"name":"Pevec skupine U2 Bono je v nedeljo nepri\u010dakovano obiskal filmski festival v Sarajevu"}]},{"@type":"WebSite","@id":"https:\/\/hudo.com\/si\/#website","url":"https:\/\/hudo.com\/si\/","name":"Hudo Slovenija","description":"Vse novice iz Slovenije in sveta","publisher":{"@id":"https:\/\/hudo.com\/si\/#organization"},"potentialAction":[{"@type":"SearchAction","target":{"@type":"EntryPoint","urlTemplate":"https:\/\/hudo.com\/si\/?s={search_term_string}"},"query-input":"required name=search_term_string"}],"inLanguage":"sl-SI"},{"@type":"Organization","@id":"https:\/\/hudo.com\/si\/#organization","name":"VSN Media","url":"https:\/\/hudo.com\/si\/","logo":{"@type":"ImageObject","inLanguage":"sl-SI","@id":"https:\/\/hudo.com\/si\/#\/schema\/logo\/image\/","url":"https:\/\/hudo.com\/si\/wp-content\/uploads\/sites\/2\/2021\/03\/hudo-app-2.png","contentUrl":"https:\/\/hudo.com\/si\/wp-content\/uploads\/sites\/2\/2021\/03\/hudo-app-2.png","width":2185,"height":2167,"caption":"VSN Media"},"image":{"@id":"https:\/\/hudo.com\/si\/#\/schema\/logo\/image\/"},"sameAs":["https:\/\/www.facebook.com\/hudo.si","https:\/\/twitter.com\/hudo_si"]},{"@type":"Person","@id":"https:\/\/hudo.com\/si\/#\/schema\/person\/601cf3379633985b20f7e50f2bb47707","name":"hudo","image":{"@type":"ImageObject","inLanguage":"sl-SI","@id":"https:\/\/hudo.com\/si\/#\/schema\/person\/image\/","url":"https:\/\/secure.gravatar.com\/avatar\/c4ca25fa72cace7a696b52ff5db9e095?s=96&d=mm&r=g","contentUrl":"https:\/\/secure.gravatar.com\/avatar\/c4ca25fa72cace7a696b52ff5db9e095?s=96&d=mm&r=g","caption":"hudo"},"url":"https:\/\/hudo.com\/si\/author\/hudo\/"}]}},"amp_enabled":true,"_links":{"self":[{"href":"https:\/\/hudo.com\/si\/wp-json\/wp\/v2\/posts\/456391"}],"collection":[{"href":"https:\/\/hudo.com\/si\/wp-json\/wp\/v2\/posts"}],"about":[{"href":"https:\/\/hudo.com\/si\/wp-json\/wp\/v2\/types\/post"}],"author":[{"embeddable":true,"href":"https:\/\/hudo.com\/si\/wp-json\/wp\/v2\/users\/1"}],"replies":[{"embeddable":true,"href":"https:\/\/hudo.com\/si\/wp-json\/wp\/v2\/comments?post=456391"}],"version-history":[{"count":0,"href":"https:\/\/hudo.com\/si\/wp-json\/wp\/v2\/posts\/456391\/revisions"}],"wp:featuredmedia":[{"embeddable":true,"href":"https:\/\/hudo.com\/si\/wp-json\/wp\/v2\/media\/456392"}],"wp:attachment":[{"href":"https:\/\/hudo.com\/si\/wp-json\/wp\/v2\/media?parent=456391"}],"wp:term":[{"taxonomy":"category","embeddable":true,"href":"https:\/\/hudo.com\/si\/wp-json\/wp\/v2\/categories?post=456391"},{"taxonomy":"post_tag","embeddable":true,"href":"https:\/\/hudo.com\/si\/wp-json\/wp\/v2\/tags?post=456391"},{"taxonomy":"source","embeddable":true,"href":"https:\/\/hudo.com\/si\/wp-json\/wp\/v2\/source?post=456391"},{"taxonomy":"supertag","embeddable":true,"href":"https:\/\/hudo.com\/si\/wp-json\/wp\/v2\/supertag?post=456391"}],"curies":[{"name":"wp","href":"https:\/\/api.w.org\/{rel}","templated":true}]}}