{"id":456605,"date":"2021-08-20T14:05:25","date_gmt":"2021-08-20T12:05:25","guid":{"rendered":"https:\/\/hudo.com\/si\/?p=456605"},"modified":"2021-08-20T14:05:25","modified_gmt":"2021-08-20T12:05:25","slug":"erdogan-turcija-ni-evropsko-begunsko-taborisce","status":"publish","type":"post","link":"https:\/\/hudo.com\/si\/aktualno\/svet\/erdogan-turcija-ni-evropsko-begunsko-taborisce\/","title":{"rendered":"Erdogan: Tur\u010dija ni evropsko begunsko tabori\u0161\u010de"},"content":{"rendered":"<p>Potem ko so v Afganistanu talibani prevzeli oblasti, zahodne dr\u017eave pa nadaljujejo evakuacijo svojih dr\u017eavljanov in afganistanskih sodelavcev iz dr\u017eave, je Erdogan Evropo posvaril pred politiko izolacije beguncev. Evropa se na problem afganistanskih beguncev ne sme odzvati s trdim zapiranjem meja. &#8220;\u010ce to stori, Evropa ne le kr\u0161i mednarodno pravo, ampak tudi obra\u010da hrbet humanitarnim vrednotam,&#8221; je dejal.<\/p>\n<p>V Tur\u010diji poleg 3,6 milijona beguncev iz Sirije \u017eivi ve\u010d sto tiso\u010d drugih migrantov, med drugim tudi iz Afganistana. EU in Tur\u010dija sta leta 2016 dosegli dogovor o finan\u010dni pomo\u010di Ankari v zameno za pomo\u010d tur\u0161kih oblasti pri omejevanju migracij v Evropo. Dogovor je takrat pripomogel h kon\u010danju begunske krize v Evropi.<\/p>\n","protected":false},"excerpt":{"rendered":"<p>Evropa se ne more izogniti problemu afganistanskih beguncev s trdnim zapiranjem meja, je v \u010detrtek zve\u010der izjavil tur\u0161ki predsednik Recep Tayyip Erdogan. Pri tem je opozoril, da ni naloga Tur\u010dije, da bi bila evropsko begunsko tabori\u0161\u010de, poro\u010da nem\u0161ka tiskovna agencija dpa.<\/p>\n","protected":false},"author":5,"featured_media":414352,"comment_status":"closed","ping_status":"closed","sticky":false,"template":"","format":"standard","meta":{"footnotes":""},"categories":[18202],"tags":[2290,8878,1887],"source":[4511],"supertag":[],"acf":[],"yoast_head":"<!-- This site is optimized with the Yoast SEO plugin v21.3 - https:\/\/yoast.com\/wordpress\/plugins\/seo\/ -->\n<title>Erdogan: Tur\u010dija ni evropsko begunsko tabori\u0161\u010de - Hudo Slovenija<\/title>\n<meta name=\"robots\" content=\"index, follow, max-snippet:-1, max-image-preview:large, max-video-preview:-1\" \/>\n<link rel=\"canonical\" href=\"https:\/\/hudo.com\/si\/aktualno\/svet\/erdogan-turcija-ni-evropsko-begunsko-taborisce\/\" \/>\n<meta property=\"og:locale\" content=\"sl_SI\" \/>\n<meta property=\"og:type\" content=\"article\" \/>\n<meta property=\"og:title\" content=\"Erdogan: Tur\u010dija ni evropsko begunsko tabori\u0161\u010de - Hudo Slovenija\" \/>\n<meta property=\"og:description\" content=\"Evropa se ne more izogniti problemu afganistanskih beguncev s trdnim zapiranjem meja, je v \u010detrtek zve\u010der izjavil tur\u0161ki predsednik Recep Tayyip Erdogan. Pri tem je opozoril, da ni naloga Tur\u010dije, da bi bila evropsko begunsko tabori\u0161\u010de, poro\u010da nem\u0161ka tiskovna agencija dpa.\" \/>\n<meta property=\"og:url\" content=\"https:\/\/hudo.com\/si\/aktualno\/svet\/erdogan-turcija-ni-evropsko-begunsko-taborisce\/\" \/>\n<meta property=\"og:site_name\" content=\"Hudo Slovenija\" \/>\n<meta property=\"article:publisher\" content=\"https:\/\/www.facebook.com\/hudo.si\" \/>\n<meta property=\"article:published_time\" content=\"2021-08-20T12:05:25+00:00\" \/>\n<meta property=\"og:image\" content=\"https:\/\/hudo.com\/si\/wp-content\/uploads\/sites\/2\/2020\/01\/profimedia-0493244700.jpg\" \/>\n\t<meta property=\"og:image:width\" content=\"1250\" \/>\n\t<meta property=\"og:image:height\" content=\"908\" \/>\n\t<meta property=\"og:image:type\" content=\"image\/jpeg\" \/>\n<meta name=\"author\" content=\"A. G., STA\" \/>\n<meta name=\"twitter:card\" content=\"summary_large_image\" \/>\n<meta name=\"twitter:creator\" content=\"@hudo_si\" \/>\n<meta name=\"twitter:site\" content=\"@hudo_si\" \/>\n<meta name=\"twitter:label1\" content=\"Written by\" \/>\n\t<meta name=\"twitter:data1\" content=\"A. G., STA\" \/>\n\t<meta name=\"twitter:label2\" content=\"Est. reading time\" \/>\n\t<meta name=\"twitter:data2\" content=\"1 minuta\" \/>\n<script type=\"application\/ld+json\" class=\"yoast-schema-graph\">{\"@context\":\"https:\/\/schema.org\",\"@graph\":[{\"@type\":\"Article\",\"@id\":\"https:\/\/hudo.com\/si\/aktualno\/svet\/erdogan-turcija-ni-evropsko-begunsko-taborisce\/#article\",\"isPartOf\":{\"@id\":\"https:\/\/hudo.com\/si\/aktualno\/svet\/erdogan-turcija-ni-evropsko-begunsko-taborisce\/\"},\"author\":{\"name\":\"A. G., STA\",\"@id\":\"https:\/\/hudo.com\/si\/#\/schema\/person\/2391667a63ea075ba94f2f2dc6b77537\"},\"headline\":\"Erdogan: Tur\u010dija ni evropsko begunsko tabori\u0161\u010de\",\"datePublished\":\"2021-08-20T12:05:25+00:00\",\"dateModified\":\"2021-08-20T12:05:25+00:00\",\"mainEntityOfPage\":{\"@id\":\"https:\/\/hudo.com\/si\/aktualno\/svet\/erdogan-turcija-ni-evropsko-begunsko-taborisce\/\"},\"wordCount\":127,\"publisher\":{\"@id\":\"https:\/\/hudo.com\/si\/#organization\"},\"keywords\":[\"afganistan\",\"Recep Tayyip Erdogan\",\"tur\u010dija\"],\"articleSection\":[\"Svet\"],\"inLanguage\":\"sl-SI\"},{\"@type\":\"WebPage\",\"@id\":\"https:\/\/hudo.com\/si\/aktualno\/svet\/erdogan-turcija-ni-evropsko-begunsko-taborisce\/\",\"url\":\"https:\/\/hudo.com\/si\/aktualno\/svet\/erdogan-turcija-ni-evropsko-begunsko-taborisce\/\",\"name\":\"Erdogan: Tur\u010dija ni evropsko begunsko tabori\u0161\u010de - Hudo Slovenija\",\"isPartOf\":{\"@id\":\"https:\/\/hudo.com\/si\/#website\"},\"datePublished\":\"2021-08-20T12:05:25+00:00\",\"dateModified\":\"2021-08-20T12:05:25+00:00\",\"breadcrumb\":{\"@id\":\"https:\/\/hudo.com\/si\/aktualno\/svet\/erdogan-turcija-ni-evropsko-begunsko-taborisce\/#breadcrumb\"},\"inLanguage\":\"sl-SI\",\"potentialAction\":[{\"@type\":\"ReadAction\",\"target\":[\"https:\/\/hudo.com\/si\/aktualno\/svet\/erdogan-turcija-ni-evropsko-begunsko-taborisce\/\"]}]},{\"@type\":\"BreadcrumbList\",\"@id\":\"https:\/\/hudo.com\/si\/aktualno\/svet\/erdogan-turcija-ni-evropsko-begunsko-taborisce\/#breadcrumb\",\"itemListElement\":[{\"@type\":\"ListItem\",\"position\":1,\"name\":\"Home\",\"item\":\"https:\/\/hudo.com\/si\/\"},{\"@type\":\"ListItem\",\"position\":2,\"name\":\"Erdogan: Tur\u010dija ni evropsko begunsko tabori\u0161\u010de\"}]},{\"@type\":\"WebSite\",\"@id\":\"https:\/\/hudo.com\/si\/#website\",\"url\":\"https:\/\/hudo.com\/si\/\",\"name\":\"Hudo Slovenija\",\"description\":\"Vse novice iz Slovenije in sveta\",\"publisher\":{\"@id\":\"https:\/\/hudo.com\/si\/#organization\"},\"potentialAction\":[{\"@type\":\"SearchAction\",\"target\":{\"@type\":\"EntryPoint\",\"urlTemplate\":\"https:\/\/hudo.com\/si\/?s={search_term_string}\"},\"query-input\":\"required name=search_term_string\"}],\"inLanguage\":\"sl-SI\"},{\"@type\":\"Organization\",\"@id\":\"https:\/\/hudo.com\/si\/#organization\",\"name\":\"VSN Media\",\"url\":\"https:\/\/hudo.com\/si\/\",\"logo\":{\"@type\":\"ImageObject\",\"inLanguage\":\"sl-SI\",\"@id\":\"https:\/\/hudo.com\/si\/#\/schema\/logo\/image\/\",\"url\":\"https:\/\/hudo.com\/si\/wp-content\/uploads\/sites\/2\/2021\/03\/hudo-app-2.png\",\"contentUrl\":\"https:\/\/hudo.com\/si\/wp-content\/uploads\/sites\/2\/2021\/03\/hudo-app-2.png\",\"width\":2185,\"height\":2167,\"caption\":\"VSN Media\"},\"image\":{\"@id\":\"https:\/\/hudo.com\/si\/#\/schema\/logo\/image\/\"},\"sameAs\":[\"https:\/\/www.facebook.com\/hudo.si\",\"https:\/\/twitter.com\/hudo_si\"]},{\"@type\":\"Person\",\"@id\":\"https:\/\/hudo.com\/si\/#\/schema\/person\/2391667a63ea075ba94f2f2dc6b77537\",\"name\":\"A. G., STA\",\"image\":{\"@type\":\"ImageObject\",\"inLanguage\":\"sl-SI\",\"@id\":\"https:\/\/hudo.com\/si\/#\/schema\/person\/image\/\",\"url\":\"https:\/\/secure.gravatar.com\/avatar\/e13d22ac3e442658d5025fbbe6238a79?s=96&d=mm&r=g\",\"contentUrl\":\"https:\/\/secure.gravatar.com\/avatar\/e13d22ac3e442658d5025fbbe6238a79?s=96&d=mm&r=g\",\"caption\":\"A. G., STA\"},\"url\":\"https:\/\/hudo.com\/si\/author\/alenka\/\"}]}<\/script>\n<!-- \/ Yoast SEO plugin. -->","yoast_head_json":{"title":"Erdogan: Tur\u010dija ni evropsko begunsko tabori\u0161\u010de - Hudo Slovenija","robots":{"index":"index","follow":"follow","max-snippet":"max-snippet:-1","max-image-preview":"max-image-preview:large","max-video-preview":"max-video-preview:-1"},"canonical":"https:\/\/hudo.com\/si\/aktualno\/svet\/erdogan-turcija-ni-evropsko-begunsko-taborisce\/","og_locale":"sl_SI","og_type":"article","og_title":"Erdogan: Tur\u010dija ni evropsko begunsko tabori\u0161\u010de - Hudo Slovenija","og_description":"Evropa se ne more izogniti problemu afganistanskih beguncev s trdnim zapiranjem meja, je v \u010detrtek zve\u010der izjavil tur\u0161ki predsednik Recep Tayyip Erdogan. Pri tem je opozoril, da ni naloga Tur\u010dije, da bi bila evropsko begunsko tabori\u0161\u010de, poro\u010da nem\u0161ka tiskovna agencija dpa.","og_url":"https:\/\/hudo.com\/si\/aktualno\/svet\/erdogan-turcija-ni-evropsko-begunsko-taborisce\/","og_site_name":"Hudo Slovenija","article_publisher":"https:\/\/www.facebook.com\/hudo.si","article_published_time":"2021-08-20T12:05:25+00:00","og_image":[{"width":1250,"height":908,"url":"https:\/\/hudo.com\/si\/wp-content\/uploads\/sites\/2\/2020\/01\/profimedia-0493244700.jpg","type":"image\/jpeg"}],"author":"A. G., STA","twitter_card":"summary_large_image","twitter_creator":"@hudo_si","twitter_site":"@hudo_si","twitter_misc":{"Written by":"A. G., STA","Est. reading time":"1 minuta"},"schema":{"@context":"https:\/\/schema.org","@graph":[{"@type":"Article","@id":"https:\/\/hudo.com\/si\/aktualno\/svet\/erdogan-turcija-ni-evropsko-begunsko-taborisce\/#article","isPartOf":{"@id":"https:\/\/hudo.com\/si\/aktualno\/svet\/erdogan-turcija-ni-evropsko-begunsko-taborisce\/"},"author":{"name":"A. G., STA","@id":"https:\/\/hudo.com\/si\/#\/schema\/person\/2391667a63ea075ba94f2f2dc6b77537"},"headline":"Erdogan: Tur\u010dija ni evropsko begunsko tabori\u0161\u010de","datePublished":"2021-08-20T12:05:25+00:00","dateModified":"2021-08-20T12:05:25+00:00","mainEntityOfPage":{"@id":"https:\/\/hudo.com\/si\/aktualno\/svet\/erdogan-turcija-ni-evropsko-begunsko-taborisce\/"},"wordCount":127,"publisher":{"@id":"https:\/\/hudo.com\/si\/#organization"},"keywords":["afganistan","Recep Tayyip Erdogan","tur\u010dija"],"articleSection":["Svet"],"inLanguage":"sl-SI"},{"@type":"WebPage","@id":"https:\/\/hudo.com\/si\/aktualno\/svet\/erdogan-turcija-ni-evropsko-begunsko-taborisce\/","url":"https:\/\/hudo.com\/si\/aktualno\/svet\/erdogan-turcija-ni-evropsko-begunsko-taborisce\/","name":"Erdogan: Tur\u010dija ni evropsko begunsko tabori\u0161\u010de - Hudo Slovenija","isPartOf":{"@id":"https:\/\/hudo.com\/si\/#website"},"datePublished":"2021-08-20T12:05:25+00:00","dateModified":"2021-08-20T12:05:25+00:00","breadcrumb":{"@id":"https:\/\/hudo.com\/si\/aktualno\/svet\/erdogan-turcija-ni-evropsko-begunsko-taborisce\/#breadcrumb"},"inLanguage":"sl-SI","potentialAction":[{"@type":"ReadAction","target":["https:\/\/hudo.com\/si\/aktualno\/svet\/erdogan-turcija-ni-evropsko-begunsko-taborisce\/"]}]},{"@type":"BreadcrumbList","@id":"https:\/\/hudo.com\/si\/aktualno\/svet\/erdogan-turcija-ni-evropsko-begunsko-taborisce\/#breadcrumb","itemListElement":[{"@type":"ListItem","position":1,"name":"Home","item":"https:\/\/hudo.com\/si\/"},{"@type":"ListItem","position":2,"name":"Erdogan: Tur\u010dija ni evropsko begunsko tabori\u0161\u010de"}]},{"@type":"WebSite","@id":"https:\/\/hudo.com\/si\/#website","url":"https:\/\/hudo.com\/si\/","name":"Hudo Slovenija","description":"Vse novice iz Slovenije in sveta","publisher":{"@id":"https:\/\/hudo.com\/si\/#organization"},"potentialAction":[{"@type":"SearchAction","target":{"@type":"EntryPoint","urlTemplate":"https:\/\/hudo.com\/si\/?s={search_term_string}"},"query-input":"required name=search_term_string"}],"inLanguage":"sl-SI"},{"@type":"Organization","@id":"https:\/\/hudo.com\/si\/#organization","name":"VSN Media","url":"https:\/\/hudo.com\/si\/","logo":{"@type":"ImageObject","inLanguage":"sl-SI","@id":"https:\/\/hudo.com\/si\/#\/schema\/logo\/image\/","url":"https:\/\/hudo.com\/si\/wp-content\/uploads\/sites\/2\/2021\/03\/hudo-app-2.png","contentUrl":"https:\/\/hudo.com\/si\/wp-content\/uploads\/sites\/2\/2021\/03\/hudo-app-2.png","width":2185,"height":2167,"caption":"VSN Media"},"image":{"@id":"https:\/\/hudo.com\/si\/#\/schema\/logo\/image\/"},"sameAs":["https:\/\/www.facebook.com\/hudo.si","https:\/\/twitter.com\/hudo_si"]},{"@type":"Person","@id":"https:\/\/hudo.com\/si\/#\/schema\/person\/2391667a63ea075ba94f2f2dc6b77537","name":"A. G., STA","image":{"@type":"ImageObject","inLanguage":"sl-SI","@id":"https:\/\/hudo.com\/si\/#\/schema\/person\/image\/","url":"https:\/\/secure.gravatar.com\/avatar\/e13d22ac3e442658d5025fbbe6238a79?s=96&d=mm&r=g","contentUrl":"https:\/\/secure.gravatar.com\/avatar\/e13d22ac3e442658d5025fbbe6238a79?s=96&d=mm&r=g","caption":"A. G., STA"},"url":"https:\/\/hudo.com\/si\/author\/alenka\/"}]}},"amp_enabled":true,"_links":{"self":[{"href":"https:\/\/hudo.com\/si\/wp-json\/wp\/v2\/posts\/456605"}],"collection":[{"href":"https:\/\/hudo.com\/si\/wp-json\/wp\/v2\/posts"}],"about":[{"href":"https:\/\/hudo.com\/si\/wp-json\/wp\/v2\/types\/post"}],"author":[{"embeddable":true,"href":"https:\/\/hudo.com\/si\/wp-json\/wp\/v2\/users\/5"}],"replies":[{"embeddable":true,"href":"https:\/\/hudo.com\/si\/wp-json\/wp\/v2\/comments?post=456605"}],"version-history":[{"count":1,"href":"https:\/\/hudo.com\/si\/wp-json\/wp\/v2\/posts\/456605\/revisions"}],"predecessor-version":[{"id":456606,"href":"https:\/\/hudo.com\/si\/wp-json\/wp\/v2\/posts\/456605\/revisions\/456606"}],"wp:featuredmedia":[{"embeddable":true,"href":"https:\/\/hudo.com\/si\/wp-json\/wp\/v2\/media\/414352"}],"wp:attachment":[{"href":"https:\/\/hudo.com\/si\/wp-json\/wp\/v2\/media?parent=456605"}],"wp:term":[{"taxonomy":"category","embeddable":true,"href":"https:\/\/hudo.com\/si\/wp-json\/wp\/v2\/categories?post=456605"},{"taxonomy":"post_tag","embeddable":true,"href":"https:\/\/hudo.com\/si\/wp-json\/wp\/v2\/tags?post=456605"},{"taxonomy":"source","embeddable":true,"href":"https:\/\/hudo.com\/si\/wp-json\/wp\/v2\/source?post=456605"},{"taxonomy":"supertag","embeddable":true,"href":"https:\/\/hudo.com\/si\/wp-json\/wp\/v2\/supertag?post=456605"}],"curies":[{"name":"wp","href":"https:\/\/api.w.org\/{rel}","templated":true}]}}