{"id":456849,"date":"2021-08-27T08:23:04","date_gmt":"2021-08-27T06:23:04","guid":{"rendered":"https:\/\/hudo.com\/si\/?p=456849"},"modified":"2021-08-27T08:23:04","modified_gmt":"2021-08-27T06:23:04","slug":"nova-zelandija-znova-podaljsala-ustavitev-javnega-zivljenja-trajanju-omejitev-ni-videti-konca","status":"publish","type":"post","link":"https:\/\/hudo.com\/si\/aktualno\/svet\/nova-zelandija-znova-podaljsala-ustavitev-javnega-zivljenja-trajanju-omejitev-ni-videti-konca\/","title":{"rendered":"Nova Zelandija znova podalj\u0161ala ustavitev javnega \u017eivljenja, trajanju omejitev ni videti konca"},"content":{"rendered":"<p>&#8220;Na\u0161e poslanstvo je, da si mo\u010dno prizadevamo za to, da ukrivimo in splo\u0161\u010dimo krivuljo,&#8221; je o oku\u017ebah dejala Ardernova.<\/p>\n<p>V tem izbruhu so v Novi Zelandiji skupno potrdili 347 oku\u017eb. Oblasti pa so preventivno podalj\u0161ale omejitve do 31. avgusta. Na obmo\u010dju Aucklanda, kjer so odkrili ve\u010dino oku\u017eb, in sosednji regiji Northland bodo omejitve trajale \u0161e dodatna dva tedna, je dejala premierka po poro\u010danju francoske tiskovne agencije AFP.<\/p>\n<p>Nova Zelandija v okviru svoje covidne politike ob pojavu oku\u017ebe nemudoma uvede stroge ukrepe, da bi s tem prepre\u010dili nadaljnje \u0161irjenje virusa. Od srede dalje bodo lahko obmo\u010dja zunaj \u017eari\u0161\u010da pre\u0161la na tretjo od \u0161tirih stopenj omejitev, kar med drugim omogo\u010da delovanje restavracij brez stika s potro\u0161niki.<\/p>\n","protected":false},"excerpt":{"rendered":"<p>Novozelandske oblasti so danes podalj\u0161ale ustavitev javnega \u017eivljenja zaradi izbruha koronavirusne razli\u010dice delta do naslednjega tedna, omejitve v \u017eari\u0161\u010du Auckland pa bodo verjetno trajale \u0161e dlje. Novozelandska premierka Jacinda Ardern je ob 70 novih primerih oku\u017eb ocenila, da bodo kmalu do\u017eiveli vrhunec izbruha, \u010de se bodo dr\u017eali omejitev.<\/p>\n","protected":false},"author":7,"featured_media":395316,"comment_status":"closed","ping_status":"closed","sticky":false,"template":"","format":"standard","meta":{"footnotes":""},"categories":[18202],"tags":[4043],"source":[4511],"supertag":[],"acf":[],"yoast_head":"<!-- This site is optimized with the Yoast SEO plugin v21.3 - https:\/\/yoast.com\/wordpress\/plugins\/seo\/ -->\n<title>Nova Zelandija znova podalj\u0161ala ustavitev javnega \u017eivljenja, trajanju omejitev ni videti konca - Hudo Slovenija<\/title>\n<meta name=\"robots\" content=\"index, follow, max-snippet:-1, max-image-preview:large, max-video-preview:-1\" \/>\n<link rel=\"canonical\" href=\"https:\/\/hudo.com\/si\/aktualno\/svet\/nova-zelandija-znova-podaljsala-ustavitev-javnega-zivljenja-trajanju-omejitev-ni-videti-konca\/\" \/>\n<meta property=\"og:locale\" content=\"sl_SI\" \/>\n<meta property=\"og:type\" content=\"article\" \/>\n<meta property=\"og:title\" content=\"Nova Zelandija znova podalj\u0161ala ustavitev javnega \u017eivljenja, trajanju omejitev ni videti konca - Hudo Slovenija\" \/>\n<meta property=\"og:description\" content=\"Novozelandske oblasti so danes podalj\u0161ale ustavitev javnega \u017eivljenja zaradi izbruha koronavirusne razli\u010dice delta do naslednjega tedna, omejitve v \u017eari\u0161\u010du Auckland pa bodo verjetno trajale \u0161e dlje. Novozelandska premierka Jacinda Ardern je ob 70 novih primerih oku\u017eb ocenila, da bodo kmalu do\u017eiveli vrhunec izbruha, \u010de se bodo dr\u017eali omejitev.\" \/>\n<meta property=\"og:url\" content=\"https:\/\/hudo.com\/si\/aktualno\/svet\/nova-zelandija-znova-podaljsala-ustavitev-javnega-zivljenja-trajanju-omejitev-ni-videti-konca\/\" \/>\n<meta property=\"og:site_name\" content=\"Hudo Slovenija\" \/>\n<meta property=\"article:publisher\" content=\"https:\/\/www.facebook.com\/hudo.si\" \/>\n<meta property=\"article:published_time\" content=\"2021-08-27T06:23:04+00:00\" \/>\n<meta property=\"og:image\" content=\"https:\/\/hudo.com\/si\/wp-content\/uploads\/sites\/2\/2019\/03\/profimedia-0420685908.jpg\" \/>\n\t<meta property=\"og:image:width\" content=\"1250\" \/>\n\t<meta property=\"og:image:height\" content=\"875\" \/>\n\t<meta property=\"og:image:type\" content=\"image\/jpeg\" \/>\n<meta name=\"author\" content=\"A. P., STA\" \/>\n<meta name=\"twitter:card\" content=\"summary_large_image\" \/>\n<meta name=\"twitter:creator\" content=\"@hudo_si\" \/>\n<meta name=\"twitter:site\" content=\"@hudo_si\" \/>\n<meta name=\"twitter:label1\" content=\"Written by\" \/>\n\t<meta name=\"twitter:data1\" content=\"A. P., STA\" \/>\n\t<meta name=\"twitter:label2\" content=\"Est. reading time\" \/>\n\t<meta name=\"twitter:data2\" content=\"1 minuta\" \/>\n<script type=\"application\/ld+json\" class=\"yoast-schema-graph\">{\"@context\":\"https:\/\/schema.org\",\"@graph\":[{\"@type\":\"Article\",\"@id\":\"https:\/\/hudo.com\/si\/aktualno\/svet\/nova-zelandija-znova-podaljsala-ustavitev-javnega-zivljenja-trajanju-omejitev-ni-videti-konca\/#article\",\"isPartOf\":{\"@id\":\"https:\/\/hudo.com\/si\/aktualno\/svet\/nova-zelandija-znova-podaljsala-ustavitev-javnega-zivljenja-trajanju-omejitev-ni-videti-konca\/\"},\"author\":{\"name\":\"A. P., STA\",\"@id\":\"https:\/\/hudo.com\/si\/#\/schema\/person\/18f09c02475ba9e606e941a565b80cff\"},\"headline\":\"Nova Zelandija znova podalj\u0161ala ustavitev javnega \u017eivljenja, trajanju omejitev ni videti konca\",\"datePublished\":\"2021-08-27T06:23:04+00:00\",\"dateModified\":\"2021-08-27T06:23:04+00:00\",\"mainEntityOfPage\":{\"@id\":\"https:\/\/hudo.com\/si\/aktualno\/svet\/nova-zelandija-znova-podaljsala-ustavitev-javnega-zivljenja-trajanju-omejitev-ni-videti-konca\/\"},\"wordCount\":142,\"publisher\":{\"@id\":\"https:\/\/hudo.com\/si\/#organization\"},\"keywords\":[\"nova zelandija\"],\"articleSection\":[\"Svet\"],\"inLanguage\":\"sl-SI\"},{\"@type\":\"WebPage\",\"@id\":\"https:\/\/hudo.com\/si\/aktualno\/svet\/nova-zelandija-znova-podaljsala-ustavitev-javnega-zivljenja-trajanju-omejitev-ni-videti-konca\/\",\"url\":\"https:\/\/hudo.com\/si\/aktualno\/svet\/nova-zelandija-znova-podaljsala-ustavitev-javnega-zivljenja-trajanju-omejitev-ni-videti-konca\/\",\"name\":\"Nova Zelandija znova podalj\u0161ala ustavitev javnega \u017eivljenja, trajanju omejitev ni videti konca - Hudo Slovenija\",\"isPartOf\":{\"@id\":\"https:\/\/hudo.com\/si\/#website\"},\"datePublished\":\"2021-08-27T06:23:04+00:00\",\"dateModified\":\"2021-08-27T06:23:04+00:00\",\"breadcrumb\":{\"@id\":\"https:\/\/hudo.com\/si\/aktualno\/svet\/nova-zelandija-znova-podaljsala-ustavitev-javnega-zivljenja-trajanju-omejitev-ni-videti-konca\/#breadcrumb\"},\"inLanguage\":\"sl-SI\",\"potentialAction\":[{\"@type\":\"ReadAction\",\"target\":[\"https:\/\/hudo.com\/si\/aktualno\/svet\/nova-zelandija-znova-podaljsala-ustavitev-javnega-zivljenja-trajanju-omejitev-ni-videti-konca\/\"]}]},{\"@type\":\"BreadcrumbList\",\"@id\":\"https:\/\/hudo.com\/si\/aktualno\/svet\/nova-zelandija-znova-podaljsala-ustavitev-javnega-zivljenja-trajanju-omejitev-ni-videti-konca\/#breadcrumb\",\"itemListElement\":[{\"@type\":\"ListItem\",\"position\":1,\"name\":\"Home\",\"item\":\"https:\/\/hudo.com\/si\/\"},{\"@type\":\"ListItem\",\"position\":2,\"name\":\"Nova Zelandija znova podalj\u0161ala ustavitev javnega \u017eivljenja, trajanju omejitev ni videti konca\"}]},{\"@type\":\"WebSite\",\"@id\":\"https:\/\/hudo.com\/si\/#website\",\"url\":\"https:\/\/hudo.com\/si\/\",\"name\":\"Hudo Slovenija\",\"description\":\"Vse novice iz Slovenije in sveta\",\"publisher\":{\"@id\":\"https:\/\/hudo.com\/si\/#organization\"},\"potentialAction\":[{\"@type\":\"SearchAction\",\"target\":{\"@type\":\"EntryPoint\",\"urlTemplate\":\"https:\/\/hudo.com\/si\/?s={search_term_string}\"},\"query-input\":\"required name=search_term_string\"}],\"inLanguage\":\"sl-SI\"},{\"@type\":\"Organization\",\"@id\":\"https:\/\/hudo.com\/si\/#organization\",\"name\":\"VSN Media\",\"url\":\"https:\/\/hudo.com\/si\/\",\"logo\":{\"@type\":\"ImageObject\",\"inLanguage\":\"sl-SI\",\"@id\":\"https:\/\/hudo.com\/si\/#\/schema\/logo\/image\/\",\"url\":\"https:\/\/hudo.com\/si\/wp-content\/uploads\/sites\/2\/2021\/03\/hudo-app-2.png\",\"contentUrl\":\"https:\/\/hudo.com\/si\/wp-content\/uploads\/sites\/2\/2021\/03\/hudo-app-2.png\",\"width\":2185,\"height\":2167,\"caption\":\"VSN Media\"},\"image\":{\"@id\":\"https:\/\/hudo.com\/si\/#\/schema\/logo\/image\/\"},\"sameAs\":[\"https:\/\/www.facebook.com\/hudo.si\",\"https:\/\/twitter.com\/hudo_si\"]},{\"@type\":\"Person\",\"@id\":\"https:\/\/hudo.com\/si\/#\/schema\/person\/18f09c02475ba9e606e941a565b80cff\",\"name\":\"A. P., STA\",\"image\":{\"@type\":\"ImageObject\",\"inLanguage\":\"sl-SI\",\"@id\":\"https:\/\/hudo.com\/si\/#\/schema\/person\/image\/\",\"url\":\"https:\/\/secure.gravatar.com\/avatar\/03eac8e609f5f04383125d80eaeaaf3e?s=96&d=mm&r=g\",\"contentUrl\":\"https:\/\/secure.gravatar.com\/avatar\/03eac8e609f5f04383125d80eaeaaf3e?s=96&d=mm&r=g\",\"caption\":\"A. P., STA\"},\"url\":\"https:\/\/hudo.com\/si\/author\/lubu\/\"}]}<\/script>\n<!-- \/ Yoast SEO plugin. -->","yoast_head_json":{"title":"Nova Zelandija znova podalj\u0161ala ustavitev javnega \u017eivljenja, trajanju omejitev ni videti konca - Hudo Slovenija","robots":{"index":"index","follow":"follow","max-snippet":"max-snippet:-1","max-image-preview":"max-image-preview:large","max-video-preview":"max-video-preview:-1"},"canonical":"https:\/\/hudo.com\/si\/aktualno\/svet\/nova-zelandija-znova-podaljsala-ustavitev-javnega-zivljenja-trajanju-omejitev-ni-videti-konca\/","og_locale":"sl_SI","og_type":"article","og_title":"Nova Zelandija znova podalj\u0161ala ustavitev javnega \u017eivljenja, trajanju omejitev ni videti konca - Hudo Slovenija","og_description":"Novozelandske oblasti so danes podalj\u0161ale ustavitev javnega \u017eivljenja zaradi izbruha koronavirusne razli\u010dice delta do naslednjega tedna, omejitve v \u017eari\u0161\u010du Auckland pa bodo verjetno trajale \u0161e dlje. Novozelandska premierka Jacinda Ardern je ob 70 novih primerih oku\u017eb ocenila, da bodo kmalu do\u017eiveli vrhunec izbruha, \u010de se bodo dr\u017eali omejitev.","og_url":"https:\/\/hudo.com\/si\/aktualno\/svet\/nova-zelandija-znova-podaljsala-ustavitev-javnega-zivljenja-trajanju-omejitev-ni-videti-konca\/","og_site_name":"Hudo Slovenija","article_publisher":"https:\/\/www.facebook.com\/hudo.si","article_published_time":"2021-08-27T06:23:04+00:00","og_image":[{"width":1250,"height":875,"url":"https:\/\/hudo.com\/si\/wp-content\/uploads\/sites\/2\/2019\/03\/profimedia-0420685908.jpg","type":"image\/jpeg"}],"author":"A. P., STA","twitter_card":"summary_large_image","twitter_creator":"@hudo_si","twitter_site":"@hudo_si","twitter_misc":{"Written by":"A. P., STA","Est. reading time":"1 minuta"},"schema":{"@context":"https:\/\/schema.org","@graph":[{"@type":"Article","@id":"https:\/\/hudo.com\/si\/aktualno\/svet\/nova-zelandija-znova-podaljsala-ustavitev-javnega-zivljenja-trajanju-omejitev-ni-videti-konca\/#article","isPartOf":{"@id":"https:\/\/hudo.com\/si\/aktualno\/svet\/nova-zelandija-znova-podaljsala-ustavitev-javnega-zivljenja-trajanju-omejitev-ni-videti-konca\/"},"author":{"name":"A. P., STA","@id":"https:\/\/hudo.com\/si\/#\/schema\/person\/18f09c02475ba9e606e941a565b80cff"},"headline":"Nova Zelandija znova podalj\u0161ala ustavitev javnega \u017eivljenja, trajanju omejitev ni videti konca","datePublished":"2021-08-27T06:23:04+00:00","dateModified":"2021-08-27T06:23:04+00:00","mainEntityOfPage":{"@id":"https:\/\/hudo.com\/si\/aktualno\/svet\/nova-zelandija-znova-podaljsala-ustavitev-javnega-zivljenja-trajanju-omejitev-ni-videti-konca\/"},"wordCount":142,"publisher":{"@id":"https:\/\/hudo.com\/si\/#organization"},"keywords":["nova zelandija"],"articleSection":["Svet"],"inLanguage":"sl-SI"},{"@type":"WebPage","@id":"https:\/\/hudo.com\/si\/aktualno\/svet\/nova-zelandija-znova-podaljsala-ustavitev-javnega-zivljenja-trajanju-omejitev-ni-videti-konca\/","url":"https:\/\/hudo.com\/si\/aktualno\/svet\/nova-zelandija-znova-podaljsala-ustavitev-javnega-zivljenja-trajanju-omejitev-ni-videti-konca\/","name":"Nova Zelandija znova podalj\u0161ala ustavitev javnega \u017eivljenja, trajanju omejitev ni videti konca - Hudo Slovenija","isPartOf":{"@id":"https:\/\/hudo.com\/si\/#website"},"datePublished":"2021-08-27T06:23:04+00:00","dateModified":"2021-08-27T06:23:04+00:00","breadcrumb":{"@id":"https:\/\/hudo.com\/si\/aktualno\/svet\/nova-zelandija-znova-podaljsala-ustavitev-javnega-zivljenja-trajanju-omejitev-ni-videti-konca\/#breadcrumb"},"inLanguage":"sl-SI","potentialAction":[{"@type":"ReadAction","target":["https:\/\/hudo.com\/si\/aktualno\/svet\/nova-zelandija-znova-podaljsala-ustavitev-javnega-zivljenja-trajanju-omejitev-ni-videti-konca\/"]}]},{"@type":"BreadcrumbList","@id":"https:\/\/hudo.com\/si\/aktualno\/svet\/nova-zelandija-znova-podaljsala-ustavitev-javnega-zivljenja-trajanju-omejitev-ni-videti-konca\/#breadcrumb","itemListElement":[{"@type":"ListItem","position":1,"name":"Home","item":"https:\/\/hudo.com\/si\/"},{"@type":"ListItem","position":2,"name":"Nova Zelandija znova podalj\u0161ala ustavitev javnega \u017eivljenja, trajanju omejitev ni videti konca"}]},{"@type":"WebSite","@id":"https:\/\/hudo.com\/si\/#website","url":"https:\/\/hudo.com\/si\/","name":"Hudo Slovenija","description":"Vse novice iz Slovenije in sveta","publisher":{"@id":"https:\/\/hudo.com\/si\/#organization"},"potentialAction":[{"@type":"SearchAction","target":{"@type":"EntryPoint","urlTemplate":"https:\/\/hudo.com\/si\/?s={search_term_string}"},"query-input":"required name=search_term_string"}],"inLanguage":"sl-SI"},{"@type":"Organization","@id":"https:\/\/hudo.com\/si\/#organization","name":"VSN Media","url":"https:\/\/hudo.com\/si\/","logo":{"@type":"ImageObject","inLanguage":"sl-SI","@id":"https:\/\/hudo.com\/si\/#\/schema\/logo\/image\/","url":"https:\/\/hudo.com\/si\/wp-content\/uploads\/sites\/2\/2021\/03\/hudo-app-2.png","contentUrl":"https:\/\/hudo.com\/si\/wp-content\/uploads\/sites\/2\/2021\/03\/hudo-app-2.png","width":2185,"height":2167,"caption":"VSN Media"},"image":{"@id":"https:\/\/hudo.com\/si\/#\/schema\/logo\/image\/"},"sameAs":["https:\/\/www.facebook.com\/hudo.si","https:\/\/twitter.com\/hudo_si"]},{"@type":"Person","@id":"https:\/\/hudo.com\/si\/#\/schema\/person\/18f09c02475ba9e606e941a565b80cff","name":"A. P., STA","image":{"@type":"ImageObject","inLanguage":"sl-SI","@id":"https:\/\/hudo.com\/si\/#\/schema\/person\/image\/","url":"https:\/\/secure.gravatar.com\/avatar\/03eac8e609f5f04383125d80eaeaaf3e?s=96&d=mm&r=g","contentUrl":"https:\/\/secure.gravatar.com\/avatar\/03eac8e609f5f04383125d80eaeaaf3e?s=96&d=mm&r=g","caption":"A. P., STA"},"url":"https:\/\/hudo.com\/si\/author\/lubu\/"}]}},"amp_enabled":true,"_links":{"self":[{"href":"https:\/\/hudo.com\/si\/wp-json\/wp\/v2\/posts\/456849"}],"collection":[{"href":"https:\/\/hudo.com\/si\/wp-json\/wp\/v2\/posts"}],"about":[{"href":"https:\/\/hudo.com\/si\/wp-json\/wp\/v2\/types\/post"}],"author":[{"embeddable":true,"href":"https:\/\/hudo.com\/si\/wp-json\/wp\/v2\/users\/7"}],"replies":[{"embeddable":true,"href":"https:\/\/hudo.com\/si\/wp-json\/wp\/v2\/comments?post=456849"}],"version-history":[{"count":1,"href":"https:\/\/hudo.com\/si\/wp-json\/wp\/v2\/posts\/456849\/revisions"}],"predecessor-version":[{"id":456850,"href":"https:\/\/hudo.com\/si\/wp-json\/wp\/v2\/posts\/456849\/revisions\/456850"}],"wp:featuredmedia":[{"embeddable":true,"href":"https:\/\/hudo.com\/si\/wp-json\/wp\/v2\/media\/395316"}],"wp:attachment":[{"href":"https:\/\/hudo.com\/si\/wp-json\/wp\/v2\/media?parent=456849"}],"wp:term":[{"taxonomy":"category","embeddable":true,"href":"https:\/\/hudo.com\/si\/wp-json\/wp\/v2\/categories?post=456849"},{"taxonomy":"post_tag","embeddable":true,"href":"https:\/\/hudo.com\/si\/wp-json\/wp\/v2\/tags?post=456849"},{"taxonomy":"source","embeddable":true,"href":"https:\/\/hudo.com\/si\/wp-json\/wp\/v2\/source?post=456849"},{"taxonomy":"supertag","embeddable":true,"href":"https:\/\/hudo.com\/si\/wp-json\/wp\/v2\/supertag?post=456849"}],"curies":[{"name":"wp","href":"https:\/\/api.w.org\/{rel}","templated":true}]}}