{"id":456881,"date":"2021-08-27T12:46:19","date_gmt":"2021-08-27T10:46:19","guid":{"rendered":"https:\/\/hudo.com\/si\/?p=456881"},"modified":"2021-08-27T12:46:19","modified_gmt":"2021-08-27T10:46:19","slug":"medtem-ko-ostala-evropa-zaostruje-pogoje-na-hrvaskem-s-1-septembrom-dodatno-rahljanje-ukrepov-za-gostince","status":"publish","type":"post","link":"https:\/\/hudo.com\/si\/aktualno\/svet\/medtem-ko-ostala-evropa-zaostruje-pogoje-na-hrvaskem-s-1-septembrom-dodatno-rahljanje-ukrepov-za-gostince\/","title":{"rendered":"Medtem ko ostala Evropa zaostruje pogoje, na Hrva\u0161kem s 1. septembrom dodatno rahljanje ukrepov za gostince"},"content":{"rendered":"<p>Hrva\u0161ki \u0161tab civilne za\u0161\u010dite bo tako s 1. septembrom ugodil zahtevam lastnikov kavarn in barov, ki so zahtevali obratovanje v zaprtih delih lokalov, kot to lahko \u017ee nekaj mesecev po\u010dnejo v restavracijah. V ve\u010dini gostinskih lokalov je na Hrva\u0161kem namre\u010d dovoljeno obratovanje zgolj na terasah in na odprtem.<\/p>\n<p>Bo\u017einovi\u0107 je na dana\u0161nji novinarski konferenci \u0161e napovedal, da bodo epidemiologi dolo\u010dili stroge ukrepe za obratovanje kavarn, barov in ostalih zaprtih gostinskih prostorov. Poudaril je, da zaenkrat ne razmi\u0161ljajo o tem, da bi kot enega od ukrepov za vstop v gostinske lokale uveljavili digitalna covidna potrdila.<\/p>\n<p>Na Hrva\u0161kem se bo 6. septembra za\u010delo novo \u0161olsko leto, pouk pa nameravajo v celoti organizirati v \u0161olah, za razliko od prej\u0161njega \u0161olskega leta, ko je veliko izobra\u017eevalnih ustanov izvajalo ve\u010dino pouka na daljavo. Zrahljali so tudi nekatere druge ukrepe. Med drugim bodo u\u010dencem vi\u0161jih razredov v osnovnih \u0161olah dovolili menjavo u\u010dilnic in kabinetov. Omogo\u010dali bodo tudi \u0161portne dejavnosti u\u010dencev in dijakov. Znova bodo v \u0161olah tudi izbirni, dodatni in dopolnilni pouk, ki je v prej\u0161njem \u0161olskem letu v celoti potekal na daljavo.<\/p>\n<p>Hrva\u0161ka napoveduje nadaljnje rahljanje epidemiolo\u0161kih ukrepov, \u010deprav se \u0161tevilo oku\u017eb z novim koronavirusom zvi\u0161uje. Od za\u010detka tedna so potrdili za 31,5 odstotka ve\u010d novih oku\u017eb, kot je to bilo v prvih petih dneh prej\u0161njega tedna, je povedal ravnatelj hrva\u0161kega zavoda za javno zdravstvo (HZJZ) Krunoslav Capak. V dr\u017eavi je danes 3335 aktivnih primerov oku\u017eb.<\/p>\n<p>Capak je \u0161e dejal, da zna\u0161a 14-dnevna incidenca na 100.000 prebivalcev 143, medtem ko je stopnja smrtnosti na milijon prebivalcev okoli 2049. Dr\u017eava je \u0161e naprej na oran\u017enem seznamu Evropskega centra za obvladovanje in prepre\u010devanje bolezni (ECDC).<\/p>\n<p>Pristojni so danes znova pozvali dr\u017eavljane, naj se cepijo proti covidu-19. Z enim odmerkom so doslej na Hrva\u0161kem cepili 42,2 odstotka prebivalcev oziroma nekaj manj kot 50,7 odstotkov odraslih. Precepljenih je 47,4 odstotka odraslih, so \u0161e sporo\u010dili.<\/p>\n","protected":false},"excerpt":{"rendered":"<p>Na Hrva\u0161kem bodo s 1. septembrom v kavarnah in barih goste lahko postregli tudi v zaprtih prostorih, je danes napovedal hrva\u0161ki notranji minister Davor Bo\u017einovi\u0107. Povedal je, da ne bodo spreminjali obratovalnega \u010dasa, to pomeni, da bodo lahko lokali \u0161e naprej odprti do polno\u010di.<\/p>\n","protected":false},"author":8,"featured_media":446170,"comment_status":"closed","ping_status":"closed","sticky":false,"template":"","format":"standard","meta":{"footnotes":""},"categories":[18202],"tags":[4835,1810,18338],"source":[4511],"supertag":[],"acf":[],"yoast_head":"<!-- This site is optimized with the Yoast SEO plugin v21.3 - https:\/\/yoast.com\/wordpress\/plugins\/seo\/ -->\n<title>Medtem ko ostala Evropa zaostruje pogoje, na Hrva\u0161kem s 1. septembrom dodatno rahljanje ukrepov za gostince - Hudo Slovenija<\/title>\n<meta name=\"robots\" content=\"index, follow, max-snippet:-1, max-image-preview:large, max-video-preview:-1\" \/>\n<link rel=\"canonical\" href=\"https:\/\/hudo.com\/si\/aktualno\/svet\/medtem-ko-ostala-evropa-zaostruje-pogoje-na-hrvaskem-s-1-septembrom-dodatno-rahljanje-ukrepov-za-gostince\/\" \/>\n<meta property=\"og:locale\" content=\"sl_SI\" \/>\n<meta property=\"og:type\" content=\"article\" \/>\n<meta property=\"og:title\" content=\"Medtem ko ostala Evropa zaostruje pogoje, na Hrva\u0161kem s 1. septembrom dodatno rahljanje ukrepov za gostince - Hudo Slovenija\" \/>\n<meta property=\"og:description\" content=\"Na Hrva\u0161kem bodo s 1. septembrom v kavarnah in barih goste lahko postregli tudi v zaprtih prostorih, je danes napovedal hrva\u0161ki notranji minister Davor Bo\u017einovi\u0107. Povedal je, da ne bodo spreminjali obratovalnega \u010dasa, to pomeni, da bodo lahko lokali \u0161e naprej odprti do polno\u010di.\" \/>\n<meta property=\"og:url\" content=\"https:\/\/hudo.com\/si\/aktualno\/svet\/medtem-ko-ostala-evropa-zaostruje-pogoje-na-hrvaskem-s-1-septembrom-dodatno-rahljanje-ukrepov-za-gostince\/\" \/>\n<meta property=\"og:site_name\" content=\"Hudo Slovenija\" \/>\n<meta property=\"article:publisher\" content=\"https:\/\/www.facebook.com\/hudo.si\" \/>\n<meta property=\"article:published_time\" content=\"2021-08-27T10:46:19+00:00\" \/>\n<meta property=\"og:image\" content=\"https:\/\/hudo.com\/si\/wp-content\/uploads\/sites\/2\/2021\/02\/profimedia-0562087047.jpg\" \/>\n\t<meta property=\"og:image:width\" content=\"1250\" \/>\n\t<meta property=\"og:image:height\" content=\"801\" \/>\n\t<meta property=\"og:image:type\" content=\"image\/jpeg\" \/>\n<meta name=\"author\" content=\"M. N., STA\" \/>\n<meta name=\"twitter:card\" content=\"summary_large_image\" \/>\n<meta name=\"twitter:creator\" content=\"@hudo_si\" \/>\n<meta name=\"twitter:site\" content=\"@hudo_si\" \/>\n<meta name=\"twitter:label1\" content=\"Written by\" \/>\n\t<meta name=\"twitter:data1\" content=\"M. N., STA\" \/>\n\t<meta name=\"twitter:label2\" content=\"Est. reading time\" \/>\n\t<meta name=\"twitter:data2\" content=\"2 minuti\" \/>\n<script type=\"application\/ld+json\" class=\"yoast-schema-graph\">{\"@context\":\"https:\/\/schema.org\",\"@graph\":[{\"@type\":\"Article\",\"@id\":\"https:\/\/hudo.com\/si\/aktualno\/svet\/medtem-ko-ostala-evropa-zaostruje-pogoje-na-hrvaskem-s-1-septembrom-dodatno-rahljanje-ukrepov-za-gostince\/#article\",\"isPartOf\":{\"@id\":\"https:\/\/hudo.com\/si\/aktualno\/svet\/medtem-ko-ostala-evropa-zaostruje-pogoje-na-hrvaskem-s-1-septembrom-dodatno-rahljanje-ukrepov-za-gostince\/\"},\"author\":{\"name\":\"M. N., STA\",\"@id\":\"https:\/\/hudo.com\/si\/#\/schema\/person\/c2f10ce65d2e6ede2aeda5be2a0611fa\"},\"headline\":\"Medtem ko ostala Evropa zaostruje pogoje, na Hrva\u0161kem s 1. septembrom dodatno rahljanje ukrepov za gostince\",\"datePublished\":\"2021-08-27T10:46:19+00:00\",\"dateModified\":\"2021-08-27T10:46:19+00:00\",\"mainEntityOfPage\":{\"@id\":\"https:\/\/hudo.com\/si\/aktualno\/svet\/medtem-ko-ostala-evropa-zaostruje-pogoje-na-hrvaskem-s-1-septembrom-dodatno-rahljanje-ukrepov-za-gostince\/\"},\"wordCount\":348,\"publisher\":{\"@id\":\"https:\/\/hudo.com\/si\/#organization\"},\"keywords\":[\"gostinstvo\",\"hrva\u0161ka\",\"koronski ukrepi\"],\"articleSection\":[\"Svet\"],\"inLanguage\":\"sl-SI\"},{\"@type\":\"WebPage\",\"@id\":\"https:\/\/hudo.com\/si\/aktualno\/svet\/medtem-ko-ostala-evropa-zaostruje-pogoje-na-hrvaskem-s-1-septembrom-dodatno-rahljanje-ukrepov-za-gostince\/\",\"url\":\"https:\/\/hudo.com\/si\/aktualno\/svet\/medtem-ko-ostala-evropa-zaostruje-pogoje-na-hrvaskem-s-1-septembrom-dodatno-rahljanje-ukrepov-za-gostince\/\",\"name\":\"Medtem ko ostala Evropa zaostruje pogoje, na Hrva\u0161kem s 1. septembrom dodatno rahljanje ukrepov za gostince - Hudo Slovenija\",\"isPartOf\":{\"@id\":\"https:\/\/hudo.com\/si\/#website\"},\"datePublished\":\"2021-08-27T10:46:19+00:00\",\"dateModified\":\"2021-08-27T10:46:19+00:00\",\"breadcrumb\":{\"@id\":\"https:\/\/hudo.com\/si\/aktualno\/svet\/medtem-ko-ostala-evropa-zaostruje-pogoje-na-hrvaskem-s-1-septembrom-dodatno-rahljanje-ukrepov-za-gostince\/#breadcrumb\"},\"inLanguage\":\"sl-SI\",\"potentialAction\":[{\"@type\":\"ReadAction\",\"target\":[\"https:\/\/hudo.com\/si\/aktualno\/svet\/medtem-ko-ostala-evropa-zaostruje-pogoje-na-hrvaskem-s-1-septembrom-dodatno-rahljanje-ukrepov-za-gostince\/\"]}]},{\"@type\":\"BreadcrumbList\",\"@id\":\"https:\/\/hudo.com\/si\/aktualno\/svet\/medtem-ko-ostala-evropa-zaostruje-pogoje-na-hrvaskem-s-1-septembrom-dodatno-rahljanje-ukrepov-za-gostince\/#breadcrumb\",\"itemListElement\":[{\"@type\":\"ListItem\",\"position\":1,\"name\":\"Home\",\"item\":\"https:\/\/hudo.com\/si\/\"},{\"@type\":\"ListItem\",\"position\":2,\"name\":\"Medtem ko ostala Evropa zaostruje pogoje, na Hrva\u0161kem s 1. septembrom dodatno rahljanje ukrepov za gostince\"}]},{\"@type\":\"WebSite\",\"@id\":\"https:\/\/hudo.com\/si\/#website\",\"url\":\"https:\/\/hudo.com\/si\/\",\"name\":\"Hudo Slovenija\",\"description\":\"Vse novice iz Slovenije in sveta\",\"publisher\":{\"@id\":\"https:\/\/hudo.com\/si\/#organization\"},\"potentialAction\":[{\"@type\":\"SearchAction\",\"target\":{\"@type\":\"EntryPoint\",\"urlTemplate\":\"https:\/\/hudo.com\/si\/?s={search_term_string}\"},\"query-input\":\"required name=search_term_string\"}],\"inLanguage\":\"sl-SI\"},{\"@type\":\"Organization\",\"@id\":\"https:\/\/hudo.com\/si\/#organization\",\"name\":\"VSN Media\",\"url\":\"https:\/\/hudo.com\/si\/\",\"logo\":{\"@type\":\"ImageObject\",\"inLanguage\":\"sl-SI\",\"@id\":\"https:\/\/hudo.com\/si\/#\/schema\/logo\/image\/\",\"url\":\"https:\/\/hudo.com\/si\/wp-content\/uploads\/sites\/2\/2021\/03\/hudo-app-2.png\",\"contentUrl\":\"https:\/\/hudo.com\/si\/wp-content\/uploads\/sites\/2\/2021\/03\/hudo-app-2.png\",\"width\":2185,\"height\":2167,\"caption\":\"VSN Media\"},\"image\":{\"@id\":\"https:\/\/hudo.com\/si\/#\/schema\/logo\/image\/\"},\"sameAs\":[\"https:\/\/www.facebook.com\/hudo.si\",\"https:\/\/twitter.com\/hudo_si\"]},{\"@type\":\"Person\",\"@id\":\"https:\/\/hudo.com\/si\/#\/schema\/person\/c2f10ce65d2e6ede2aeda5be2a0611fa\",\"name\":\"M. N., STA\",\"image\":{\"@type\":\"ImageObject\",\"inLanguage\":\"sl-SI\",\"@id\":\"https:\/\/hudo.com\/si\/#\/schema\/person\/image\/\",\"url\":\"https:\/\/secure.gravatar.com\/avatar\/f370d38daa10467f755c5c766a4cac20?s=96&d=mm&r=g\",\"contentUrl\":\"https:\/\/secure.gravatar.com\/avatar\/f370d38daa10467f755c5c766a4cac20?s=96&d=mm&r=g\",\"caption\":\"M. N., STA\"},\"url\":\"https:\/\/hudo.com\/si\/author\/mana\/\"}]}<\/script>\n<!-- \/ Yoast SEO plugin. -->","yoast_head_json":{"title":"Medtem ko ostala Evropa zaostruje pogoje, na Hrva\u0161kem s 1. septembrom dodatno rahljanje ukrepov za gostince - Hudo Slovenija","robots":{"index":"index","follow":"follow","max-snippet":"max-snippet:-1","max-image-preview":"max-image-preview:large","max-video-preview":"max-video-preview:-1"},"canonical":"https:\/\/hudo.com\/si\/aktualno\/svet\/medtem-ko-ostala-evropa-zaostruje-pogoje-na-hrvaskem-s-1-septembrom-dodatno-rahljanje-ukrepov-za-gostince\/","og_locale":"sl_SI","og_type":"article","og_title":"Medtem ko ostala Evropa zaostruje pogoje, na Hrva\u0161kem s 1. septembrom dodatno rahljanje ukrepov za gostince - Hudo Slovenija","og_description":"Na Hrva\u0161kem bodo s 1. septembrom v kavarnah in barih goste lahko postregli tudi v zaprtih prostorih, je danes napovedal hrva\u0161ki notranji minister Davor Bo\u017einovi\u0107. Povedal je, da ne bodo spreminjali obratovalnega \u010dasa, to pomeni, da bodo lahko lokali \u0161e naprej odprti do polno\u010di.","og_url":"https:\/\/hudo.com\/si\/aktualno\/svet\/medtem-ko-ostala-evropa-zaostruje-pogoje-na-hrvaskem-s-1-septembrom-dodatno-rahljanje-ukrepov-za-gostince\/","og_site_name":"Hudo Slovenija","article_publisher":"https:\/\/www.facebook.com\/hudo.si","article_published_time":"2021-08-27T10:46:19+00:00","og_image":[{"width":1250,"height":801,"url":"https:\/\/hudo.com\/si\/wp-content\/uploads\/sites\/2\/2021\/02\/profimedia-0562087047.jpg","type":"image\/jpeg"}],"author":"M. N., STA","twitter_card":"summary_large_image","twitter_creator":"@hudo_si","twitter_site":"@hudo_si","twitter_misc":{"Written by":"M. N., STA","Est. reading time":"2 minuti"},"schema":{"@context":"https:\/\/schema.org","@graph":[{"@type":"Article","@id":"https:\/\/hudo.com\/si\/aktualno\/svet\/medtem-ko-ostala-evropa-zaostruje-pogoje-na-hrvaskem-s-1-septembrom-dodatno-rahljanje-ukrepov-za-gostince\/#article","isPartOf":{"@id":"https:\/\/hudo.com\/si\/aktualno\/svet\/medtem-ko-ostala-evropa-zaostruje-pogoje-na-hrvaskem-s-1-septembrom-dodatno-rahljanje-ukrepov-za-gostince\/"},"author":{"name":"M. N., STA","@id":"https:\/\/hudo.com\/si\/#\/schema\/person\/c2f10ce65d2e6ede2aeda5be2a0611fa"},"headline":"Medtem ko ostala Evropa zaostruje pogoje, na Hrva\u0161kem s 1. septembrom dodatno rahljanje ukrepov za gostince","datePublished":"2021-08-27T10:46:19+00:00","dateModified":"2021-08-27T10:46:19+00:00","mainEntityOfPage":{"@id":"https:\/\/hudo.com\/si\/aktualno\/svet\/medtem-ko-ostala-evropa-zaostruje-pogoje-na-hrvaskem-s-1-septembrom-dodatno-rahljanje-ukrepov-za-gostince\/"},"wordCount":348,"publisher":{"@id":"https:\/\/hudo.com\/si\/#organization"},"keywords":["gostinstvo","hrva\u0161ka","koronski ukrepi"],"articleSection":["Svet"],"inLanguage":"sl-SI"},{"@type":"WebPage","@id":"https:\/\/hudo.com\/si\/aktualno\/svet\/medtem-ko-ostala-evropa-zaostruje-pogoje-na-hrvaskem-s-1-septembrom-dodatno-rahljanje-ukrepov-za-gostince\/","url":"https:\/\/hudo.com\/si\/aktualno\/svet\/medtem-ko-ostala-evropa-zaostruje-pogoje-na-hrvaskem-s-1-septembrom-dodatno-rahljanje-ukrepov-za-gostince\/","name":"Medtem ko ostala Evropa zaostruje pogoje, na Hrva\u0161kem s 1. septembrom dodatno rahljanje ukrepov za gostince - Hudo Slovenija","isPartOf":{"@id":"https:\/\/hudo.com\/si\/#website"},"datePublished":"2021-08-27T10:46:19+00:00","dateModified":"2021-08-27T10:46:19+00:00","breadcrumb":{"@id":"https:\/\/hudo.com\/si\/aktualno\/svet\/medtem-ko-ostala-evropa-zaostruje-pogoje-na-hrvaskem-s-1-septembrom-dodatno-rahljanje-ukrepov-za-gostince\/#breadcrumb"},"inLanguage":"sl-SI","potentialAction":[{"@type":"ReadAction","target":["https:\/\/hudo.com\/si\/aktualno\/svet\/medtem-ko-ostala-evropa-zaostruje-pogoje-na-hrvaskem-s-1-septembrom-dodatno-rahljanje-ukrepov-za-gostince\/"]}]},{"@type":"BreadcrumbList","@id":"https:\/\/hudo.com\/si\/aktualno\/svet\/medtem-ko-ostala-evropa-zaostruje-pogoje-na-hrvaskem-s-1-septembrom-dodatno-rahljanje-ukrepov-za-gostince\/#breadcrumb","itemListElement":[{"@type":"ListItem","position":1,"name":"Home","item":"https:\/\/hudo.com\/si\/"},{"@type":"ListItem","position":2,"name":"Medtem ko ostala Evropa zaostruje pogoje, na Hrva\u0161kem s 1. septembrom dodatno rahljanje ukrepov za gostince"}]},{"@type":"WebSite","@id":"https:\/\/hudo.com\/si\/#website","url":"https:\/\/hudo.com\/si\/","name":"Hudo Slovenija","description":"Vse novice iz Slovenije in sveta","publisher":{"@id":"https:\/\/hudo.com\/si\/#organization"},"potentialAction":[{"@type":"SearchAction","target":{"@type":"EntryPoint","urlTemplate":"https:\/\/hudo.com\/si\/?s={search_term_string}"},"query-input":"required name=search_term_string"}],"inLanguage":"sl-SI"},{"@type":"Organization","@id":"https:\/\/hudo.com\/si\/#organization","name":"VSN Media","url":"https:\/\/hudo.com\/si\/","logo":{"@type":"ImageObject","inLanguage":"sl-SI","@id":"https:\/\/hudo.com\/si\/#\/schema\/logo\/image\/","url":"https:\/\/hudo.com\/si\/wp-content\/uploads\/sites\/2\/2021\/03\/hudo-app-2.png","contentUrl":"https:\/\/hudo.com\/si\/wp-content\/uploads\/sites\/2\/2021\/03\/hudo-app-2.png","width":2185,"height":2167,"caption":"VSN Media"},"image":{"@id":"https:\/\/hudo.com\/si\/#\/schema\/logo\/image\/"},"sameAs":["https:\/\/www.facebook.com\/hudo.si","https:\/\/twitter.com\/hudo_si"]},{"@type":"Person","@id":"https:\/\/hudo.com\/si\/#\/schema\/person\/c2f10ce65d2e6ede2aeda5be2a0611fa","name":"M. N., STA","image":{"@type":"ImageObject","inLanguage":"sl-SI","@id":"https:\/\/hudo.com\/si\/#\/schema\/person\/image\/","url":"https:\/\/secure.gravatar.com\/avatar\/f370d38daa10467f755c5c766a4cac20?s=96&d=mm&r=g","contentUrl":"https:\/\/secure.gravatar.com\/avatar\/f370d38daa10467f755c5c766a4cac20?s=96&d=mm&r=g","caption":"M. N., STA"},"url":"https:\/\/hudo.com\/si\/author\/mana\/"}]}},"amp_enabled":true,"_links":{"self":[{"href":"https:\/\/hudo.com\/si\/wp-json\/wp\/v2\/posts\/456881"}],"collection":[{"href":"https:\/\/hudo.com\/si\/wp-json\/wp\/v2\/posts"}],"about":[{"href":"https:\/\/hudo.com\/si\/wp-json\/wp\/v2\/types\/post"}],"author":[{"embeddable":true,"href":"https:\/\/hudo.com\/si\/wp-json\/wp\/v2\/users\/8"}],"replies":[{"embeddable":true,"href":"https:\/\/hudo.com\/si\/wp-json\/wp\/v2\/comments?post=456881"}],"version-history":[{"count":1,"href":"https:\/\/hudo.com\/si\/wp-json\/wp\/v2\/posts\/456881\/revisions"}],"predecessor-version":[{"id":456882,"href":"https:\/\/hudo.com\/si\/wp-json\/wp\/v2\/posts\/456881\/revisions\/456882"}],"wp:featuredmedia":[{"embeddable":true,"href":"https:\/\/hudo.com\/si\/wp-json\/wp\/v2\/media\/446170"}],"wp:attachment":[{"href":"https:\/\/hudo.com\/si\/wp-json\/wp\/v2\/media?parent=456881"}],"wp:term":[{"taxonomy":"category","embeddable":true,"href":"https:\/\/hudo.com\/si\/wp-json\/wp\/v2\/categories?post=456881"},{"taxonomy":"post_tag","embeddable":true,"href":"https:\/\/hudo.com\/si\/wp-json\/wp\/v2\/tags?post=456881"},{"taxonomy":"source","embeddable":true,"href":"https:\/\/hudo.com\/si\/wp-json\/wp\/v2\/source?post=456881"},{"taxonomy":"supertag","embeddable":true,"href":"https:\/\/hudo.com\/si\/wp-json\/wp\/v2\/supertag?post=456881"}],"curies":[{"name":"wp","href":"https:\/\/api.w.org\/{rel}","templated":true}]}}