{"id":456970,"date":"2021-08-30T11:51:35","date_gmt":"2021-08-30T09:51:35","guid":{"rendered":"https:\/\/hudo.com\/si\/?p=456970"},"modified":"2021-08-30T11:51:35","modified_gmt":"2021-08-30T09:51:35","slug":"slovenski-in-mednarodni-pen-pozivata-vlado-k-takojsnji-poravnavi-obveznosti-do-sta","status":"publish","type":"post","link":"https:\/\/hudo.com\/si\/aktualno\/slovenija\/slovenski-in-mednarodni-pen-pozivata-vlado-k-takojsnji-poravnavi-obveznosti-do-sta\/","title":{"rendered":"Slovenski in Mednarodni PEN pozivata vlado k takoj\u0161nji poravnavi obveznosti do STA"},"content":{"rendered":"<p>&#8220;STA je nedvomno avtonomen in objektiven vir informacij o dogodkih v Sloveniji in tujini. Finan\u010dni prihodki STA so jasno opredeljeni z zakonom. Kljub temu se je sedanja vlada Republike Slovenije odlo\u010dila, da bo zakon kr\u0161ila, in tako \u017ee od 1. januarja 2021 ne pla\u010duje ra\u010dunov za storitve agencije, ki jih ta vseeno opravlja. Kljub spomladanski kampanji mno\u017ei\u010dnega financiranja STA grozi finan\u010dni zlom, stotim neodvisnim novinarjem pa izguba slu\u017ebe. Poleg tega bo slovenska medijska krajina zaradi ekonomske cenzure vlade Republike Slovenije izgubila najbolj objektiven vir nepristranskih informacij,&#8221; je v javnem pozivu zapisal upravni odbor Slovenskega PEN.<\/p>\n<p>Med podpisanimi podporniki izjave so poleg predsednice Mednarodnega PEN, ki se je te dni mudila v Sloveniji kot gostja celjskega pesni\u0161kega festivala Izrekanja, med drugim \u0161e predsednik Mednarodnega odbora Pisatelji za mir Emmanuel Pierrat, predsednica Mednarodnega \u017eenskega odbora Zoe Rodriguez ter francoski, portugalski, \u0161vicarski, \u0161vedski in \u010drnogorski centri PEN.<\/p>\n<p>&#8220;Bojimo se, da je finan\u010dni razpad STA le prvi korak k temu, da se slovenski neodvisni mediji znajdejo pod vladnim nadzorom in bo tako omejena svoboda govora kot temeljna demokrati\u010dna vrednota v Republiki Sloveniji,&#8221; so izpostavili.<\/p>\n<p>Slovensko vlado pozivajo, da konflikte z vodstvom STA re\u0161i na demokrati\u010den in miren na\u010din v skladu z zakonom ter da podpira in se zavzema za svobodo govora v Sloveniji, &#8220;kar je v lu\u010di predsedovanja Svetu Evropske unije njena najvi\u0161ja dol\u017enost&#8221;.<\/p>\n<p>Mednarodno skupnost pa pozivajo, naj &#8220;na vse na\u010dine spodbuja slovensko vlado, da bo ravnala v skladu z demokrati\u010dnimi standardi in zakoni&#8221;. &#8220;Vsaka svoboda se za\u010dne s svobodo govora,&#8221; so poudarili.<\/p>\n<p>Urad vlade za komuniciranje (Ukom) je prej\u0161nji teden sporo\u010dil vodstvu STA, da zavra\u010da pla\u010dilo mese\u010dnega zahtevka tudi za julij. STA tako ostaja brez dr\u017eavnega financiranja, ki ga za izvajanje javne slu\u017ebe predvideva zakon o STA, \u017ee 242 dni.<\/p>\n","protected":false},"excerpt":{"rendered":"<p>Slovenski center PEN ponovno poziva slovensko vlado, da nemudoma poravna svoje obveznosti do Slovenske tiskovne agencije (STA). Pozivu se pridru\u017eujejo tudi predsednica Mednarodnega PEN Jennifer Clement in ve\u010d centrov PEN v drugih dr\u017eavah.<\/p>\n","protected":false},"author":7,"featured_media":453865,"comment_status":"closed","ping_status":"closed","sticky":false,"template":"","format":"standard","meta":{"footnotes":""},"categories":[18201],"tags":[16702,6249],"source":[4511],"supertag":[],"acf":[],"yoast_head":"<!-- This site is optimized with the Yoast SEO plugin v21.3 - https:\/\/yoast.com\/wordpress\/plugins\/seo\/ -->\n<title>Slovenski in Mednarodni PEN pozivata vlado k takoj\u0161nji poravnavi obveznosti do STA - Hudo Slovenija<\/title>\n<meta name=\"robots\" content=\"index, follow, max-snippet:-1, max-image-preview:large, max-video-preview:-1\" \/>\n<link rel=\"canonical\" href=\"https:\/\/hudo.com\/si\/aktualno\/slovenija\/slovenski-in-mednarodni-pen-pozivata-vlado-k-takojsnji-poravnavi-obveznosti-do-sta\/\" \/>\n<meta property=\"og:locale\" content=\"sl_SI\" \/>\n<meta property=\"og:type\" content=\"article\" \/>\n<meta property=\"og:title\" content=\"Slovenski in Mednarodni PEN pozivata vlado k takoj\u0161nji poravnavi obveznosti do STA - Hudo Slovenija\" \/>\n<meta property=\"og:description\" content=\"Slovenski center PEN ponovno poziva slovensko vlado, da nemudoma poravna svoje obveznosti do Slovenske tiskovne agencije (STA). Pozivu se pridru\u017eujejo tudi predsednica Mednarodnega PEN Jennifer Clement in ve\u010d centrov PEN v drugih dr\u017eavah.\" \/>\n<meta property=\"og:url\" content=\"https:\/\/hudo.com\/si\/aktualno\/slovenija\/slovenski-in-mednarodni-pen-pozivata-vlado-k-takojsnji-poravnavi-obveznosti-do-sta\/\" \/>\n<meta property=\"og:site_name\" content=\"Hudo Slovenija\" \/>\n<meta property=\"article:publisher\" content=\"https:\/\/www.facebook.com\/hudo.si\" \/>\n<meta property=\"article:published_time\" content=\"2021-08-30T09:51:35+00:00\" \/>\n<meta property=\"og:image\" content=\"https:\/\/hudo.com\/si\/wp-content\/uploads\/sites\/2\/2021\/06\/profimedia-0618428019.jpg\" \/>\n\t<meta property=\"og:image:width\" content=\"1250\" \/>\n\t<meta property=\"og:image:height\" content=\"833\" \/>\n\t<meta property=\"og:image:type\" content=\"image\/jpeg\" \/>\n<meta name=\"author\" content=\"A. P., STA\" \/>\n<meta name=\"twitter:card\" content=\"summary_large_image\" \/>\n<meta name=\"twitter:creator\" content=\"@hudo_si\" \/>\n<meta name=\"twitter:site\" content=\"@hudo_si\" \/>\n<meta name=\"twitter:label1\" content=\"Written by\" \/>\n\t<meta name=\"twitter:data1\" content=\"A. P., STA\" \/>\n\t<meta name=\"twitter:label2\" content=\"Est. reading time\" \/>\n\t<meta name=\"twitter:data2\" content=\"2 minuti\" \/>\n<script type=\"application\/ld+json\" class=\"yoast-schema-graph\">{\"@context\":\"https:\/\/schema.org\",\"@graph\":[{\"@type\":\"Article\",\"@id\":\"https:\/\/hudo.com\/si\/aktualno\/slovenija\/slovenski-in-mednarodni-pen-pozivata-vlado-k-takojsnji-poravnavi-obveznosti-do-sta\/#article\",\"isPartOf\":{\"@id\":\"https:\/\/hudo.com\/si\/aktualno\/slovenija\/slovenski-in-mednarodni-pen-pozivata-vlado-k-takojsnji-poravnavi-obveznosti-do-sta\/\"},\"author\":{\"name\":\"A. P., STA\",\"@id\":\"https:\/\/hudo.com\/si\/#\/schema\/person\/18f09c02475ba9e606e941a565b80cff\"},\"headline\":\"Slovenski in Mednarodni PEN pozivata vlado k takoj\u0161nji poravnavi obveznosti do STA\",\"datePublished\":\"2021-08-30T09:51:35+00:00\",\"dateModified\":\"2021-08-30T09:51:35+00:00\",\"mainEntityOfPage\":{\"@id\":\"https:\/\/hudo.com\/si\/aktualno\/slovenija\/slovenski-in-mednarodni-pen-pozivata-vlado-k-takojsnji-poravnavi-obveznosti-do-sta\/\"},\"wordCount\":326,\"publisher\":{\"@id\":\"https:\/\/hudo.com\/si\/#organization\"},\"keywords\":[\"sta\",\"vlada RS\"],\"articleSection\":[\"Slovenija\"],\"inLanguage\":\"sl-SI\"},{\"@type\":\"WebPage\",\"@id\":\"https:\/\/hudo.com\/si\/aktualno\/slovenija\/slovenski-in-mednarodni-pen-pozivata-vlado-k-takojsnji-poravnavi-obveznosti-do-sta\/\",\"url\":\"https:\/\/hudo.com\/si\/aktualno\/slovenija\/slovenski-in-mednarodni-pen-pozivata-vlado-k-takojsnji-poravnavi-obveznosti-do-sta\/\",\"name\":\"Slovenski in Mednarodni PEN pozivata vlado k takoj\u0161nji poravnavi obveznosti do STA - Hudo Slovenija\",\"isPartOf\":{\"@id\":\"https:\/\/hudo.com\/si\/#website\"},\"datePublished\":\"2021-08-30T09:51:35+00:00\",\"dateModified\":\"2021-08-30T09:51:35+00:00\",\"breadcrumb\":{\"@id\":\"https:\/\/hudo.com\/si\/aktualno\/slovenija\/slovenski-in-mednarodni-pen-pozivata-vlado-k-takojsnji-poravnavi-obveznosti-do-sta\/#breadcrumb\"},\"inLanguage\":\"sl-SI\",\"potentialAction\":[{\"@type\":\"ReadAction\",\"target\":[\"https:\/\/hudo.com\/si\/aktualno\/slovenija\/slovenski-in-mednarodni-pen-pozivata-vlado-k-takojsnji-poravnavi-obveznosti-do-sta\/\"]}]},{\"@type\":\"BreadcrumbList\",\"@id\":\"https:\/\/hudo.com\/si\/aktualno\/slovenija\/slovenski-in-mednarodni-pen-pozivata-vlado-k-takojsnji-poravnavi-obveznosti-do-sta\/#breadcrumb\",\"itemListElement\":[{\"@type\":\"ListItem\",\"position\":1,\"name\":\"Home\",\"item\":\"https:\/\/hudo.com\/si\/\"},{\"@type\":\"ListItem\",\"position\":2,\"name\":\"Slovenski in Mednarodni PEN pozivata vlado k takoj\u0161nji poravnavi obveznosti do STA\"}]},{\"@type\":\"WebSite\",\"@id\":\"https:\/\/hudo.com\/si\/#website\",\"url\":\"https:\/\/hudo.com\/si\/\",\"name\":\"Hudo Slovenija\",\"description\":\"Vse novice iz Slovenije in sveta\",\"publisher\":{\"@id\":\"https:\/\/hudo.com\/si\/#organization\"},\"potentialAction\":[{\"@type\":\"SearchAction\",\"target\":{\"@type\":\"EntryPoint\",\"urlTemplate\":\"https:\/\/hudo.com\/si\/?s={search_term_string}\"},\"query-input\":\"required name=search_term_string\"}],\"inLanguage\":\"sl-SI\"},{\"@type\":\"Organization\",\"@id\":\"https:\/\/hudo.com\/si\/#organization\",\"name\":\"VSN Media\",\"url\":\"https:\/\/hudo.com\/si\/\",\"logo\":{\"@type\":\"ImageObject\",\"inLanguage\":\"sl-SI\",\"@id\":\"https:\/\/hudo.com\/si\/#\/schema\/logo\/image\/\",\"url\":\"https:\/\/hudo.com\/si\/wp-content\/uploads\/sites\/2\/2021\/03\/hudo-app-2.png\",\"contentUrl\":\"https:\/\/hudo.com\/si\/wp-content\/uploads\/sites\/2\/2021\/03\/hudo-app-2.png\",\"width\":2185,\"height\":2167,\"caption\":\"VSN Media\"},\"image\":{\"@id\":\"https:\/\/hudo.com\/si\/#\/schema\/logo\/image\/\"},\"sameAs\":[\"https:\/\/www.facebook.com\/hudo.si\",\"https:\/\/twitter.com\/hudo_si\"]},{\"@type\":\"Person\",\"@id\":\"https:\/\/hudo.com\/si\/#\/schema\/person\/18f09c02475ba9e606e941a565b80cff\",\"name\":\"A. P., STA\",\"image\":{\"@type\":\"ImageObject\",\"inLanguage\":\"sl-SI\",\"@id\":\"https:\/\/hudo.com\/si\/#\/schema\/person\/image\/\",\"url\":\"https:\/\/secure.gravatar.com\/avatar\/03eac8e609f5f04383125d80eaeaaf3e?s=96&d=mm&r=g\",\"contentUrl\":\"https:\/\/secure.gravatar.com\/avatar\/03eac8e609f5f04383125d80eaeaaf3e?s=96&d=mm&r=g\",\"caption\":\"A. P., STA\"},\"url\":\"https:\/\/hudo.com\/si\/author\/lubu\/\"}]}<\/script>\n<!-- \/ Yoast SEO plugin. -->","yoast_head_json":{"title":"Slovenski in Mednarodni PEN pozivata vlado k takoj\u0161nji poravnavi obveznosti do STA - Hudo Slovenija","robots":{"index":"index","follow":"follow","max-snippet":"max-snippet:-1","max-image-preview":"max-image-preview:large","max-video-preview":"max-video-preview:-1"},"canonical":"https:\/\/hudo.com\/si\/aktualno\/slovenija\/slovenski-in-mednarodni-pen-pozivata-vlado-k-takojsnji-poravnavi-obveznosti-do-sta\/","og_locale":"sl_SI","og_type":"article","og_title":"Slovenski in Mednarodni PEN pozivata vlado k takoj\u0161nji poravnavi obveznosti do STA - Hudo Slovenija","og_description":"Slovenski center PEN ponovno poziva slovensko vlado, da nemudoma poravna svoje obveznosti do Slovenske tiskovne agencije (STA). Pozivu se pridru\u017eujejo tudi predsednica Mednarodnega PEN Jennifer Clement in ve\u010d centrov PEN v drugih dr\u017eavah.","og_url":"https:\/\/hudo.com\/si\/aktualno\/slovenija\/slovenski-in-mednarodni-pen-pozivata-vlado-k-takojsnji-poravnavi-obveznosti-do-sta\/","og_site_name":"Hudo Slovenija","article_publisher":"https:\/\/www.facebook.com\/hudo.si","article_published_time":"2021-08-30T09:51:35+00:00","og_image":[{"width":1250,"height":833,"url":"https:\/\/hudo.com\/si\/wp-content\/uploads\/sites\/2\/2021\/06\/profimedia-0618428019.jpg","type":"image\/jpeg"}],"author":"A. P., STA","twitter_card":"summary_large_image","twitter_creator":"@hudo_si","twitter_site":"@hudo_si","twitter_misc":{"Written by":"A. P., STA","Est. reading time":"2 minuti"},"schema":{"@context":"https:\/\/schema.org","@graph":[{"@type":"Article","@id":"https:\/\/hudo.com\/si\/aktualno\/slovenija\/slovenski-in-mednarodni-pen-pozivata-vlado-k-takojsnji-poravnavi-obveznosti-do-sta\/#article","isPartOf":{"@id":"https:\/\/hudo.com\/si\/aktualno\/slovenija\/slovenski-in-mednarodni-pen-pozivata-vlado-k-takojsnji-poravnavi-obveznosti-do-sta\/"},"author":{"name":"A. P., STA","@id":"https:\/\/hudo.com\/si\/#\/schema\/person\/18f09c02475ba9e606e941a565b80cff"},"headline":"Slovenski in Mednarodni PEN pozivata vlado k takoj\u0161nji poravnavi obveznosti do STA","datePublished":"2021-08-30T09:51:35+00:00","dateModified":"2021-08-30T09:51:35+00:00","mainEntityOfPage":{"@id":"https:\/\/hudo.com\/si\/aktualno\/slovenija\/slovenski-in-mednarodni-pen-pozivata-vlado-k-takojsnji-poravnavi-obveznosti-do-sta\/"},"wordCount":326,"publisher":{"@id":"https:\/\/hudo.com\/si\/#organization"},"keywords":["sta","vlada RS"],"articleSection":["Slovenija"],"inLanguage":"sl-SI"},{"@type":"WebPage","@id":"https:\/\/hudo.com\/si\/aktualno\/slovenija\/slovenski-in-mednarodni-pen-pozivata-vlado-k-takojsnji-poravnavi-obveznosti-do-sta\/","url":"https:\/\/hudo.com\/si\/aktualno\/slovenija\/slovenski-in-mednarodni-pen-pozivata-vlado-k-takojsnji-poravnavi-obveznosti-do-sta\/","name":"Slovenski in Mednarodni PEN pozivata vlado k takoj\u0161nji poravnavi obveznosti do STA - Hudo Slovenija","isPartOf":{"@id":"https:\/\/hudo.com\/si\/#website"},"datePublished":"2021-08-30T09:51:35+00:00","dateModified":"2021-08-30T09:51:35+00:00","breadcrumb":{"@id":"https:\/\/hudo.com\/si\/aktualno\/slovenija\/slovenski-in-mednarodni-pen-pozivata-vlado-k-takojsnji-poravnavi-obveznosti-do-sta\/#breadcrumb"},"inLanguage":"sl-SI","potentialAction":[{"@type":"ReadAction","target":["https:\/\/hudo.com\/si\/aktualno\/slovenija\/slovenski-in-mednarodni-pen-pozivata-vlado-k-takojsnji-poravnavi-obveznosti-do-sta\/"]}]},{"@type":"BreadcrumbList","@id":"https:\/\/hudo.com\/si\/aktualno\/slovenija\/slovenski-in-mednarodni-pen-pozivata-vlado-k-takojsnji-poravnavi-obveznosti-do-sta\/#breadcrumb","itemListElement":[{"@type":"ListItem","position":1,"name":"Home","item":"https:\/\/hudo.com\/si\/"},{"@type":"ListItem","position":2,"name":"Slovenski in Mednarodni PEN pozivata vlado k takoj\u0161nji poravnavi obveznosti do STA"}]},{"@type":"WebSite","@id":"https:\/\/hudo.com\/si\/#website","url":"https:\/\/hudo.com\/si\/","name":"Hudo Slovenija","description":"Vse novice iz Slovenije in sveta","publisher":{"@id":"https:\/\/hudo.com\/si\/#organization"},"potentialAction":[{"@type":"SearchAction","target":{"@type":"EntryPoint","urlTemplate":"https:\/\/hudo.com\/si\/?s={search_term_string}"},"query-input":"required name=search_term_string"}],"inLanguage":"sl-SI"},{"@type":"Organization","@id":"https:\/\/hudo.com\/si\/#organization","name":"VSN Media","url":"https:\/\/hudo.com\/si\/","logo":{"@type":"ImageObject","inLanguage":"sl-SI","@id":"https:\/\/hudo.com\/si\/#\/schema\/logo\/image\/","url":"https:\/\/hudo.com\/si\/wp-content\/uploads\/sites\/2\/2021\/03\/hudo-app-2.png","contentUrl":"https:\/\/hudo.com\/si\/wp-content\/uploads\/sites\/2\/2021\/03\/hudo-app-2.png","width":2185,"height":2167,"caption":"VSN Media"},"image":{"@id":"https:\/\/hudo.com\/si\/#\/schema\/logo\/image\/"},"sameAs":["https:\/\/www.facebook.com\/hudo.si","https:\/\/twitter.com\/hudo_si"]},{"@type":"Person","@id":"https:\/\/hudo.com\/si\/#\/schema\/person\/18f09c02475ba9e606e941a565b80cff","name":"A. P., STA","image":{"@type":"ImageObject","inLanguage":"sl-SI","@id":"https:\/\/hudo.com\/si\/#\/schema\/person\/image\/","url":"https:\/\/secure.gravatar.com\/avatar\/03eac8e609f5f04383125d80eaeaaf3e?s=96&d=mm&r=g","contentUrl":"https:\/\/secure.gravatar.com\/avatar\/03eac8e609f5f04383125d80eaeaaf3e?s=96&d=mm&r=g","caption":"A. P., STA"},"url":"https:\/\/hudo.com\/si\/author\/lubu\/"}]}},"amp_enabled":true,"_links":{"self":[{"href":"https:\/\/hudo.com\/si\/wp-json\/wp\/v2\/posts\/456970"}],"collection":[{"href":"https:\/\/hudo.com\/si\/wp-json\/wp\/v2\/posts"}],"about":[{"href":"https:\/\/hudo.com\/si\/wp-json\/wp\/v2\/types\/post"}],"author":[{"embeddable":true,"href":"https:\/\/hudo.com\/si\/wp-json\/wp\/v2\/users\/7"}],"replies":[{"embeddable":true,"href":"https:\/\/hudo.com\/si\/wp-json\/wp\/v2\/comments?post=456970"}],"version-history":[{"count":1,"href":"https:\/\/hudo.com\/si\/wp-json\/wp\/v2\/posts\/456970\/revisions"}],"predecessor-version":[{"id":456971,"href":"https:\/\/hudo.com\/si\/wp-json\/wp\/v2\/posts\/456970\/revisions\/456971"}],"wp:featuredmedia":[{"embeddable":true,"href":"https:\/\/hudo.com\/si\/wp-json\/wp\/v2\/media\/453865"}],"wp:attachment":[{"href":"https:\/\/hudo.com\/si\/wp-json\/wp\/v2\/media?parent=456970"}],"wp:term":[{"taxonomy":"category","embeddable":true,"href":"https:\/\/hudo.com\/si\/wp-json\/wp\/v2\/categories?post=456970"},{"taxonomy":"post_tag","embeddable":true,"href":"https:\/\/hudo.com\/si\/wp-json\/wp\/v2\/tags?post=456970"},{"taxonomy":"source","embeddable":true,"href":"https:\/\/hudo.com\/si\/wp-json\/wp\/v2\/source?post=456970"},{"taxonomy":"supertag","embeddable":true,"href":"https:\/\/hudo.com\/si\/wp-json\/wp\/v2\/supertag?post=456970"}],"curies":[{"name":"wp","href":"https:\/\/api.w.org\/{rel}","templated":true}]}}