{"id":457063,"date":"2021-09-01T12:10:32","date_gmt":"2021-09-01T10:10:32","guid":{"rendered":"https:\/\/hudo.com\/si\/?p=457063"},"modified":"2021-09-01T12:10:32","modified_gmt":"2021-09-01T10:10:32","slug":"sta-je-eden-od-kljucnih-stebrov-demokracije-v-sloveniji-in-si-ne-zasluzi-unicenja-zaradi-politicnih-motivov","status":"publish","type":"post","link":"https:\/\/hudo.com\/si\/aktualno\/slovenija\/sta-je-eden-od-kljucnih-stebrov-demokracije-v-sloveniji-in-si-ne-zasluzi-unicenja-zaradi-politicnih-motivov\/","title":{"rendered":"&#8221;STA je eden od klju\u010dnih stebrov demokracije v Sloveniji in si ne zaslu\u017ei uni\u010denja zaradi politi\u010dnih motivov&#8221;"},"content":{"rendered":"<p>Upravni odbor EANA je opozoril na vse slab\u0161e razmere, v katerih je STA. Kot je zapisal v sporo\u010dilu, priznavajo in podpirajo pravico STA do delovanja v skladu s slovensko zakonodajo in odlo\u010dno podpirajo novinarska na\u010dela, ki so temelj njenega delovanja.<\/p>\n<p>&#8220;Menimo, da je STA kot vsaka nacionalna tiskovna agencija eden od klju\u010dnih stebrov demokracije v Sloveniji in si ne zaslu\u017ei uni\u010denja zaradi \u0161kodljivih politik. Prav nasprotno &#8211; kakovostno novinarstvo in nepristranske novice je treba podpirati, ne ovirati,&#8221; so navedli.<\/p>\n<p>Pod poziv slovenski vladi k vnovi\u010dni vzpostavi financiranja STA so se podpisali predsednik EANA in izvr\u0161ni direktor nem\u0161ke tiskovne agencije dpa Peter Kropsch, \u010dlana upravnega odbora, predsednik PA Media Group Clive Marshall in generalni direktor CTK Jiri Majstr, ter generalni sekretar EANA Alexandru Giboi.<\/p>\n<p>STA, ki je junija zaznamovala 30-letnico delovanja, je v finan\u010dno te\u017ekem polo\u017eaju, saj ji vlada \u017ee 244 dni ni izpla\u010dala nadomestila za opravljanje javne slu\u017ebe obve\u0161\u010danja, kar ji zagotavljata zakon o STA in sedmi protikoronski zakon. Nadomestilo predstavlja pribli\u017eno polovico vseh prihodkov agencije, ki je sicer v stoodstotni dr\u017eavni lasti. Kljub napovedim vlade ob prevzemu slovenskega predsedovanja Svetu EU, da bo vpra\u0161anje financiranja STA kmalu re\u0161eno, se to ni zgodilo. Zaposleni na STA so zato v torek voditelje institucij EU pozvali k ukrepanju za ohranitev STA in za\u0161\u010dito svobode medijev.<\/p>\n","protected":false},"excerpt":{"rendered":"<p>Evropsko zdru\u017eenje tiskovnih agencij (EANA) je slovensko vlado danes pozvalo, naj znova vzpostavi zakonsko predvideno financiranje Slovenske tiskovne agencije, ki bo omogo\u010dalo njeno stabilno poslovanje. &#8220;Politi\u010dni pritisk na STA se mora kon\u010dati,&#8221; so poudarili.<\/p>\n","protected":false},"author":7,"featured_media":457064,"comment_status":"closed","ping_status":"closed","sticky":false,"template":"","format":"standard","meta":{"footnotes":""},"categories":[18201],"tags":[16702],"source":[4511],"supertag":[],"acf":[],"yoast_head":"<!-- This site is optimized with the Yoast SEO plugin v21.3 - https:\/\/yoast.com\/wordpress\/plugins\/seo\/ -->\n<title>&#039;&#039;STA je eden od klju\u010dnih stebrov demokracije v Sloveniji in si ne zaslu\u017ei uni\u010denja zaradi politi\u010dnih motivov&#039;&#039; - Hudo Slovenija<\/title>\n<meta name=\"robots\" content=\"index, follow, max-snippet:-1, max-image-preview:large, max-video-preview:-1\" \/>\n<link rel=\"canonical\" href=\"https:\/\/hudo.com\/si\/aktualno\/slovenija\/sta-je-eden-od-kljucnih-stebrov-demokracije-v-sloveniji-in-si-ne-zasluzi-unicenja-zaradi-politicnih-motivov\/\" \/>\n<meta property=\"og:locale\" content=\"sl_SI\" \/>\n<meta property=\"og:type\" content=\"article\" \/>\n<meta property=\"og:title\" content=\"&#039;&#039;STA je eden od klju\u010dnih stebrov demokracije v Sloveniji in si ne zaslu\u017ei uni\u010denja zaradi politi\u010dnih motivov&#039;&#039; - Hudo Slovenija\" \/>\n<meta property=\"og:description\" content=\"Evropsko zdru\u017eenje tiskovnih agencij (EANA) je slovensko vlado danes pozvalo, naj znova vzpostavi zakonsko predvideno financiranje Slovenske tiskovne agencije, ki bo omogo\u010dalo njeno stabilno poslovanje. &quot;Politi\u010dni pritisk na STA se mora kon\u010dati,&quot; so poudarili.\" \/>\n<meta property=\"og:url\" content=\"https:\/\/hudo.com\/si\/aktualno\/slovenija\/sta-je-eden-od-kljucnih-stebrov-demokracije-v-sloveniji-in-si-ne-zasluzi-unicenja-zaradi-politicnih-motivov\/\" \/>\n<meta property=\"og:site_name\" content=\"Hudo Slovenija\" \/>\n<meta property=\"article:publisher\" content=\"https:\/\/www.facebook.com\/hudo.si\" \/>\n<meta property=\"article:published_time\" content=\"2021-09-01T10:10:32+00:00\" \/>\n<meta property=\"og:image\" content=\"https:\/\/hudo.com\/si\/wp-content\/uploads\/sites\/2\/2021\/09\/20200714-01015478.jpg\" \/>\n\t<meta property=\"og:image:width\" content=\"640\" \/>\n\t<meta property=\"og:image:height\" content=\"426\" \/>\n\t<meta property=\"og:image:type\" content=\"image\/jpeg\" \/>\n<meta name=\"author\" content=\"A. P., STA\" \/>\n<meta name=\"twitter:card\" content=\"summary_large_image\" \/>\n<meta name=\"twitter:creator\" content=\"@hudo_si\" \/>\n<meta name=\"twitter:site\" content=\"@hudo_si\" \/>\n<meta name=\"twitter:label1\" content=\"Written by\" \/>\n\t<meta name=\"twitter:data1\" content=\"A. P., STA\" \/>\n\t<meta name=\"twitter:label2\" content=\"Est. reading time\" \/>\n\t<meta name=\"twitter:data2\" content=\"1 minuta\" \/>\n<script type=\"application\/ld+json\" class=\"yoast-schema-graph\">{\"@context\":\"https:\/\/schema.org\",\"@graph\":[{\"@type\":\"Article\",\"@id\":\"https:\/\/hudo.com\/si\/aktualno\/slovenija\/sta-je-eden-od-kljucnih-stebrov-demokracije-v-sloveniji-in-si-ne-zasluzi-unicenja-zaradi-politicnih-motivov\/#article\",\"isPartOf\":{\"@id\":\"https:\/\/hudo.com\/si\/aktualno\/slovenija\/sta-je-eden-od-kljucnih-stebrov-demokracije-v-sloveniji-in-si-ne-zasluzi-unicenja-zaradi-politicnih-motivov\/\"},\"author\":{\"name\":\"A. P., STA\",\"@id\":\"https:\/\/hudo.com\/si\/#\/schema\/person\/18f09c02475ba9e606e941a565b80cff\"},\"headline\":\"&#8221;STA je eden od klju\u010dnih stebrov demokracije v Sloveniji in si ne zaslu\u017ei uni\u010denja zaradi politi\u010dnih motivov&#8221;\",\"datePublished\":\"2021-09-01T10:10:32+00:00\",\"dateModified\":\"2021-09-01T10:10:32+00:00\",\"mainEntityOfPage\":{\"@id\":\"https:\/\/hudo.com\/si\/aktualno\/slovenija\/sta-je-eden-od-kljucnih-stebrov-demokracije-v-sloveniji-in-si-ne-zasluzi-unicenja-zaradi-politicnih-motivov\/\"},\"wordCount\":254,\"publisher\":{\"@id\":\"https:\/\/hudo.com\/si\/#organization\"},\"keywords\":[\"sta\"],\"articleSection\":[\"Slovenija\"],\"inLanguage\":\"sl-SI\"},{\"@type\":\"WebPage\",\"@id\":\"https:\/\/hudo.com\/si\/aktualno\/slovenija\/sta-je-eden-od-kljucnih-stebrov-demokracije-v-sloveniji-in-si-ne-zasluzi-unicenja-zaradi-politicnih-motivov\/\",\"url\":\"https:\/\/hudo.com\/si\/aktualno\/slovenija\/sta-je-eden-od-kljucnih-stebrov-demokracije-v-sloveniji-in-si-ne-zasluzi-unicenja-zaradi-politicnih-motivov\/\",\"name\":\"''STA je eden od klju\u010dnih stebrov demokracije v Sloveniji in si ne zaslu\u017ei uni\u010denja zaradi politi\u010dnih motivov'' - Hudo Slovenija\",\"isPartOf\":{\"@id\":\"https:\/\/hudo.com\/si\/#website\"},\"datePublished\":\"2021-09-01T10:10:32+00:00\",\"dateModified\":\"2021-09-01T10:10:32+00:00\",\"breadcrumb\":{\"@id\":\"https:\/\/hudo.com\/si\/aktualno\/slovenija\/sta-je-eden-od-kljucnih-stebrov-demokracije-v-sloveniji-in-si-ne-zasluzi-unicenja-zaradi-politicnih-motivov\/#breadcrumb\"},\"inLanguage\":\"sl-SI\",\"potentialAction\":[{\"@type\":\"ReadAction\",\"target\":[\"https:\/\/hudo.com\/si\/aktualno\/slovenija\/sta-je-eden-od-kljucnih-stebrov-demokracije-v-sloveniji-in-si-ne-zasluzi-unicenja-zaradi-politicnih-motivov\/\"]}]},{\"@type\":\"BreadcrumbList\",\"@id\":\"https:\/\/hudo.com\/si\/aktualno\/slovenija\/sta-je-eden-od-kljucnih-stebrov-demokracije-v-sloveniji-in-si-ne-zasluzi-unicenja-zaradi-politicnih-motivov\/#breadcrumb\",\"itemListElement\":[{\"@type\":\"ListItem\",\"position\":1,\"name\":\"Home\",\"item\":\"https:\/\/hudo.com\/si\/\"},{\"@type\":\"ListItem\",\"position\":2,\"name\":\"&#8221;STA je eden od klju\u010dnih stebrov demokracije v Sloveniji in si ne zaslu\u017ei uni\u010denja zaradi politi\u010dnih motivov&#8221;\"}]},{\"@type\":\"WebSite\",\"@id\":\"https:\/\/hudo.com\/si\/#website\",\"url\":\"https:\/\/hudo.com\/si\/\",\"name\":\"Hudo Slovenija\",\"description\":\"Vse novice iz Slovenije in sveta\",\"publisher\":{\"@id\":\"https:\/\/hudo.com\/si\/#organization\"},\"potentialAction\":[{\"@type\":\"SearchAction\",\"target\":{\"@type\":\"EntryPoint\",\"urlTemplate\":\"https:\/\/hudo.com\/si\/?s={search_term_string}\"},\"query-input\":\"required name=search_term_string\"}],\"inLanguage\":\"sl-SI\"},{\"@type\":\"Organization\",\"@id\":\"https:\/\/hudo.com\/si\/#organization\",\"name\":\"VSN Media\",\"url\":\"https:\/\/hudo.com\/si\/\",\"logo\":{\"@type\":\"ImageObject\",\"inLanguage\":\"sl-SI\",\"@id\":\"https:\/\/hudo.com\/si\/#\/schema\/logo\/image\/\",\"url\":\"https:\/\/hudo.com\/si\/wp-content\/uploads\/sites\/2\/2021\/03\/hudo-app-2.png\",\"contentUrl\":\"https:\/\/hudo.com\/si\/wp-content\/uploads\/sites\/2\/2021\/03\/hudo-app-2.png\",\"width\":2185,\"height\":2167,\"caption\":\"VSN Media\"},\"image\":{\"@id\":\"https:\/\/hudo.com\/si\/#\/schema\/logo\/image\/\"},\"sameAs\":[\"https:\/\/www.facebook.com\/hudo.si\",\"https:\/\/twitter.com\/hudo_si\"]},{\"@type\":\"Person\",\"@id\":\"https:\/\/hudo.com\/si\/#\/schema\/person\/18f09c02475ba9e606e941a565b80cff\",\"name\":\"A. P., STA\",\"image\":{\"@type\":\"ImageObject\",\"inLanguage\":\"sl-SI\",\"@id\":\"https:\/\/hudo.com\/si\/#\/schema\/person\/image\/\",\"url\":\"https:\/\/secure.gravatar.com\/avatar\/03eac8e609f5f04383125d80eaeaaf3e?s=96&d=mm&r=g\",\"contentUrl\":\"https:\/\/secure.gravatar.com\/avatar\/03eac8e609f5f04383125d80eaeaaf3e?s=96&d=mm&r=g\",\"caption\":\"A. P., STA\"},\"url\":\"https:\/\/hudo.com\/si\/author\/lubu\/\"}]}<\/script>\n<!-- \/ Yoast SEO plugin. -->","yoast_head_json":{"title":"''STA je eden od klju\u010dnih stebrov demokracije v Sloveniji in si ne zaslu\u017ei uni\u010denja zaradi politi\u010dnih motivov'' - Hudo Slovenija","robots":{"index":"index","follow":"follow","max-snippet":"max-snippet:-1","max-image-preview":"max-image-preview:large","max-video-preview":"max-video-preview:-1"},"canonical":"https:\/\/hudo.com\/si\/aktualno\/slovenija\/sta-je-eden-od-kljucnih-stebrov-demokracije-v-sloveniji-in-si-ne-zasluzi-unicenja-zaradi-politicnih-motivov\/","og_locale":"sl_SI","og_type":"article","og_title":"''STA je eden od klju\u010dnih stebrov demokracije v Sloveniji in si ne zaslu\u017ei uni\u010denja zaradi politi\u010dnih motivov'' - Hudo Slovenija","og_description":"Evropsko zdru\u017eenje tiskovnih agencij (EANA) je slovensko vlado danes pozvalo, naj znova vzpostavi zakonsko predvideno financiranje Slovenske tiskovne agencije, ki bo omogo\u010dalo njeno stabilno poslovanje. \"Politi\u010dni pritisk na STA se mora kon\u010dati,\" so poudarili.","og_url":"https:\/\/hudo.com\/si\/aktualno\/slovenija\/sta-je-eden-od-kljucnih-stebrov-demokracije-v-sloveniji-in-si-ne-zasluzi-unicenja-zaradi-politicnih-motivov\/","og_site_name":"Hudo Slovenija","article_publisher":"https:\/\/www.facebook.com\/hudo.si","article_published_time":"2021-09-01T10:10:32+00:00","og_image":[{"width":640,"height":426,"url":"https:\/\/hudo.com\/si\/wp-content\/uploads\/sites\/2\/2021\/09\/20200714-01015478.jpg","type":"image\/jpeg"}],"author":"A. P., STA","twitter_card":"summary_large_image","twitter_creator":"@hudo_si","twitter_site":"@hudo_si","twitter_misc":{"Written by":"A. P., STA","Est. reading time":"1 minuta"},"schema":{"@context":"https:\/\/schema.org","@graph":[{"@type":"Article","@id":"https:\/\/hudo.com\/si\/aktualno\/slovenija\/sta-je-eden-od-kljucnih-stebrov-demokracije-v-sloveniji-in-si-ne-zasluzi-unicenja-zaradi-politicnih-motivov\/#article","isPartOf":{"@id":"https:\/\/hudo.com\/si\/aktualno\/slovenija\/sta-je-eden-od-kljucnih-stebrov-demokracije-v-sloveniji-in-si-ne-zasluzi-unicenja-zaradi-politicnih-motivov\/"},"author":{"name":"A. P., STA","@id":"https:\/\/hudo.com\/si\/#\/schema\/person\/18f09c02475ba9e606e941a565b80cff"},"headline":"&#8221;STA je eden od klju\u010dnih stebrov demokracije v Sloveniji in si ne zaslu\u017ei uni\u010denja zaradi politi\u010dnih motivov&#8221;","datePublished":"2021-09-01T10:10:32+00:00","dateModified":"2021-09-01T10:10:32+00:00","mainEntityOfPage":{"@id":"https:\/\/hudo.com\/si\/aktualno\/slovenija\/sta-je-eden-od-kljucnih-stebrov-demokracije-v-sloveniji-in-si-ne-zasluzi-unicenja-zaradi-politicnih-motivov\/"},"wordCount":254,"publisher":{"@id":"https:\/\/hudo.com\/si\/#organization"},"keywords":["sta"],"articleSection":["Slovenija"],"inLanguage":"sl-SI"},{"@type":"WebPage","@id":"https:\/\/hudo.com\/si\/aktualno\/slovenija\/sta-je-eden-od-kljucnih-stebrov-demokracije-v-sloveniji-in-si-ne-zasluzi-unicenja-zaradi-politicnih-motivov\/","url":"https:\/\/hudo.com\/si\/aktualno\/slovenija\/sta-je-eden-od-kljucnih-stebrov-demokracije-v-sloveniji-in-si-ne-zasluzi-unicenja-zaradi-politicnih-motivov\/","name":"''STA je eden od klju\u010dnih stebrov demokracije v Sloveniji in si ne zaslu\u017ei uni\u010denja zaradi politi\u010dnih motivov'' - Hudo Slovenija","isPartOf":{"@id":"https:\/\/hudo.com\/si\/#website"},"datePublished":"2021-09-01T10:10:32+00:00","dateModified":"2021-09-01T10:10:32+00:00","breadcrumb":{"@id":"https:\/\/hudo.com\/si\/aktualno\/slovenija\/sta-je-eden-od-kljucnih-stebrov-demokracije-v-sloveniji-in-si-ne-zasluzi-unicenja-zaradi-politicnih-motivov\/#breadcrumb"},"inLanguage":"sl-SI","potentialAction":[{"@type":"ReadAction","target":["https:\/\/hudo.com\/si\/aktualno\/slovenija\/sta-je-eden-od-kljucnih-stebrov-demokracije-v-sloveniji-in-si-ne-zasluzi-unicenja-zaradi-politicnih-motivov\/"]}]},{"@type":"BreadcrumbList","@id":"https:\/\/hudo.com\/si\/aktualno\/slovenija\/sta-je-eden-od-kljucnih-stebrov-demokracije-v-sloveniji-in-si-ne-zasluzi-unicenja-zaradi-politicnih-motivov\/#breadcrumb","itemListElement":[{"@type":"ListItem","position":1,"name":"Home","item":"https:\/\/hudo.com\/si\/"},{"@type":"ListItem","position":2,"name":"&#8221;STA je eden od klju\u010dnih stebrov demokracije v Sloveniji in si ne zaslu\u017ei uni\u010denja zaradi politi\u010dnih motivov&#8221;"}]},{"@type":"WebSite","@id":"https:\/\/hudo.com\/si\/#website","url":"https:\/\/hudo.com\/si\/","name":"Hudo Slovenija","description":"Vse novice iz Slovenije in sveta","publisher":{"@id":"https:\/\/hudo.com\/si\/#organization"},"potentialAction":[{"@type":"SearchAction","target":{"@type":"EntryPoint","urlTemplate":"https:\/\/hudo.com\/si\/?s={search_term_string}"},"query-input":"required name=search_term_string"}],"inLanguage":"sl-SI"},{"@type":"Organization","@id":"https:\/\/hudo.com\/si\/#organization","name":"VSN Media","url":"https:\/\/hudo.com\/si\/","logo":{"@type":"ImageObject","inLanguage":"sl-SI","@id":"https:\/\/hudo.com\/si\/#\/schema\/logo\/image\/","url":"https:\/\/hudo.com\/si\/wp-content\/uploads\/sites\/2\/2021\/03\/hudo-app-2.png","contentUrl":"https:\/\/hudo.com\/si\/wp-content\/uploads\/sites\/2\/2021\/03\/hudo-app-2.png","width":2185,"height":2167,"caption":"VSN Media"},"image":{"@id":"https:\/\/hudo.com\/si\/#\/schema\/logo\/image\/"},"sameAs":["https:\/\/www.facebook.com\/hudo.si","https:\/\/twitter.com\/hudo_si"]},{"@type":"Person","@id":"https:\/\/hudo.com\/si\/#\/schema\/person\/18f09c02475ba9e606e941a565b80cff","name":"A. P., STA","image":{"@type":"ImageObject","inLanguage":"sl-SI","@id":"https:\/\/hudo.com\/si\/#\/schema\/person\/image\/","url":"https:\/\/secure.gravatar.com\/avatar\/03eac8e609f5f04383125d80eaeaaf3e?s=96&d=mm&r=g","contentUrl":"https:\/\/secure.gravatar.com\/avatar\/03eac8e609f5f04383125d80eaeaaf3e?s=96&d=mm&r=g","caption":"A. P., STA"},"url":"https:\/\/hudo.com\/si\/author\/lubu\/"}]}},"amp_enabled":true,"_links":{"self":[{"href":"https:\/\/hudo.com\/si\/wp-json\/wp\/v2\/posts\/457063"}],"collection":[{"href":"https:\/\/hudo.com\/si\/wp-json\/wp\/v2\/posts"}],"about":[{"href":"https:\/\/hudo.com\/si\/wp-json\/wp\/v2\/types\/post"}],"author":[{"embeddable":true,"href":"https:\/\/hudo.com\/si\/wp-json\/wp\/v2\/users\/7"}],"replies":[{"embeddable":true,"href":"https:\/\/hudo.com\/si\/wp-json\/wp\/v2\/comments?post=457063"}],"version-history":[{"count":1,"href":"https:\/\/hudo.com\/si\/wp-json\/wp\/v2\/posts\/457063\/revisions"}],"predecessor-version":[{"id":457065,"href":"https:\/\/hudo.com\/si\/wp-json\/wp\/v2\/posts\/457063\/revisions\/457065"}],"wp:featuredmedia":[{"embeddable":true,"href":"https:\/\/hudo.com\/si\/wp-json\/wp\/v2\/media\/457064"}],"wp:attachment":[{"href":"https:\/\/hudo.com\/si\/wp-json\/wp\/v2\/media?parent=457063"}],"wp:term":[{"taxonomy":"category","embeddable":true,"href":"https:\/\/hudo.com\/si\/wp-json\/wp\/v2\/categories?post=457063"},{"taxonomy":"post_tag","embeddable":true,"href":"https:\/\/hudo.com\/si\/wp-json\/wp\/v2\/tags?post=457063"},{"taxonomy":"source","embeddable":true,"href":"https:\/\/hudo.com\/si\/wp-json\/wp\/v2\/source?post=457063"},{"taxonomy":"supertag","embeddable":true,"href":"https:\/\/hudo.com\/si\/wp-json\/wp\/v2\/supertag?post=457063"}],"curies":[{"name":"wp","href":"https:\/\/api.w.org\/{rel}","templated":true}]}}