{"id":457125,"date":"2021-09-02T12:27:04","date_gmt":"2021-09-02T10:27:04","guid":{"rendered":"https:\/\/hudo.com\/si\/?p=457125"},"modified":"2021-09-02T12:27:04","modified_gmt":"2021-09-02T10:27:04","slug":"poskus-uboja-v-ljubljanskih-mostah-verbalnemu-in-fizicnemu-sporu-je-sledil-napad-z-nozem","status":"publish","type":"post","link":"https:\/\/hudo.com\/si\/aktualno\/slovenija\/poskus-uboja-v-ljubljanskih-mostah-verbalnemu-in-fizicnemu-sporu-je-sledil-napad-z-nozem\/","title":{"rendered":"Poskus uboja v ljubljanskih Mostah: Verbalnemu in fizi\u010dnemu sporu je sledil napad z no\u017eem"},"content":{"rendered":"<p>Po navedbah Policijske uprave Ljubljana kriminalisti aktivno zbirajo obvestila zaradi suma kaznivega dejanja poskusa uboja. O ugotovitvah bodo obvestili pristojno dr\u017eavno to\u017eilstvo.<\/p>\n","protected":false},"excerpt":{"rendered":"<p>Na obmo\u010dju ljubljanskih Most je v sredo popoldne pri\u0161lo do spora med ve\u010d osebami, v katerem je bila ena oseba la\u017eje po\u0161kodovana. Kot so danes sporo\u010dili ljubljanski policisti, so se po doslej zbranih podatkih sprli najprej verbalno, nato \u0161e fizi\u010dno. Ena oseba je uporabila no\u017e in drugo la\u017eje po\u0161kodovala.<\/p>\n","protected":false},"author":5,"featured_media":377664,"comment_status":"closed","ping_status":"closed","sticky":false,"template":"","format":"standard","meta":{"footnotes":""},"categories":[18201],"tags":[4688,1728,8419,1595],"source":[4511],"supertag":[5675],"acf":[],"yoast_head":"<!-- This site is optimized with the Yoast SEO plugin v21.3 - https:\/\/yoast.com\/wordpress\/plugins\/seo\/ -->\n<title>Poskus uboja v ljubljanskih Mostah: Verbalnemu in fizi\u010dnemu sporu je sledil napad z no\u017eem - Hudo Slovenija<\/title>\n<meta name=\"robots\" content=\"index, follow, max-snippet:-1, max-image-preview:large, max-video-preview:-1\" \/>\n<link rel=\"canonical\" href=\"https:\/\/hudo.com\/si\/aktualno\/slovenija\/poskus-uboja-v-ljubljanskih-mostah-verbalnemu-in-fizicnemu-sporu-je-sledil-napad-z-nozem\/\" \/>\n<meta property=\"og:locale\" content=\"sl_SI\" \/>\n<meta property=\"og:type\" content=\"article\" \/>\n<meta property=\"og:title\" content=\"Poskus uboja v ljubljanskih Mostah: Verbalnemu in fizi\u010dnemu sporu je sledil napad z no\u017eem - Hudo Slovenija\" \/>\n<meta property=\"og:description\" content=\"Na obmo\u010dju ljubljanskih Most je v sredo popoldne pri\u0161lo do spora med ve\u010d osebami, v katerem je bila ena oseba la\u017eje po\u0161kodovana. Kot so danes sporo\u010dili ljubljanski policisti, so se po doslej zbranih podatkih sprli najprej verbalno, nato \u0161e fizi\u010dno. Ena oseba je uporabila no\u017e in drugo la\u017eje po\u0161kodovala.\" \/>\n<meta property=\"og:url\" content=\"https:\/\/hudo.com\/si\/aktualno\/slovenija\/poskus-uboja-v-ljubljanskih-mostah-verbalnemu-in-fizicnemu-sporu-je-sledil-napad-z-nozem\/\" \/>\n<meta property=\"og:site_name\" content=\"Hudo Slovenija\" \/>\n<meta property=\"article:publisher\" content=\"https:\/\/www.facebook.com\/hudo.si\" \/>\n<meta property=\"article:published_time\" content=\"2021-09-02T10:27:04+00:00\" \/>\n<meta property=\"og:image\" content=\"https:\/\/hudo.com\/si\/wp-content\/uploads\/sites\/2\/2018\/09\/20120511-00357089.jpg\" \/>\n\t<meta property=\"og:image:width\" content=\"640\" \/>\n\t<meta property=\"og:image:height\" content=\"425\" \/>\n\t<meta property=\"og:image:type\" content=\"image\/jpeg\" \/>\n<meta name=\"author\" content=\"A. G., STA\" \/>\n<meta name=\"twitter:card\" content=\"summary_large_image\" \/>\n<meta name=\"twitter:creator\" content=\"@hudo_si\" \/>\n<meta name=\"twitter:site\" content=\"@hudo_si\" \/>\n<meta name=\"twitter:label1\" content=\"Written by\" \/>\n\t<meta name=\"twitter:data1\" content=\"A. G., STA\" \/>\n<script type=\"application\/ld+json\" class=\"yoast-schema-graph\">{\"@context\":\"https:\/\/schema.org\",\"@graph\":[{\"@type\":\"Article\",\"@id\":\"https:\/\/hudo.com\/si\/aktualno\/slovenija\/poskus-uboja-v-ljubljanskih-mostah-verbalnemu-in-fizicnemu-sporu-je-sledil-napad-z-nozem\/#article\",\"isPartOf\":{\"@id\":\"https:\/\/hudo.com\/si\/aktualno\/slovenija\/poskus-uboja-v-ljubljanskih-mostah-verbalnemu-in-fizicnemu-sporu-je-sledil-napad-z-nozem\/\"},\"author\":{\"name\":\"A. G., STA\",\"@id\":\"https:\/\/hudo.com\/si\/#\/schema\/person\/2391667a63ea075ba94f2f2dc6b77537\"},\"headline\":\"Poskus uboja v ljubljanskih Mostah: Verbalnemu in fizi\u010dnemu sporu je sledil napad z no\u017eem\",\"datePublished\":\"2021-09-02T10:27:04+00:00\",\"dateModified\":\"2021-09-02T10:27:04+00:00\",\"mainEntityOfPage\":{\"@id\":\"https:\/\/hudo.com\/si\/aktualno\/slovenija\/poskus-uboja-v-ljubljanskih-mostah-verbalnemu-in-fizicnemu-sporu-je-sledil-napad-z-nozem\/\"},\"wordCount\":40,\"publisher\":{\"@id\":\"https:\/\/hudo.com\/si\/#organization\"},\"keywords\":[\"\u010drna kronika\",\"policija\",\"poskus uboja\",\"Slovenija\"],\"articleSection\":[\"Slovenija\"],\"inLanguage\":\"sl-SI\"},{\"@type\":\"WebPage\",\"@id\":\"https:\/\/hudo.com\/si\/aktualno\/slovenija\/poskus-uboja-v-ljubljanskih-mostah-verbalnemu-in-fizicnemu-sporu-je-sledil-napad-z-nozem\/\",\"url\":\"https:\/\/hudo.com\/si\/aktualno\/slovenija\/poskus-uboja-v-ljubljanskih-mostah-verbalnemu-in-fizicnemu-sporu-je-sledil-napad-z-nozem\/\",\"name\":\"Poskus uboja v ljubljanskih Mostah: Verbalnemu in fizi\u010dnemu sporu je sledil napad z no\u017eem - Hudo Slovenija\",\"isPartOf\":{\"@id\":\"https:\/\/hudo.com\/si\/#website\"},\"datePublished\":\"2021-09-02T10:27:04+00:00\",\"dateModified\":\"2021-09-02T10:27:04+00:00\",\"breadcrumb\":{\"@id\":\"https:\/\/hudo.com\/si\/aktualno\/slovenija\/poskus-uboja-v-ljubljanskih-mostah-verbalnemu-in-fizicnemu-sporu-je-sledil-napad-z-nozem\/#breadcrumb\"},\"inLanguage\":\"sl-SI\",\"potentialAction\":[{\"@type\":\"ReadAction\",\"target\":[\"https:\/\/hudo.com\/si\/aktualno\/slovenija\/poskus-uboja-v-ljubljanskih-mostah-verbalnemu-in-fizicnemu-sporu-je-sledil-napad-z-nozem\/\"]}]},{\"@type\":\"BreadcrumbList\",\"@id\":\"https:\/\/hudo.com\/si\/aktualno\/slovenija\/poskus-uboja-v-ljubljanskih-mostah-verbalnemu-in-fizicnemu-sporu-je-sledil-napad-z-nozem\/#breadcrumb\",\"itemListElement\":[{\"@type\":\"ListItem\",\"position\":1,\"name\":\"Home\",\"item\":\"https:\/\/hudo.com\/si\/\"},{\"@type\":\"ListItem\",\"position\":2,\"name\":\"Poskus uboja v ljubljanskih Mostah: Verbalnemu in fizi\u010dnemu sporu je sledil napad z no\u017eem\"}]},{\"@type\":\"WebSite\",\"@id\":\"https:\/\/hudo.com\/si\/#website\",\"url\":\"https:\/\/hudo.com\/si\/\",\"name\":\"Hudo Slovenija\",\"description\":\"Vse novice iz Slovenije in sveta\",\"publisher\":{\"@id\":\"https:\/\/hudo.com\/si\/#organization\"},\"potentialAction\":[{\"@type\":\"SearchAction\",\"target\":{\"@type\":\"EntryPoint\",\"urlTemplate\":\"https:\/\/hudo.com\/si\/?s={search_term_string}\"},\"query-input\":\"required name=search_term_string\"}],\"inLanguage\":\"sl-SI\"},{\"@type\":\"Organization\",\"@id\":\"https:\/\/hudo.com\/si\/#organization\",\"name\":\"VSN Media\",\"url\":\"https:\/\/hudo.com\/si\/\",\"logo\":{\"@type\":\"ImageObject\",\"inLanguage\":\"sl-SI\",\"@id\":\"https:\/\/hudo.com\/si\/#\/schema\/logo\/image\/\",\"url\":\"https:\/\/hudo.com\/si\/wp-content\/uploads\/sites\/2\/2021\/03\/hudo-app-2.png\",\"contentUrl\":\"https:\/\/hudo.com\/si\/wp-content\/uploads\/sites\/2\/2021\/03\/hudo-app-2.png\",\"width\":2185,\"height\":2167,\"caption\":\"VSN Media\"},\"image\":{\"@id\":\"https:\/\/hudo.com\/si\/#\/schema\/logo\/image\/\"},\"sameAs\":[\"https:\/\/www.facebook.com\/hudo.si\",\"https:\/\/twitter.com\/hudo_si\"]},{\"@type\":\"Person\",\"@id\":\"https:\/\/hudo.com\/si\/#\/schema\/person\/2391667a63ea075ba94f2f2dc6b77537\",\"name\":\"A. G., STA\",\"image\":{\"@type\":\"ImageObject\",\"inLanguage\":\"sl-SI\",\"@id\":\"https:\/\/hudo.com\/si\/#\/schema\/person\/image\/\",\"url\":\"https:\/\/secure.gravatar.com\/avatar\/e13d22ac3e442658d5025fbbe6238a79?s=96&d=mm&r=g\",\"contentUrl\":\"https:\/\/secure.gravatar.com\/avatar\/e13d22ac3e442658d5025fbbe6238a79?s=96&d=mm&r=g\",\"caption\":\"A. G., STA\"},\"url\":\"https:\/\/hudo.com\/si\/author\/alenka\/\"}]}<\/script>\n<!-- \/ Yoast SEO plugin. -->","yoast_head_json":{"title":"Poskus uboja v ljubljanskih Mostah: Verbalnemu in fizi\u010dnemu sporu je sledil napad z no\u017eem - Hudo Slovenija","robots":{"index":"index","follow":"follow","max-snippet":"max-snippet:-1","max-image-preview":"max-image-preview:large","max-video-preview":"max-video-preview:-1"},"canonical":"https:\/\/hudo.com\/si\/aktualno\/slovenija\/poskus-uboja-v-ljubljanskih-mostah-verbalnemu-in-fizicnemu-sporu-je-sledil-napad-z-nozem\/","og_locale":"sl_SI","og_type":"article","og_title":"Poskus uboja v ljubljanskih Mostah: Verbalnemu in fizi\u010dnemu sporu je sledil napad z no\u017eem - Hudo Slovenija","og_description":"Na obmo\u010dju ljubljanskih Most je v sredo popoldne pri\u0161lo do spora med ve\u010d osebami, v katerem je bila ena oseba la\u017eje po\u0161kodovana. Kot so danes sporo\u010dili ljubljanski policisti, so se po doslej zbranih podatkih sprli najprej verbalno, nato \u0161e fizi\u010dno. Ena oseba je uporabila no\u017e in drugo la\u017eje po\u0161kodovala.","og_url":"https:\/\/hudo.com\/si\/aktualno\/slovenija\/poskus-uboja-v-ljubljanskih-mostah-verbalnemu-in-fizicnemu-sporu-je-sledil-napad-z-nozem\/","og_site_name":"Hudo Slovenija","article_publisher":"https:\/\/www.facebook.com\/hudo.si","article_published_time":"2021-09-02T10:27:04+00:00","og_image":[{"width":640,"height":425,"url":"https:\/\/hudo.com\/si\/wp-content\/uploads\/sites\/2\/2018\/09\/20120511-00357089.jpg","type":"image\/jpeg"}],"author":"A. G., STA","twitter_card":"summary_large_image","twitter_creator":"@hudo_si","twitter_site":"@hudo_si","twitter_misc":{"Written by":"A. G., STA"},"schema":{"@context":"https:\/\/schema.org","@graph":[{"@type":"Article","@id":"https:\/\/hudo.com\/si\/aktualno\/slovenija\/poskus-uboja-v-ljubljanskih-mostah-verbalnemu-in-fizicnemu-sporu-je-sledil-napad-z-nozem\/#article","isPartOf":{"@id":"https:\/\/hudo.com\/si\/aktualno\/slovenija\/poskus-uboja-v-ljubljanskih-mostah-verbalnemu-in-fizicnemu-sporu-je-sledil-napad-z-nozem\/"},"author":{"name":"A. G., STA","@id":"https:\/\/hudo.com\/si\/#\/schema\/person\/2391667a63ea075ba94f2f2dc6b77537"},"headline":"Poskus uboja v ljubljanskih Mostah: Verbalnemu in fizi\u010dnemu sporu je sledil napad z no\u017eem","datePublished":"2021-09-02T10:27:04+00:00","dateModified":"2021-09-02T10:27:04+00:00","mainEntityOfPage":{"@id":"https:\/\/hudo.com\/si\/aktualno\/slovenija\/poskus-uboja-v-ljubljanskih-mostah-verbalnemu-in-fizicnemu-sporu-je-sledil-napad-z-nozem\/"},"wordCount":40,"publisher":{"@id":"https:\/\/hudo.com\/si\/#organization"},"keywords":["\u010drna kronika","policija","poskus uboja","Slovenija"],"articleSection":["Slovenija"],"inLanguage":"sl-SI"},{"@type":"WebPage","@id":"https:\/\/hudo.com\/si\/aktualno\/slovenija\/poskus-uboja-v-ljubljanskih-mostah-verbalnemu-in-fizicnemu-sporu-je-sledil-napad-z-nozem\/","url":"https:\/\/hudo.com\/si\/aktualno\/slovenija\/poskus-uboja-v-ljubljanskih-mostah-verbalnemu-in-fizicnemu-sporu-je-sledil-napad-z-nozem\/","name":"Poskus uboja v ljubljanskih Mostah: Verbalnemu in fizi\u010dnemu sporu je sledil napad z no\u017eem - Hudo Slovenija","isPartOf":{"@id":"https:\/\/hudo.com\/si\/#website"},"datePublished":"2021-09-02T10:27:04+00:00","dateModified":"2021-09-02T10:27:04+00:00","breadcrumb":{"@id":"https:\/\/hudo.com\/si\/aktualno\/slovenija\/poskus-uboja-v-ljubljanskih-mostah-verbalnemu-in-fizicnemu-sporu-je-sledil-napad-z-nozem\/#breadcrumb"},"inLanguage":"sl-SI","potentialAction":[{"@type":"ReadAction","target":["https:\/\/hudo.com\/si\/aktualno\/slovenija\/poskus-uboja-v-ljubljanskih-mostah-verbalnemu-in-fizicnemu-sporu-je-sledil-napad-z-nozem\/"]}]},{"@type":"BreadcrumbList","@id":"https:\/\/hudo.com\/si\/aktualno\/slovenija\/poskus-uboja-v-ljubljanskih-mostah-verbalnemu-in-fizicnemu-sporu-je-sledil-napad-z-nozem\/#breadcrumb","itemListElement":[{"@type":"ListItem","position":1,"name":"Home","item":"https:\/\/hudo.com\/si\/"},{"@type":"ListItem","position":2,"name":"Poskus uboja v ljubljanskih Mostah: Verbalnemu in fizi\u010dnemu sporu je sledil napad z no\u017eem"}]},{"@type":"WebSite","@id":"https:\/\/hudo.com\/si\/#website","url":"https:\/\/hudo.com\/si\/","name":"Hudo Slovenija","description":"Vse novice iz Slovenije in sveta","publisher":{"@id":"https:\/\/hudo.com\/si\/#organization"},"potentialAction":[{"@type":"SearchAction","target":{"@type":"EntryPoint","urlTemplate":"https:\/\/hudo.com\/si\/?s={search_term_string}"},"query-input":"required name=search_term_string"}],"inLanguage":"sl-SI"},{"@type":"Organization","@id":"https:\/\/hudo.com\/si\/#organization","name":"VSN Media","url":"https:\/\/hudo.com\/si\/","logo":{"@type":"ImageObject","inLanguage":"sl-SI","@id":"https:\/\/hudo.com\/si\/#\/schema\/logo\/image\/","url":"https:\/\/hudo.com\/si\/wp-content\/uploads\/sites\/2\/2021\/03\/hudo-app-2.png","contentUrl":"https:\/\/hudo.com\/si\/wp-content\/uploads\/sites\/2\/2021\/03\/hudo-app-2.png","width":2185,"height":2167,"caption":"VSN Media"},"image":{"@id":"https:\/\/hudo.com\/si\/#\/schema\/logo\/image\/"},"sameAs":["https:\/\/www.facebook.com\/hudo.si","https:\/\/twitter.com\/hudo_si"]},{"@type":"Person","@id":"https:\/\/hudo.com\/si\/#\/schema\/person\/2391667a63ea075ba94f2f2dc6b77537","name":"A. G., STA","image":{"@type":"ImageObject","inLanguage":"sl-SI","@id":"https:\/\/hudo.com\/si\/#\/schema\/person\/image\/","url":"https:\/\/secure.gravatar.com\/avatar\/e13d22ac3e442658d5025fbbe6238a79?s=96&d=mm&r=g","contentUrl":"https:\/\/secure.gravatar.com\/avatar\/e13d22ac3e442658d5025fbbe6238a79?s=96&d=mm&r=g","caption":"A. G., STA"},"url":"https:\/\/hudo.com\/si\/author\/alenka\/"}]}},"amp_enabled":true,"_links":{"self":[{"href":"https:\/\/hudo.com\/si\/wp-json\/wp\/v2\/posts\/457125"}],"collection":[{"href":"https:\/\/hudo.com\/si\/wp-json\/wp\/v2\/posts"}],"about":[{"href":"https:\/\/hudo.com\/si\/wp-json\/wp\/v2\/types\/post"}],"author":[{"embeddable":true,"href":"https:\/\/hudo.com\/si\/wp-json\/wp\/v2\/users\/5"}],"replies":[{"embeddable":true,"href":"https:\/\/hudo.com\/si\/wp-json\/wp\/v2\/comments?post=457125"}],"version-history":[{"count":1,"href":"https:\/\/hudo.com\/si\/wp-json\/wp\/v2\/posts\/457125\/revisions"}],"predecessor-version":[{"id":457126,"href":"https:\/\/hudo.com\/si\/wp-json\/wp\/v2\/posts\/457125\/revisions\/457126"}],"wp:featuredmedia":[{"embeddable":true,"href":"https:\/\/hudo.com\/si\/wp-json\/wp\/v2\/media\/377664"}],"wp:attachment":[{"href":"https:\/\/hudo.com\/si\/wp-json\/wp\/v2\/media?parent=457125"}],"wp:term":[{"taxonomy":"category","embeddable":true,"href":"https:\/\/hudo.com\/si\/wp-json\/wp\/v2\/categories?post=457125"},{"taxonomy":"post_tag","embeddable":true,"href":"https:\/\/hudo.com\/si\/wp-json\/wp\/v2\/tags?post=457125"},{"taxonomy":"source","embeddable":true,"href":"https:\/\/hudo.com\/si\/wp-json\/wp\/v2\/source?post=457125"},{"taxonomy":"supertag","embeddable":true,"href":"https:\/\/hudo.com\/si\/wp-json\/wp\/v2\/supertag?post=457125"}],"curies":[{"name":"wp","href":"https:\/\/api.w.org\/{rel}","templated":true}]}}