{"id":457520,"date":"2021-09-09T13:55:48","date_gmt":"2021-09-09T11:55:48","guid":{"rendered":"https:\/\/hudo.com\/si\/?p=457520"},"modified":"2021-09-09T13:55:48","modified_gmt":"2021-09-09T11:55:48","slug":"ne-epidemioloskem-zemljevidu-ecdc-rdeca-celotna-hrvaska","status":"publish","type":"post","link":"https:\/\/hudo.com\/si\/aktualno\/ne-epidemioloskem-zemljevidu-ecdc-rdeca-celotna-hrvaska\/","title":{"rendered":"Ne epidemiolo\u0161kem zemljevidu ECDC rde\u010da celotna Hrva\u0161ka"},"content":{"rendered":"<p>Doslej je bilo osem hrva\u0161kih celinskih \u017eupanij obarvanih rde\u010de. Po dana\u0161nji oceni ECDC pa so rde\u010di tudi hrva\u0161ka obala, Zagreb in sever dr\u017eave, ki so bili v preteklih tednih oran\u017eni. Hrva\u0161ki premier Andrej Plenkovi\u0107 je uvodoma na dana\u0161nji seji hrva\u0161ke vlade izjavil, da je bila ocena ECDC pri\u010dakovana glede na \u0161tevilo novih oku\u017eb in incidenco.<\/p>\n<p>&#8220;Kljub temu lahko re\u010demo, da smo omogo\u010dili, da finan\u010dno najzanimivej\u0161i del turisti\u010dne sezone poteka brez kakr\u0161nih koli zapletov, ki bi ljudi odvrnili od obiska na Hrva\u0161kem,&#8221; je dejal Plenkovi\u0107. Menil je, da bo leto\u0161nje turisti\u010dno leto primerljivo z od 70 do 80 odstotkov rekordnega leta 2019. Znova je pozval dr\u017eavljane k cepljenju proti covidu-19. Poudaril je, da je bilo med umrlimi covidnimi bolniki na Hrva\u0161kem v zadnjih tednih ve\u010d kot 90 odstotkov tistih, ki niso bili cepljeni.<\/p>\n<p>Na Hrva\u0161kem so do srede zve\u010der porabili nekaj ve\u010d kot 3,3 milijona odmerkov cepiva proti covidu-19. Popolnoma cepljenih je nekaj manj kot 48,6 odstotka odraslih, je danes objavil nacionalni \u0161tab civilne za\u0161\u010dite. Hrva\u0161ka vlada je na\u010drtovala, da bo do konca junija od 50 do 55 odstotkov cepljenih, a so do srede zve\u010der zgolj z enim odmerkom cepili nekaj manj kot 51,8 odstotka odraslih.<\/p>\n<p>V minulih 24 urah je na Hrva\u0161kem umrlo deset covidnih bolnikov, kar pomeni, da je od 25. februarja lani v dr\u017eavi umrlo 8405 covidnih bolnikov.<\/p>\n<p>\u010ceprav so v minulih 24 urah na Hrva\u0161kem potrdili 941 novih oku\u017eb, kar je za pribli\u017eno \u010detrtino manj od srede, se poslab\u0161ujejo ostali kazalci oku\u017eb. V dr\u017eavi je danes 5335 aktivnih primerov oku\u017ebe z novim koronavirusom, kar je za ve\u010d kot 300 ljudi ve\u010d od srede. V samoizolaciji je 10.644 ljudi, kar je za ve\u010d kot 1000 ve\u010d kot v sredo.<\/p>\n<p>Tudi v hrva\u0161kih bolni\u0161nicah se zdravi 14 oseb ve\u010d, kot se jih je v sredo, ko so v bolni\u0161kih posteljah skrbeli za 540 covidnih bolnikov. Pomo\u010d medicinskih ventilatorjev danes potrebuje 58 covidnih bolnikov, medtem ko jih je v sredo tovrstno oskrbo potrebovalo 62.<\/p>\n","protected":false},"excerpt":{"rendered":"<p>Evropski center za prepre\u010devanje in nadzor bolezni (ECDC) je danes objavil nov zemljevid o raz\u0161irjenosti novega koronavirusa, na katerem je celotna Hrva\u0161ka obarvana rde\u010de. V minulih 24 urah so v dr\u017eavi ob 9987 testih na\u0161teli 941 novih oku\u017eb z novim koronavirusom, kar je za pribli\u017eno \u010detrtino manj novih oku\u017eb, kot jih je bilo v sredo.<\/p>\n","protected":false},"author":5,"featured_media":423252,"comment_status":"closed","ping_status":"closed","sticky":false,"template":"","format":"standard","meta":{"footnotes":""},"categories":[1179],"tags":[17023,1810,15632],"source":[4511],"supertag":[],"acf":[],"yoast_head":"<!-- This site is optimized with the Yoast SEO plugin v21.3 - https:\/\/yoast.com\/wordpress\/plugins\/seo\/ -->\n<title>Ne epidemiolo\u0161kem zemljevidu ECDC rde\u010da celotna Hrva\u0161ka - Hudo Slovenija<\/title>\n<meta name=\"robots\" content=\"index, follow, max-snippet:-1, max-image-preview:large, max-video-preview:-1\" \/>\n<link rel=\"canonical\" href=\"https:\/\/hudo.com\/si\/aktualno\/ne-epidemioloskem-zemljevidu-ecdc-rdeca-celotna-hrvaska\/\" \/>\n<meta property=\"og:locale\" content=\"sl_SI\" \/>\n<meta property=\"og:type\" content=\"article\" \/>\n<meta property=\"og:title\" content=\"Ne epidemiolo\u0161kem zemljevidu ECDC rde\u010da celotna Hrva\u0161ka - Hudo Slovenija\" \/>\n<meta property=\"og:description\" content=\"Evropski center za prepre\u010devanje in nadzor bolezni (ECDC) je danes objavil nov zemljevid o raz\u0161irjenosti novega koronavirusa, na katerem je celotna Hrva\u0161ka obarvana rde\u010de. V minulih 24 urah so v dr\u017eavi ob 9987 testih na\u0161teli 941 novih oku\u017eb z novim koronavirusom, kar je za pribli\u017eno \u010detrtino manj novih oku\u017eb, kot jih je bilo v sredo.\" \/>\n<meta property=\"og:url\" content=\"https:\/\/hudo.com\/si\/aktualno\/ne-epidemioloskem-zemljevidu-ecdc-rdeca-celotna-hrvaska\/\" \/>\n<meta property=\"og:site_name\" content=\"Hudo Slovenija\" \/>\n<meta property=\"article:publisher\" content=\"https:\/\/www.facebook.com\/hudo.si\" \/>\n<meta property=\"article:published_time\" content=\"2021-09-09T11:55:48+00:00\" \/>\n<meta property=\"og:image\" content=\"https:\/\/hudo.com\/si\/wp-content\/uploads\/sites\/2\/2020\/05\/profimedia-0375778131.jpg\" \/>\n\t<meta property=\"og:image:width\" content=\"1250\" \/>\n\t<meta property=\"og:image:height\" content=\"833\" \/>\n\t<meta property=\"og:image:type\" content=\"image\/jpeg\" \/>\n<meta name=\"author\" content=\"A. G., STA\" \/>\n<meta name=\"twitter:card\" content=\"summary_large_image\" \/>\n<meta name=\"twitter:creator\" content=\"@hudo_si\" \/>\n<meta name=\"twitter:site\" content=\"@hudo_si\" \/>\n<meta name=\"twitter:label1\" content=\"Written by\" \/>\n\t<meta name=\"twitter:data1\" content=\"A. G., STA\" \/>\n\t<meta name=\"twitter:label2\" content=\"Est. reading time\" \/>\n\t<meta name=\"twitter:data2\" content=\"2 minuti\" \/>\n<script type=\"application\/ld+json\" class=\"yoast-schema-graph\">{\"@context\":\"https:\/\/schema.org\",\"@graph\":[{\"@type\":\"Article\",\"@id\":\"https:\/\/hudo.com\/si\/aktualno\/ne-epidemioloskem-zemljevidu-ecdc-rdeca-celotna-hrvaska\/#article\",\"isPartOf\":{\"@id\":\"https:\/\/hudo.com\/si\/aktualno\/ne-epidemioloskem-zemljevidu-ecdc-rdeca-celotna-hrvaska\/\"},\"author\":{\"name\":\"A. G., STA\",\"@id\":\"https:\/\/hudo.com\/si\/#\/schema\/person\/2391667a63ea075ba94f2f2dc6b77537\"},\"headline\":\"Ne epidemiolo\u0161kem zemljevidu ECDC rde\u010da celotna Hrva\u0161ka\",\"datePublished\":\"2021-09-09T11:55:48+00:00\",\"dateModified\":\"2021-09-09T11:55:48+00:00\",\"mainEntityOfPage\":{\"@id\":\"https:\/\/hudo.com\/si\/aktualno\/ne-epidemioloskem-zemljevidu-ecdc-rdeca-celotna-hrvaska\/\"},\"wordCount\":353,\"publisher\":{\"@id\":\"https:\/\/hudo.com\/si\/#organization\"},\"keywords\":[\"epidemiolo\u0161ke razmere v svetu\",\"hrva\u0161ka\",\"koronavirus\"],\"articleSection\":[\"Aktualno\"],\"inLanguage\":\"sl-SI\"},{\"@type\":\"WebPage\",\"@id\":\"https:\/\/hudo.com\/si\/aktualno\/ne-epidemioloskem-zemljevidu-ecdc-rdeca-celotna-hrvaska\/\",\"url\":\"https:\/\/hudo.com\/si\/aktualno\/ne-epidemioloskem-zemljevidu-ecdc-rdeca-celotna-hrvaska\/\",\"name\":\"Ne epidemiolo\u0161kem zemljevidu ECDC rde\u010da celotna Hrva\u0161ka - Hudo Slovenija\",\"isPartOf\":{\"@id\":\"https:\/\/hudo.com\/si\/#website\"},\"datePublished\":\"2021-09-09T11:55:48+00:00\",\"dateModified\":\"2021-09-09T11:55:48+00:00\",\"breadcrumb\":{\"@id\":\"https:\/\/hudo.com\/si\/aktualno\/ne-epidemioloskem-zemljevidu-ecdc-rdeca-celotna-hrvaska\/#breadcrumb\"},\"inLanguage\":\"sl-SI\",\"potentialAction\":[{\"@type\":\"ReadAction\",\"target\":[\"https:\/\/hudo.com\/si\/aktualno\/ne-epidemioloskem-zemljevidu-ecdc-rdeca-celotna-hrvaska\/\"]}]},{\"@type\":\"BreadcrumbList\",\"@id\":\"https:\/\/hudo.com\/si\/aktualno\/ne-epidemioloskem-zemljevidu-ecdc-rdeca-celotna-hrvaska\/#breadcrumb\",\"itemListElement\":[{\"@type\":\"ListItem\",\"position\":1,\"name\":\"Home\",\"item\":\"https:\/\/hudo.com\/si\/\"},{\"@type\":\"ListItem\",\"position\":2,\"name\":\"Ne epidemiolo\u0161kem zemljevidu ECDC rde\u010da celotna Hrva\u0161ka\"}]},{\"@type\":\"WebSite\",\"@id\":\"https:\/\/hudo.com\/si\/#website\",\"url\":\"https:\/\/hudo.com\/si\/\",\"name\":\"Hudo Slovenija\",\"description\":\"Vse novice iz Slovenije in sveta\",\"publisher\":{\"@id\":\"https:\/\/hudo.com\/si\/#organization\"},\"potentialAction\":[{\"@type\":\"SearchAction\",\"target\":{\"@type\":\"EntryPoint\",\"urlTemplate\":\"https:\/\/hudo.com\/si\/?s={search_term_string}\"},\"query-input\":\"required name=search_term_string\"}],\"inLanguage\":\"sl-SI\"},{\"@type\":\"Organization\",\"@id\":\"https:\/\/hudo.com\/si\/#organization\",\"name\":\"VSN Media\",\"url\":\"https:\/\/hudo.com\/si\/\",\"logo\":{\"@type\":\"ImageObject\",\"inLanguage\":\"sl-SI\",\"@id\":\"https:\/\/hudo.com\/si\/#\/schema\/logo\/image\/\",\"url\":\"https:\/\/hudo.com\/si\/wp-content\/uploads\/sites\/2\/2021\/03\/hudo-app-2.png\",\"contentUrl\":\"https:\/\/hudo.com\/si\/wp-content\/uploads\/sites\/2\/2021\/03\/hudo-app-2.png\",\"width\":2185,\"height\":2167,\"caption\":\"VSN Media\"},\"image\":{\"@id\":\"https:\/\/hudo.com\/si\/#\/schema\/logo\/image\/\"},\"sameAs\":[\"https:\/\/www.facebook.com\/hudo.si\",\"https:\/\/twitter.com\/hudo_si\"]},{\"@type\":\"Person\",\"@id\":\"https:\/\/hudo.com\/si\/#\/schema\/person\/2391667a63ea075ba94f2f2dc6b77537\",\"name\":\"A. G., STA\",\"image\":{\"@type\":\"ImageObject\",\"inLanguage\":\"sl-SI\",\"@id\":\"https:\/\/hudo.com\/si\/#\/schema\/person\/image\/\",\"url\":\"https:\/\/secure.gravatar.com\/avatar\/e13d22ac3e442658d5025fbbe6238a79?s=96&d=mm&r=g\",\"contentUrl\":\"https:\/\/secure.gravatar.com\/avatar\/e13d22ac3e442658d5025fbbe6238a79?s=96&d=mm&r=g\",\"caption\":\"A. G., STA\"},\"url\":\"https:\/\/hudo.com\/si\/author\/alenka\/\"}]}<\/script>\n<!-- \/ Yoast SEO plugin. -->","yoast_head_json":{"title":"Ne epidemiolo\u0161kem zemljevidu ECDC rde\u010da celotna Hrva\u0161ka - Hudo Slovenija","robots":{"index":"index","follow":"follow","max-snippet":"max-snippet:-1","max-image-preview":"max-image-preview:large","max-video-preview":"max-video-preview:-1"},"canonical":"https:\/\/hudo.com\/si\/aktualno\/ne-epidemioloskem-zemljevidu-ecdc-rdeca-celotna-hrvaska\/","og_locale":"sl_SI","og_type":"article","og_title":"Ne epidemiolo\u0161kem zemljevidu ECDC rde\u010da celotna Hrva\u0161ka - Hudo Slovenija","og_description":"Evropski center za prepre\u010devanje in nadzor bolezni (ECDC) je danes objavil nov zemljevid o raz\u0161irjenosti novega koronavirusa, na katerem je celotna Hrva\u0161ka obarvana rde\u010de. V minulih 24 urah so v dr\u017eavi ob 9987 testih na\u0161teli 941 novih oku\u017eb z novim koronavirusom, kar je za pribli\u017eno \u010detrtino manj novih oku\u017eb, kot jih je bilo v sredo.","og_url":"https:\/\/hudo.com\/si\/aktualno\/ne-epidemioloskem-zemljevidu-ecdc-rdeca-celotna-hrvaska\/","og_site_name":"Hudo Slovenija","article_publisher":"https:\/\/www.facebook.com\/hudo.si","article_published_time":"2021-09-09T11:55:48+00:00","og_image":[{"width":1250,"height":833,"url":"https:\/\/hudo.com\/si\/wp-content\/uploads\/sites\/2\/2020\/05\/profimedia-0375778131.jpg","type":"image\/jpeg"}],"author":"A. G., STA","twitter_card":"summary_large_image","twitter_creator":"@hudo_si","twitter_site":"@hudo_si","twitter_misc":{"Written by":"A. G., STA","Est. reading time":"2 minuti"},"schema":{"@context":"https:\/\/schema.org","@graph":[{"@type":"Article","@id":"https:\/\/hudo.com\/si\/aktualno\/ne-epidemioloskem-zemljevidu-ecdc-rdeca-celotna-hrvaska\/#article","isPartOf":{"@id":"https:\/\/hudo.com\/si\/aktualno\/ne-epidemioloskem-zemljevidu-ecdc-rdeca-celotna-hrvaska\/"},"author":{"name":"A. G., STA","@id":"https:\/\/hudo.com\/si\/#\/schema\/person\/2391667a63ea075ba94f2f2dc6b77537"},"headline":"Ne epidemiolo\u0161kem zemljevidu ECDC rde\u010da celotna Hrva\u0161ka","datePublished":"2021-09-09T11:55:48+00:00","dateModified":"2021-09-09T11:55:48+00:00","mainEntityOfPage":{"@id":"https:\/\/hudo.com\/si\/aktualno\/ne-epidemioloskem-zemljevidu-ecdc-rdeca-celotna-hrvaska\/"},"wordCount":353,"publisher":{"@id":"https:\/\/hudo.com\/si\/#organization"},"keywords":["epidemiolo\u0161ke razmere v svetu","hrva\u0161ka","koronavirus"],"articleSection":["Aktualno"],"inLanguage":"sl-SI"},{"@type":"WebPage","@id":"https:\/\/hudo.com\/si\/aktualno\/ne-epidemioloskem-zemljevidu-ecdc-rdeca-celotna-hrvaska\/","url":"https:\/\/hudo.com\/si\/aktualno\/ne-epidemioloskem-zemljevidu-ecdc-rdeca-celotna-hrvaska\/","name":"Ne epidemiolo\u0161kem zemljevidu ECDC rde\u010da celotna Hrva\u0161ka - Hudo Slovenija","isPartOf":{"@id":"https:\/\/hudo.com\/si\/#website"},"datePublished":"2021-09-09T11:55:48+00:00","dateModified":"2021-09-09T11:55:48+00:00","breadcrumb":{"@id":"https:\/\/hudo.com\/si\/aktualno\/ne-epidemioloskem-zemljevidu-ecdc-rdeca-celotna-hrvaska\/#breadcrumb"},"inLanguage":"sl-SI","potentialAction":[{"@type":"ReadAction","target":["https:\/\/hudo.com\/si\/aktualno\/ne-epidemioloskem-zemljevidu-ecdc-rdeca-celotna-hrvaska\/"]}]},{"@type":"BreadcrumbList","@id":"https:\/\/hudo.com\/si\/aktualno\/ne-epidemioloskem-zemljevidu-ecdc-rdeca-celotna-hrvaska\/#breadcrumb","itemListElement":[{"@type":"ListItem","position":1,"name":"Home","item":"https:\/\/hudo.com\/si\/"},{"@type":"ListItem","position":2,"name":"Ne epidemiolo\u0161kem zemljevidu ECDC rde\u010da celotna Hrva\u0161ka"}]},{"@type":"WebSite","@id":"https:\/\/hudo.com\/si\/#website","url":"https:\/\/hudo.com\/si\/","name":"Hudo Slovenija","description":"Vse novice iz Slovenije in sveta","publisher":{"@id":"https:\/\/hudo.com\/si\/#organization"},"potentialAction":[{"@type":"SearchAction","target":{"@type":"EntryPoint","urlTemplate":"https:\/\/hudo.com\/si\/?s={search_term_string}"},"query-input":"required name=search_term_string"}],"inLanguage":"sl-SI"},{"@type":"Organization","@id":"https:\/\/hudo.com\/si\/#organization","name":"VSN Media","url":"https:\/\/hudo.com\/si\/","logo":{"@type":"ImageObject","inLanguage":"sl-SI","@id":"https:\/\/hudo.com\/si\/#\/schema\/logo\/image\/","url":"https:\/\/hudo.com\/si\/wp-content\/uploads\/sites\/2\/2021\/03\/hudo-app-2.png","contentUrl":"https:\/\/hudo.com\/si\/wp-content\/uploads\/sites\/2\/2021\/03\/hudo-app-2.png","width":2185,"height":2167,"caption":"VSN Media"},"image":{"@id":"https:\/\/hudo.com\/si\/#\/schema\/logo\/image\/"},"sameAs":["https:\/\/www.facebook.com\/hudo.si","https:\/\/twitter.com\/hudo_si"]},{"@type":"Person","@id":"https:\/\/hudo.com\/si\/#\/schema\/person\/2391667a63ea075ba94f2f2dc6b77537","name":"A. G., STA","image":{"@type":"ImageObject","inLanguage":"sl-SI","@id":"https:\/\/hudo.com\/si\/#\/schema\/person\/image\/","url":"https:\/\/secure.gravatar.com\/avatar\/e13d22ac3e442658d5025fbbe6238a79?s=96&d=mm&r=g","contentUrl":"https:\/\/secure.gravatar.com\/avatar\/e13d22ac3e442658d5025fbbe6238a79?s=96&d=mm&r=g","caption":"A. G., STA"},"url":"https:\/\/hudo.com\/si\/author\/alenka\/"}]}},"amp_enabled":true,"_links":{"self":[{"href":"https:\/\/hudo.com\/si\/wp-json\/wp\/v2\/posts\/457520"}],"collection":[{"href":"https:\/\/hudo.com\/si\/wp-json\/wp\/v2\/posts"}],"about":[{"href":"https:\/\/hudo.com\/si\/wp-json\/wp\/v2\/types\/post"}],"author":[{"embeddable":true,"href":"https:\/\/hudo.com\/si\/wp-json\/wp\/v2\/users\/5"}],"replies":[{"embeddable":true,"href":"https:\/\/hudo.com\/si\/wp-json\/wp\/v2\/comments?post=457520"}],"version-history":[{"count":1,"href":"https:\/\/hudo.com\/si\/wp-json\/wp\/v2\/posts\/457520\/revisions"}],"predecessor-version":[{"id":457521,"href":"https:\/\/hudo.com\/si\/wp-json\/wp\/v2\/posts\/457520\/revisions\/457521"}],"wp:featuredmedia":[{"embeddable":true,"href":"https:\/\/hudo.com\/si\/wp-json\/wp\/v2\/media\/423252"}],"wp:attachment":[{"href":"https:\/\/hudo.com\/si\/wp-json\/wp\/v2\/media?parent=457520"}],"wp:term":[{"taxonomy":"category","embeddable":true,"href":"https:\/\/hudo.com\/si\/wp-json\/wp\/v2\/categories?post=457520"},{"taxonomy":"post_tag","embeddable":true,"href":"https:\/\/hudo.com\/si\/wp-json\/wp\/v2\/tags?post=457520"},{"taxonomy":"source","embeddable":true,"href":"https:\/\/hudo.com\/si\/wp-json\/wp\/v2\/source?post=457520"},{"taxonomy":"supertag","embeddable":true,"href":"https:\/\/hudo.com\/si\/wp-json\/wp\/v2\/supertag?post=457520"}],"curies":[{"name":"wp","href":"https:\/\/api.w.org\/{rel}","templated":true}]}}