{"id":457665,"date":"2021-09-13T12:42:08","date_gmt":"2021-09-13T10:42:08","guid":{"rendered":"https:\/\/hudo.com\/si\/?p=457665"},"modified":"2021-09-13T12:42:08","modified_gmt":"2021-09-13T10:42:08","slug":"hrvaska-policija-zakljucila-preiskavo-poskusa-umora-iz-leta-2005-osumljen-tudi-slovenec","status":"publish","type":"post","link":"https:\/\/hudo.com\/si\/aktualno\/svet\/hrvaska-policija-zakljucila-preiskavo-poskusa-umora-iz-leta-2005-osumljen-tudi-slovenec\/","title":{"rendered":"Hrva\u0161ka policija zaklju\u010dila preiskavo poskusa umora iz leta 2005, osumljen tudi Slovenec"},"content":{"rendered":"<p>Takrat neznana napadalca sta v stanovanju Zagrebu julija 2005 s pi\u0161tolo v glavo ustrelila 60-letnega podjetnika iz BiH Ljubomirja Gladovi\u0107a, ki ima tudi hrva\u0161ko dr\u017eavljanstvo. Eden od napadalcev je Gladovi\u0107u v usta porinil pi\u0161tolo s du\u0161ilcem in streljal.<\/p>\n<p>Napadalca sta bila prepri\u010dana, da je podjetnik mrtev, ter sta odtujila dokumente in denar. Potem ko sta zapustila stanovanje, se je Gladovi\u0107 s po\u0161kodovano \u010deljustjo in rano na vratu uspel prepeljati na urgenco in je napad pre\u017eivel, poro\u010da danes Jutarnji list.<\/p>\n<p>Kot dodaja, so na kraju zlo\u010dina na\u0161li DNK enega od napadalcev, a so \u0161ele v za\u010detku leto\u0161njega leta uspeli razkriti, kdo je bil na kraju zlo\u010dina. Relji\u0107 naj bi decembra lani v M\u00fcnchnu umoril 60-letno podjetnico in jo oropal. Za seboj je znova pustil sledi DNK, ki so jih uvrstili v mednarodno policijsko datoteko. Letos se je pokazalo, da so sledi DNK iz M\u00fcnchna enake tistim iz Zagreba ter so na ta na\u010din identificirali Relji\u0107a.<\/p>\n<p>Kot drugega napadalca iz Zagreba so identificirali 61-letnega dr\u017eavljana Slovenije, ki ga prav tako sumijo kaznivega dejanja poskusa umora, je objavila zagreb\u0161ka policija na svoji spletni strani. Kot so dodali, so Relji\u0107a v za\u010detku leta izro\u010dili iz Srbije v Nem\u010dijo, medtem ko 61-letnega Slovenca, za katerega ne navajajo imena, \u0161e i\u0161\u010dejo.<\/p>\n","protected":false},"excerpt":{"rendered":"<p>Hrva\u0161ka policija je zaklju\u010dila preiskavo poskusa umora podjetnika iz Bosne in Hercegovine v Zagrebu, ki se je zgodil leta 2005. Glavni osumljenec je 52-letni Milan Relji\u0107 iz BiH. Hrva\u0161ka policija i\u0161\u010de tudi 61-letnega dr\u017eavljana Slovenije, ki naj bi bil eden od dveh napadalcev. Primer so re\u0161ili med preiskavo policistov iz ve\u010d evropskih dr\u017eav.<\/p>\n","protected":false},"author":5,"featured_media":371060,"comment_status":"closed","ping_status":"closed","sticky":false,"template":"","format":"standard","meta":{"footnotes":""},"categories":[18202],"tags":[1810,1728,16969,3565],"source":[4511],"supertag":[],"acf":[],"yoast_head":"<!-- This site is optimized with the Yoast SEO plugin v21.3 - https:\/\/yoast.com\/wordpress\/plugins\/seo\/ -->\n<title>Hrva\u0161ka policija zaklju\u010dila preiskavo poskusa umora iz leta 2005, osumljen tudi Slovenec - Hudo Slovenija<\/title>\n<meta name=\"robots\" content=\"index, follow, max-snippet:-1, max-image-preview:large, max-video-preview:-1\" \/>\n<link rel=\"canonical\" href=\"https:\/\/hudo.com\/si\/aktualno\/svet\/hrvaska-policija-zakljucila-preiskavo-poskusa-umora-iz-leta-2005-osumljen-tudi-slovenec\/\" \/>\n<meta property=\"og:locale\" content=\"sl_SI\" \/>\n<meta property=\"og:type\" content=\"article\" \/>\n<meta property=\"og:title\" content=\"Hrva\u0161ka policija zaklju\u010dila preiskavo poskusa umora iz leta 2005, osumljen tudi Slovenec - Hudo Slovenija\" \/>\n<meta property=\"og:description\" content=\"Hrva\u0161ka policija je zaklju\u010dila preiskavo poskusa umora podjetnika iz Bosne in Hercegovine v Zagrebu, ki se je zgodil leta 2005. Glavni osumljenec je 52-letni Milan Relji\u0107 iz BiH. Hrva\u0161ka policija i\u0161\u010de tudi 61-letnega dr\u017eavljana Slovenije, ki naj bi bil eden od dveh napadalcev. Primer so re\u0161ili med preiskavo policistov iz ve\u010d evropskih dr\u017eav.\" \/>\n<meta property=\"og:url\" content=\"https:\/\/hudo.com\/si\/aktualno\/svet\/hrvaska-policija-zakljucila-preiskavo-poskusa-umora-iz-leta-2005-osumljen-tudi-slovenec\/\" \/>\n<meta property=\"og:site_name\" content=\"Hudo Slovenija\" \/>\n<meta property=\"article:publisher\" content=\"https:\/\/www.facebook.com\/hudo.si\" \/>\n<meta property=\"article:published_time\" content=\"2021-09-13T10:42:08+00:00\" \/>\n<meta property=\"og:image\" content=\"https:\/\/hudo.com\/si\/wp-content\/uploads\/sites\/2\/2018\/05\/profimedia-0282787809.jpg\" \/>\n\t<meta property=\"og:image:width\" content=\"1250\" \/>\n\t<meta property=\"og:image:height\" content=\"827\" \/>\n\t<meta property=\"og:image:type\" content=\"image\/jpeg\" \/>\n<meta name=\"author\" content=\"A. G., STA\" \/>\n<meta name=\"twitter:card\" content=\"summary_large_image\" \/>\n<meta name=\"twitter:creator\" content=\"@hudo_si\" \/>\n<meta name=\"twitter:site\" content=\"@hudo_si\" \/>\n<meta name=\"twitter:label1\" content=\"Written by\" \/>\n\t<meta name=\"twitter:data1\" content=\"A. G., STA\" \/>\n\t<meta name=\"twitter:label2\" content=\"Est. reading time\" \/>\n\t<meta name=\"twitter:data2\" content=\"1 minuta\" \/>\n<script type=\"application\/ld+json\" class=\"yoast-schema-graph\">{\"@context\":\"https:\/\/schema.org\",\"@graph\":[{\"@type\":\"Article\",\"@id\":\"https:\/\/hudo.com\/si\/aktualno\/svet\/hrvaska-policija-zakljucila-preiskavo-poskusa-umora-iz-leta-2005-osumljen-tudi-slovenec\/#article\",\"isPartOf\":{\"@id\":\"https:\/\/hudo.com\/si\/aktualno\/svet\/hrvaska-policija-zakljucila-preiskavo-poskusa-umora-iz-leta-2005-osumljen-tudi-slovenec\/\"},\"author\":{\"name\":\"A. G., STA\",\"@id\":\"https:\/\/hudo.com\/si\/#\/schema\/person\/2391667a63ea075ba94f2f2dc6b77537\"},\"headline\":\"Hrva\u0161ka policija zaklju\u010dila preiskavo poskusa umora iz leta 2005, osumljen tudi Slovenec\",\"datePublished\":\"2021-09-13T10:42:08+00:00\",\"dateModified\":\"2021-09-13T10:42:08+00:00\",\"mainEntityOfPage\":{\"@id\":\"https:\/\/hudo.com\/si\/aktualno\/svet\/hrvaska-policija-zakljucila-preiskavo-poskusa-umora-iz-leta-2005-osumljen-tudi-slovenec\/\"},\"wordCount\":244,\"publisher\":{\"@id\":\"https:\/\/hudo.com\/si\/#organization\"},\"keywords\":[\"hrva\u0161ka\",\"policija\",\"poskus umora\",\"slovenci\"],\"articleSection\":[\"Svet\"],\"inLanguage\":\"sl-SI\"},{\"@type\":\"WebPage\",\"@id\":\"https:\/\/hudo.com\/si\/aktualno\/svet\/hrvaska-policija-zakljucila-preiskavo-poskusa-umora-iz-leta-2005-osumljen-tudi-slovenec\/\",\"url\":\"https:\/\/hudo.com\/si\/aktualno\/svet\/hrvaska-policija-zakljucila-preiskavo-poskusa-umora-iz-leta-2005-osumljen-tudi-slovenec\/\",\"name\":\"Hrva\u0161ka policija zaklju\u010dila preiskavo poskusa umora iz leta 2005, osumljen tudi Slovenec - Hudo Slovenija\",\"isPartOf\":{\"@id\":\"https:\/\/hudo.com\/si\/#website\"},\"datePublished\":\"2021-09-13T10:42:08+00:00\",\"dateModified\":\"2021-09-13T10:42:08+00:00\",\"breadcrumb\":{\"@id\":\"https:\/\/hudo.com\/si\/aktualno\/svet\/hrvaska-policija-zakljucila-preiskavo-poskusa-umora-iz-leta-2005-osumljen-tudi-slovenec\/#breadcrumb\"},\"inLanguage\":\"sl-SI\",\"potentialAction\":[{\"@type\":\"ReadAction\",\"target\":[\"https:\/\/hudo.com\/si\/aktualno\/svet\/hrvaska-policija-zakljucila-preiskavo-poskusa-umora-iz-leta-2005-osumljen-tudi-slovenec\/\"]}]},{\"@type\":\"BreadcrumbList\",\"@id\":\"https:\/\/hudo.com\/si\/aktualno\/svet\/hrvaska-policija-zakljucila-preiskavo-poskusa-umora-iz-leta-2005-osumljen-tudi-slovenec\/#breadcrumb\",\"itemListElement\":[{\"@type\":\"ListItem\",\"position\":1,\"name\":\"Home\",\"item\":\"https:\/\/hudo.com\/si\/\"},{\"@type\":\"ListItem\",\"position\":2,\"name\":\"Hrva\u0161ka policija zaklju\u010dila preiskavo poskusa umora iz leta 2005, osumljen tudi Slovenec\"}]},{\"@type\":\"WebSite\",\"@id\":\"https:\/\/hudo.com\/si\/#website\",\"url\":\"https:\/\/hudo.com\/si\/\",\"name\":\"Hudo Slovenija\",\"description\":\"Vse novice iz Slovenije in sveta\",\"publisher\":{\"@id\":\"https:\/\/hudo.com\/si\/#organization\"},\"potentialAction\":[{\"@type\":\"SearchAction\",\"target\":{\"@type\":\"EntryPoint\",\"urlTemplate\":\"https:\/\/hudo.com\/si\/?s={search_term_string}\"},\"query-input\":\"required name=search_term_string\"}],\"inLanguage\":\"sl-SI\"},{\"@type\":\"Organization\",\"@id\":\"https:\/\/hudo.com\/si\/#organization\",\"name\":\"VSN Media\",\"url\":\"https:\/\/hudo.com\/si\/\",\"logo\":{\"@type\":\"ImageObject\",\"inLanguage\":\"sl-SI\",\"@id\":\"https:\/\/hudo.com\/si\/#\/schema\/logo\/image\/\",\"url\":\"https:\/\/hudo.com\/si\/wp-content\/uploads\/sites\/2\/2021\/03\/hudo-app-2.png\",\"contentUrl\":\"https:\/\/hudo.com\/si\/wp-content\/uploads\/sites\/2\/2021\/03\/hudo-app-2.png\",\"width\":2185,\"height\":2167,\"caption\":\"VSN Media\"},\"image\":{\"@id\":\"https:\/\/hudo.com\/si\/#\/schema\/logo\/image\/\"},\"sameAs\":[\"https:\/\/www.facebook.com\/hudo.si\",\"https:\/\/twitter.com\/hudo_si\"]},{\"@type\":\"Person\",\"@id\":\"https:\/\/hudo.com\/si\/#\/schema\/person\/2391667a63ea075ba94f2f2dc6b77537\",\"name\":\"A. G., STA\",\"image\":{\"@type\":\"ImageObject\",\"inLanguage\":\"sl-SI\",\"@id\":\"https:\/\/hudo.com\/si\/#\/schema\/person\/image\/\",\"url\":\"https:\/\/secure.gravatar.com\/avatar\/e13d22ac3e442658d5025fbbe6238a79?s=96&d=mm&r=g\",\"contentUrl\":\"https:\/\/secure.gravatar.com\/avatar\/e13d22ac3e442658d5025fbbe6238a79?s=96&d=mm&r=g\",\"caption\":\"A. G., STA\"},\"url\":\"https:\/\/hudo.com\/si\/author\/alenka\/\"}]}<\/script>\n<!-- \/ Yoast SEO plugin. -->","yoast_head_json":{"title":"Hrva\u0161ka policija zaklju\u010dila preiskavo poskusa umora iz leta 2005, osumljen tudi Slovenec - Hudo Slovenija","robots":{"index":"index","follow":"follow","max-snippet":"max-snippet:-1","max-image-preview":"max-image-preview:large","max-video-preview":"max-video-preview:-1"},"canonical":"https:\/\/hudo.com\/si\/aktualno\/svet\/hrvaska-policija-zakljucila-preiskavo-poskusa-umora-iz-leta-2005-osumljen-tudi-slovenec\/","og_locale":"sl_SI","og_type":"article","og_title":"Hrva\u0161ka policija zaklju\u010dila preiskavo poskusa umora iz leta 2005, osumljen tudi Slovenec - Hudo Slovenija","og_description":"Hrva\u0161ka policija je zaklju\u010dila preiskavo poskusa umora podjetnika iz Bosne in Hercegovine v Zagrebu, ki se je zgodil leta 2005. Glavni osumljenec je 52-letni Milan Relji\u0107 iz BiH. Hrva\u0161ka policija i\u0161\u010de tudi 61-letnega dr\u017eavljana Slovenije, ki naj bi bil eden od dveh napadalcev. Primer so re\u0161ili med preiskavo policistov iz ve\u010d evropskih dr\u017eav.","og_url":"https:\/\/hudo.com\/si\/aktualno\/svet\/hrvaska-policija-zakljucila-preiskavo-poskusa-umora-iz-leta-2005-osumljen-tudi-slovenec\/","og_site_name":"Hudo Slovenija","article_publisher":"https:\/\/www.facebook.com\/hudo.si","article_published_time":"2021-09-13T10:42:08+00:00","og_image":[{"width":1250,"height":827,"url":"https:\/\/hudo.com\/si\/wp-content\/uploads\/sites\/2\/2018\/05\/profimedia-0282787809.jpg","type":"image\/jpeg"}],"author":"A. G., STA","twitter_card":"summary_large_image","twitter_creator":"@hudo_si","twitter_site":"@hudo_si","twitter_misc":{"Written by":"A. G., STA","Est. reading time":"1 minuta"},"schema":{"@context":"https:\/\/schema.org","@graph":[{"@type":"Article","@id":"https:\/\/hudo.com\/si\/aktualno\/svet\/hrvaska-policija-zakljucila-preiskavo-poskusa-umora-iz-leta-2005-osumljen-tudi-slovenec\/#article","isPartOf":{"@id":"https:\/\/hudo.com\/si\/aktualno\/svet\/hrvaska-policija-zakljucila-preiskavo-poskusa-umora-iz-leta-2005-osumljen-tudi-slovenec\/"},"author":{"name":"A. G., STA","@id":"https:\/\/hudo.com\/si\/#\/schema\/person\/2391667a63ea075ba94f2f2dc6b77537"},"headline":"Hrva\u0161ka policija zaklju\u010dila preiskavo poskusa umora iz leta 2005, osumljen tudi Slovenec","datePublished":"2021-09-13T10:42:08+00:00","dateModified":"2021-09-13T10:42:08+00:00","mainEntityOfPage":{"@id":"https:\/\/hudo.com\/si\/aktualno\/svet\/hrvaska-policija-zakljucila-preiskavo-poskusa-umora-iz-leta-2005-osumljen-tudi-slovenec\/"},"wordCount":244,"publisher":{"@id":"https:\/\/hudo.com\/si\/#organization"},"keywords":["hrva\u0161ka","policija","poskus umora","slovenci"],"articleSection":["Svet"],"inLanguage":"sl-SI"},{"@type":"WebPage","@id":"https:\/\/hudo.com\/si\/aktualno\/svet\/hrvaska-policija-zakljucila-preiskavo-poskusa-umora-iz-leta-2005-osumljen-tudi-slovenec\/","url":"https:\/\/hudo.com\/si\/aktualno\/svet\/hrvaska-policija-zakljucila-preiskavo-poskusa-umora-iz-leta-2005-osumljen-tudi-slovenec\/","name":"Hrva\u0161ka policija zaklju\u010dila preiskavo poskusa umora iz leta 2005, osumljen tudi Slovenec - Hudo Slovenija","isPartOf":{"@id":"https:\/\/hudo.com\/si\/#website"},"datePublished":"2021-09-13T10:42:08+00:00","dateModified":"2021-09-13T10:42:08+00:00","breadcrumb":{"@id":"https:\/\/hudo.com\/si\/aktualno\/svet\/hrvaska-policija-zakljucila-preiskavo-poskusa-umora-iz-leta-2005-osumljen-tudi-slovenec\/#breadcrumb"},"inLanguage":"sl-SI","potentialAction":[{"@type":"ReadAction","target":["https:\/\/hudo.com\/si\/aktualno\/svet\/hrvaska-policija-zakljucila-preiskavo-poskusa-umora-iz-leta-2005-osumljen-tudi-slovenec\/"]}]},{"@type":"BreadcrumbList","@id":"https:\/\/hudo.com\/si\/aktualno\/svet\/hrvaska-policija-zakljucila-preiskavo-poskusa-umora-iz-leta-2005-osumljen-tudi-slovenec\/#breadcrumb","itemListElement":[{"@type":"ListItem","position":1,"name":"Home","item":"https:\/\/hudo.com\/si\/"},{"@type":"ListItem","position":2,"name":"Hrva\u0161ka policija zaklju\u010dila preiskavo poskusa umora iz leta 2005, osumljen tudi Slovenec"}]},{"@type":"WebSite","@id":"https:\/\/hudo.com\/si\/#website","url":"https:\/\/hudo.com\/si\/","name":"Hudo Slovenija","description":"Vse novice iz Slovenije in sveta","publisher":{"@id":"https:\/\/hudo.com\/si\/#organization"},"potentialAction":[{"@type":"SearchAction","target":{"@type":"EntryPoint","urlTemplate":"https:\/\/hudo.com\/si\/?s={search_term_string}"},"query-input":"required name=search_term_string"}],"inLanguage":"sl-SI"},{"@type":"Organization","@id":"https:\/\/hudo.com\/si\/#organization","name":"VSN Media","url":"https:\/\/hudo.com\/si\/","logo":{"@type":"ImageObject","inLanguage":"sl-SI","@id":"https:\/\/hudo.com\/si\/#\/schema\/logo\/image\/","url":"https:\/\/hudo.com\/si\/wp-content\/uploads\/sites\/2\/2021\/03\/hudo-app-2.png","contentUrl":"https:\/\/hudo.com\/si\/wp-content\/uploads\/sites\/2\/2021\/03\/hudo-app-2.png","width":2185,"height":2167,"caption":"VSN Media"},"image":{"@id":"https:\/\/hudo.com\/si\/#\/schema\/logo\/image\/"},"sameAs":["https:\/\/www.facebook.com\/hudo.si","https:\/\/twitter.com\/hudo_si"]},{"@type":"Person","@id":"https:\/\/hudo.com\/si\/#\/schema\/person\/2391667a63ea075ba94f2f2dc6b77537","name":"A. G., STA","image":{"@type":"ImageObject","inLanguage":"sl-SI","@id":"https:\/\/hudo.com\/si\/#\/schema\/person\/image\/","url":"https:\/\/secure.gravatar.com\/avatar\/e13d22ac3e442658d5025fbbe6238a79?s=96&d=mm&r=g","contentUrl":"https:\/\/secure.gravatar.com\/avatar\/e13d22ac3e442658d5025fbbe6238a79?s=96&d=mm&r=g","caption":"A. G., STA"},"url":"https:\/\/hudo.com\/si\/author\/alenka\/"}]}},"amp_enabled":true,"_links":{"self":[{"href":"https:\/\/hudo.com\/si\/wp-json\/wp\/v2\/posts\/457665"}],"collection":[{"href":"https:\/\/hudo.com\/si\/wp-json\/wp\/v2\/posts"}],"about":[{"href":"https:\/\/hudo.com\/si\/wp-json\/wp\/v2\/types\/post"}],"author":[{"embeddable":true,"href":"https:\/\/hudo.com\/si\/wp-json\/wp\/v2\/users\/5"}],"replies":[{"embeddable":true,"href":"https:\/\/hudo.com\/si\/wp-json\/wp\/v2\/comments?post=457665"}],"version-history":[{"count":1,"href":"https:\/\/hudo.com\/si\/wp-json\/wp\/v2\/posts\/457665\/revisions"}],"predecessor-version":[{"id":457666,"href":"https:\/\/hudo.com\/si\/wp-json\/wp\/v2\/posts\/457665\/revisions\/457666"}],"wp:featuredmedia":[{"embeddable":true,"href":"https:\/\/hudo.com\/si\/wp-json\/wp\/v2\/media\/371060"}],"wp:attachment":[{"href":"https:\/\/hudo.com\/si\/wp-json\/wp\/v2\/media?parent=457665"}],"wp:term":[{"taxonomy":"category","embeddable":true,"href":"https:\/\/hudo.com\/si\/wp-json\/wp\/v2\/categories?post=457665"},{"taxonomy":"post_tag","embeddable":true,"href":"https:\/\/hudo.com\/si\/wp-json\/wp\/v2\/tags?post=457665"},{"taxonomy":"source","embeddable":true,"href":"https:\/\/hudo.com\/si\/wp-json\/wp\/v2\/source?post=457665"},{"taxonomy":"supertag","embeddable":true,"href":"https:\/\/hudo.com\/si\/wp-json\/wp\/v2\/supertag?post=457665"}],"curies":[{"name":"wp","href":"https:\/\/api.w.org\/{rel}","templated":true}]}}