{"id":457762,"date":"2022-03-23T11:49:32","date_gmt":"2022-03-23T10:49:32","guid":{"rendered":"https:\/\/hudo.com\/si\/?p=457762"},"modified":"2022-03-23T11:49:58","modified_gmt":"2022-03-23T10:49:58","slug":"zadnji-dnevi-njegovega-zivljenja-so-bili-pekleni-zena-ga-je-tepla-in-puscala-lezati-v-blatu-in-urinu","status":"publish","type":"post","link":"https:\/\/hudo.com\/si\/vip\/zadnji-dnevi-njegovega-zivljenja-so-bili-pekleni-zena-ga-je-tepla-in-puscala-lezati-v-blatu-in-urinu\/","title":{"rendered":"Zadnji dnevi njegovega \u017eivljenja so bili pekleni: \u017dena ga je tepla in pu\u0161\u010dala le\u017eati v blatu in urinu"},"content":{"rendered":"<p>Patrick Swayze je umrl 14. septembra 2009 v starosti 57 let zaradi raka trebu\u0161ne slinavke, za seboj pa pustil milijone neutola\u017eljivih obo\u017eevalcev.<\/p>\n<p>Zvezdnik je o svoji hudi bolezni spregovoril v za\u010detku leta 2009. &#8220;Nikoli nisem bil oseba, ki bi be\u017eala pred izzivi. Lahko pa ste prepri\u010dani, da grem skozi pekel in sem \u0161ele na za\u010detku,&#8221; je dejal igralec v intervjuju z Barbaro Walters.<\/p>\n<p>Patrick, ki je umrl v San Gabriel Mountains v bli\u017eini Los Angelesa, je priznal, da je zelo prestra\u0161en in jezen zaradi svoje bolezni. &#8220;Spra\u0161ujem se: &#8216;Zakaj jaz?&#8217;,&#8221; je rekel.<\/p>\n<p>Igral\u010dev boj z rakom trebu\u0161ne slinavke se je za\u010del konec leta 2007, da nekaj ni vredu, pa je opazil, ko sta z \u017eeno, pisateljico Liso Niemi (65), praznovala novo leto. &#8220;Pil sem \u0161ampanjec in po\u010dutil sem se, kot da sem vlival kislino vase, kot da imam v sebi odprto rano,&#8221; je pojasnil.<\/p>\n<p>Svojo te\u017eko diagnozo je hotel \u010dim dlje skrivati, dokler se z \u017eeno ne odlo\u010dita, kako naprej, potem pa so ameri\u0161ki mediji raz\u0161irili novico, da ima samo \u0161e pet tednov \u017eivljenja. Toda Swayze je vsem zagotavljal, da se bori in premaguje bolezen.<\/p>\n<p>\u017dal je bil rak mo\u010dnej\u0161i od igralca, ki je osvojil srca \u017eensk v ganljivih, romanti\u010dnih filmih &#8220;Umazani ples&#8221; in &#8220;Duh&#8221;. Mnogi se spomnijo stavka &#8220;Nih\u010de ne postavlja baby v kot&#8221;, ki ga je izrekel njegov lik Johnny Castle, vendar je Swayze v svoji knjigi &#8220;The Time Of My Life&#8221; priznal, da ga je sovra\u017eil.<\/p>\n<p>&#8220;Veliko besedila smo predelali za veliko zadnjo sceno, vendar je ostal en stavek, ki sem ga sovra\u017eil. Komaj sem se prisilil, da sem to izrekel. Sli\u0161alo se je tako zelo zani\u010d. Ko pa sem videl kon\u010dno verzijo filma, sem moral priznati, da je delovalo. In seveda je postal eden najbolj citiranih stavkov iz &#8216;Dirty Dancinga&#8217;. Ustvaril sem tudi svojo razli\u010dico za trenutke, ko me ljudje vpra\u0161ajo, kako se spopadam z rakom. Re\u010dem jim: &#8220;Nih\u010de ne postavlja Patrickovega raka trebu\u0161ne slinavke v kot,&#8221; je dejal Patrick.<\/p>\n<figure id=\"attachment_457780\" aria-describedby=\"caption-attachment-457780\" style=\"width: 1024px\" class=\"wp-caption alignnone\"><a href=\"https:\/\/hudo.com\/si\/wp-content\/uploads\/sites\/2\/2021\/09\/profimedia-0624902445.jpg\"><img loading=\"lazy\" decoding=\"async\" class=\"size-large wp-image-457780\" src=\"https:\/\/hudo.com\/si\/wp-content\/uploads\/sites\/2\/2021\/09\/profimedia-0624902445-1024x692.jpg\" alt=\"\" width=\"1024\" height=\"692\" srcset=\"https:\/\/hudo.com\/si\/wp-content\/uploads\/sites\/2\/2021\/09\/profimedia-0624902445-1024x692.jpg 1024w, https:\/\/hudo.com\/si\/wp-content\/uploads\/sites\/2\/2021\/09\/profimedia-0624902445-300x203.jpg 300w, https:\/\/hudo.com\/si\/wp-content\/uploads\/sites\/2\/2021\/09\/profimedia-0624902445-768x519.jpg 768w, https:\/\/hudo.com\/si\/wp-content\/uploads\/sites\/2\/2021\/09\/profimedia-0624902445.jpg 1250w\" sizes=\"(max-width: 1024px) 100vw, 1024px\" \/><\/a><figcaption id=\"caption-attachment-457780\" class=\"wp-caption-text\">Foto: Profimedia<\/figcaption><\/figure>\n<p>Mimogrede, po igral\u010devi smrti so ameri\u0161ki mediji poro\u010dali o vedenju njegove \u017eene. Patrickovi prijatelji so povedali, da ga je Lisa dr\u017eala kot zapornika na svojem ran\u010du in nikomur ni dovolila, da ga pride obiskat.<\/p>\n<p>&#8220;Zapostavljala ga je ob vsaki pilo\u017enosti, ko njegovega mlaj\u0161ega brata Dona ni bilo v mestu zaradi slu\u017ebe. Ve\u010d ur je bila zdoma in \u010de bi se Don prej vrnil, bi na\u0161el Patricka, ki le\u017ei v blatu in urinu. Ko sta se prepirala, ga je udarila in ga opraskala,&#8221; so dejali. Trdili so tudi, da je Niemijeva varala Swayzeja in da sta imela pred njegovo boleznijo burno razmerje, ker je \u017eelela nadzorovati vse vidike njegovega \u017eivljenja.<\/p>\n<p>Igral\u010deva dru\u017eina je bila tudi jezna, ker je Lisa prodajala njegove spominke s filmskih snemanj, eden od njih pa je bila usnjena jakna iz filma &#8216;Dirty Dancing&#8217;, ki je na dra\u017ebi dosegla ceno 47 tiso\u010d evrov. Zato je Patrickova ne\u010dakinja Danielle Swayze javno spregovorila in trdila, da morajo dragocenosti ostati v dru\u017eini, in na spletu spro\u017eila peticijo, ki je zbrala ve\u010d kot 1500 podpisov.<\/p>\n<p>Spomnimo, igralec in Lisa sta bila poro\u010dena od leta 1975 in nista imela otrok.<\/p>\n","protected":false},"excerpt":{"rendered":"<p>Patrick Swayze je 14. septembra 2009 umrl zaradi raka trebu\u0161ne slinavke.<\/p>\n","protected":false},"author":6,"featured_media":457767,"comment_status":"closed","ping_status":"closed","sticky":false,"template":"","format":"standard","meta":{"footnotes":""},"categories":[1093],"tags":[12318],"source":[4511],"supertag":[],"acf":[],"yoast_head":"<!-- This site is optimized with the Yoast SEO plugin v21.3 - https:\/\/yoast.com\/wordpress\/plugins\/seo\/ -->\n<title>Zadnji dnevi njegovega \u017eivljenja so bili pekleni: \u017dena ga je tepla in pu\u0161\u010dala le\u017eati v blatu in urinu - Hudo Slovenija<\/title>\n<meta name=\"robots\" content=\"index, follow, max-snippet:-1, max-image-preview:large, max-video-preview:-1\" \/>\n<link rel=\"canonical\" href=\"https:\/\/hudo.com\/si\/vip\/zadnji-dnevi-njegovega-zivljenja-so-bili-pekleni-zena-ga-je-tepla-in-puscala-lezati-v-blatu-in-urinu\/\" \/>\n<meta property=\"og:locale\" content=\"sl_SI\" \/>\n<meta property=\"og:type\" content=\"article\" \/>\n<meta property=\"og:title\" content=\"Zadnji dnevi njegovega \u017eivljenja so bili pekleni: \u017dena ga je tepla in pu\u0161\u010dala le\u017eati v blatu in urinu - Hudo Slovenija\" \/>\n<meta property=\"og:description\" content=\"Patrick Swayze je 14. septembra 2009 umrl zaradi raka trebu\u0161ne slinavke.\" \/>\n<meta property=\"og:url\" content=\"https:\/\/hudo.com\/si\/vip\/zadnji-dnevi-njegovega-zivljenja-so-bili-pekleni-zena-ga-je-tepla-in-puscala-lezati-v-blatu-in-urinu\/\" \/>\n<meta property=\"og:site_name\" content=\"Hudo Slovenija\" \/>\n<meta property=\"article:publisher\" content=\"https:\/\/www.facebook.com\/hudo.si\" \/>\n<meta property=\"article:published_time\" content=\"2022-03-23T10:49:32+00:00\" \/>\n<meta property=\"article:modified_time\" content=\"2022-03-23T10:49:58+00:00\" \/>\n<meta property=\"og:image\" content=\"https:\/\/hudo.com\/si\/wp-content\/uploads\/sites\/2\/2021\/09\/profimedia-0030085785.jpg\" \/>\n\t<meta property=\"og:image:width\" content=\"1250\" \/>\n\t<meta property=\"og:image:height\" content=\"870\" \/>\n\t<meta property=\"og:image:type\" content=\"image\/jpeg\" \/>\n<meta name=\"author\" content=\"A. G.\" \/>\n<meta name=\"twitter:card\" content=\"summary_large_image\" \/>\n<meta name=\"twitter:creator\" content=\"@hudo_si\" \/>\n<meta name=\"twitter:site\" content=\"@hudo_si\" \/>\n<meta name=\"twitter:label1\" content=\"Written by\" \/>\n\t<meta name=\"twitter:data1\" content=\"A. G.\" \/>\n\t<meta name=\"twitter:label2\" content=\"Est. reading time\" \/>\n\t<meta name=\"twitter:data2\" content=\"3 minute\" \/>\n<script type=\"application\/ld+json\" class=\"yoast-schema-graph\">{\"@context\":\"https:\/\/schema.org\",\"@graph\":[{\"@type\":\"Article\",\"@id\":\"https:\/\/hudo.com\/si\/vip\/zadnji-dnevi-njegovega-zivljenja-so-bili-pekleni-zena-ga-je-tepla-in-puscala-lezati-v-blatu-in-urinu\/#article\",\"isPartOf\":{\"@id\":\"https:\/\/hudo.com\/si\/vip\/zadnji-dnevi-njegovega-zivljenja-so-bili-pekleni-zena-ga-je-tepla-in-puscala-lezati-v-blatu-in-urinu\/\"},\"author\":{\"name\":\"A. G.\",\"@id\":\"https:\/\/hudo.com\/si\/#\/schema\/person\/f95639a66e0dd2c682b0568634e85b8b\"},\"headline\":\"Zadnji dnevi njegovega \u017eivljenja so bili pekleni: \u017dena ga je tepla in pu\u0161\u010dala le\u017eati v blatu in urinu\",\"datePublished\":\"2022-03-23T10:49:32+00:00\",\"dateModified\":\"2022-03-23T10:49:58+00:00\",\"mainEntityOfPage\":{\"@id\":\"https:\/\/hudo.com\/si\/vip\/zadnji-dnevi-njegovega-zivljenja-so-bili-pekleni-zena-ga-je-tepla-in-puscala-lezati-v-blatu-in-urinu\/\"},\"wordCount\":580,\"publisher\":{\"@id\":\"https:\/\/hudo.com\/si\/#organization\"},\"keywords\":[\"Patrick Swayze\"],\"articleSection\":[\"VIP\"],\"inLanguage\":\"sl-SI\"},{\"@type\":\"WebPage\",\"@id\":\"https:\/\/hudo.com\/si\/vip\/zadnji-dnevi-njegovega-zivljenja-so-bili-pekleni-zena-ga-je-tepla-in-puscala-lezati-v-blatu-in-urinu\/\",\"url\":\"https:\/\/hudo.com\/si\/vip\/zadnji-dnevi-njegovega-zivljenja-so-bili-pekleni-zena-ga-je-tepla-in-puscala-lezati-v-blatu-in-urinu\/\",\"name\":\"Zadnji dnevi njegovega \u017eivljenja so bili pekleni: \u017dena ga je tepla in pu\u0161\u010dala le\u017eati v blatu in urinu - Hudo Slovenija\",\"isPartOf\":{\"@id\":\"https:\/\/hudo.com\/si\/#website\"},\"datePublished\":\"2022-03-23T10:49:32+00:00\",\"dateModified\":\"2022-03-23T10:49:58+00:00\",\"breadcrumb\":{\"@id\":\"https:\/\/hudo.com\/si\/vip\/zadnji-dnevi-njegovega-zivljenja-so-bili-pekleni-zena-ga-je-tepla-in-puscala-lezati-v-blatu-in-urinu\/#breadcrumb\"},\"inLanguage\":\"sl-SI\",\"potentialAction\":[{\"@type\":\"ReadAction\",\"target\":[\"https:\/\/hudo.com\/si\/vip\/zadnji-dnevi-njegovega-zivljenja-so-bili-pekleni-zena-ga-je-tepla-in-puscala-lezati-v-blatu-in-urinu\/\"]}]},{\"@type\":\"BreadcrumbList\",\"@id\":\"https:\/\/hudo.com\/si\/vip\/zadnji-dnevi-njegovega-zivljenja-so-bili-pekleni-zena-ga-je-tepla-in-puscala-lezati-v-blatu-in-urinu\/#breadcrumb\",\"itemListElement\":[{\"@type\":\"ListItem\",\"position\":1,\"name\":\"Home\",\"item\":\"https:\/\/hudo.com\/si\/\"},{\"@type\":\"ListItem\",\"position\":2,\"name\":\"Zadnji dnevi njegovega \u017eivljenja so bili pekleni: \u017dena ga je tepla in pu\u0161\u010dala le\u017eati v blatu in urinu\"}]},{\"@type\":\"WebSite\",\"@id\":\"https:\/\/hudo.com\/si\/#website\",\"url\":\"https:\/\/hudo.com\/si\/\",\"name\":\"Hudo Slovenija\",\"description\":\"Vse novice iz Slovenije in sveta\",\"publisher\":{\"@id\":\"https:\/\/hudo.com\/si\/#organization\"},\"potentialAction\":[{\"@type\":\"SearchAction\",\"target\":{\"@type\":\"EntryPoint\",\"urlTemplate\":\"https:\/\/hudo.com\/si\/?s={search_term_string}\"},\"query-input\":\"required name=search_term_string\"}],\"inLanguage\":\"sl-SI\"},{\"@type\":\"Organization\",\"@id\":\"https:\/\/hudo.com\/si\/#organization\",\"name\":\"VSN Media\",\"url\":\"https:\/\/hudo.com\/si\/\",\"logo\":{\"@type\":\"ImageObject\",\"inLanguage\":\"sl-SI\",\"@id\":\"https:\/\/hudo.com\/si\/#\/schema\/logo\/image\/\",\"url\":\"https:\/\/hudo.com\/si\/wp-content\/uploads\/sites\/2\/2021\/03\/hudo-app-2.png\",\"contentUrl\":\"https:\/\/hudo.com\/si\/wp-content\/uploads\/sites\/2\/2021\/03\/hudo-app-2.png\",\"width\":2185,\"height\":2167,\"caption\":\"VSN Media\"},\"image\":{\"@id\":\"https:\/\/hudo.com\/si\/#\/schema\/logo\/image\/\"},\"sameAs\":[\"https:\/\/www.facebook.com\/hudo.si\",\"https:\/\/twitter.com\/hudo_si\"]},{\"@type\":\"Person\",\"@id\":\"https:\/\/hudo.com\/si\/#\/schema\/person\/f95639a66e0dd2c682b0568634e85b8b\",\"name\":\"A. G.\",\"image\":{\"@type\":\"ImageObject\",\"inLanguage\":\"sl-SI\",\"@id\":\"https:\/\/hudo.com\/si\/#\/schema\/person\/image\/\",\"url\":\"https:\/\/secure.gravatar.com\/avatar\/9f44de561c70d5d80348d3ed0f4b142d?s=96&d=mm&r=g\",\"contentUrl\":\"https:\/\/secure.gravatar.com\/avatar\/9f44de561c70d5d80348d3ed0f4b142d?s=96&d=mm&r=g\",\"caption\":\"A. G.\"},\"url\":\"https:\/\/hudo.com\/si\/author\/alenkagrmek\/\"}]}<\/script>\n<!-- \/ Yoast SEO plugin. -->","yoast_head_json":{"title":"Zadnji dnevi njegovega \u017eivljenja so bili pekleni: \u017dena ga je tepla in pu\u0161\u010dala le\u017eati v blatu in urinu - Hudo Slovenija","robots":{"index":"index","follow":"follow","max-snippet":"max-snippet:-1","max-image-preview":"max-image-preview:large","max-video-preview":"max-video-preview:-1"},"canonical":"https:\/\/hudo.com\/si\/vip\/zadnji-dnevi-njegovega-zivljenja-so-bili-pekleni-zena-ga-je-tepla-in-puscala-lezati-v-blatu-in-urinu\/","og_locale":"sl_SI","og_type":"article","og_title":"Zadnji dnevi njegovega \u017eivljenja so bili pekleni: \u017dena ga je tepla in pu\u0161\u010dala le\u017eati v blatu in urinu - Hudo Slovenija","og_description":"Patrick Swayze je 14. septembra 2009 umrl zaradi raka trebu\u0161ne slinavke.","og_url":"https:\/\/hudo.com\/si\/vip\/zadnji-dnevi-njegovega-zivljenja-so-bili-pekleni-zena-ga-je-tepla-in-puscala-lezati-v-blatu-in-urinu\/","og_site_name":"Hudo Slovenija","article_publisher":"https:\/\/www.facebook.com\/hudo.si","article_published_time":"2022-03-23T10:49:32+00:00","article_modified_time":"2022-03-23T10:49:58+00:00","og_image":[{"width":1250,"height":870,"url":"https:\/\/hudo.com\/si\/wp-content\/uploads\/sites\/2\/2021\/09\/profimedia-0030085785.jpg","type":"image\/jpeg"}],"author":"A. G.","twitter_card":"summary_large_image","twitter_creator":"@hudo_si","twitter_site":"@hudo_si","twitter_misc":{"Written by":"A. G.","Est. reading time":"3 minute"},"schema":{"@context":"https:\/\/schema.org","@graph":[{"@type":"Article","@id":"https:\/\/hudo.com\/si\/vip\/zadnji-dnevi-njegovega-zivljenja-so-bili-pekleni-zena-ga-je-tepla-in-puscala-lezati-v-blatu-in-urinu\/#article","isPartOf":{"@id":"https:\/\/hudo.com\/si\/vip\/zadnji-dnevi-njegovega-zivljenja-so-bili-pekleni-zena-ga-je-tepla-in-puscala-lezati-v-blatu-in-urinu\/"},"author":{"name":"A. G.","@id":"https:\/\/hudo.com\/si\/#\/schema\/person\/f95639a66e0dd2c682b0568634e85b8b"},"headline":"Zadnji dnevi njegovega \u017eivljenja so bili pekleni: \u017dena ga je tepla in pu\u0161\u010dala le\u017eati v blatu in urinu","datePublished":"2022-03-23T10:49:32+00:00","dateModified":"2022-03-23T10:49:58+00:00","mainEntityOfPage":{"@id":"https:\/\/hudo.com\/si\/vip\/zadnji-dnevi-njegovega-zivljenja-so-bili-pekleni-zena-ga-je-tepla-in-puscala-lezati-v-blatu-in-urinu\/"},"wordCount":580,"publisher":{"@id":"https:\/\/hudo.com\/si\/#organization"},"keywords":["Patrick Swayze"],"articleSection":["VIP"],"inLanguage":"sl-SI"},{"@type":"WebPage","@id":"https:\/\/hudo.com\/si\/vip\/zadnji-dnevi-njegovega-zivljenja-so-bili-pekleni-zena-ga-je-tepla-in-puscala-lezati-v-blatu-in-urinu\/","url":"https:\/\/hudo.com\/si\/vip\/zadnji-dnevi-njegovega-zivljenja-so-bili-pekleni-zena-ga-je-tepla-in-puscala-lezati-v-blatu-in-urinu\/","name":"Zadnji dnevi njegovega \u017eivljenja so bili pekleni: \u017dena ga je tepla in pu\u0161\u010dala le\u017eati v blatu in urinu - Hudo Slovenija","isPartOf":{"@id":"https:\/\/hudo.com\/si\/#website"},"datePublished":"2022-03-23T10:49:32+00:00","dateModified":"2022-03-23T10:49:58+00:00","breadcrumb":{"@id":"https:\/\/hudo.com\/si\/vip\/zadnji-dnevi-njegovega-zivljenja-so-bili-pekleni-zena-ga-je-tepla-in-puscala-lezati-v-blatu-in-urinu\/#breadcrumb"},"inLanguage":"sl-SI","potentialAction":[{"@type":"ReadAction","target":["https:\/\/hudo.com\/si\/vip\/zadnji-dnevi-njegovega-zivljenja-so-bili-pekleni-zena-ga-je-tepla-in-puscala-lezati-v-blatu-in-urinu\/"]}]},{"@type":"BreadcrumbList","@id":"https:\/\/hudo.com\/si\/vip\/zadnji-dnevi-njegovega-zivljenja-so-bili-pekleni-zena-ga-je-tepla-in-puscala-lezati-v-blatu-in-urinu\/#breadcrumb","itemListElement":[{"@type":"ListItem","position":1,"name":"Home","item":"https:\/\/hudo.com\/si\/"},{"@type":"ListItem","position":2,"name":"Zadnji dnevi njegovega \u017eivljenja so bili pekleni: \u017dena ga je tepla in pu\u0161\u010dala le\u017eati v blatu in urinu"}]},{"@type":"WebSite","@id":"https:\/\/hudo.com\/si\/#website","url":"https:\/\/hudo.com\/si\/","name":"Hudo Slovenija","description":"Vse novice iz Slovenije in sveta","publisher":{"@id":"https:\/\/hudo.com\/si\/#organization"},"potentialAction":[{"@type":"SearchAction","target":{"@type":"EntryPoint","urlTemplate":"https:\/\/hudo.com\/si\/?s={search_term_string}"},"query-input":"required name=search_term_string"}],"inLanguage":"sl-SI"},{"@type":"Organization","@id":"https:\/\/hudo.com\/si\/#organization","name":"VSN Media","url":"https:\/\/hudo.com\/si\/","logo":{"@type":"ImageObject","inLanguage":"sl-SI","@id":"https:\/\/hudo.com\/si\/#\/schema\/logo\/image\/","url":"https:\/\/hudo.com\/si\/wp-content\/uploads\/sites\/2\/2021\/03\/hudo-app-2.png","contentUrl":"https:\/\/hudo.com\/si\/wp-content\/uploads\/sites\/2\/2021\/03\/hudo-app-2.png","width":2185,"height":2167,"caption":"VSN Media"},"image":{"@id":"https:\/\/hudo.com\/si\/#\/schema\/logo\/image\/"},"sameAs":["https:\/\/www.facebook.com\/hudo.si","https:\/\/twitter.com\/hudo_si"]},{"@type":"Person","@id":"https:\/\/hudo.com\/si\/#\/schema\/person\/f95639a66e0dd2c682b0568634e85b8b","name":"A. G.","image":{"@type":"ImageObject","inLanguage":"sl-SI","@id":"https:\/\/hudo.com\/si\/#\/schema\/person\/image\/","url":"https:\/\/secure.gravatar.com\/avatar\/9f44de561c70d5d80348d3ed0f4b142d?s=96&d=mm&r=g","contentUrl":"https:\/\/secure.gravatar.com\/avatar\/9f44de561c70d5d80348d3ed0f4b142d?s=96&d=mm&r=g","caption":"A. G."},"url":"https:\/\/hudo.com\/si\/author\/alenkagrmek\/"}]}},"amp_enabled":true,"_links":{"self":[{"href":"https:\/\/hudo.com\/si\/wp-json\/wp\/v2\/posts\/457762"}],"collection":[{"href":"https:\/\/hudo.com\/si\/wp-json\/wp\/v2\/posts"}],"about":[{"href":"https:\/\/hudo.com\/si\/wp-json\/wp\/v2\/types\/post"}],"author":[{"embeddable":true,"href":"https:\/\/hudo.com\/si\/wp-json\/wp\/v2\/users\/6"}],"replies":[{"embeddable":true,"href":"https:\/\/hudo.com\/si\/wp-json\/wp\/v2\/comments?post=457762"}],"version-history":[{"count":4,"href":"https:\/\/hudo.com\/si\/wp-json\/wp\/v2\/posts\/457762\/revisions"}],"predecessor-version":[{"id":457893,"href":"https:\/\/hudo.com\/si\/wp-json\/wp\/v2\/posts\/457762\/revisions\/457893"}],"wp:featuredmedia":[{"embeddable":true,"href":"https:\/\/hudo.com\/si\/wp-json\/wp\/v2\/media\/457767"}],"wp:attachment":[{"href":"https:\/\/hudo.com\/si\/wp-json\/wp\/v2\/media?parent=457762"}],"wp:term":[{"taxonomy":"category","embeddable":true,"href":"https:\/\/hudo.com\/si\/wp-json\/wp\/v2\/categories?post=457762"},{"taxonomy":"post_tag","embeddable":true,"href":"https:\/\/hudo.com\/si\/wp-json\/wp\/v2\/tags?post=457762"},{"taxonomy":"source","embeddable":true,"href":"https:\/\/hudo.com\/si\/wp-json\/wp\/v2\/source?post=457762"},{"taxonomy":"supertag","embeddable":true,"href":"https:\/\/hudo.com\/si\/wp-json\/wp\/v2\/supertag?post=457762"}],"curies":[{"name":"wp","href":"https:\/\/api.w.org\/{rel}","templated":true}]}}