{"id":458093,"date":"2021-09-20T15:17:37","date_gmt":"2021-09-20T13:17:37","guid":{"rendered":"https:\/\/hudo.com\/si\/?p=458093"},"modified":"2021-09-20T15:19:18","modified_gmt":"2021-09-20T13:19:18","slug":"minister-poklukar-dozivel-najvecji-padec-na-lestvici-priljubljenosti-politikov","status":"publish","type":"post","link":"https:\/\/hudo.com\/si\/aktualno\/slovenija\/minister-poklukar-dozivel-najvecji-padec-na-lestvici-priljubljenosti-politikov\/","title":{"rendered":"Minister Poklukar do\u017eivel najve\u010dji padec na lestvici priljubljenosti politikov"},"content":{"rendered":"<p>Septembrska raziskava javnega mnenja Vox populi, ki jo za Dnevnik in Ve\u010der opravlja agencija Ninamedia, ka\u017ee, da podpora vladi Janeza Jan\u0161e ostaja nizka, podpira jo 28 odstotkov vpra\u0161anih. Med strankami na vrhu ostaja SDS, dele\u017e neopredeljenih pa je \u0161e vedno rekorden.<\/p>\n<p>Vlada je septembra prejela eno najni\u017ejih podpor. Kot uspe\u0161no jo ocenjuje 28,1 odstotka vpra\u0161anih, za neuspe\u0161no jo ima 69,3 odstotka, neopredeljenih je 2,6 odstotka.<\/p>\n<p>Med strankami na vrhu priljubljenosti ostaja SDS, ki bi jo, \u010de bi bile volitve to nedeljo, volilo 18,4 odstotka vpra\u0161anih. Sledi SD s 13,3-odstotno podporo. Na tretjem mestu je Levica, za katero bi glasovalo 9,2 odstotka vpra\u0161anih, za LM\u0160 pa 8,9 odstotka. NSi bi dobila 5,3 odstotka glasov, SAB 3,5 odstotka, SNS pa 1,6 odstotka. Za zunajparlamentarno SLS bi glasovalo 1,5 odstotka vpra\u0161anih.<\/p>\n<p>Parlamentarni DeSUS in SMC ostajata po odstotkom podpore; prva bi po anketi dobila 0,9, druga pa 0,5 odstotka glasov volivcev.<\/p>\n<p>Rekorden pa ostaja dele\u017e neopredeljenih, saj je volivcev, ki ne vedo, katero stranko bi volili, kar 27 odstotkov.<\/p>\n<p>Na vrhu lestvice priljubljenosti politikov je \u0161e vedno predsednik republike Borut Pahor, sledita mu evropska poslanka Ljudmila Novak ter predsednica SD in evropska poslanka Tanja Fajon. Na \u010detrtem mestu je nepovezani poslanec in predsednik DZ Igor Zor\u010di\u010d, za njim pa ljubljanski \u017eupan Zoran Jankovi\u0107.<\/p>\n<p>Sledijo poslanec SD Dejan \u017didan, predsednik LM\u0160 Marjan \u0160arec, evropski poslanec Milan Brglez in zunanji minister An\u017ee Logar, prvo deseterico pa zaklju\u010duje predsednica SAB Alenka Bratu\u0161ek.<\/p>\n<p>Najve\u010dji padec na lestvici je do\u017eivel minister za zdravje Janez Poklukar, ki je s tretjega mesta zdrsnil na 12. mesto.<\/p>\n<p>Javnomnenjsko raziskavo je za Dnevnik in Ve\u010der opravila agencija Ninamedia med 14. in 16. septembrom na vzorcu 700 anketirancev.<\/p>\n","protected":false},"excerpt":{"rendered":"<p>Podpora vladi ostaja nizka.<\/p>\n","protected":false},"author":5,"featured_media":450513,"comment_status":"closed","ping_status":"closed","sticky":false,"template":"","format":"standard","meta":{"footnotes":""},"categories":[18201],"tags":[5088,14200,4632,1595,4532,4919],"source":[4511],"supertag":[5675],"acf":[],"yoast_head":"<!-- This site is optimized with the Yoast SEO plugin v21.3 - https:\/\/yoast.com\/wordpress\/plugins\/seo\/ -->\n<title>Minister Poklukar do\u017eivel najve\u010dji padec na lestvici priljubljenosti politikov - Hudo Slovenija<\/title>\n<meta name=\"robots\" content=\"index, follow, max-snippet:-1, max-image-preview:large, max-video-preview:-1\" \/>\n<link rel=\"canonical\" href=\"https:\/\/hudo.com\/si\/aktualno\/slovenija\/minister-poklukar-dozivel-najvecji-padec-na-lestvici-priljubljenosti-politikov\/\" \/>\n<meta property=\"og:locale\" content=\"sl_SI\" \/>\n<meta property=\"og:type\" content=\"article\" \/>\n<meta property=\"og:title\" content=\"Minister Poklukar do\u017eivel najve\u010dji padec na lestvici priljubljenosti politikov - Hudo Slovenija\" \/>\n<meta property=\"og:description\" content=\"Podpora vladi ostaja nizka.\" \/>\n<meta property=\"og:url\" content=\"https:\/\/hudo.com\/si\/aktualno\/slovenija\/minister-poklukar-dozivel-najvecji-padec-na-lestvici-priljubljenosti-politikov\/\" \/>\n<meta property=\"og:site_name\" content=\"Hudo Slovenija\" \/>\n<meta property=\"article:publisher\" content=\"https:\/\/www.facebook.com\/hudo.si\" \/>\n<meta property=\"article:published_time\" content=\"2021-09-20T13:17:37+00:00\" \/>\n<meta property=\"article:modified_time\" content=\"2021-09-20T13:19:18+00:00\" \/>\n<meta property=\"og:image\" content=\"https:\/\/hudo.com\/si\/wp-content\/uploads\/sites\/2\/2021\/04\/Screenshot-from-2021-04-28-16-18-17.jpg\" \/>\n\t<meta property=\"og:image:width\" content=\"632\" \/>\n\t<meta property=\"og:image:height\" content=\"422\" \/>\n\t<meta property=\"og:image:type\" content=\"image\/jpeg\" \/>\n<meta name=\"author\" content=\"A. G., STA\" \/>\n<meta name=\"twitter:card\" content=\"summary_large_image\" \/>\n<meta name=\"twitter:creator\" content=\"@hudo_si\" \/>\n<meta name=\"twitter:site\" content=\"@hudo_si\" \/>\n<meta name=\"twitter:label1\" content=\"Written by\" \/>\n\t<meta name=\"twitter:data1\" content=\"A. G., STA\" \/>\n\t<meta name=\"twitter:label2\" content=\"Est. reading time\" \/>\n\t<meta name=\"twitter:data2\" content=\"1 minuta\" \/>\n<script type=\"application\/ld+json\" class=\"yoast-schema-graph\">{\"@context\":\"https:\/\/schema.org\",\"@graph\":[{\"@type\":\"Article\",\"@id\":\"https:\/\/hudo.com\/si\/aktualno\/slovenija\/minister-poklukar-dozivel-najvecji-padec-na-lestvici-priljubljenosti-politikov\/#article\",\"isPartOf\":{\"@id\":\"https:\/\/hudo.com\/si\/aktualno\/slovenija\/minister-poklukar-dozivel-najvecji-padec-na-lestvici-priljubljenosti-politikov\/\"},\"author\":{\"name\":\"A. G., STA\",\"@id\":\"https:\/\/hudo.com\/si\/#\/schema\/person\/2391667a63ea075ba94f2f2dc6b77537\"},\"headline\":\"Minister Poklukar do\u017eivel najve\u010dji padec na lestvici priljubljenosti politikov\",\"datePublished\":\"2021-09-20T13:17:37+00:00\",\"dateModified\":\"2021-09-20T13:19:18+00:00\",\"mainEntityOfPage\":{\"@id\":\"https:\/\/hudo.com\/si\/aktualno\/slovenija\/minister-poklukar-dozivel-najvecji-padec-na-lestvici-priljubljenosti-politikov\/\"},\"wordCount\":286,\"publisher\":{\"@id\":\"https:\/\/hudo.com\/si\/#organization\"},\"keywords\":[\"anketa\",\"Janez Poklukar\",\"SDS\",\"Slovenija\",\"vlada\",\"volitve\"],\"articleSection\":[\"Slovenija\"],\"inLanguage\":\"sl-SI\"},{\"@type\":\"WebPage\",\"@id\":\"https:\/\/hudo.com\/si\/aktualno\/slovenija\/minister-poklukar-dozivel-najvecji-padec-na-lestvici-priljubljenosti-politikov\/\",\"url\":\"https:\/\/hudo.com\/si\/aktualno\/slovenija\/minister-poklukar-dozivel-najvecji-padec-na-lestvici-priljubljenosti-politikov\/\",\"name\":\"Minister Poklukar do\u017eivel najve\u010dji padec na lestvici priljubljenosti politikov - Hudo Slovenija\",\"isPartOf\":{\"@id\":\"https:\/\/hudo.com\/si\/#website\"},\"datePublished\":\"2021-09-20T13:17:37+00:00\",\"dateModified\":\"2021-09-20T13:19:18+00:00\",\"breadcrumb\":{\"@id\":\"https:\/\/hudo.com\/si\/aktualno\/slovenija\/minister-poklukar-dozivel-najvecji-padec-na-lestvici-priljubljenosti-politikov\/#breadcrumb\"},\"inLanguage\":\"sl-SI\",\"potentialAction\":[{\"@type\":\"ReadAction\",\"target\":[\"https:\/\/hudo.com\/si\/aktualno\/slovenija\/minister-poklukar-dozivel-najvecji-padec-na-lestvici-priljubljenosti-politikov\/\"]}]},{\"@type\":\"BreadcrumbList\",\"@id\":\"https:\/\/hudo.com\/si\/aktualno\/slovenija\/minister-poklukar-dozivel-najvecji-padec-na-lestvici-priljubljenosti-politikov\/#breadcrumb\",\"itemListElement\":[{\"@type\":\"ListItem\",\"position\":1,\"name\":\"Home\",\"item\":\"https:\/\/hudo.com\/si\/\"},{\"@type\":\"ListItem\",\"position\":2,\"name\":\"Minister Poklukar do\u017eivel najve\u010dji padec na lestvici priljubljenosti politikov\"}]},{\"@type\":\"WebSite\",\"@id\":\"https:\/\/hudo.com\/si\/#website\",\"url\":\"https:\/\/hudo.com\/si\/\",\"name\":\"Hudo Slovenija\",\"description\":\"Vse novice iz Slovenije in sveta\",\"publisher\":{\"@id\":\"https:\/\/hudo.com\/si\/#organization\"},\"potentialAction\":[{\"@type\":\"SearchAction\",\"target\":{\"@type\":\"EntryPoint\",\"urlTemplate\":\"https:\/\/hudo.com\/si\/?s={search_term_string}\"},\"query-input\":\"required name=search_term_string\"}],\"inLanguage\":\"sl-SI\"},{\"@type\":\"Organization\",\"@id\":\"https:\/\/hudo.com\/si\/#organization\",\"name\":\"VSN Media\",\"url\":\"https:\/\/hudo.com\/si\/\",\"logo\":{\"@type\":\"ImageObject\",\"inLanguage\":\"sl-SI\",\"@id\":\"https:\/\/hudo.com\/si\/#\/schema\/logo\/image\/\",\"url\":\"https:\/\/hudo.com\/si\/wp-content\/uploads\/sites\/2\/2021\/03\/hudo-app-2.png\",\"contentUrl\":\"https:\/\/hudo.com\/si\/wp-content\/uploads\/sites\/2\/2021\/03\/hudo-app-2.png\",\"width\":2185,\"height\":2167,\"caption\":\"VSN Media\"},\"image\":{\"@id\":\"https:\/\/hudo.com\/si\/#\/schema\/logo\/image\/\"},\"sameAs\":[\"https:\/\/www.facebook.com\/hudo.si\",\"https:\/\/twitter.com\/hudo_si\"]},{\"@type\":\"Person\",\"@id\":\"https:\/\/hudo.com\/si\/#\/schema\/person\/2391667a63ea075ba94f2f2dc6b77537\",\"name\":\"A. G., STA\",\"image\":{\"@type\":\"ImageObject\",\"inLanguage\":\"sl-SI\",\"@id\":\"https:\/\/hudo.com\/si\/#\/schema\/person\/image\/\",\"url\":\"https:\/\/secure.gravatar.com\/avatar\/e13d22ac3e442658d5025fbbe6238a79?s=96&d=mm&r=g\",\"contentUrl\":\"https:\/\/secure.gravatar.com\/avatar\/e13d22ac3e442658d5025fbbe6238a79?s=96&d=mm&r=g\",\"caption\":\"A. G., STA\"},\"url\":\"https:\/\/hudo.com\/si\/author\/alenka\/\"}]}<\/script>\n<!-- \/ Yoast SEO plugin. -->","yoast_head_json":{"title":"Minister Poklukar do\u017eivel najve\u010dji padec na lestvici priljubljenosti politikov - Hudo Slovenija","robots":{"index":"index","follow":"follow","max-snippet":"max-snippet:-1","max-image-preview":"max-image-preview:large","max-video-preview":"max-video-preview:-1"},"canonical":"https:\/\/hudo.com\/si\/aktualno\/slovenija\/minister-poklukar-dozivel-najvecji-padec-na-lestvici-priljubljenosti-politikov\/","og_locale":"sl_SI","og_type":"article","og_title":"Minister Poklukar do\u017eivel najve\u010dji padec na lestvici priljubljenosti politikov - Hudo Slovenija","og_description":"Podpora vladi ostaja nizka.","og_url":"https:\/\/hudo.com\/si\/aktualno\/slovenija\/minister-poklukar-dozivel-najvecji-padec-na-lestvici-priljubljenosti-politikov\/","og_site_name":"Hudo Slovenija","article_publisher":"https:\/\/www.facebook.com\/hudo.si","article_published_time":"2021-09-20T13:17:37+00:00","article_modified_time":"2021-09-20T13:19:18+00:00","og_image":[{"width":632,"height":422,"url":"https:\/\/hudo.com\/si\/wp-content\/uploads\/sites\/2\/2021\/04\/Screenshot-from-2021-04-28-16-18-17.jpg","type":"image\/jpeg"}],"author":"A. G., STA","twitter_card":"summary_large_image","twitter_creator":"@hudo_si","twitter_site":"@hudo_si","twitter_misc":{"Written by":"A. G., STA","Est. reading time":"1 minuta"},"schema":{"@context":"https:\/\/schema.org","@graph":[{"@type":"Article","@id":"https:\/\/hudo.com\/si\/aktualno\/slovenija\/minister-poklukar-dozivel-najvecji-padec-na-lestvici-priljubljenosti-politikov\/#article","isPartOf":{"@id":"https:\/\/hudo.com\/si\/aktualno\/slovenija\/minister-poklukar-dozivel-najvecji-padec-na-lestvici-priljubljenosti-politikov\/"},"author":{"name":"A. G., STA","@id":"https:\/\/hudo.com\/si\/#\/schema\/person\/2391667a63ea075ba94f2f2dc6b77537"},"headline":"Minister Poklukar do\u017eivel najve\u010dji padec na lestvici priljubljenosti politikov","datePublished":"2021-09-20T13:17:37+00:00","dateModified":"2021-09-20T13:19:18+00:00","mainEntityOfPage":{"@id":"https:\/\/hudo.com\/si\/aktualno\/slovenija\/minister-poklukar-dozivel-najvecji-padec-na-lestvici-priljubljenosti-politikov\/"},"wordCount":286,"publisher":{"@id":"https:\/\/hudo.com\/si\/#organization"},"keywords":["anketa","Janez Poklukar","SDS","Slovenija","vlada","volitve"],"articleSection":["Slovenija"],"inLanguage":"sl-SI"},{"@type":"WebPage","@id":"https:\/\/hudo.com\/si\/aktualno\/slovenija\/minister-poklukar-dozivel-najvecji-padec-na-lestvici-priljubljenosti-politikov\/","url":"https:\/\/hudo.com\/si\/aktualno\/slovenija\/minister-poklukar-dozivel-najvecji-padec-na-lestvici-priljubljenosti-politikov\/","name":"Minister Poklukar do\u017eivel najve\u010dji padec na lestvici priljubljenosti politikov - Hudo Slovenija","isPartOf":{"@id":"https:\/\/hudo.com\/si\/#website"},"datePublished":"2021-09-20T13:17:37+00:00","dateModified":"2021-09-20T13:19:18+00:00","breadcrumb":{"@id":"https:\/\/hudo.com\/si\/aktualno\/slovenija\/minister-poklukar-dozivel-najvecji-padec-na-lestvici-priljubljenosti-politikov\/#breadcrumb"},"inLanguage":"sl-SI","potentialAction":[{"@type":"ReadAction","target":["https:\/\/hudo.com\/si\/aktualno\/slovenija\/minister-poklukar-dozivel-najvecji-padec-na-lestvici-priljubljenosti-politikov\/"]}]},{"@type":"BreadcrumbList","@id":"https:\/\/hudo.com\/si\/aktualno\/slovenija\/minister-poklukar-dozivel-najvecji-padec-na-lestvici-priljubljenosti-politikov\/#breadcrumb","itemListElement":[{"@type":"ListItem","position":1,"name":"Home","item":"https:\/\/hudo.com\/si\/"},{"@type":"ListItem","position":2,"name":"Minister Poklukar do\u017eivel najve\u010dji padec na lestvici priljubljenosti politikov"}]},{"@type":"WebSite","@id":"https:\/\/hudo.com\/si\/#website","url":"https:\/\/hudo.com\/si\/","name":"Hudo Slovenija","description":"Vse novice iz Slovenije in sveta","publisher":{"@id":"https:\/\/hudo.com\/si\/#organization"},"potentialAction":[{"@type":"SearchAction","target":{"@type":"EntryPoint","urlTemplate":"https:\/\/hudo.com\/si\/?s={search_term_string}"},"query-input":"required name=search_term_string"}],"inLanguage":"sl-SI"},{"@type":"Organization","@id":"https:\/\/hudo.com\/si\/#organization","name":"VSN Media","url":"https:\/\/hudo.com\/si\/","logo":{"@type":"ImageObject","inLanguage":"sl-SI","@id":"https:\/\/hudo.com\/si\/#\/schema\/logo\/image\/","url":"https:\/\/hudo.com\/si\/wp-content\/uploads\/sites\/2\/2021\/03\/hudo-app-2.png","contentUrl":"https:\/\/hudo.com\/si\/wp-content\/uploads\/sites\/2\/2021\/03\/hudo-app-2.png","width":2185,"height":2167,"caption":"VSN Media"},"image":{"@id":"https:\/\/hudo.com\/si\/#\/schema\/logo\/image\/"},"sameAs":["https:\/\/www.facebook.com\/hudo.si","https:\/\/twitter.com\/hudo_si"]},{"@type":"Person","@id":"https:\/\/hudo.com\/si\/#\/schema\/person\/2391667a63ea075ba94f2f2dc6b77537","name":"A. G., STA","image":{"@type":"ImageObject","inLanguage":"sl-SI","@id":"https:\/\/hudo.com\/si\/#\/schema\/person\/image\/","url":"https:\/\/secure.gravatar.com\/avatar\/e13d22ac3e442658d5025fbbe6238a79?s=96&d=mm&r=g","contentUrl":"https:\/\/secure.gravatar.com\/avatar\/e13d22ac3e442658d5025fbbe6238a79?s=96&d=mm&r=g","caption":"A. G., STA"},"url":"https:\/\/hudo.com\/si\/author\/alenka\/"}]}},"amp_enabled":true,"_links":{"self":[{"href":"https:\/\/hudo.com\/si\/wp-json\/wp\/v2\/posts\/458093"}],"collection":[{"href":"https:\/\/hudo.com\/si\/wp-json\/wp\/v2\/posts"}],"about":[{"href":"https:\/\/hudo.com\/si\/wp-json\/wp\/v2\/types\/post"}],"author":[{"embeddable":true,"href":"https:\/\/hudo.com\/si\/wp-json\/wp\/v2\/users\/5"}],"replies":[{"embeddable":true,"href":"https:\/\/hudo.com\/si\/wp-json\/wp\/v2\/comments?post=458093"}],"version-history":[{"count":1,"href":"https:\/\/hudo.com\/si\/wp-json\/wp\/v2\/posts\/458093\/revisions"}],"predecessor-version":[{"id":458094,"href":"https:\/\/hudo.com\/si\/wp-json\/wp\/v2\/posts\/458093\/revisions\/458094"}],"wp:featuredmedia":[{"embeddable":true,"href":"https:\/\/hudo.com\/si\/wp-json\/wp\/v2\/media\/450513"}],"wp:attachment":[{"href":"https:\/\/hudo.com\/si\/wp-json\/wp\/v2\/media?parent=458093"}],"wp:term":[{"taxonomy":"category","embeddable":true,"href":"https:\/\/hudo.com\/si\/wp-json\/wp\/v2\/categories?post=458093"},{"taxonomy":"post_tag","embeddable":true,"href":"https:\/\/hudo.com\/si\/wp-json\/wp\/v2\/tags?post=458093"},{"taxonomy":"source","embeddable":true,"href":"https:\/\/hudo.com\/si\/wp-json\/wp\/v2\/source?post=458093"},{"taxonomy":"supertag","embeddable":true,"href":"https:\/\/hudo.com\/si\/wp-json\/wp\/v2\/supertag?post=458093"}],"curies":[{"name":"wp","href":"https:\/\/api.w.org\/{rel}","templated":true}]}}