{"id":458098,"date":"2021-09-20T18:03:48","date_gmt":"2021-09-20T16:03:48","guid":{"rendered":"https:\/\/hudo.com\/si\/?p=458098"},"modified":"2021-09-20T18:03:48","modified_gmt":"2021-09-20T16:03:48","slug":"narascanje-epidemije-se-v-sloveniji-koncno-upocasnjuje","status":"publish","type":"post","link":"https:\/\/hudo.com\/si\/aktualno\/slovenija\/narascanje-epidemije-se-v-sloveniji-koncno-upocasnjuje\/","title":{"rendered":"Nara\u0161\u010danje epidemije se v Sloveniji kon\u010dno upo\u010dasnjuje"},"content":{"rendered":"<p>&#8220;\u010ce se bomo do takrat uspeli dovolj precepiti, predvsem starej\u0161i od 50 let, bo \u010detrti val v bolni\u0161nicah obvladljiv in zdravstvene kapacitete ne bodo prese\u017eene,&#8221; so navedli na IJS.<\/p>\n<p>Po njihovi oceni bo \u010detrti val oku\u017eb z novim koronavirusom zaradi velike ku\u017enosti razli\u010dice delta predvidoma tako obse\u017een, da se bo do pomladi oku\u017eil bolj ali manj vsak necepljeni.<\/p>\n<p>Ocenjeno reprodukcijsko \u0161tevilo zna\u0161a pribli\u017eno 1,1. Po kriterijih Evropskega centra za nalezljive bolezni se trenutno nahajamo v temno rde\u010di fazi.<\/p>\n<p>Z enim odmerkom cepiva proti covidu-19 je pri nas po podatkih vlade cepljenih 1.088.171 ljudi oziroma 52 odstotkov. Z vsemi odmerki cepiva pa je cepljenih 968.679 oseb oziroma 46 odstotkov celotne populacije.<\/p>\n","protected":false},"excerpt":{"rendered":"<p>Nara\u0161\u010danje epidemije covida-19 se upo\u010dasnjuje, je navedeno na spletnih straneh Instituta Jo\u017eef Stefan (IJS). Po njihovi oceni to pomeni, da pogoj PCT dobro deluje. Na IJS napovedujejo, da bo zaradi vremenskih vplivov epidemija predvidoma kmalu za\u010dela spet pospe\u0161evati, saj \u0161ele prihajamo v sezono oku\u017eb dihal.<\/p>\n","protected":false},"author":4,"featured_media":446930,"comment_status":"closed","ping_status":"closed","sticky":false,"template":"","format":"standard","meta":{"footnotes":""},"categories":[18201],"tags":[6026,15933,7199,15632,1595],"source":[4511],"supertag":[5675],"acf":[],"yoast_head":"<!-- This site is optimized with the Yoast SEO plugin v21.3 - https:\/\/yoast.com\/wordpress\/plugins\/seo\/ -->\n<title>Nara\u0161\u010danje epidemije se v Sloveniji kon\u010dno upo\u010dasnjuje - Hudo Slovenija<\/title>\n<meta name=\"robots\" content=\"index, follow, max-snippet:-1, max-image-preview:large, max-video-preview:-1\" \/>\n<link rel=\"canonical\" href=\"https:\/\/hudo.com\/si\/aktualno\/slovenija\/narascanje-epidemije-se-v-sloveniji-koncno-upocasnjuje\/\" \/>\n<meta property=\"og:locale\" content=\"sl_SI\" \/>\n<meta property=\"og:type\" content=\"article\" \/>\n<meta property=\"og:title\" content=\"Nara\u0161\u010danje epidemije se v Sloveniji kon\u010dno upo\u010dasnjuje - Hudo Slovenija\" \/>\n<meta property=\"og:description\" content=\"Nara\u0161\u010danje epidemije covida-19 se upo\u010dasnjuje, je navedeno na spletnih straneh Instituta Jo\u017eef Stefan (IJS). Po njihovi oceni to pomeni, da pogoj PCT dobro deluje. Na IJS napovedujejo, da bo zaradi vremenskih vplivov epidemija predvidoma kmalu za\u010dela spet pospe\u0161evati, saj \u0161ele prihajamo v sezono oku\u017eb dihal.\" \/>\n<meta property=\"og:url\" content=\"https:\/\/hudo.com\/si\/aktualno\/slovenija\/narascanje-epidemije-se-v-sloveniji-koncno-upocasnjuje\/\" \/>\n<meta property=\"og:site_name\" content=\"Hudo Slovenija\" \/>\n<meta property=\"article:publisher\" content=\"https:\/\/www.facebook.com\/hudo.si\" \/>\n<meta property=\"article:published_time\" content=\"2021-09-20T16:03:48+00:00\" \/>\n<meta property=\"og:image\" content=\"https:\/\/hudo.com\/si\/wp-content\/uploads\/sites\/2\/2021\/03\/profimedia-0513889115.jpg\" \/>\n\t<meta property=\"og:image:width\" content=\"1250\" \/>\n\t<meta property=\"og:image:height\" content=\"833\" \/>\n\t<meta property=\"og:image:type\" content=\"image\/jpeg\" \/>\n<meta name=\"author\" content=\"sabina\" \/>\n<meta name=\"twitter:card\" content=\"summary_large_image\" \/>\n<meta name=\"twitter:creator\" content=\"@hudo_si\" \/>\n<meta name=\"twitter:site\" content=\"@hudo_si\" \/>\n<meta name=\"twitter:label1\" content=\"Written by\" \/>\n\t<meta name=\"twitter:data1\" content=\"sabina\" \/>\n\t<meta name=\"twitter:label2\" content=\"Est. reading time\" \/>\n\t<meta name=\"twitter:data2\" content=\"1 minuta\" \/>\n<script type=\"application\/ld+json\" class=\"yoast-schema-graph\">{\"@context\":\"https:\/\/schema.org\",\"@graph\":[{\"@type\":\"Article\",\"@id\":\"https:\/\/hudo.com\/si\/aktualno\/slovenija\/narascanje-epidemije-se-v-sloveniji-koncno-upocasnjuje\/#article\",\"isPartOf\":{\"@id\":\"https:\/\/hudo.com\/si\/aktualno\/slovenija\/narascanje-epidemije-se-v-sloveniji-koncno-upocasnjuje\/\"},\"author\":{\"name\":\"sabina\",\"@id\":\"https:\/\/hudo.com\/si\/#\/schema\/person\/84c7fb414b1cd57255bce1dd0673a4a6\"},\"headline\":\"Nara\u0161\u010danje epidemije se v Sloveniji kon\u010dno upo\u010dasnjuje\",\"datePublished\":\"2021-09-20T16:03:48+00:00\",\"dateModified\":\"2021-09-20T16:03:48+00:00\",\"mainEntityOfPage\":{\"@id\":\"https:\/\/hudo.com\/si\/aktualno\/slovenija\/narascanje-epidemije-se-v-sloveniji-koncno-upocasnjuje\/\"},\"wordCount\":125,\"publisher\":{\"@id\":\"https:\/\/hudo.com\/si\/#organization\"},\"keywords\":[\"epidemija\",\"epidemija koronavirusa\",\"Institut Jo\u017eef \u0160tefan\",\"koronavirus\",\"Slovenija\"],\"articleSection\":[\"Slovenija\"],\"inLanguage\":\"sl-SI\"},{\"@type\":\"WebPage\",\"@id\":\"https:\/\/hudo.com\/si\/aktualno\/slovenija\/narascanje-epidemije-se-v-sloveniji-koncno-upocasnjuje\/\",\"url\":\"https:\/\/hudo.com\/si\/aktualno\/slovenija\/narascanje-epidemije-se-v-sloveniji-koncno-upocasnjuje\/\",\"name\":\"Nara\u0161\u010danje epidemije se v Sloveniji kon\u010dno upo\u010dasnjuje - Hudo Slovenija\",\"isPartOf\":{\"@id\":\"https:\/\/hudo.com\/si\/#website\"},\"datePublished\":\"2021-09-20T16:03:48+00:00\",\"dateModified\":\"2021-09-20T16:03:48+00:00\",\"breadcrumb\":{\"@id\":\"https:\/\/hudo.com\/si\/aktualno\/slovenija\/narascanje-epidemije-se-v-sloveniji-koncno-upocasnjuje\/#breadcrumb\"},\"inLanguage\":\"sl-SI\",\"potentialAction\":[{\"@type\":\"ReadAction\",\"target\":[\"https:\/\/hudo.com\/si\/aktualno\/slovenija\/narascanje-epidemije-se-v-sloveniji-koncno-upocasnjuje\/\"]}]},{\"@type\":\"BreadcrumbList\",\"@id\":\"https:\/\/hudo.com\/si\/aktualno\/slovenija\/narascanje-epidemije-se-v-sloveniji-koncno-upocasnjuje\/#breadcrumb\",\"itemListElement\":[{\"@type\":\"ListItem\",\"position\":1,\"name\":\"Home\",\"item\":\"https:\/\/hudo.com\/si\/\"},{\"@type\":\"ListItem\",\"position\":2,\"name\":\"Nara\u0161\u010danje epidemije se v Sloveniji kon\u010dno upo\u010dasnjuje\"}]},{\"@type\":\"WebSite\",\"@id\":\"https:\/\/hudo.com\/si\/#website\",\"url\":\"https:\/\/hudo.com\/si\/\",\"name\":\"Hudo Slovenija\",\"description\":\"Vse novice iz Slovenije in sveta\",\"publisher\":{\"@id\":\"https:\/\/hudo.com\/si\/#organization\"},\"potentialAction\":[{\"@type\":\"SearchAction\",\"target\":{\"@type\":\"EntryPoint\",\"urlTemplate\":\"https:\/\/hudo.com\/si\/?s={search_term_string}\"},\"query-input\":\"required name=search_term_string\"}],\"inLanguage\":\"sl-SI\"},{\"@type\":\"Organization\",\"@id\":\"https:\/\/hudo.com\/si\/#organization\",\"name\":\"VSN Media\",\"url\":\"https:\/\/hudo.com\/si\/\",\"logo\":{\"@type\":\"ImageObject\",\"inLanguage\":\"sl-SI\",\"@id\":\"https:\/\/hudo.com\/si\/#\/schema\/logo\/image\/\",\"url\":\"https:\/\/hudo.com\/si\/wp-content\/uploads\/sites\/2\/2021\/03\/hudo-app-2.png\",\"contentUrl\":\"https:\/\/hudo.com\/si\/wp-content\/uploads\/sites\/2\/2021\/03\/hudo-app-2.png\",\"width\":2185,\"height\":2167,\"caption\":\"VSN Media\"},\"image\":{\"@id\":\"https:\/\/hudo.com\/si\/#\/schema\/logo\/image\/\"},\"sameAs\":[\"https:\/\/www.facebook.com\/hudo.si\",\"https:\/\/twitter.com\/hudo_si\"]},{\"@type\":\"Person\",\"@id\":\"https:\/\/hudo.com\/si\/#\/schema\/person\/84c7fb414b1cd57255bce1dd0673a4a6\",\"name\":\"sabina\",\"image\":{\"@type\":\"ImageObject\",\"inLanguage\":\"sl-SI\",\"@id\":\"https:\/\/hudo.com\/si\/#\/schema\/person\/image\/\",\"url\":\"https:\/\/secure.gravatar.com\/avatar\/d26b530b785e7e230c648fb636fefc8e?s=96&d=mm&r=g\",\"contentUrl\":\"https:\/\/secure.gravatar.com\/avatar\/d26b530b785e7e230c648fb636fefc8e?s=96&d=mm&r=g\",\"caption\":\"sabina\"},\"url\":\"https:\/\/hudo.com\/si\/author\/sabina\/\"}]}<\/script>\n<!-- \/ Yoast SEO plugin. -->","yoast_head_json":{"title":"Nara\u0161\u010danje epidemije se v Sloveniji kon\u010dno upo\u010dasnjuje - Hudo Slovenija","robots":{"index":"index","follow":"follow","max-snippet":"max-snippet:-1","max-image-preview":"max-image-preview:large","max-video-preview":"max-video-preview:-1"},"canonical":"https:\/\/hudo.com\/si\/aktualno\/slovenija\/narascanje-epidemije-se-v-sloveniji-koncno-upocasnjuje\/","og_locale":"sl_SI","og_type":"article","og_title":"Nara\u0161\u010danje epidemije se v Sloveniji kon\u010dno upo\u010dasnjuje - Hudo Slovenija","og_description":"Nara\u0161\u010danje epidemije covida-19 se upo\u010dasnjuje, je navedeno na spletnih straneh Instituta Jo\u017eef Stefan (IJS). Po njihovi oceni to pomeni, da pogoj PCT dobro deluje. Na IJS napovedujejo, da bo zaradi vremenskih vplivov epidemija predvidoma kmalu za\u010dela spet pospe\u0161evati, saj \u0161ele prihajamo v sezono oku\u017eb dihal.","og_url":"https:\/\/hudo.com\/si\/aktualno\/slovenija\/narascanje-epidemije-se-v-sloveniji-koncno-upocasnjuje\/","og_site_name":"Hudo Slovenija","article_publisher":"https:\/\/www.facebook.com\/hudo.si","article_published_time":"2021-09-20T16:03:48+00:00","og_image":[{"width":1250,"height":833,"url":"https:\/\/hudo.com\/si\/wp-content\/uploads\/sites\/2\/2021\/03\/profimedia-0513889115.jpg","type":"image\/jpeg"}],"author":"sabina","twitter_card":"summary_large_image","twitter_creator":"@hudo_si","twitter_site":"@hudo_si","twitter_misc":{"Written by":"sabina","Est. reading time":"1 minuta"},"schema":{"@context":"https:\/\/schema.org","@graph":[{"@type":"Article","@id":"https:\/\/hudo.com\/si\/aktualno\/slovenija\/narascanje-epidemije-se-v-sloveniji-koncno-upocasnjuje\/#article","isPartOf":{"@id":"https:\/\/hudo.com\/si\/aktualno\/slovenija\/narascanje-epidemije-se-v-sloveniji-koncno-upocasnjuje\/"},"author":{"name":"sabina","@id":"https:\/\/hudo.com\/si\/#\/schema\/person\/84c7fb414b1cd57255bce1dd0673a4a6"},"headline":"Nara\u0161\u010danje epidemije se v Sloveniji kon\u010dno upo\u010dasnjuje","datePublished":"2021-09-20T16:03:48+00:00","dateModified":"2021-09-20T16:03:48+00:00","mainEntityOfPage":{"@id":"https:\/\/hudo.com\/si\/aktualno\/slovenija\/narascanje-epidemije-se-v-sloveniji-koncno-upocasnjuje\/"},"wordCount":125,"publisher":{"@id":"https:\/\/hudo.com\/si\/#organization"},"keywords":["epidemija","epidemija koronavirusa","Institut Jo\u017eef \u0160tefan","koronavirus","Slovenija"],"articleSection":["Slovenija"],"inLanguage":"sl-SI"},{"@type":"WebPage","@id":"https:\/\/hudo.com\/si\/aktualno\/slovenija\/narascanje-epidemije-se-v-sloveniji-koncno-upocasnjuje\/","url":"https:\/\/hudo.com\/si\/aktualno\/slovenija\/narascanje-epidemije-se-v-sloveniji-koncno-upocasnjuje\/","name":"Nara\u0161\u010danje epidemije se v Sloveniji kon\u010dno upo\u010dasnjuje - Hudo Slovenija","isPartOf":{"@id":"https:\/\/hudo.com\/si\/#website"},"datePublished":"2021-09-20T16:03:48+00:00","dateModified":"2021-09-20T16:03:48+00:00","breadcrumb":{"@id":"https:\/\/hudo.com\/si\/aktualno\/slovenija\/narascanje-epidemije-se-v-sloveniji-koncno-upocasnjuje\/#breadcrumb"},"inLanguage":"sl-SI","potentialAction":[{"@type":"ReadAction","target":["https:\/\/hudo.com\/si\/aktualno\/slovenija\/narascanje-epidemije-se-v-sloveniji-koncno-upocasnjuje\/"]}]},{"@type":"BreadcrumbList","@id":"https:\/\/hudo.com\/si\/aktualno\/slovenija\/narascanje-epidemije-se-v-sloveniji-koncno-upocasnjuje\/#breadcrumb","itemListElement":[{"@type":"ListItem","position":1,"name":"Home","item":"https:\/\/hudo.com\/si\/"},{"@type":"ListItem","position":2,"name":"Nara\u0161\u010danje epidemije se v Sloveniji kon\u010dno upo\u010dasnjuje"}]},{"@type":"WebSite","@id":"https:\/\/hudo.com\/si\/#website","url":"https:\/\/hudo.com\/si\/","name":"Hudo Slovenija","description":"Vse novice iz Slovenije in sveta","publisher":{"@id":"https:\/\/hudo.com\/si\/#organization"},"potentialAction":[{"@type":"SearchAction","target":{"@type":"EntryPoint","urlTemplate":"https:\/\/hudo.com\/si\/?s={search_term_string}"},"query-input":"required name=search_term_string"}],"inLanguage":"sl-SI"},{"@type":"Organization","@id":"https:\/\/hudo.com\/si\/#organization","name":"VSN Media","url":"https:\/\/hudo.com\/si\/","logo":{"@type":"ImageObject","inLanguage":"sl-SI","@id":"https:\/\/hudo.com\/si\/#\/schema\/logo\/image\/","url":"https:\/\/hudo.com\/si\/wp-content\/uploads\/sites\/2\/2021\/03\/hudo-app-2.png","contentUrl":"https:\/\/hudo.com\/si\/wp-content\/uploads\/sites\/2\/2021\/03\/hudo-app-2.png","width":2185,"height":2167,"caption":"VSN Media"},"image":{"@id":"https:\/\/hudo.com\/si\/#\/schema\/logo\/image\/"},"sameAs":["https:\/\/www.facebook.com\/hudo.si","https:\/\/twitter.com\/hudo_si"]},{"@type":"Person","@id":"https:\/\/hudo.com\/si\/#\/schema\/person\/84c7fb414b1cd57255bce1dd0673a4a6","name":"sabina","image":{"@type":"ImageObject","inLanguage":"sl-SI","@id":"https:\/\/hudo.com\/si\/#\/schema\/person\/image\/","url":"https:\/\/secure.gravatar.com\/avatar\/d26b530b785e7e230c648fb636fefc8e?s=96&d=mm&r=g","contentUrl":"https:\/\/secure.gravatar.com\/avatar\/d26b530b785e7e230c648fb636fefc8e?s=96&d=mm&r=g","caption":"sabina"},"url":"https:\/\/hudo.com\/si\/author\/sabina\/"}]}},"amp_enabled":true,"_links":{"self":[{"href":"https:\/\/hudo.com\/si\/wp-json\/wp\/v2\/posts\/458098"}],"collection":[{"href":"https:\/\/hudo.com\/si\/wp-json\/wp\/v2\/posts"}],"about":[{"href":"https:\/\/hudo.com\/si\/wp-json\/wp\/v2\/types\/post"}],"author":[{"embeddable":true,"href":"https:\/\/hudo.com\/si\/wp-json\/wp\/v2\/users\/4"}],"replies":[{"embeddable":true,"href":"https:\/\/hudo.com\/si\/wp-json\/wp\/v2\/comments?post=458098"}],"version-history":[{"count":1,"href":"https:\/\/hudo.com\/si\/wp-json\/wp\/v2\/posts\/458098\/revisions"}],"predecessor-version":[{"id":458099,"href":"https:\/\/hudo.com\/si\/wp-json\/wp\/v2\/posts\/458098\/revisions\/458099"}],"wp:featuredmedia":[{"embeddable":true,"href":"https:\/\/hudo.com\/si\/wp-json\/wp\/v2\/media\/446930"}],"wp:attachment":[{"href":"https:\/\/hudo.com\/si\/wp-json\/wp\/v2\/media?parent=458098"}],"wp:term":[{"taxonomy":"category","embeddable":true,"href":"https:\/\/hudo.com\/si\/wp-json\/wp\/v2\/categories?post=458098"},{"taxonomy":"post_tag","embeddable":true,"href":"https:\/\/hudo.com\/si\/wp-json\/wp\/v2\/tags?post=458098"},{"taxonomy":"source","embeddable":true,"href":"https:\/\/hudo.com\/si\/wp-json\/wp\/v2\/source?post=458098"},{"taxonomy":"supertag","embeddable":true,"href":"https:\/\/hudo.com\/si\/wp-json\/wp\/v2\/supertag?post=458098"}],"curies":[{"name":"wp","href":"https:\/\/api.w.org\/{rel}","templated":true}]}}