{"id":458513,"date":"2021-09-29T08:28:03","date_gmt":"2021-09-29T06:28:03","guid":{"rendered":"https:\/\/hudo.com\/si\/?p=458513"},"modified":"2021-09-29T08:28:03","modified_gmt":"2021-09-29T06:28:03","slug":"trump-pred-vsemi-sodelavci-melanio-polical-na-zagovor-in-krical-na-njo","status":"publish","type":"post","link":"https:\/\/hudo.com\/si\/aktualno\/svet\/trump-pred-vsemi-sodelavci-melanio-polical-na-zagovor-in-krical-na-njo\/","title":{"rendered":"Trump pred vsemi sodelavci Melanio polical na zagovor in kri\u010dal na njo"},"content":{"rendered":"<p>Melania Trump je spro\u017eila \u0161kandal z jakno, na kateri je pisalo&#8221;Meni ni mar, a je tebi?, ko je leta 2018 obiskala center za migrantske otroke v Teksasu v \u010dasu, ko je Trumpova politika lo\u010devanja otroke od star\u0161ev, ki so jih prijeli zaradi nezakonitega prehoda meje, naletela na mednarodno ogor\u010denje.<\/p>\n<p>&#8220;Prva dama je bila razburjena zaradi polo\u017eaja, ki ga je ustvarila mo\u017eeva politika in je hotela sama videti, kaj se dogaja. Iz razlogov, ki \u0161e vedno niso povsem jasni, je od Zare naro\u010dila jakno za 39 dolarjev,&#8221; v knjigi pi\u0161e Grishamova in trdi, da je bila ravno takrat na telefonu in ni imela prilo\u017enosti, da bi jo prepri\u010dala, naj jakne ne nosi.<\/p>\n<p>Po ogor\u010denju naj bi Melania Grishamovi povedala, da gre samo za navadno jakno brez kak\u0161nega namena. Po vrnitvi v Washington so prvo damo in njeno ekipo poklicali na zagovor k Trumpu v Ovalno pisarno.<\/p>\n<p>&#8220;To je bilo prvi\u010d dotlej, da jo je na tak na\u010din poklical pred vsemi sodelavci. Kri\u010dal je in spra\u0161eval, kaj mislimo, da delamo? Nato se je hitro domislil, da bo tvitnil, da je \u0161lo za sporo\u010dilo la\u017enim medijem,&#8221; pi\u0161e v knjigi Grishamova in prva dama je ta razlog tudi sama kasneje potrjevala.<\/p>\n","protected":false},"excerpt":{"rendered":"<p>Nekdanja tiskovna predstavnica nekdanje prve dame ZDA Stephanie Grisham v svoji knjigi o delu v Beli hi\u0161i z naslovom Sedaj bom sprejela va\u0161a vpra\u0161anja med drugim pi\u0161e, da je nekdanji predsednik ZDA Donald Trump prvo damo Melanio Trump javno okaral zaradi jakne, ki jo je nosila med obiskom centra za migrante.<\/p>\n","protected":false},"author":8,"featured_media":358647,"comment_status":"closed","ping_status":"closed","sticky":false,"template":"","format":"standard","meta":{"footnotes":""},"categories":[18202],"tags":[1680,1681],"source":[4511],"supertag":[],"acf":[],"yoast_head":"<!-- This site is optimized with the Yoast SEO plugin v21.3 - https:\/\/yoast.com\/wordpress\/plugins\/seo\/ -->\n<title>Trump pred vsemi sodelavci Melanio polical na zagovor in kri\u010dal na njo - Hudo Slovenija<\/title>\n<meta name=\"robots\" content=\"index, follow, max-snippet:-1, max-image-preview:large, max-video-preview:-1\" \/>\n<link rel=\"canonical\" href=\"https:\/\/hudo.com\/si\/aktualno\/svet\/trump-pred-vsemi-sodelavci-melanio-polical-na-zagovor-in-krical-na-njo\/\" \/>\n<meta property=\"og:locale\" content=\"sl_SI\" \/>\n<meta property=\"og:type\" content=\"article\" \/>\n<meta property=\"og:title\" content=\"Trump pred vsemi sodelavci Melanio polical na zagovor in kri\u010dal na njo - Hudo Slovenija\" \/>\n<meta property=\"og:description\" content=\"Nekdanja tiskovna predstavnica nekdanje prve dame ZDA Stephanie Grisham v svoji knjigi o delu v Beli hi\u0161i z naslovom Sedaj bom sprejela va\u0161a vpra\u0161anja med drugim pi\u0161e, da je nekdanji predsednik ZDA Donald Trump prvo damo Melanio Trump javno okaral zaradi jakne, ki jo je nosila med obiskom centra za migrante.\" \/>\n<meta property=\"og:url\" content=\"https:\/\/hudo.com\/si\/aktualno\/svet\/trump-pred-vsemi-sodelavci-melanio-polical-na-zagovor-in-krical-na-njo\/\" \/>\n<meta property=\"og:site_name\" content=\"Hudo Slovenija\" \/>\n<meta property=\"article:publisher\" content=\"https:\/\/www.facebook.com\/hudo.si\" \/>\n<meta property=\"article:published_time\" content=\"2021-09-29T06:28:03+00:00\" \/>\n<meta property=\"og:image\" content=\"https:\/\/hudo.com\/si\/wp-content\/uploads\/sites\/2\/2018\/02\/profimedia-0362377951.jpg\" \/>\n\t<meta property=\"og:image:width\" content=\"1250\" \/>\n\t<meta property=\"og:image:height\" content=\"827\" \/>\n\t<meta property=\"og:image:type\" content=\"image\/jpeg\" \/>\n<meta name=\"author\" content=\"M. N., STA\" \/>\n<meta name=\"twitter:card\" content=\"summary_large_image\" \/>\n<meta name=\"twitter:creator\" content=\"@hudo_si\" \/>\n<meta name=\"twitter:site\" content=\"@hudo_si\" \/>\n<meta name=\"twitter:label1\" content=\"Written by\" \/>\n\t<meta name=\"twitter:data1\" content=\"M. N., STA\" \/>\n\t<meta name=\"twitter:label2\" content=\"Est. reading time\" \/>\n\t<meta name=\"twitter:data2\" content=\"1 minuta\" \/>\n<script type=\"application\/ld+json\" class=\"yoast-schema-graph\">{\"@context\":\"https:\/\/schema.org\",\"@graph\":[{\"@type\":\"Article\",\"@id\":\"https:\/\/hudo.com\/si\/aktualno\/svet\/trump-pred-vsemi-sodelavci-melanio-polical-na-zagovor-in-krical-na-njo\/#article\",\"isPartOf\":{\"@id\":\"https:\/\/hudo.com\/si\/aktualno\/svet\/trump-pred-vsemi-sodelavci-melanio-polical-na-zagovor-in-krical-na-njo\/\"},\"author\":{\"name\":\"M. N., STA\",\"@id\":\"https:\/\/hudo.com\/si\/#\/schema\/person\/c2f10ce65d2e6ede2aeda5be2a0611fa\"},\"headline\":\"Trump pred vsemi sodelavci Melanio polical na zagovor in kri\u010dal na njo\",\"datePublished\":\"2021-09-29T06:28:03+00:00\",\"dateModified\":\"2021-09-29T06:28:03+00:00\",\"mainEntityOfPage\":{\"@id\":\"https:\/\/hudo.com\/si\/aktualno\/svet\/trump-pred-vsemi-sodelavci-melanio-polical-na-zagovor-in-krical-na-njo\/\"},\"wordCount\":227,\"publisher\":{\"@id\":\"https:\/\/hudo.com\/si\/#organization\"},\"keywords\":[\"Donald Trump\",\"Melania Trump\"],\"articleSection\":[\"Svet\"],\"inLanguage\":\"sl-SI\"},{\"@type\":\"WebPage\",\"@id\":\"https:\/\/hudo.com\/si\/aktualno\/svet\/trump-pred-vsemi-sodelavci-melanio-polical-na-zagovor-in-krical-na-njo\/\",\"url\":\"https:\/\/hudo.com\/si\/aktualno\/svet\/trump-pred-vsemi-sodelavci-melanio-polical-na-zagovor-in-krical-na-njo\/\",\"name\":\"Trump pred vsemi sodelavci Melanio polical na zagovor in kri\u010dal na njo - Hudo Slovenija\",\"isPartOf\":{\"@id\":\"https:\/\/hudo.com\/si\/#website\"},\"datePublished\":\"2021-09-29T06:28:03+00:00\",\"dateModified\":\"2021-09-29T06:28:03+00:00\",\"breadcrumb\":{\"@id\":\"https:\/\/hudo.com\/si\/aktualno\/svet\/trump-pred-vsemi-sodelavci-melanio-polical-na-zagovor-in-krical-na-njo\/#breadcrumb\"},\"inLanguage\":\"sl-SI\",\"potentialAction\":[{\"@type\":\"ReadAction\",\"target\":[\"https:\/\/hudo.com\/si\/aktualno\/svet\/trump-pred-vsemi-sodelavci-melanio-polical-na-zagovor-in-krical-na-njo\/\"]}]},{\"@type\":\"BreadcrumbList\",\"@id\":\"https:\/\/hudo.com\/si\/aktualno\/svet\/trump-pred-vsemi-sodelavci-melanio-polical-na-zagovor-in-krical-na-njo\/#breadcrumb\",\"itemListElement\":[{\"@type\":\"ListItem\",\"position\":1,\"name\":\"Home\",\"item\":\"https:\/\/hudo.com\/si\/\"},{\"@type\":\"ListItem\",\"position\":2,\"name\":\"Trump pred vsemi sodelavci Melanio polical na zagovor in kri\u010dal na njo\"}]},{\"@type\":\"WebSite\",\"@id\":\"https:\/\/hudo.com\/si\/#website\",\"url\":\"https:\/\/hudo.com\/si\/\",\"name\":\"Hudo Slovenija\",\"description\":\"Vse novice iz Slovenije in sveta\",\"publisher\":{\"@id\":\"https:\/\/hudo.com\/si\/#organization\"},\"potentialAction\":[{\"@type\":\"SearchAction\",\"target\":{\"@type\":\"EntryPoint\",\"urlTemplate\":\"https:\/\/hudo.com\/si\/?s={search_term_string}\"},\"query-input\":\"required name=search_term_string\"}],\"inLanguage\":\"sl-SI\"},{\"@type\":\"Organization\",\"@id\":\"https:\/\/hudo.com\/si\/#organization\",\"name\":\"VSN Media\",\"url\":\"https:\/\/hudo.com\/si\/\",\"logo\":{\"@type\":\"ImageObject\",\"inLanguage\":\"sl-SI\",\"@id\":\"https:\/\/hudo.com\/si\/#\/schema\/logo\/image\/\",\"url\":\"https:\/\/hudo.com\/si\/wp-content\/uploads\/sites\/2\/2021\/03\/hudo-app-2.png\",\"contentUrl\":\"https:\/\/hudo.com\/si\/wp-content\/uploads\/sites\/2\/2021\/03\/hudo-app-2.png\",\"width\":2185,\"height\":2167,\"caption\":\"VSN Media\"},\"image\":{\"@id\":\"https:\/\/hudo.com\/si\/#\/schema\/logo\/image\/\"},\"sameAs\":[\"https:\/\/www.facebook.com\/hudo.si\",\"https:\/\/twitter.com\/hudo_si\"]},{\"@type\":\"Person\",\"@id\":\"https:\/\/hudo.com\/si\/#\/schema\/person\/c2f10ce65d2e6ede2aeda5be2a0611fa\",\"name\":\"M. N., STA\",\"image\":{\"@type\":\"ImageObject\",\"inLanguage\":\"sl-SI\",\"@id\":\"https:\/\/hudo.com\/si\/#\/schema\/person\/image\/\",\"url\":\"https:\/\/secure.gravatar.com\/avatar\/f370d38daa10467f755c5c766a4cac20?s=96&d=mm&r=g\",\"contentUrl\":\"https:\/\/secure.gravatar.com\/avatar\/f370d38daa10467f755c5c766a4cac20?s=96&d=mm&r=g\",\"caption\":\"M. N., STA\"},\"url\":\"https:\/\/hudo.com\/si\/author\/mana\/\"}]}<\/script>\n<!-- \/ Yoast SEO plugin. -->","yoast_head_json":{"title":"Trump pred vsemi sodelavci Melanio polical na zagovor in kri\u010dal na njo - Hudo Slovenija","robots":{"index":"index","follow":"follow","max-snippet":"max-snippet:-1","max-image-preview":"max-image-preview:large","max-video-preview":"max-video-preview:-1"},"canonical":"https:\/\/hudo.com\/si\/aktualno\/svet\/trump-pred-vsemi-sodelavci-melanio-polical-na-zagovor-in-krical-na-njo\/","og_locale":"sl_SI","og_type":"article","og_title":"Trump pred vsemi sodelavci Melanio polical na zagovor in kri\u010dal na njo - Hudo Slovenija","og_description":"Nekdanja tiskovna predstavnica nekdanje prve dame ZDA Stephanie Grisham v svoji knjigi o delu v Beli hi\u0161i z naslovom Sedaj bom sprejela va\u0161a vpra\u0161anja med drugim pi\u0161e, da je nekdanji predsednik ZDA Donald Trump prvo damo Melanio Trump javno okaral zaradi jakne, ki jo je nosila med obiskom centra za migrante.","og_url":"https:\/\/hudo.com\/si\/aktualno\/svet\/trump-pred-vsemi-sodelavci-melanio-polical-na-zagovor-in-krical-na-njo\/","og_site_name":"Hudo Slovenija","article_publisher":"https:\/\/www.facebook.com\/hudo.si","article_published_time":"2021-09-29T06:28:03+00:00","og_image":[{"width":1250,"height":827,"url":"https:\/\/hudo.com\/si\/wp-content\/uploads\/sites\/2\/2018\/02\/profimedia-0362377951.jpg","type":"image\/jpeg"}],"author":"M. N., STA","twitter_card":"summary_large_image","twitter_creator":"@hudo_si","twitter_site":"@hudo_si","twitter_misc":{"Written by":"M. N., STA","Est. reading time":"1 minuta"},"schema":{"@context":"https:\/\/schema.org","@graph":[{"@type":"Article","@id":"https:\/\/hudo.com\/si\/aktualno\/svet\/trump-pred-vsemi-sodelavci-melanio-polical-na-zagovor-in-krical-na-njo\/#article","isPartOf":{"@id":"https:\/\/hudo.com\/si\/aktualno\/svet\/trump-pred-vsemi-sodelavci-melanio-polical-na-zagovor-in-krical-na-njo\/"},"author":{"name":"M. N., STA","@id":"https:\/\/hudo.com\/si\/#\/schema\/person\/c2f10ce65d2e6ede2aeda5be2a0611fa"},"headline":"Trump pred vsemi sodelavci Melanio polical na zagovor in kri\u010dal na njo","datePublished":"2021-09-29T06:28:03+00:00","dateModified":"2021-09-29T06:28:03+00:00","mainEntityOfPage":{"@id":"https:\/\/hudo.com\/si\/aktualno\/svet\/trump-pred-vsemi-sodelavci-melanio-polical-na-zagovor-in-krical-na-njo\/"},"wordCount":227,"publisher":{"@id":"https:\/\/hudo.com\/si\/#organization"},"keywords":["Donald Trump","Melania Trump"],"articleSection":["Svet"],"inLanguage":"sl-SI"},{"@type":"WebPage","@id":"https:\/\/hudo.com\/si\/aktualno\/svet\/trump-pred-vsemi-sodelavci-melanio-polical-na-zagovor-in-krical-na-njo\/","url":"https:\/\/hudo.com\/si\/aktualno\/svet\/trump-pred-vsemi-sodelavci-melanio-polical-na-zagovor-in-krical-na-njo\/","name":"Trump pred vsemi sodelavci Melanio polical na zagovor in kri\u010dal na njo - Hudo Slovenija","isPartOf":{"@id":"https:\/\/hudo.com\/si\/#website"},"datePublished":"2021-09-29T06:28:03+00:00","dateModified":"2021-09-29T06:28:03+00:00","breadcrumb":{"@id":"https:\/\/hudo.com\/si\/aktualno\/svet\/trump-pred-vsemi-sodelavci-melanio-polical-na-zagovor-in-krical-na-njo\/#breadcrumb"},"inLanguage":"sl-SI","potentialAction":[{"@type":"ReadAction","target":["https:\/\/hudo.com\/si\/aktualno\/svet\/trump-pred-vsemi-sodelavci-melanio-polical-na-zagovor-in-krical-na-njo\/"]}]},{"@type":"BreadcrumbList","@id":"https:\/\/hudo.com\/si\/aktualno\/svet\/trump-pred-vsemi-sodelavci-melanio-polical-na-zagovor-in-krical-na-njo\/#breadcrumb","itemListElement":[{"@type":"ListItem","position":1,"name":"Home","item":"https:\/\/hudo.com\/si\/"},{"@type":"ListItem","position":2,"name":"Trump pred vsemi sodelavci Melanio polical na zagovor in kri\u010dal na njo"}]},{"@type":"WebSite","@id":"https:\/\/hudo.com\/si\/#website","url":"https:\/\/hudo.com\/si\/","name":"Hudo Slovenija","description":"Vse novice iz Slovenije in sveta","publisher":{"@id":"https:\/\/hudo.com\/si\/#organization"},"potentialAction":[{"@type":"SearchAction","target":{"@type":"EntryPoint","urlTemplate":"https:\/\/hudo.com\/si\/?s={search_term_string}"},"query-input":"required name=search_term_string"}],"inLanguage":"sl-SI"},{"@type":"Organization","@id":"https:\/\/hudo.com\/si\/#organization","name":"VSN Media","url":"https:\/\/hudo.com\/si\/","logo":{"@type":"ImageObject","inLanguage":"sl-SI","@id":"https:\/\/hudo.com\/si\/#\/schema\/logo\/image\/","url":"https:\/\/hudo.com\/si\/wp-content\/uploads\/sites\/2\/2021\/03\/hudo-app-2.png","contentUrl":"https:\/\/hudo.com\/si\/wp-content\/uploads\/sites\/2\/2021\/03\/hudo-app-2.png","width":2185,"height":2167,"caption":"VSN Media"},"image":{"@id":"https:\/\/hudo.com\/si\/#\/schema\/logo\/image\/"},"sameAs":["https:\/\/www.facebook.com\/hudo.si","https:\/\/twitter.com\/hudo_si"]},{"@type":"Person","@id":"https:\/\/hudo.com\/si\/#\/schema\/person\/c2f10ce65d2e6ede2aeda5be2a0611fa","name":"M. N., STA","image":{"@type":"ImageObject","inLanguage":"sl-SI","@id":"https:\/\/hudo.com\/si\/#\/schema\/person\/image\/","url":"https:\/\/secure.gravatar.com\/avatar\/f370d38daa10467f755c5c766a4cac20?s=96&d=mm&r=g","contentUrl":"https:\/\/secure.gravatar.com\/avatar\/f370d38daa10467f755c5c766a4cac20?s=96&d=mm&r=g","caption":"M. N., STA"},"url":"https:\/\/hudo.com\/si\/author\/mana\/"}]}},"amp_enabled":true,"_links":{"self":[{"href":"https:\/\/hudo.com\/si\/wp-json\/wp\/v2\/posts\/458513"}],"collection":[{"href":"https:\/\/hudo.com\/si\/wp-json\/wp\/v2\/posts"}],"about":[{"href":"https:\/\/hudo.com\/si\/wp-json\/wp\/v2\/types\/post"}],"author":[{"embeddable":true,"href":"https:\/\/hudo.com\/si\/wp-json\/wp\/v2\/users\/8"}],"replies":[{"embeddable":true,"href":"https:\/\/hudo.com\/si\/wp-json\/wp\/v2\/comments?post=458513"}],"version-history":[{"count":1,"href":"https:\/\/hudo.com\/si\/wp-json\/wp\/v2\/posts\/458513\/revisions"}],"predecessor-version":[{"id":458514,"href":"https:\/\/hudo.com\/si\/wp-json\/wp\/v2\/posts\/458513\/revisions\/458514"}],"wp:featuredmedia":[{"embeddable":true,"href":"https:\/\/hudo.com\/si\/wp-json\/wp\/v2\/media\/358647"}],"wp:attachment":[{"href":"https:\/\/hudo.com\/si\/wp-json\/wp\/v2\/media?parent=458513"}],"wp:term":[{"taxonomy":"category","embeddable":true,"href":"https:\/\/hudo.com\/si\/wp-json\/wp\/v2\/categories?post=458513"},{"taxonomy":"post_tag","embeddable":true,"href":"https:\/\/hudo.com\/si\/wp-json\/wp\/v2\/tags?post=458513"},{"taxonomy":"source","embeddable":true,"href":"https:\/\/hudo.com\/si\/wp-json\/wp\/v2\/source?post=458513"},{"taxonomy":"supertag","embeddable":true,"href":"https:\/\/hudo.com\/si\/wp-json\/wp\/v2\/supertag?post=458513"}],"curies":[{"name":"wp","href":"https:\/\/api.w.org\/{rel}","templated":true}]}}