{"id":458640,"date":"2021-09-30T18:44:10","date_gmt":"2021-09-30T16:44:10","guid":{"rendered":"https:\/\/hudo.com\/si\/?p=458640"},"modified":"2021-09-30T18:44:10","modified_gmt":"2021-09-30T16:44:10","slug":"na-hrvaskem-podaljsali-veljavnost-covidnih-potrdil-na-eno-leto","status":"publish","type":"post","link":"https:\/\/hudo.com\/si\/aktualno\/svet\/na-hrvaskem-podaljsali-veljavnost-covidnih-potrdil-na-eno-leto\/","title":{"rendered":"Na Hrva\u0161kem podalj\u0161ali veljavnost covidnih potrdil na eno leto"},"content":{"rendered":"<p>Kot so pojasnili, se podalj\u0161ana veljavnost nana\u0161a na vsa nova in \u017ee izdana potrdila. Dr\u017eavljanom, ki \u017ee imajo potrdila, ne bo treba \u0161e enkrat vlo\u017eiti zahteve, ker bodo obstoje\u010da potrdila avtomati\u010dno podalj\u0161ali, so pojasnili.<\/p>\n<p>Hrva\u0161ka bo 4. oktobra uveljavila obvezna evropska digitalna covidna potrdila za vse zaposlene v zdravstvu in socialni oskrbi. \u010ce niso cepljeni ali prebolevniki, se bodo morali zunaj delovnega \u010dasa obvezno testirati na novi koronavirus, priporo\u010dljivo pred prihodom v slu\u017ebo. Testiranje je priporo\u010deno najmanj dvakrat tedensko. Brez izpolnjenih pogojev PCT zaposleni v zdravstvu ne bodo mogli priti na delovno mesto. Pogoj PCT ne velja za osebe, ki dostavljajo blago v zdravstvene ustanove in se v njih ustavljajo za kratek \u010das, je danes objavil hrva\u0161ki \u0161tab civilne za\u0161\u010dite.<\/p>\n<p>Podobni ukrepi veljajo tudi za zaposlene v sektorju socialne oskrbe. Uporabniki tovrstnih storitev ne potrebujejo dokazil o pogojih PCT, temve\u010d bodo pred vstopom v ustanovo morali podpisati izjavo, da niso imeli vro\u010dine niti te\u017eav z dihanjem ter da niso bili v stiku z oku\u017eenimi z novim koronavirusom. Pred vhodom jim bodo izmerili telesno temperaturo.<\/p>\n<p>Evropska digitalna potrdila ali druga dokazila o izpolnjevanju pogojev PCT bodo zahtevali tudi od nekaterih bolnikov v zdravstvenih ustanovah. Kot so izpostavili, se za ve\u010dino uporabnikov zdravstvenih storitev \u017ee prej uveljavljeni epidemiolo\u0161ki pogoji ne bodo spremenili.<\/p>\n","protected":false},"excerpt":{"rendered":"<p>Na priporo\u010dilo Hrva\u0161kega zavoda za javno zdravstvo (HZJZ) so na Hrva\u0161kem podalj\u0161ali veljavnost evropskega digitalnega covidnega potrdila z 270 na 365 dni, so objavili na spletni strani eudigitalnacovidpotvrda.hr.<\/p>\n","protected":false},"author":8,"featured_media":409347,"comment_status":"closed","ping_status":"closed","sticky":false,"template":"","format":"standard","meta":{"footnotes":""},"categories":[18202],"tags":[18852,1810],"source":[4511],"supertag":[],"acf":[],"yoast_head":"<!-- This site is optimized with the Yoast SEO plugin v21.3 - https:\/\/yoast.com\/wordpress\/plugins\/seo\/ -->\n<title>Na Hrva\u0161kem podalj\u0161ali veljavnost covidnih potrdil na eno leto - Hudo Slovenija<\/title>\n<meta name=\"robots\" content=\"index, follow, max-snippet:-1, max-image-preview:large, max-video-preview:-1\" \/>\n<link rel=\"canonical\" href=\"https:\/\/hudo.com\/si\/aktualno\/svet\/na-hrvaskem-podaljsali-veljavnost-covidnih-potrdil-na-eno-leto\/\" \/>\n<meta property=\"og:locale\" content=\"sl_SI\" \/>\n<meta property=\"og:type\" content=\"article\" \/>\n<meta property=\"og:title\" content=\"Na Hrva\u0161kem podalj\u0161ali veljavnost covidnih potrdil na eno leto - Hudo Slovenija\" \/>\n<meta property=\"og:description\" content=\"Na priporo\u010dilo Hrva\u0161kega zavoda za javno zdravstvo (HZJZ) so na Hrva\u0161kem podalj\u0161ali veljavnost evropskega digitalnega covidnega potrdila z 270 na 365 dni, so objavili na spletni strani eudigitalnacovidpotvrda.hr.\" \/>\n<meta property=\"og:url\" content=\"https:\/\/hudo.com\/si\/aktualno\/svet\/na-hrvaskem-podaljsali-veljavnost-covidnih-potrdil-na-eno-leto\/\" \/>\n<meta property=\"og:site_name\" content=\"Hudo Slovenija\" \/>\n<meta property=\"article:publisher\" content=\"https:\/\/www.facebook.com\/hudo.si\" \/>\n<meta property=\"article:published_time\" content=\"2021-09-30T16:44:10+00:00\" \/>\n<meta property=\"og:image\" content=\"https:\/\/hudo.com\/si\/wp-content\/uploads\/sites\/2\/2019\/10\/profimedia-0040303146.jpg\" \/>\n\t<meta property=\"og:image:width\" content=\"1250\" \/>\n\t<meta property=\"og:image:height\" content=\"833\" \/>\n\t<meta property=\"og:image:type\" content=\"image\/jpeg\" \/>\n<meta name=\"author\" content=\"M. N., STA\" \/>\n<meta name=\"twitter:card\" content=\"summary_large_image\" \/>\n<meta name=\"twitter:creator\" content=\"@hudo_si\" \/>\n<meta name=\"twitter:site\" content=\"@hudo_si\" \/>\n<meta name=\"twitter:label1\" content=\"Written by\" \/>\n\t<meta name=\"twitter:data1\" content=\"M. N., STA\" \/>\n\t<meta name=\"twitter:label2\" content=\"Est. reading time\" \/>\n\t<meta name=\"twitter:data2\" content=\"1 minuta\" \/>\n<script type=\"application\/ld+json\" class=\"yoast-schema-graph\">{\"@context\":\"https:\/\/schema.org\",\"@graph\":[{\"@type\":\"Article\",\"@id\":\"https:\/\/hudo.com\/si\/aktualno\/svet\/na-hrvaskem-podaljsali-veljavnost-covidnih-potrdil-na-eno-leto\/#article\",\"isPartOf\":{\"@id\":\"https:\/\/hudo.com\/si\/aktualno\/svet\/na-hrvaskem-podaljsali-veljavnost-covidnih-potrdil-na-eno-leto\/\"},\"author\":{\"name\":\"M. N., STA\",\"@id\":\"https:\/\/hudo.com\/si\/#\/schema\/person\/c2f10ce65d2e6ede2aeda5be2a0611fa\"},\"headline\":\"Na Hrva\u0161kem podalj\u0161ali veljavnost covidnih potrdil na eno leto\",\"datePublished\":\"2021-09-30T16:44:10+00:00\",\"dateModified\":\"2021-09-30T16:44:10+00:00\",\"mainEntityOfPage\":{\"@id\":\"https:\/\/hudo.com\/si\/aktualno\/svet\/na-hrvaskem-podaljsali-veljavnost-covidnih-potrdil-na-eno-leto\/\"},\"wordCount\":238,\"publisher\":{\"@id\":\"https:\/\/hudo.com\/si\/#organization\"},\"keywords\":[\"covidno potrdilo\",\"hrva\u0161ka\"],\"articleSection\":[\"Svet\"],\"inLanguage\":\"sl-SI\"},{\"@type\":\"WebPage\",\"@id\":\"https:\/\/hudo.com\/si\/aktualno\/svet\/na-hrvaskem-podaljsali-veljavnost-covidnih-potrdil-na-eno-leto\/\",\"url\":\"https:\/\/hudo.com\/si\/aktualno\/svet\/na-hrvaskem-podaljsali-veljavnost-covidnih-potrdil-na-eno-leto\/\",\"name\":\"Na Hrva\u0161kem podalj\u0161ali veljavnost covidnih potrdil na eno leto - Hudo Slovenija\",\"isPartOf\":{\"@id\":\"https:\/\/hudo.com\/si\/#website\"},\"datePublished\":\"2021-09-30T16:44:10+00:00\",\"dateModified\":\"2021-09-30T16:44:10+00:00\",\"breadcrumb\":{\"@id\":\"https:\/\/hudo.com\/si\/aktualno\/svet\/na-hrvaskem-podaljsali-veljavnost-covidnih-potrdil-na-eno-leto\/#breadcrumb\"},\"inLanguage\":\"sl-SI\",\"potentialAction\":[{\"@type\":\"ReadAction\",\"target\":[\"https:\/\/hudo.com\/si\/aktualno\/svet\/na-hrvaskem-podaljsali-veljavnost-covidnih-potrdil-na-eno-leto\/\"]}]},{\"@type\":\"BreadcrumbList\",\"@id\":\"https:\/\/hudo.com\/si\/aktualno\/svet\/na-hrvaskem-podaljsali-veljavnost-covidnih-potrdil-na-eno-leto\/#breadcrumb\",\"itemListElement\":[{\"@type\":\"ListItem\",\"position\":1,\"name\":\"Home\",\"item\":\"https:\/\/hudo.com\/si\/\"},{\"@type\":\"ListItem\",\"position\":2,\"name\":\"Na Hrva\u0161kem podalj\u0161ali veljavnost covidnih potrdil na eno leto\"}]},{\"@type\":\"WebSite\",\"@id\":\"https:\/\/hudo.com\/si\/#website\",\"url\":\"https:\/\/hudo.com\/si\/\",\"name\":\"Hudo Slovenija\",\"description\":\"Vse novice iz Slovenije in sveta\",\"publisher\":{\"@id\":\"https:\/\/hudo.com\/si\/#organization\"},\"potentialAction\":[{\"@type\":\"SearchAction\",\"target\":{\"@type\":\"EntryPoint\",\"urlTemplate\":\"https:\/\/hudo.com\/si\/?s={search_term_string}\"},\"query-input\":\"required name=search_term_string\"}],\"inLanguage\":\"sl-SI\"},{\"@type\":\"Organization\",\"@id\":\"https:\/\/hudo.com\/si\/#organization\",\"name\":\"VSN Media\",\"url\":\"https:\/\/hudo.com\/si\/\",\"logo\":{\"@type\":\"ImageObject\",\"inLanguage\":\"sl-SI\",\"@id\":\"https:\/\/hudo.com\/si\/#\/schema\/logo\/image\/\",\"url\":\"https:\/\/hudo.com\/si\/wp-content\/uploads\/sites\/2\/2021\/03\/hudo-app-2.png\",\"contentUrl\":\"https:\/\/hudo.com\/si\/wp-content\/uploads\/sites\/2\/2021\/03\/hudo-app-2.png\",\"width\":2185,\"height\":2167,\"caption\":\"VSN Media\"},\"image\":{\"@id\":\"https:\/\/hudo.com\/si\/#\/schema\/logo\/image\/\"},\"sameAs\":[\"https:\/\/www.facebook.com\/hudo.si\",\"https:\/\/twitter.com\/hudo_si\"]},{\"@type\":\"Person\",\"@id\":\"https:\/\/hudo.com\/si\/#\/schema\/person\/c2f10ce65d2e6ede2aeda5be2a0611fa\",\"name\":\"M. N., STA\",\"image\":{\"@type\":\"ImageObject\",\"inLanguage\":\"sl-SI\",\"@id\":\"https:\/\/hudo.com\/si\/#\/schema\/person\/image\/\",\"url\":\"https:\/\/secure.gravatar.com\/avatar\/f370d38daa10467f755c5c766a4cac20?s=96&d=mm&r=g\",\"contentUrl\":\"https:\/\/secure.gravatar.com\/avatar\/f370d38daa10467f755c5c766a4cac20?s=96&d=mm&r=g\",\"caption\":\"M. N., STA\"},\"url\":\"https:\/\/hudo.com\/si\/author\/mana\/\"}]}<\/script>\n<!-- \/ Yoast SEO plugin. -->","yoast_head_json":{"title":"Na Hrva\u0161kem podalj\u0161ali veljavnost covidnih potrdil na eno leto - Hudo Slovenija","robots":{"index":"index","follow":"follow","max-snippet":"max-snippet:-1","max-image-preview":"max-image-preview:large","max-video-preview":"max-video-preview:-1"},"canonical":"https:\/\/hudo.com\/si\/aktualno\/svet\/na-hrvaskem-podaljsali-veljavnost-covidnih-potrdil-na-eno-leto\/","og_locale":"sl_SI","og_type":"article","og_title":"Na Hrva\u0161kem podalj\u0161ali veljavnost covidnih potrdil na eno leto - Hudo Slovenija","og_description":"Na priporo\u010dilo Hrva\u0161kega zavoda za javno zdravstvo (HZJZ) so na Hrva\u0161kem podalj\u0161ali veljavnost evropskega digitalnega covidnega potrdila z 270 na 365 dni, so objavili na spletni strani eudigitalnacovidpotvrda.hr.","og_url":"https:\/\/hudo.com\/si\/aktualno\/svet\/na-hrvaskem-podaljsali-veljavnost-covidnih-potrdil-na-eno-leto\/","og_site_name":"Hudo Slovenija","article_publisher":"https:\/\/www.facebook.com\/hudo.si","article_published_time":"2021-09-30T16:44:10+00:00","og_image":[{"width":1250,"height":833,"url":"https:\/\/hudo.com\/si\/wp-content\/uploads\/sites\/2\/2019\/10\/profimedia-0040303146.jpg","type":"image\/jpeg"}],"author":"M. N., STA","twitter_card":"summary_large_image","twitter_creator":"@hudo_si","twitter_site":"@hudo_si","twitter_misc":{"Written by":"M. N., STA","Est. reading time":"1 minuta"},"schema":{"@context":"https:\/\/schema.org","@graph":[{"@type":"Article","@id":"https:\/\/hudo.com\/si\/aktualno\/svet\/na-hrvaskem-podaljsali-veljavnost-covidnih-potrdil-na-eno-leto\/#article","isPartOf":{"@id":"https:\/\/hudo.com\/si\/aktualno\/svet\/na-hrvaskem-podaljsali-veljavnost-covidnih-potrdil-na-eno-leto\/"},"author":{"name":"M. N., STA","@id":"https:\/\/hudo.com\/si\/#\/schema\/person\/c2f10ce65d2e6ede2aeda5be2a0611fa"},"headline":"Na Hrva\u0161kem podalj\u0161ali veljavnost covidnih potrdil na eno leto","datePublished":"2021-09-30T16:44:10+00:00","dateModified":"2021-09-30T16:44:10+00:00","mainEntityOfPage":{"@id":"https:\/\/hudo.com\/si\/aktualno\/svet\/na-hrvaskem-podaljsali-veljavnost-covidnih-potrdil-na-eno-leto\/"},"wordCount":238,"publisher":{"@id":"https:\/\/hudo.com\/si\/#organization"},"keywords":["covidno potrdilo","hrva\u0161ka"],"articleSection":["Svet"],"inLanguage":"sl-SI"},{"@type":"WebPage","@id":"https:\/\/hudo.com\/si\/aktualno\/svet\/na-hrvaskem-podaljsali-veljavnost-covidnih-potrdil-na-eno-leto\/","url":"https:\/\/hudo.com\/si\/aktualno\/svet\/na-hrvaskem-podaljsali-veljavnost-covidnih-potrdil-na-eno-leto\/","name":"Na Hrva\u0161kem podalj\u0161ali veljavnost covidnih potrdil na eno leto - Hudo Slovenija","isPartOf":{"@id":"https:\/\/hudo.com\/si\/#website"},"datePublished":"2021-09-30T16:44:10+00:00","dateModified":"2021-09-30T16:44:10+00:00","breadcrumb":{"@id":"https:\/\/hudo.com\/si\/aktualno\/svet\/na-hrvaskem-podaljsali-veljavnost-covidnih-potrdil-na-eno-leto\/#breadcrumb"},"inLanguage":"sl-SI","potentialAction":[{"@type":"ReadAction","target":["https:\/\/hudo.com\/si\/aktualno\/svet\/na-hrvaskem-podaljsali-veljavnost-covidnih-potrdil-na-eno-leto\/"]}]},{"@type":"BreadcrumbList","@id":"https:\/\/hudo.com\/si\/aktualno\/svet\/na-hrvaskem-podaljsali-veljavnost-covidnih-potrdil-na-eno-leto\/#breadcrumb","itemListElement":[{"@type":"ListItem","position":1,"name":"Home","item":"https:\/\/hudo.com\/si\/"},{"@type":"ListItem","position":2,"name":"Na Hrva\u0161kem podalj\u0161ali veljavnost covidnih potrdil na eno leto"}]},{"@type":"WebSite","@id":"https:\/\/hudo.com\/si\/#website","url":"https:\/\/hudo.com\/si\/","name":"Hudo Slovenija","description":"Vse novice iz Slovenije in sveta","publisher":{"@id":"https:\/\/hudo.com\/si\/#organization"},"potentialAction":[{"@type":"SearchAction","target":{"@type":"EntryPoint","urlTemplate":"https:\/\/hudo.com\/si\/?s={search_term_string}"},"query-input":"required name=search_term_string"}],"inLanguage":"sl-SI"},{"@type":"Organization","@id":"https:\/\/hudo.com\/si\/#organization","name":"VSN Media","url":"https:\/\/hudo.com\/si\/","logo":{"@type":"ImageObject","inLanguage":"sl-SI","@id":"https:\/\/hudo.com\/si\/#\/schema\/logo\/image\/","url":"https:\/\/hudo.com\/si\/wp-content\/uploads\/sites\/2\/2021\/03\/hudo-app-2.png","contentUrl":"https:\/\/hudo.com\/si\/wp-content\/uploads\/sites\/2\/2021\/03\/hudo-app-2.png","width":2185,"height":2167,"caption":"VSN Media"},"image":{"@id":"https:\/\/hudo.com\/si\/#\/schema\/logo\/image\/"},"sameAs":["https:\/\/www.facebook.com\/hudo.si","https:\/\/twitter.com\/hudo_si"]},{"@type":"Person","@id":"https:\/\/hudo.com\/si\/#\/schema\/person\/c2f10ce65d2e6ede2aeda5be2a0611fa","name":"M. N., STA","image":{"@type":"ImageObject","inLanguage":"sl-SI","@id":"https:\/\/hudo.com\/si\/#\/schema\/person\/image\/","url":"https:\/\/secure.gravatar.com\/avatar\/f370d38daa10467f755c5c766a4cac20?s=96&d=mm&r=g","contentUrl":"https:\/\/secure.gravatar.com\/avatar\/f370d38daa10467f755c5c766a4cac20?s=96&d=mm&r=g","caption":"M. N., STA"},"url":"https:\/\/hudo.com\/si\/author\/mana\/"}]}},"amp_enabled":true,"_links":{"self":[{"href":"https:\/\/hudo.com\/si\/wp-json\/wp\/v2\/posts\/458640"}],"collection":[{"href":"https:\/\/hudo.com\/si\/wp-json\/wp\/v2\/posts"}],"about":[{"href":"https:\/\/hudo.com\/si\/wp-json\/wp\/v2\/types\/post"}],"author":[{"embeddable":true,"href":"https:\/\/hudo.com\/si\/wp-json\/wp\/v2\/users\/8"}],"replies":[{"embeddable":true,"href":"https:\/\/hudo.com\/si\/wp-json\/wp\/v2\/comments?post=458640"}],"version-history":[{"count":1,"href":"https:\/\/hudo.com\/si\/wp-json\/wp\/v2\/posts\/458640\/revisions"}],"predecessor-version":[{"id":458641,"href":"https:\/\/hudo.com\/si\/wp-json\/wp\/v2\/posts\/458640\/revisions\/458641"}],"wp:featuredmedia":[{"embeddable":true,"href":"https:\/\/hudo.com\/si\/wp-json\/wp\/v2\/media\/409347"}],"wp:attachment":[{"href":"https:\/\/hudo.com\/si\/wp-json\/wp\/v2\/media?parent=458640"}],"wp:term":[{"taxonomy":"category","embeddable":true,"href":"https:\/\/hudo.com\/si\/wp-json\/wp\/v2\/categories?post=458640"},{"taxonomy":"post_tag","embeddable":true,"href":"https:\/\/hudo.com\/si\/wp-json\/wp\/v2\/tags?post=458640"},{"taxonomy":"source","embeddable":true,"href":"https:\/\/hudo.com\/si\/wp-json\/wp\/v2\/source?post=458640"},{"taxonomy":"supertag","embeddable":true,"href":"https:\/\/hudo.com\/si\/wp-json\/wp\/v2\/supertag?post=458640"}],"curies":[{"name":"wp","href":"https:\/\/api.w.org\/{rel}","templated":true}]}}