{"id":458698,"date":"2021-10-01T10:24:53","date_gmt":"2021-10-01T08:24:53","guid":{"rendered":"https:\/\/hudo.com\/si\/2021\/10\/01\/strokovnjaki-s-podrocja-vesoljskih-tehnologij-in-okolja-v-ljubljani-razpravljajo-o-prihodnosti\/"},"modified":"2021-10-01T10:24:53","modified_gmt":"2021-10-01T08:24:53","slug":"strokovnjaki-s-podrocja-vesoljskih-tehnologij-in-okolja-v-ljubljani-razpravljajo-o-prihodnosti","status":"publish","type":"post","link":"https:\/\/hudo.com\/si\/lifestyle\/strokovnjaki-s-podrocja-vesoljskih-tehnologij-in-okolja-v-ljubljani-razpravljajo-o-prihodnosti\/","title":{"rendered":"Strokovnjaki s podro\u010dja vesoljskih tehnologij in okolja v Ljubljani razpravljajo o prihodnosti"},"content":{"rendered":"<figure>\n\t\t\t\t\t<img loading=\"lazy\" decoding=\"async\" width=\"660\" height=\"320\" src=\"image\/gif;base64,R0lGODlhAQABAAAAACH5BAEKAAEALAAAAAABAAEAAAICTAEAOw==\" class=\"lazyload\" data-src=\"https:\/\/moski.hudo.com\/wp-content\/uploads\/2021\/10\/profimedia-0634748983-320x155.jpg\" data-srcset=\"https:\/\/moski.hudo.com\/wp-content\/uploads\/2021\/10\/profimedia-0634748983-660x320.jpg 660w,https:\/\/moski.hudo.com\/wp-content\/uploads\/2021\/10\/profimedia-0634748983-320x155.jpg 330w\" \/><figcaption>Vesoljski teleskop James Webb (JWST oz. Webb) \/ Profimedia<\/figcaption><\/figure>\n<p>Namen konference, ki se je v organizaciji ministrstva za gospodarski razvoj in tehnologijo ter Evropske vesoljske agencije (ESA) za\u010dela v \u010detrtek, poteka pa \u0161e danes, je predstavitev uporabe vesoljske tehnologije pri soo\u010danju s podnebnimi spremembami in posledicami zdravstvene krize, ki je vplivala na gospodarski razvoj Slovenije in Evrope, so sporo\u010dili z ministrstva.<\/p>\n<p>&#8220;Podro\u010dje vesolja je vedno pomembnej\u0161e za re\u0161evanje najpomembnej\u0161ih okoljskih vpra\u0161anj, s katerimi se soo\u010da dana\u0161nja dru\u017eba, predvsem zaradi svojega globalnega obsega in vedno bolj pogostih, natan\u010dnih in raznolikih meritev, ki jih ponuja,&#8221; so zapisali in dodali, da je \u0161ele s pomo\u010djo globalnih meritev iz vesolja v celoti viden obseg sprememb okolja in njihove posledice na \u017eivljenje na Zemlji, zaradi hitrega razvoja pa lahko prav vesoljske tehnologije pomagajo tudi pri omejevanju posledic teh sprememb in njihovem re\u0161evanju.<\/p>\n<p>Na konferenci razpravljajo o okoljskih in regionalnih vpra\u0161anjih ter izvoznih trgih in digitalni transformaciji, predstavili so ekonomski u\u010dinek vesoljskih tehnologij in prilo\u017enosti, ki jih za majhne dr\u017eave in podjetja predstavlja podro\u010dje vesolja. Te\u017ei\u0161\u010de je na mednarodnem vidiku tega podro\u010dja in mo\u017enostih za povezovanje. Prav tako razpravljajo o digitalnem razvoju in razli\u010dnih aspektih digitalizacije gospodarstva.<\/p>\n<p>&#8220;Vesoljska tehnologija namre\u010d pomembno vpliva na digitalizacijo celotne dru\u017ebe, tako prek lastne digitalizacije kot prek ponudbe nekaterih digitalnih re\u0161itev kon\u010dnim uporabnikom. Digitalizacija poleg tega laj\u0161a vklju\u010ditev vesoljskih re\u0161itev v na\u0161a \u017eivljenja. Vesoljska tehnologija tako postaja neopazno vedno bolj povezana z na\u0161im vsakdanom,&#8221; pravijo na ministrstvu.<\/p>\n<p>Danes je potekalo tudi dvostransko sre\u010danje ministrice za izobra\u017eevanje, znanost in \u0161port Simone Kustec in dr\u017eavnega sekretarja na ministrstvu za gospodarski razvoj in tehnologijo Simona Zajca z direktorjem ESA Josefom Aschbacherjem.<\/p>\n<p>&#8220;Pogovarjali smo se o prihodnjem sodelovanju in na\u010drtovali kar nekaj zavez za naprej. Celoten evropski vesoljski prostor predstavlja velik izziv tako za EU kot za vsako \u010dlanico,&#8221; je v izjavi za medije po sre\u010danju dejala Kuste\u010deva. Slovenija je po njenih besedah aktivna na vseh podro\u010djih in po svojih zmo\u017enostih sodeluje pri skupnem evropskem vesoljskem projektu, mo\u010dna je tako glede raziskovalnega kot izobra\u017eevalnega dela.<\/p>\n<p>Aschbacher je pohvalil delovanje Slovenije na tem podro\u010dju in njeno sodelovanje z ESA, kjer je pridru\u017eena \u010dlanica in je na poti k polnopravnemu \u010dlanstvu.<\/p>\n<p>Izpostavil je uspe\u0161no izstrelitev dveh slovenskih satelitov, Trisata in Nema HD. Glede slednjega je povedal, da je kakovost posnetkov, ki jih satelit po\u0161ilja, zelo dobra in da je satelit stabilen. Poudaril pa je tudi dobro delovanje slovenskih podjetij, ki se ukvarjajo s pretvorbo podatkov v informacijske produkte, in pomen dana\u0161njega odprtja t. i. \u010dlove\u0161ke centrifuge, ki omogo\u010da zdru\u017eitev medicinskih raziskav in simulacije mikrogravitacije, v Planici. To bo ob tistih v Nem\u010diji in Franciji \u0161ele tretja tovrstna naprava v Evropi.<\/p>\n<p>\u010clove\u0161ko centrifugo bo Institut Jo\u017eef Stefan (IJS) uporabljal pri raziskavah na podro\u010dju vesoljske fiziologije in medicine. Kot pravi ministrstvo, bodo raziskave pomembne tako za vesoljske odprave kot tudi za ljudi na Zemlji, saj bo raziskovalni program prispeval k ugotovitvam, pomembnim za plju\u010dne in sr\u010dne bolnike, ljudi z osteoporozo, \u010dezmerno telesno te\u017eo in podobno.<\/p>\n","protected":false},"excerpt":{"rendered":"<p>Strokovnjaki s podro\u010dja vesoljskih tehnologij, okolja in drugih panog na konferenci v Ljubljani razpravljajo o uporabi vesoljske tehnologije pri soo\u010danju s podnebnimi spremembami in posledicami zdravstvene krize, med drugim za zeleni in digitalni prehod. Hkrati bo IJS v Planici predstavil \u010dlove\u0161ko centrifugo, ki jo bo uporabljal pri raziskovanju.<\/p>\n","protected":false},"author":1,"featured_media":458699,"comment_status":"closed","ping_status":"closed","sticky":false,"template":"","format":"standard","meta":{"footnotes":""},"categories":[1091],"tags":[5388,2023,1645],"source":[1522,1518,1527],"supertag":[],"acf":[],"yoast_head":"<!-- This site is optimized with the Yoast SEO plugin v21.3 - https:\/\/yoast.com\/wordpress\/plugins\/seo\/ -->\n<title>Strokovnjaki s podro\u010dja vesoljskih tehnologij in okolja v Ljubljani razpravljajo o prihodnosti - Hudo Slovenija<\/title>\n<meta name=\"robots\" content=\"index, follow, max-snippet:-1, max-image-preview:large, max-video-preview:-1\" \/>\n<link rel=\"canonical\" href=\"https:\/\/hudo.com\/si\/lifestyle\/strokovnjaki-s-podrocja-vesoljskih-tehnologij-in-okolja-v-ljubljani-razpravljajo-o-prihodnosti\/\" \/>\n<meta property=\"og:locale\" content=\"sl_SI\" \/>\n<meta property=\"og:type\" content=\"article\" \/>\n<meta property=\"og:title\" content=\"Strokovnjaki s podro\u010dja vesoljskih tehnologij in okolja v Ljubljani razpravljajo o prihodnosti - Hudo Slovenija\" \/>\n<meta property=\"og:description\" content=\"Strokovnjaki s podro\u010dja vesoljskih tehnologij, okolja in drugih panog na konferenci v Ljubljani razpravljajo o uporabi vesoljske tehnologije pri soo\u010danju s podnebnimi spremembami in posledicami zdravstvene krize, med drugim za zeleni in digitalni prehod. Hkrati bo IJS v Planici predstavil \u010dlove\u0161ko centrifugo, ki jo bo uporabljal pri raziskovanju.\" \/>\n<meta property=\"og:url\" content=\"https:\/\/hudo.com\/si\/lifestyle\/strokovnjaki-s-podrocja-vesoljskih-tehnologij-in-okolja-v-ljubljani-razpravljajo-o-prihodnosti\/\" \/>\n<meta property=\"og:site_name\" content=\"Hudo Slovenija\" \/>\n<meta property=\"article:publisher\" content=\"https:\/\/www.facebook.com\/hudo.si\" \/>\n<meta property=\"article:published_time\" content=\"2021-10-01T08:24:53+00:00\" \/>\n<meta property=\"og:image\" content=\"https:\/\/hudo.com\/si\/wp-content\/uploads\/sites\/2\/2021\/10\/profimedia-0634748983.jpg\" \/>\n\t<meta property=\"og:image:width\" content=\"1250\" \/>\n\t<meta property=\"og:image:height\" content=\"1156\" \/>\n\t<meta property=\"og:image:type\" content=\"image\/jpeg\" \/>\n<meta name=\"author\" content=\"hudo\" \/>\n<meta name=\"twitter:card\" content=\"summary_large_image\" \/>\n<meta name=\"twitter:creator\" content=\"@hudo_si\" \/>\n<meta name=\"twitter:site\" content=\"@hudo_si\" \/>\n<meta name=\"twitter:label1\" content=\"Written by\" \/>\n\t<meta name=\"twitter:data1\" content=\"hudo\" \/>\n\t<meta name=\"twitter:label2\" content=\"Est. reading time\" \/>\n\t<meta name=\"twitter:data2\" content=\"3 minute\" \/>\n<script type=\"application\/ld+json\" class=\"yoast-schema-graph\">{\"@context\":\"https:\/\/schema.org\",\"@graph\":[{\"@type\":\"Article\",\"@id\":\"https:\/\/hudo.com\/si\/lifestyle\/strokovnjaki-s-podrocja-vesoljskih-tehnologij-in-okolja-v-ljubljani-razpravljajo-o-prihodnosti\/#article\",\"isPartOf\":{\"@id\":\"https:\/\/hudo.com\/si\/lifestyle\/strokovnjaki-s-podrocja-vesoljskih-tehnologij-in-okolja-v-ljubljani-razpravljajo-o-prihodnosti\/\"},\"author\":{\"name\":\"hudo\",\"@id\":\"https:\/\/hudo.com\/si\/#\/schema\/person\/601cf3379633985b20f7e50f2bb47707\"},\"headline\":\"Strokovnjaki s podro\u010dja vesoljskih tehnologij in okolja v Ljubljani razpravljajo o prihodnosti\",\"datePublished\":\"2021-10-01T08:24:53+00:00\",\"dateModified\":\"2021-10-01T08:24:53+00:00\",\"mainEntityOfPage\":{\"@id\":\"https:\/\/hudo.com\/si\/lifestyle\/strokovnjaki-s-podrocja-vesoljskih-tehnologij-in-okolja-v-ljubljani-razpravljajo-o-prihodnosti\/\"},\"wordCount\":555,\"publisher\":{\"@id\":\"https:\/\/hudo.com\/si\/#organization\"},\"keywords\":[\"ESA\",\"vesolje\",\"znanstvene zanimivosti\"],\"articleSection\":[\"Lifestyle\"],\"inLanguage\":\"sl-SI\"},{\"@type\":\"WebPage\",\"@id\":\"https:\/\/hudo.com\/si\/lifestyle\/strokovnjaki-s-podrocja-vesoljskih-tehnologij-in-okolja-v-ljubljani-razpravljajo-o-prihodnosti\/\",\"url\":\"https:\/\/hudo.com\/si\/lifestyle\/strokovnjaki-s-podrocja-vesoljskih-tehnologij-in-okolja-v-ljubljani-razpravljajo-o-prihodnosti\/\",\"name\":\"Strokovnjaki s podro\u010dja vesoljskih tehnologij in okolja v Ljubljani razpravljajo o prihodnosti - Hudo Slovenija\",\"isPartOf\":{\"@id\":\"https:\/\/hudo.com\/si\/#website\"},\"datePublished\":\"2021-10-01T08:24:53+00:00\",\"dateModified\":\"2021-10-01T08:24:53+00:00\",\"breadcrumb\":{\"@id\":\"https:\/\/hudo.com\/si\/lifestyle\/strokovnjaki-s-podrocja-vesoljskih-tehnologij-in-okolja-v-ljubljani-razpravljajo-o-prihodnosti\/#breadcrumb\"},\"inLanguage\":\"sl-SI\",\"potentialAction\":[{\"@type\":\"ReadAction\",\"target\":[\"https:\/\/hudo.com\/si\/lifestyle\/strokovnjaki-s-podrocja-vesoljskih-tehnologij-in-okolja-v-ljubljani-razpravljajo-o-prihodnosti\/\"]}]},{\"@type\":\"BreadcrumbList\",\"@id\":\"https:\/\/hudo.com\/si\/lifestyle\/strokovnjaki-s-podrocja-vesoljskih-tehnologij-in-okolja-v-ljubljani-razpravljajo-o-prihodnosti\/#breadcrumb\",\"itemListElement\":[{\"@type\":\"ListItem\",\"position\":1,\"name\":\"Home\",\"item\":\"https:\/\/hudo.com\/si\/\"},{\"@type\":\"ListItem\",\"position\":2,\"name\":\"Strokovnjaki s podro\u010dja vesoljskih tehnologij in okolja v Ljubljani razpravljajo o prihodnosti\"}]},{\"@type\":\"WebSite\",\"@id\":\"https:\/\/hudo.com\/si\/#website\",\"url\":\"https:\/\/hudo.com\/si\/\",\"name\":\"Hudo Slovenija\",\"description\":\"Vse novice iz Slovenije in sveta\",\"publisher\":{\"@id\":\"https:\/\/hudo.com\/si\/#organization\"},\"potentialAction\":[{\"@type\":\"SearchAction\",\"target\":{\"@type\":\"EntryPoint\",\"urlTemplate\":\"https:\/\/hudo.com\/si\/?s={search_term_string}\"},\"query-input\":\"required name=search_term_string\"}],\"inLanguage\":\"sl-SI\"},{\"@type\":\"Organization\",\"@id\":\"https:\/\/hudo.com\/si\/#organization\",\"name\":\"VSN Media\",\"url\":\"https:\/\/hudo.com\/si\/\",\"logo\":{\"@type\":\"ImageObject\",\"inLanguage\":\"sl-SI\",\"@id\":\"https:\/\/hudo.com\/si\/#\/schema\/logo\/image\/\",\"url\":\"https:\/\/hudo.com\/si\/wp-content\/uploads\/sites\/2\/2021\/03\/hudo-app-2.png\",\"contentUrl\":\"https:\/\/hudo.com\/si\/wp-content\/uploads\/sites\/2\/2021\/03\/hudo-app-2.png\",\"width\":2185,\"height\":2167,\"caption\":\"VSN Media\"},\"image\":{\"@id\":\"https:\/\/hudo.com\/si\/#\/schema\/logo\/image\/\"},\"sameAs\":[\"https:\/\/www.facebook.com\/hudo.si\",\"https:\/\/twitter.com\/hudo_si\"]},{\"@type\":\"Person\",\"@id\":\"https:\/\/hudo.com\/si\/#\/schema\/person\/601cf3379633985b20f7e50f2bb47707\",\"name\":\"hudo\",\"image\":{\"@type\":\"ImageObject\",\"inLanguage\":\"sl-SI\",\"@id\":\"https:\/\/hudo.com\/si\/#\/schema\/person\/image\/\",\"url\":\"https:\/\/secure.gravatar.com\/avatar\/c4ca25fa72cace7a696b52ff5db9e095?s=96&d=mm&r=g\",\"contentUrl\":\"https:\/\/secure.gravatar.com\/avatar\/c4ca25fa72cace7a696b52ff5db9e095?s=96&d=mm&r=g\",\"caption\":\"hudo\"},\"url\":\"https:\/\/hudo.com\/si\/author\/hudo\/\"}]}<\/script>\n<!-- \/ Yoast SEO plugin. -->","yoast_head_json":{"title":"Strokovnjaki s podro\u010dja vesoljskih tehnologij in okolja v Ljubljani razpravljajo o prihodnosti - Hudo Slovenija","robots":{"index":"index","follow":"follow","max-snippet":"max-snippet:-1","max-image-preview":"max-image-preview:large","max-video-preview":"max-video-preview:-1"},"canonical":"https:\/\/hudo.com\/si\/lifestyle\/strokovnjaki-s-podrocja-vesoljskih-tehnologij-in-okolja-v-ljubljani-razpravljajo-o-prihodnosti\/","og_locale":"sl_SI","og_type":"article","og_title":"Strokovnjaki s podro\u010dja vesoljskih tehnologij in okolja v Ljubljani razpravljajo o prihodnosti - Hudo Slovenija","og_description":"Strokovnjaki s podro\u010dja vesoljskih tehnologij, okolja in drugih panog na konferenci v Ljubljani razpravljajo o uporabi vesoljske tehnologije pri soo\u010danju s podnebnimi spremembami in posledicami zdravstvene krize, med drugim za zeleni in digitalni prehod. Hkrati bo IJS v Planici predstavil \u010dlove\u0161ko centrifugo, ki jo bo uporabljal pri raziskovanju.","og_url":"https:\/\/hudo.com\/si\/lifestyle\/strokovnjaki-s-podrocja-vesoljskih-tehnologij-in-okolja-v-ljubljani-razpravljajo-o-prihodnosti\/","og_site_name":"Hudo Slovenija","article_publisher":"https:\/\/www.facebook.com\/hudo.si","article_published_time":"2021-10-01T08:24:53+00:00","og_image":[{"width":1250,"height":1156,"url":"https:\/\/hudo.com\/si\/wp-content\/uploads\/sites\/2\/2021\/10\/profimedia-0634748983.jpg","type":"image\/jpeg"}],"author":"hudo","twitter_card":"summary_large_image","twitter_creator":"@hudo_si","twitter_site":"@hudo_si","twitter_misc":{"Written by":"hudo","Est. reading time":"3 minute"},"schema":{"@context":"https:\/\/schema.org","@graph":[{"@type":"Article","@id":"https:\/\/hudo.com\/si\/lifestyle\/strokovnjaki-s-podrocja-vesoljskih-tehnologij-in-okolja-v-ljubljani-razpravljajo-o-prihodnosti\/#article","isPartOf":{"@id":"https:\/\/hudo.com\/si\/lifestyle\/strokovnjaki-s-podrocja-vesoljskih-tehnologij-in-okolja-v-ljubljani-razpravljajo-o-prihodnosti\/"},"author":{"name":"hudo","@id":"https:\/\/hudo.com\/si\/#\/schema\/person\/601cf3379633985b20f7e50f2bb47707"},"headline":"Strokovnjaki s podro\u010dja vesoljskih tehnologij in okolja v Ljubljani razpravljajo o prihodnosti","datePublished":"2021-10-01T08:24:53+00:00","dateModified":"2021-10-01T08:24:53+00:00","mainEntityOfPage":{"@id":"https:\/\/hudo.com\/si\/lifestyle\/strokovnjaki-s-podrocja-vesoljskih-tehnologij-in-okolja-v-ljubljani-razpravljajo-o-prihodnosti\/"},"wordCount":555,"publisher":{"@id":"https:\/\/hudo.com\/si\/#organization"},"keywords":["ESA","vesolje","znanstvene zanimivosti"],"articleSection":["Lifestyle"],"inLanguage":"sl-SI"},{"@type":"WebPage","@id":"https:\/\/hudo.com\/si\/lifestyle\/strokovnjaki-s-podrocja-vesoljskih-tehnologij-in-okolja-v-ljubljani-razpravljajo-o-prihodnosti\/","url":"https:\/\/hudo.com\/si\/lifestyle\/strokovnjaki-s-podrocja-vesoljskih-tehnologij-in-okolja-v-ljubljani-razpravljajo-o-prihodnosti\/","name":"Strokovnjaki s podro\u010dja vesoljskih tehnologij in okolja v Ljubljani razpravljajo o prihodnosti - Hudo Slovenija","isPartOf":{"@id":"https:\/\/hudo.com\/si\/#website"},"datePublished":"2021-10-01T08:24:53+00:00","dateModified":"2021-10-01T08:24:53+00:00","breadcrumb":{"@id":"https:\/\/hudo.com\/si\/lifestyle\/strokovnjaki-s-podrocja-vesoljskih-tehnologij-in-okolja-v-ljubljani-razpravljajo-o-prihodnosti\/#breadcrumb"},"inLanguage":"sl-SI","potentialAction":[{"@type":"ReadAction","target":["https:\/\/hudo.com\/si\/lifestyle\/strokovnjaki-s-podrocja-vesoljskih-tehnologij-in-okolja-v-ljubljani-razpravljajo-o-prihodnosti\/"]}]},{"@type":"BreadcrumbList","@id":"https:\/\/hudo.com\/si\/lifestyle\/strokovnjaki-s-podrocja-vesoljskih-tehnologij-in-okolja-v-ljubljani-razpravljajo-o-prihodnosti\/#breadcrumb","itemListElement":[{"@type":"ListItem","position":1,"name":"Home","item":"https:\/\/hudo.com\/si\/"},{"@type":"ListItem","position":2,"name":"Strokovnjaki s podro\u010dja vesoljskih tehnologij in okolja v Ljubljani razpravljajo o prihodnosti"}]},{"@type":"WebSite","@id":"https:\/\/hudo.com\/si\/#website","url":"https:\/\/hudo.com\/si\/","name":"Hudo Slovenija","description":"Vse novice iz Slovenije in sveta","publisher":{"@id":"https:\/\/hudo.com\/si\/#organization"},"potentialAction":[{"@type":"SearchAction","target":{"@type":"EntryPoint","urlTemplate":"https:\/\/hudo.com\/si\/?s={search_term_string}"},"query-input":"required name=search_term_string"}],"inLanguage":"sl-SI"},{"@type":"Organization","@id":"https:\/\/hudo.com\/si\/#organization","name":"VSN Media","url":"https:\/\/hudo.com\/si\/","logo":{"@type":"ImageObject","inLanguage":"sl-SI","@id":"https:\/\/hudo.com\/si\/#\/schema\/logo\/image\/","url":"https:\/\/hudo.com\/si\/wp-content\/uploads\/sites\/2\/2021\/03\/hudo-app-2.png","contentUrl":"https:\/\/hudo.com\/si\/wp-content\/uploads\/sites\/2\/2021\/03\/hudo-app-2.png","width":2185,"height":2167,"caption":"VSN Media"},"image":{"@id":"https:\/\/hudo.com\/si\/#\/schema\/logo\/image\/"},"sameAs":["https:\/\/www.facebook.com\/hudo.si","https:\/\/twitter.com\/hudo_si"]},{"@type":"Person","@id":"https:\/\/hudo.com\/si\/#\/schema\/person\/601cf3379633985b20f7e50f2bb47707","name":"hudo","image":{"@type":"ImageObject","inLanguage":"sl-SI","@id":"https:\/\/hudo.com\/si\/#\/schema\/person\/image\/","url":"https:\/\/secure.gravatar.com\/avatar\/c4ca25fa72cace7a696b52ff5db9e095?s=96&d=mm&r=g","contentUrl":"https:\/\/secure.gravatar.com\/avatar\/c4ca25fa72cace7a696b52ff5db9e095?s=96&d=mm&r=g","caption":"hudo"},"url":"https:\/\/hudo.com\/si\/author\/hudo\/"}]}},"amp_enabled":true,"_links":{"self":[{"href":"https:\/\/hudo.com\/si\/wp-json\/wp\/v2\/posts\/458698"}],"collection":[{"href":"https:\/\/hudo.com\/si\/wp-json\/wp\/v2\/posts"}],"about":[{"href":"https:\/\/hudo.com\/si\/wp-json\/wp\/v2\/types\/post"}],"author":[{"embeddable":true,"href":"https:\/\/hudo.com\/si\/wp-json\/wp\/v2\/users\/1"}],"replies":[{"embeddable":true,"href":"https:\/\/hudo.com\/si\/wp-json\/wp\/v2\/comments?post=458698"}],"version-history":[{"count":0,"href":"https:\/\/hudo.com\/si\/wp-json\/wp\/v2\/posts\/458698\/revisions"}],"wp:featuredmedia":[{"embeddable":true,"href":"https:\/\/hudo.com\/si\/wp-json\/wp\/v2\/media\/458699"}],"wp:attachment":[{"href":"https:\/\/hudo.com\/si\/wp-json\/wp\/v2\/media?parent=458698"}],"wp:term":[{"taxonomy":"category","embeddable":true,"href":"https:\/\/hudo.com\/si\/wp-json\/wp\/v2\/categories?post=458698"},{"taxonomy":"post_tag","embeddable":true,"href":"https:\/\/hudo.com\/si\/wp-json\/wp\/v2\/tags?post=458698"},{"taxonomy":"source","embeddable":true,"href":"https:\/\/hudo.com\/si\/wp-json\/wp\/v2\/source?post=458698"},{"taxonomy":"supertag","embeddable":true,"href":"https:\/\/hudo.com\/si\/wp-json\/wp\/v2\/supertag?post=458698"}],"curies":[{"name":"wp","href":"https:\/\/api.w.org\/{rel}","templated":true}]}}