{"id":458702,"date":"2021-10-01T12:19:54","date_gmt":"2021-10-01T10:19:54","guid":{"rendered":"https:\/\/hudo.com\/si\/2021\/10\/01\/v-planici-odprli-vesoljski-laboratorij\/"},"modified":"2021-10-01T12:19:54","modified_gmt":"2021-10-01T10:19:54","slug":"v-planici-odprli-vesoljski-laboratorij","status":"publish","type":"post","link":"https:\/\/hudo.com\/si\/lifestyle\/v-planici-odprli-vesoljski-laboratorij\/","title":{"rendered":"V Planici odprli vesoljski laboratorij"},"content":{"rendered":"<p><img loading=\"lazy\" decoding=\"async\" class=\"alignnone size-full wp-image-216379\" src=\"http:\/\/moski.hudo.com\/wp-content\/uploads\/2021\/10\/t613-1.jpg\" alt=\"\" width=\"800\" height=\"450\" \/><\/p>\n<p>Pogodbo o za\u010detku skupnega delovanja so na slovesnosti podpisali generalni direktor Evropske vesoljske agencije Josef Ascbacher, direktor Instituta Jo\u017eef Stefan (IJS) Bo\u0161tjan Zalar ter direktor Nordijskega centra Planica Franci Petek. Podpisu sta prisostvovala tudi ministrica za izobra\u017eevanje, znanost in \u0161port Simona Kustec ter dr\u017eavni sekretar na ministrstvu za gospodarski razvoj in tehnologijo Simon Zajc.<\/p>\n<p>Vzpostavitev laboratorija je v veliki meri plod dvajsetih let dela raziskovalcev Odseka za avtomatiko, biokibernetiko in robotiko IJS pod vodstvom Igorja Mekjavi\u010da.<\/p>\n<p>Zagon \u010dlove\u0161ke centrifuge in odprtje Laboratorija za gravitacijsko fiziologijo po navedbah IJS ponuja mo\u017enost prebojnih mednarodnih in interdisciplinarnih raziskav na tem podro\u010dju, ki bo privabila slovenske in tuje znanstvenike k sodelovanju na podro\u010dju vesoljske fiziologije in medicine. S tem bo slovensko znanje \u0161e bolj prisotno pri prihodnjem odkrivanju vesolja, poudarjajo.<\/p>\n","protected":false},"excerpt":{"rendered":"<p>V Nordijskem centru Planica so danes v sodelovanju z Evropsko vesoljsko agencijo ter ministrstvoma za znanost in za gospodarstvo zagnali t.i. \u010dlove\u0161ko centrifugo in tako odprli Laboratorij za gravitacijsko fiziologijo IJS. Laboratorij bo prispeval k raziskavam za ohranjanje zdravja in dobrega po\u010dutja astronavtov med prihodnjimi misijami v vesolje.<\/p>\n","protected":false},"author":1,"featured_media":458703,"comment_status":"closed","ping_status":"closed","sticky":false,"template":"","format":"standard","meta":{"footnotes":""},"categories":[1091],"tags":[7199,2023,1645],"source":[1522,1518,1527],"supertag":[],"acf":[],"yoast_head":"<!-- This site is optimized with the Yoast SEO plugin v21.3 - https:\/\/yoast.com\/wordpress\/plugins\/seo\/ -->\n<title>V Planici odprli vesoljski laboratorij - Hudo Slovenija<\/title>\n<meta name=\"robots\" content=\"index, follow, max-snippet:-1, max-image-preview:large, max-video-preview:-1\" \/>\n<link rel=\"canonical\" href=\"https:\/\/hudo.com\/si\/lifestyle\/v-planici-odprli-vesoljski-laboratorij\/\" \/>\n<meta property=\"og:locale\" content=\"sl_SI\" \/>\n<meta property=\"og:type\" content=\"article\" \/>\n<meta property=\"og:title\" content=\"V Planici odprli vesoljski laboratorij - Hudo Slovenija\" \/>\n<meta property=\"og:description\" content=\"V Nordijskem centru Planica so danes v sodelovanju z Evropsko vesoljsko agencijo ter ministrstvoma za znanost in za gospodarstvo zagnali t.i. \u010dlove\u0161ko centrifugo in tako odprli Laboratorij za gravitacijsko fiziologijo IJS. Laboratorij bo prispeval k raziskavam za ohranjanje zdravja in dobrega po\u010dutja astronavtov med prihodnjimi misijami v vesolje.\" \/>\n<meta property=\"og:url\" content=\"https:\/\/hudo.com\/si\/lifestyle\/v-planici-odprli-vesoljski-laboratorij\/\" \/>\n<meta property=\"og:site_name\" content=\"Hudo Slovenija\" \/>\n<meta property=\"article:publisher\" content=\"https:\/\/www.facebook.com\/hudo.si\" \/>\n<meta property=\"article:published_time\" content=\"2021-10-01T10:19:54+00:00\" \/>\n<meta property=\"og:image\" content=\"https:\/\/hudo.com\/si\/wp-content\/uploads\/sites\/2\/2021\/10\/t613-1.jpg\" \/>\n\t<meta property=\"og:image:width\" content=\"800\" \/>\n\t<meta property=\"og:image:height\" content=\"450\" \/>\n\t<meta property=\"og:image:type\" content=\"image\/jpeg\" \/>\n<meta name=\"author\" content=\"hudo\" \/>\n<meta name=\"twitter:card\" content=\"summary_large_image\" \/>\n<meta name=\"twitter:creator\" content=\"@hudo_si\" \/>\n<meta name=\"twitter:site\" content=\"@hudo_si\" \/>\n<meta name=\"twitter:label1\" content=\"Written by\" \/>\n\t<meta name=\"twitter:data1\" content=\"hudo\" \/>\n\t<meta name=\"twitter:label2\" content=\"Est. reading time\" \/>\n\t<meta name=\"twitter:data2\" content=\"1 minuta\" \/>\n<script type=\"application\/ld+json\" class=\"yoast-schema-graph\">{\"@context\":\"https:\/\/schema.org\",\"@graph\":[{\"@type\":\"Article\",\"@id\":\"https:\/\/hudo.com\/si\/lifestyle\/v-planici-odprli-vesoljski-laboratorij\/#article\",\"isPartOf\":{\"@id\":\"https:\/\/hudo.com\/si\/lifestyle\/v-planici-odprli-vesoljski-laboratorij\/\"},\"author\":{\"name\":\"hudo\",\"@id\":\"https:\/\/hudo.com\/si\/#\/schema\/person\/601cf3379633985b20f7e50f2bb47707\"},\"headline\":\"V Planici odprli vesoljski laboratorij\",\"datePublished\":\"2021-10-01T10:19:54+00:00\",\"dateModified\":\"2021-10-01T10:19:54+00:00\",\"mainEntityOfPage\":{\"@id\":\"https:\/\/hudo.com\/si\/lifestyle\/v-planici-odprli-vesoljski-laboratorij\/\"},\"wordCount\":141,\"publisher\":{\"@id\":\"https:\/\/hudo.com\/si\/#organization\"},\"keywords\":[\"Institut Jo\u017eef \u0160tefan\",\"vesolje\",\"znanstvene zanimivosti\"],\"articleSection\":[\"Lifestyle\"],\"inLanguage\":\"sl-SI\"},{\"@type\":\"WebPage\",\"@id\":\"https:\/\/hudo.com\/si\/lifestyle\/v-planici-odprli-vesoljski-laboratorij\/\",\"url\":\"https:\/\/hudo.com\/si\/lifestyle\/v-planici-odprli-vesoljski-laboratorij\/\",\"name\":\"V Planici odprli vesoljski laboratorij - Hudo Slovenija\",\"isPartOf\":{\"@id\":\"https:\/\/hudo.com\/si\/#website\"},\"datePublished\":\"2021-10-01T10:19:54+00:00\",\"dateModified\":\"2021-10-01T10:19:54+00:00\",\"breadcrumb\":{\"@id\":\"https:\/\/hudo.com\/si\/lifestyle\/v-planici-odprli-vesoljski-laboratorij\/#breadcrumb\"},\"inLanguage\":\"sl-SI\",\"potentialAction\":[{\"@type\":\"ReadAction\",\"target\":[\"https:\/\/hudo.com\/si\/lifestyle\/v-planici-odprli-vesoljski-laboratorij\/\"]}]},{\"@type\":\"BreadcrumbList\",\"@id\":\"https:\/\/hudo.com\/si\/lifestyle\/v-planici-odprli-vesoljski-laboratorij\/#breadcrumb\",\"itemListElement\":[{\"@type\":\"ListItem\",\"position\":1,\"name\":\"Home\",\"item\":\"https:\/\/hudo.com\/si\/\"},{\"@type\":\"ListItem\",\"position\":2,\"name\":\"V Planici odprli vesoljski laboratorij\"}]},{\"@type\":\"WebSite\",\"@id\":\"https:\/\/hudo.com\/si\/#website\",\"url\":\"https:\/\/hudo.com\/si\/\",\"name\":\"Hudo Slovenija\",\"description\":\"Vse novice iz Slovenije in sveta\",\"publisher\":{\"@id\":\"https:\/\/hudo.com\/si\/#organization\"},\"potentialAction\":[{\"@type\":\"SearchAction\",\"target\":{\"@type\":\"EntryPoint\",\"urlTemplate\":\"https:\/\/hudo.com\/si\/?s={search_term_string}\"},\"query-input\":\"required name=search_term_string\"}],\"inLanguage\":\"sl-SI\"},{\"@type\":\"Organization\",\"@id\":\"https:\/\/hudo.com\/si\/#organization\",\"name\":\"VSN Media\",\"url\":\"https:\/\/hudo.com\/si\/\",\"logo\":{\"@type\":\"ImageObject\",\"inLanguage\":\"sl-SI\",\"@id\":\"https:\/\/hudo.com\/si\/#\/schema\/logo\/image\/\",\"url\":\"https:\/\/hudo.com\/si\/wp-content\/uploads\/sites\/2\/2021\/03\/hudo-app-2.png\",\"contentUrl\":\"https:\/\/hudo.com\/si\/wp-content\/uploads\/sites\/2\/2021\/03\/hudo-app-2.png\",\"width\":2185,\"height\":2167,\"caption\":\"VSN Media\"},\"image\":{\"@id\":\"https:\/\/hudo.com\/si\/#\/schema\/logo\/image\/\"},\"sameAs\":[\"https:\/\/www.facebook.com\/hudo.si\",\"https:\/\/twitter.com\/hudo_si\"]},{\"@type\":\"Person\",\"@id\":\"https:\/\/hudo.com\/si\/#\/schema\/person\/601cf3379633985b20f7e50f2bb47707\",\"name\":\"hudo\",\"image\":{\"@type\":\"ImageObject\",\"inLanguage\":\"sl-SI\",\"@id\":\"https:\/\/hudo.com\/si\/#\/schema\/person\/image\/\",\"url\":\"https:\/\/secure.gravatar.com\/avatar\/c4ca25fa72cace7a696b52ff5db9e095?s=96&d=mm&r=g\",\"contentUrl\":\"https:\/\/secure.gravatar.com\/avatar\/c4ca25fa72cace7a696b52ff5db9e095?s=96&d=mm&r=g\",\"caption\":\"hudo\"},\"url\":\"https:\/\/hudo.com\/si\/author\/hudo\/\"}]}<\/script>\n<!-- \/ Yoast SEO plugin. -->","yoast_head_json":{"title":"V Planici odprli vesoljski laboratorij - Hudo Slovenija","robots":{"index":"index","follow":"follow","max-snippet":"max-snippet:-1","max-image-preview":"max-image-preview:large","max-video-preview":"max-video-preview:-1"},"canonical":"https:\/\/hudo.com\/si\/lifestyle\/v-planici-odprli-vesoljski-laboratorij\/","og_locale":"sl_SI","og_type":"article","og_title":"V Planici odprli vesoljski laboratorij - Hudo Slovenija","og_description":"V Nordijskem centru Planica so danes v sodelovanju z Evropsko vesoljsko agencijo ter ministrstvoma za znanost in za gospodarstvo zagnali t.i. \u010dlove\u0161ko centrifugo in tako odprli Laboratorij za gravitacijsko fiziologijo IJS. Laboratorij bo prispeval k raziskavam za ohranjanje zdravja in dobrega po\u010dutja astronavtov med prihodnjimi misijami v vesolje.","og_url":"https:\/\/hudo.com\/si\/lifestyle\/v-planici-odprli-vesoljski-laboratorij\/","og_site_name":"Hudo Slovenija","article_publisher":"https:\/\/www.facebook.com\/hudo.si","article_published_time":"2021-10-01T10:19:54+00:00","og_image":[{"width":800,"height":450,"url":"https:\/\/hudo.com\/si\/wp-content\/uploads\/sites\/2\/2021\/10\/t613-1.jpg","type":"image\/jpeg"}],"author":"hudo","twitter_card":"summary_large_image","twitter_creator":"@hudo_si","twitter_site":"@hudo_si","twitter_misc":{"Written by":"hudo","Est. reading time":"1 minuta"},"schema":{"@context":"https:\/\/schema.org","@graph":[{"@type":"Article","@id":"https:\/\/hudo.com\/si\/lifestyle\/v-planici-odprli-vesoljski-laboratorij\/#article","isPartOf":{"@id":"https:\/\/hudo.com\/si\/lifestyle\/v-planici-odprli-vesoljski-laboratorij\/"},"author":{"name":"hudo","@id":"https:\/\/hudo.com\/si\/#\/schema\/person\/601cf3379633985b20f7e50f2bb47707"},"headline":"V Planici odprli vesoljski laboratorij","datePublished":"2021-10-01T10:19:54+00:00","dateModified":"2021-10-01T10:19:54+00:00","mainEntityOfPage":{"@id":"https:\/\/hudo.com\/si\/lifestyle\/v-planici-odprli-vesoljski-laboratorij\/"},"wordCount":141,"publisher":{"@id":"https:\/\/hudo.com\/si\/#organization"},"keywords":["Institut Jo\u017eef \u0160tefan","vesolje","znanstvene zanimivosti"],"articleSection":["Lifestyle"],"inLanguage":"sl-SI"},{"@type":"WebPage","@id":"https:\/\/hudo.com\/si\/lifestyle\/v-planici-odprli-vesoljski-laboratorij\/","url":"https:\/\/hudo.com\/si\/lifestyle\/v-planici-odprli-vesoljski-laboratorij\/","name":"V Planici odprli vesoljski laboratorij - Hudo Slovenija","isPartOf":{"@id":"https:\/\/hudo.com\/si\/#website"},"datePublished":"2021-10-01T10:19:54+00:00","dateModified":"2021-10-01T10:19:54+00:00","breadcrumb":{"@id":"https:\/\/hudo.com\/si\/lifestyle\/v-planici-odprli-vesoljski-laboratorij\/#breadcrumb"},"inLanguage":"sl-SI","potentialAction":[{"@type":"ReadAction","target":["https:\/\/hudo.com\/si\/lifestyle\/v-planici-odprli-vesoljski-laboratorij\/"]}]},{"@type":"BreadcrumbList","@id":"https:\/\/hudo.com\/si\/lifestyle\/v-planici-odprli-vesoljski-laboratorij\/#breadcrumb","itemListElement":[{"@type":"ListItem","position":1,"name":"Home","item":"https:\/\/hudo.com\/si\/"},{"@type":"ListItem","position":2,"name":"V Planici odprli vesoljski laboratorij"}]},{"@type":"WebSite","@id":"https:\/\/hudo.com\/si\/#website","url":"https:\/\/hudo.com\/si\/","name":"Hudo Slovenija","description":"Vse novice iz Slovenije in sveta","publisher":{"@id":"https:\/\/hudo.com\/si\/#organization"},"potentialAction":[{"@type":"SearchAction","target":{"@type":"EntryPoint","urlTemplate":"https:\/\/hudo.com\/si\/?s={search_term_string}"},"query-input":"required name=search_term_string"}],"inLanguage":"sl-SI"},{"@type":"Organization","@id":"https:\/\/hudo.com\/si\/#organization","name":"VSN Media","url":"https:\/\/hudo.com\/si\/","logo":{"@type":"ImageObject","inLanguage":"sl-SI","@id":"https:\/\/hudo.com\/si\/#\/schema\/logo\/image\/","url":"https:\/\/hudo.com\/si\/wp-content\/uploads\/sites\/2\/2021\/03\/hudo-app-2.png","contentUrl":"https:\/\/hudo.com\/si\/wp-content\/uploads\/sites\/2\/2021\/03\/hudo-app-2.png","width":2185,"height":2167,"caption":"VSN Media"},"image":{"@id":"https:\/\/hudo.com\/si\/#\/schema\/logo\/image\/"},"sameAs":["https:\/\/www.facebook.com\/hudo.si","https:\/\/twitter.com\/hudo_si"]},{"@type":"Person","@id":"https:\/\/hudo.com\/si\/#\/schema\/person\/601cf3379633985b20f7e50f2bb47707","name":"hudo","image":{"@type":"ImageObject","inLanguage":"sl-SI","@id":"https:\/\/hudo.com\/si\/#\/schema\/person\/image\/","url":"https:\/\/secure.gravatar.com\/avatar\/c4ca25fa72cace7a696b52ff5db9e095?s=96&d=mm&r=g","contentUrl":"https:\/\/secure.gravatar.com\/avatar\/c4ca25fa72cace7a696b52ff5db9e095?s=96&d=mm&r=g","caption":"hudo"},"url":"https:\/\/hudo.com\/si\/author\/hudo\/"}]}},"amp_enabled":true,"_links":{"self":[{"href":"https:\/\/hudo.com\/si\/wp-json\/wp\/v2\/posts\/458702"}],"collection":[{"href":"https:\/\/hudo.com\/si\/wp-json\/wp\/v2\/posts"}],"about":[{"href":"https:\/\/hudo.com\/si\/wp-json\/wp\/v2\/types\/post"}],"author":[{"embeddable":true,"href":"https:\/\/hudo.com\/si\/wp-json\/wp\/v2\/users\/1"}],"replies":[{"embeddable":true,"href":"https:\/\/hudo.com\/si\/wp-json\/wp\/v2\/comments?post=458702"}],"version-history":[{"count":0,"href":"https:\/\/hudo.com\/si\/wp-json\/wp\/v2\/posts\/458702\/revisions"}],"wp:featuredmedia":[{"embeddable":true,"href":"https:\/\/hudo.com\/si\/wp-json\/wp\/v2\/media\/458703"}],"wp:attachment":[{"href":"https:\/\/hudo.com\/si\/wp-json\/wp\/v2\/media?parent=458702"}],"wp:term":[{"taxonomy":"category","embeddable":true,"href":"https:\/\/hudo.com\/si\/wp-json\/wp\/v2\/categories?post=458702"},{"taxonomy":"post_tag","embeddable":true,"href":"https:\/\/hudo.com\/si\/wp-json\/wp\/v2\/tags?post=458702"},{"taxonomy":"source","embeddable":true,"href":"https:\/\/hudo.com\/si\/wp-json\/wp\/v2\/source?post=458702"},{"taxonomy":"supertag","embeddable":true,"href":"https:\/\/hudo.com\/si\/wp-json\/wp\/v2\/supertag?post=458702"}],"curies":[{"name":"wp","href":"https:\/\/api.w.org\/{rel}","templated":true}]}}