{"id":458720,"date":"2021-10-02T11:21:48","date_gmt":"2021-10-02T09:21:48","guid":{"rendered":"https:\/\/hudo.com\/si\/?p=458720"},"modified":"2021-10-02T11:21:48","modified_gmt":"2021-10-02T09:21:48","slug":"filipinski-predsednik-duterte-napovedal-upokojitev-in-tako-odprl-politicno-pot-svoji-hcerki","status":"publish","type":"post","link":"https:\/\/hudo.com\/si\/aktualno\/svet\/filipinski-predsednik-duterte-napovedal-upokojitev-in-tako-odprl-politicno-pot-svoji-hcerki\/","title":{"rendered":"Filipinski predsednik Duterte napovedal upokojitev in tako odprl politi\u010dno pot svoji h\u010derki"},"content":{"rendered":"<p>Duterte, ki si je prislu\u017eil vzdevek Filipinski Trump, se v skladu z ustavnimi dolo\u010dili ne sme potegovati \u0161e za en predsedni\u0161ki mandat, \u010deprav \u0161e vedno u\u017eiva visoko zaupanje kot pred petimi leti, ko se je na polo\u017eaj predsednika povzpel z obljubami o izkoreninjenju mamil v dr\u017eavi.<\/p>\n<p>Se je pa ugibalo, da bi lahko kandidiral za podpredsednika in na ta na\u010din \u0161e naprej krojil filipinsko politiko. To je avgusta nakazal tudi sam.<\/p>\n<p>Kritiki so menili, da se bi sku\u0161al na ta na\u010din izogniti morebitnemu kazenskemu pregonu po koncu mandata. Njegova vojna proti prekup\u010devalcem z mamili je bila namre\u010d zaradi spornih metod in kr\u0161itev \u010dlovekovih pravic dele\u017ena \u0161tevilnih kritik, tako doma kot v svetu. Po navedbah organizacij za varstvo \u010dlovekovih pravic je bilo ubitih ve\u010d deset tiso\u010d ljudi. Preiskavo je spro\u017eilo celo Mednarodno kazensko sodi\u0161\u010de (ICC).<\/p>\n<p>A Duterte je zdaj zavrnil mo\u017enost, da bi kandidiral za podpredsednika. Kot je dejal, bi \u0161lo za izigravanje ustave in zakonov. Zato se je odlo\u010dil za politi\u010dno upokojitev. To pa je presenetljivo oznanil na pred uradom, kjer so vsi mislili, da bo vlo\u017eil kandidaturo, navaja AFP.<\/p>\n<p>Zdaj filipinska javnost pri\u010dakuje, koga bo ozna\u010dil za najbolj\u0161ega kandidata, ki naj bi ga nasledil na polo\u017eaju predsednika dr\u017eave. Mnogi opazovalci \u017ee napovedujejo, da bo to njegova h\u010der Sara, ki je sicer \u017ee na \u010delu javnomnenjskih raziskav, ki merijo priljubljenost politikov v dr\u017eavi. In \u010de bi njegova h\u010di postala predsednica, bi bil prav tako za\u0161\u010diten pred morebitnim kazenskim pregonom, navaja AFP.<\/p>\n","protected":false},"excerpt":{"rendered":"<p>Filipinski predsednik Rodrigo Duterte je danes napovedal, da se bo upokojil in da se prihodnje leto na volitvah ne bo potegoval za politi\u010dni polo\u017eaj. Opazovalci sicer \u017ee ugibajo, da na ta na\u010din odpira pot svoji h\u010derki, da bi se potegovala za predsedni\u0161ki polo\u017eaj, poro\u010da francoska tiskovna agencija AFP.<\/p>\n","protected":false},"author":8,"featured_media":458721,"comment_status":"closed","ping_status":"closed","sticky":false,"template":"","format":"standard","meta":{"footnotes":""},"categories":[18202],"tags":[3848,5396],"source":[4511],"supertag":[],"acf":[],"yoast_head":"<!-- This site is optimized with the Yoast SEO plugin v21.3 - https:\/\/yoast.com\/wordpress\/plugins\/seo\/ -->\n<title>Filipinski predsednik Duterte napovedal upokojitev in tako odprl politi\u010dno pot svoji h\u010derki - Hudo Slovenija<\/title>\n<meta name=\"robots\" content=\"index, follow, max-snippet:-1, max-image-preview:large, max-video-preview:-1\" \/>\n<link rel=\"canonical\" href=\"https:\/\/hudo.com\/si\/aktualno\/svet\/filipinski-predsednik-duterte-napovedal-upokojitev-in-tako-odprl-politicno-pot-svoji-hcerki\/\" \/>\n<meta property=\"og:locale\" content=\"sl_SI\" \/>\n<meta property=\"og:type\" content=\"article\" \/>\n<meta property=\"og:title\" content=\"Filipinski predsednik Duterte napovedal upokojitev in tako odprl politi\u010dno pot svoji h\u010derki - Hudo Slovenija\" \/>\n<meta property=\"og:description\" content=\"Filipinski predsednik Rodrigo Duterte je danes napovedal, da se bo upokojil in da se prihodnje leto na volitvah ne bo potegoval za politi\u010dni polo\u017eaj. Opazovalci sicer \u017ee ugibajo, da na ta na\u010din odpira pot svoji h\u010derki, da bi se potegovala za predsedni\u0161ki polo\u017eaj, poro\u010da francoska tiskovna agencija AFP.\" \/>\n<meta property=\"og:url\" content=\"https:\/\/hudo.com\/si\/aktualno\/svet\/filipinski-predsednik-duterte-napovedal-upokojitev-in-tako-odprl-politicno-pot-svoji-hcerki\/\" \/>\n<meta property=\"og:site_name\" content=\"Hudo Slovenija\" \/>\n<meta property=\"article:publisher\" content=\"https:\/\/www.facebook.com\/hudo.si\" \/>\n<meta property=\"article:published_time\" content=\"2021-10-02T09:21:48+00:00\" \/>\n<meta property=\"og:image\" content=\"https:\/\/hudo.com\/si\/wp-content\/uploads\/sites\/2\/2021\/10\/profimedia-0475035680.jpg\" \/>\n\t<meta property=\"og:image:width\" content=\"1250\" \/>\n\t<meta property=\"og:image:height\" content=\"833\" \/>\n\t<meta property=\"og:image:type\" content=\"image\/jpeg\" \/>\n<meta name=\"author\" content=\"M. N., STA\" \/>\n<meta name=\"twitter:card\" content=\"summary_large_image\" \/>\n<meta name=\"twitter:creator\" content=\"@hudo_si\" \/>\n<meta name=\"twitter:site\" content=\"@hudo_si\" \/>\n<meta name=\"twitter:label1\" content=\"Written by\" \/>\n\t<meta name=\"twitter:data1\" content=\"M. N., STA\" \/>\n\t<meta name=\"twitter:label2\" content=\"Est. reading time\" \/>\n\t<meta name=\"twitter:data2\" content=\"1 minuta\" \/>\n<script type=\"application\/ld+json\" class=\"yoast-schema-graph\">{\"@context\":\"https:\/\/schema.org\",\"@graph\":[{\"@type\":\"Article\",\"@id\":\"https:\/\/hudo.com\/si\/aktualno\/svet\/filipinski-predsednik-duterte-napovedal-upokojitev-in-tako-odprl-politicno-pot-svoji-hcerki\/#article\",\"isPartOf\":{\"@id\":\"https:\/\/hudo.com\/si\/aktualno\/svet\/filipinski-predsednik-duterte-napovedal-upokojitev-in-tako-odprl-politicno-pot-svoji-hcerki\/\"},\"author\":{\"name\":\"M. N., STA\",\"@id\":\"https:\/\/hudo.com\/si\/#\/schema\/person\/c2f10ce65d2e6ede2aeda5be2a0611fa\"},\"headline\":\"Filipinski predsednik Duterte napovedal upokojitev in tako odprl politi\u010dno pot svoji h\u010derki\",\"datePublished\":\"2021-10-02T09:21:48+00:00\",\"dateModified\":\"2021-10-02T09:21:48+00:00\",\"mainEntityOfPage\":{\"@id\":\"https:\/\/hudo.com\/si\/aktualno\/svet\/filipinski-predsednik-duterte-napovedal-upokojitev-in-tako-odprl-politicno-pot-svoji-hcerki\/\"},\"wordCount\":282,\"publisher\":{\"@id\":\"https:\/\/hudo.com\/si\/#organization\"},\"keywords\":[\"Filipini\",\"Rodrigo Duterte\"],\"articleSection\":[\"Svet\"],\"inLanguage\":\"sl-SI\"},{\"@type\":\"WebPage\",\"@id\":\"https:\/\/hudo.com\/si\/aktualno\/svet\/filipinski-predsednik-duterte-napovedal-upokojitev-in-tako-odprl-politicno-pot-svoji-hcerki\/\",\"url\":\"https:\/\/hudo.com\/si\/aktualno\/svet\/filipinski-predsednik-duterte-napovedal-upokojitev-in-tako-odprl-politicno-pot-svoji-hcerki\/\",\"name\":\"Filipinski predsednik Duterte napovedal upokojitev in tako odprl politi\u010dno pot svoji h\u010derki - Hudo Slovenija\",\"isPartOf\":{\"@id\":\"https:\/\/hudo.com\/si\/#website\"},\"datePublished\":\"2021-10-02T09:21:48+00:00\",\"dateModified\":\"2021-10-02T09:21:48+00:00\",\"breadcrumb\":{\"@id\":\"https:\/\/hudo.com\/si\/aktualno\/svet\/filipinski-predsednik-duterte-napovedal-upokojitev-in-tako-odprl-politicno-pot-svoji-hcerki\/#breadcrumb\"},\"inLanguage\":\"sl-SI\",\"potentialAction\":[{\"@type\":\"ReadAction\",\"target\":[\"https:\/\/hudo.com\/si\/aktualno\/svet\/filipinski-predsednik-duterte-napovedal-upokojitev-in-tako-odprl-politicno-pot-svoji-hcerki\/\"]}]},{\"@type\":\"BreadcrumbList\",\"@id\":\"https:\/\/hudo.com\/si\/aktualno\/svet\/filipinski-predsednik-duterte-napovedal-upokojitev-in-tako-odprl-politicno-pot-svoji-hcerki\/#breadcrumb\",\"itemListElement\":[{\"@type\":\"ListItem\",\"position\":1,\"name\":\"Home\",\"item\":\"https:\/\/hudo.com\/si\/\"},{\"@type\":\"ListItem\",\"position\":2,\"name\":\"Filipinski predsednik Duterte napovedal upokojitev in tako odprl politi\u010dno pot svoji h\u010derki\"}]},{\"@type\":\"WebSite\",\"@id\":\"https:\/\/hudo.com\/si\/#website\",\"url\":\"https:\/\/hudo.com\/si\/\",\"name\":\"Hudo Slovenija\",\"description\":\"Vse novice iz Slovenije in sveta\",\"publisher\":{\"@id\":\"https:\/\/hudo.com\/si\/#organization\"},\"potentialAction\":[{\"@type\":\"SearchAction\",\"target\":{\"@type\":\"EntryPoint\",\"urlTemplate\":\"https:\/\/hudo.com\/si\/?s={search_term_string}\"},\"query-input\":\"required name=search_term_string\"}],\"inLanguage\":\"sl-SI\"},{\"@type\":\"Organization\",\"@id\":\"https:\/\/hudo.com\/si\/#organization\",\"name\":\"VSN Media\",\"url\":\"https:\/\/hudo.com\/si\/\",\"logo\":{\"@type\":\"ImageObject\",\"inLanguage\":\"sl-SI\",\"@id\":\"https:\/\/hudo.com\/si\/#\/schema\/logo\/image\/\",\"url\":\"https:\/\/hudo.com\/si\/wp-content\/uploads\/sites\/2\/2021\/03\/hudo-app-2.png\",\"contentUrl\":\"https:\/\/hudo.com\/si\/wp-content\/uploads\/sites\/2\/2021\/03\/hudo-app-2.png\",\"width\":2185,\"height\":2167,\"caption\":\"VSN Media\"},\"image\":{\"@id\":\"https:\/\/hudo.com\/si\/#\/schema\/logo\/image\/\"},\"sameAs\":[\"https:\/\/www.facebook.com\/hudo.si\",\"https:\/\/twitter.com\/hudo_si\"]},{\"@type\":\"Person\",\"@id\":\"https:\/\/hudo.com\/si\/#\/schema\/person\/c2f10ce65d2e6ede2aeda5be2a0611fa\",\"name\":\"M. N., STA\",\"image\":{\"@type\":\"ImageObject\",\"inLanguage\":\"sl-SI\",\"@id\":\"https:\/\/hudo.com\/si\/#\/schema\/person\/image\/\",\"url\":\"https:\/\/secure.gravatar.com\/avatar\/f370d38daa10467f755c5c766a4cac20?s=96&d=mm&r=g\",\"contentUrl\":\"https:\/\/secure.gravatar.com\/avatar\/f370d38daa10467f755c5c766a4cac20?s=96&d=mm&r=g\",\"caption\":\"M. N., STA\"},\"url\":\"https:\/\/hudo.com\/si\/author\/mana\/\"}]}<\/script>\n<!-- \/ Yoast SEO plugin. -->","yoast_head_json":{"title":"Filipinski predsednik Duterte napovedal upokojitev in tako odprl politi\u010dno pot svoji h\u010derki - Hudo Slovenija","robots":{"index":"index","follow":"follow","max-snippet":"max-snippet:-1","max-image-preview":"max-image-preview:large","max-video-preview":"max-video-preview:-1"},"canonical":"https:\/\/hudo.com\/si\/aktualno\/svet\/filipinski-predsednik-duterte-napovedal-upokojitev-in-tako-odprl-politicno-pot-svoji-hcerki\/","og_locale":"sl_SI","og_type":"article","og_title":"Filipinski predsednik Duterte napovedal upokojitev in tako odprl politi\u010dno pot svoji h\u010derki - Hudo Slovenija","og_description":"Filipinski predsednik Rodrigo Duterte je danes napovedal, da se bo upokojil in da se prihodnje leto na volitvah ne bo potegoval za politi\u010dni polo\u017eaj. Opazovalci sicer \u017ee ugibajo, da na ta na\u010din odpira pot svoji h\u010derki, da bi se potegovala za predsedni\u0161ki polo\u017eaj, poro\u010da francoska tiskovna agencija AFP.","og_url":"https:\/\/hudo.com\/si\/aktualno\/svet\/filipinski-predsednik-duterte-napovedal-upokojitev-in-tako-odprl-politicno-pot-svoji-hcerki\/","og_site_name":"Hudo Slovenija","article_publisher":"https:\/\/www.facebook.com\/hudo.si","article_published_time":"2021-10-02T09:21:48+00:00","og_image":[{"width":1250,"height":833,"url":"https:\/\/hudo.com\/si\/wp-content\/uploads\/sites\/2\/2021\/10\/profimedia-0475035680.jpg","type":"image\/jpeg"}],"author":"M. N., STA","twitter_card":"summary_large_image","twitter_creator":"@hudo_si","twitter_site":"@hudo_si","twitter_misc":{"Written by":"M. N., STA","Est. reading time":"1 minuta"},"schema":{"@context":"https:\/\/schema.org","@graph":[{"@type":"Article","@id":"https:\/\/hudo.com\/si\/aktualno\/svet\/filipinski-predsednik-duterte-napovedal-upokojitev-in-tako-odprl-politicno-pot-svoji-hcerki\/#article","isPartOf":{"@id":"https:\/\/hudo.com\/si\/aktualno\/svet\/filipinski-predsednik-duterte-napovedal-upokojitev-in-tako-odprl-politicno-pot-svoji-hcerki\/"},"author":{"name":"M. N., STA","@id":"https:\/\/hudo.com\/si\/#\/schema\/person\/c2f10ce65d2e6ede2aeda5be2a0611fa"},"headline":"Filipinski predsednik Duterte napovedal upokojitev in tako odprl politi\u010dno pot svoji h\u010derki","datePublished":"2021-10-02T09:21:48+00:00","dateModified":"2021-10-02T09:21:48+00:00","mainEntityOfPage":{"@id":"https:\/\/hudo.com\/si\/aktualno\/svet\/filipinski-predsednik-duterte-napovedal-upokojitev-in-tako-odprl-politicno-pot-svoji-hcerki\/"},"wordCount":282,"publisher":{"@id":"https:\/\/hudo.com\/si\/#organization"},"keywords":["Filipini","Rodrigo Duterte"],"articleSection":["Svet"],"inLanguage":"sl-SI"},{"@type":"WebPage","@id":"https:\/\/hudo.com\/si\/aktualno\/svet\/filipinski-predsednik-duterte-napovedal-upokojitev-in-tako-odprl-politicno-pot-svoji-hcerki\/","url":"https:\/\/hudo.com\/si\/aktualno\/svet\/filipinski-predsednik-duterte-napovedal-upokojitev-in-tako-odprl-politicno-pot-svoji-hcerki\/","name":"Filipinski predsednik Duterte napovedal upokojitev in tako odprl politi\u010dno pot svoji h\u010derki - Hudo Slovenija","isPartOf":{"@id":"https:\/\/hudo.com\/si\/#website"},"datePublished":"2021-10-02T09:21:48+00:00","dateModified":"2021-10-02T09:21:48+00:00","breadcrumb":{"@id":"https:\/\/hudo.com\/si\/aktualno\/svet\/filipinski-predsednik-duterte-napovedal-upokojitev-in-tako-odprl-politicno-pot-svoji-hcerki\/#breadcrumb"},"inLanguage":"sl-SI","potentialAction":[{"@type":"ReadAction","target":["https:\/\/hudo.com\/si\/aktualno\/svet\/filipinski-predsednik-duterte-napovedal-upokojitev-in-tako-odprl-politicno-pot-svoji-hcerki\/"]}]},{"@type":"BreadcrumbList","@id":"https:\/\/hudo.com\/si\/aktualno\/svet\/filipinski-predsednik-duterte-napovedal-upokojitev-in-tako-odprl-politicno-pot-svoji-hcerki\/#breadcrumb","itemListElement":[{"@type":"ListItem","position":1,"name":"Home","item":"https:\/\/hudo.com\/si\/"},{"@type":"ListItem","position":2,"name":"Filipinski predsednik Duterte napovedal upokojitev in tako odprl politi\u010dno pot svoji h\u010derki"}]},{"@type":"WebSite","@id":"https:\/\/hudo.com\/si\/#website","url":"https:\/\/hudo.com\/si\/","name":"Hudo Slovenija","description":"Vse novice iz Slovenije in sveta","publisher":{"@id":"https:\/\/hudo.com\/si\/#organization"},"potentialAction":[{"@type":"SearchAction","target":{"@type":"EntryPoint","urlTemplate":"https:\/\/hudo.com\/si\/?s={search_term_string}"},"query-input":"required name=search_term_string"}],"inLanguage":"sl-SI"},{"@type":"Organization","@id":"https:\/\/hudo.com\/si\/#organization","name":"VSN Media","url":"https:\/\/hudo.com\/si\/","logo":{"@type":"ImageObject","inLanguage":"sl-SI","@id":"https:\/\/hudo.com\/si\/#\/schema\/logo\/image\/","url":"https:\/\/hudo.com\/si\/wp-content\/uploads\/sites\/2\/2021\/03\/hudo-app-2.png","contentUrl":"https:\/\/hudo.com\/si\/wp-content\/uploads\/sites\/2\/2021\/03\/hudo-app-2.png","width":2185,"height":2167,"caption":"VSN Media"},"image":{"@id":"https:\/\/hudo.com\/si\/#\/schema\/logo\/image\/"},"sameAs":["https:\/\/www.facebook.com\/hudo.si","https:\/\/twitter.com\/hudo_si"]},{"@type":"Person","@id":"https:\/\/hudo.com\/si\/#\/schema\/person\/c2f10ce65d2e6ede2aeda5be2a0611fa","name":"M. N., STA","image":{"@type":"ImageObject","inLanguage":"sl-SI","@id":"https:\/\/hudo.com\/si\/#\/schema\/person\/image\/","url":"https:\/\/secure.gravatar.com\/avatar\/f370d38daa10467f755c5c766a4cac20?s=96&d=mm&r=g","contentUrl":"https:\/\/secure.gravatar.com\/avatar\/f370d38daa10467f755c5c766a4cac20?s=96&d=mm&r=g","caption":"M. N., STA"},"url":"https:\/\/hudo.com\/si\/author\/mana\/"}]}},"amp_enabled":true,"_links":{"self":[{"href":"https:\/\/hudo.com\/si\/wp-json\/wp\/v2\/posts\/458720"}],"collection":[{"href":"https:\/\/hudo.com\/si\/wp-json\/wp\/v2\/posts"}],"about":[{"href":"https:\/\/hudo.com\/si\/wp-json\/wp\/v2\/types\/post"}],"author":[{"embeddable":true,"href":"https:\/\/hudo.com\/si\/wp-json\/wp\/v2\/users\/8"}],"replies":[{"embeddable":true,"href":"https:\/\/hudo.com\/si\/wp-json\/wp\/v2\/comments?post=458720"}],"version-history":[{"count":1,"href":"https:\/\/hudo.com\/si\/wp-json\/wp\/v2\/posts\/458720\/revisions"}],"predecessor-version":[{"id":458722,"href":"https:\/\/hudo.com\/si\/wp-json\/wp\/v2\/posts\/458720\/revisions\/458722"}],"wp:featuredmedia":[{"embeddable":true,"href":"https:\/\/hudo.com\/si\/wp-json\/wp\/v2\/media\/458721"}],"wp:attachment":[{"href":"https:\/\/hudo.com\/si\/wp-json\/wp\/v2\/media?parent=458720"}],"wp:term":[{"taxonomy":"category","embeddable":true,"href":"https:\/\/hudo.com\/si\/wp-json\/wp\/v2\/categories?post=458720"},{"taxonomy":"post_tag","embeddable":true,"href":"https:\/\/hudo.com\/si\/wp-json\/wp\/v2\/tags?post=458720"},{"taxonomy":"source","embeddable":true,"href":"https:\/\/hudo.com\/si\/wp-json\/wp\/v2\/source?post=458720"},{"taxonomy":"supertag","embeddable":true,"href":"https:\/\/hudo.com\/si\/wp-json\/wp\/v2\/supertag?post=458720"}],"curies":[{"name":"wp","href":"https:\/\/api.w.org\/{rel}","templated":true}]}}