{"id":458757,"date":"2021-10-04T08:29:12","date_gmt":"2021-10-04T06:29:12","guid":{"rendered":"https:\/\/hudo.com\/si\/?p=458757"},"modified":"2021-10-04T08:29:12","modified_gmt":"2021-10-04T06:29:12","slug":"kishida-izvoljen-za-novega-japonskega-premierja","status":"publish","type":"post","link":"https:\/\/hudo.com\/si\/aktualno\/svet\/kishida-izvoljen-za-novega-japonskega-premierja\/","title":{"rendered":"Kishida izvoljen za novega japonskega premierja"},"content":{"rendered":"<p>&#8220;Ta zbornica imenuje gospoda Fumia Kishida za novega premierja,&#8221; je po glasovanju sporo\u010dil predsednik spodnjega doma japonskega parlamenta Tsadamori Oshima. Po glasovanju se je Kishida priklonil poslancem, ni jih pa nagovoril. Pred glasovanjem je novinarjem izjavil, da je pripravljen za ta vodilen polo\u017eaj, poro\u010da francoska tiskovna agencija AFP.<\/p>\n<p>&#8220;Menim, da bo to nov za\u010detek v pravem pomenu besede. Z mo\u010dno voljo se bom lotil izzivov in odlo\u010dno prispeval k podobi prihodnosti,&#8221; je dejal 64-letni Kishida, ki je na tem polo\u017eaju nasledil dosedanjega premierja Yoshihida Sugo.<\/p>\n<p>Novi japonski premier naj bi kmalu sporo\u010dil sestavo svoje vlade, v kateri naj bi polo\u017eaj ministra za zunanje zadeve in za obrambo po poro\u010danju lokalnih medijev obdr\u017eala dosedanja ministra Toshimitsu Motegi in Nobuo Kishi. Vodenje finan\u010dnega ministrstva naj bi prevzel Shunichi Suzuki, ki bo na tem polo\u017eaju nasledil svojega svaka Tara Asa.<\/p>\n<p>Po napovedih naj bi v novi japonski vladi bile tri \u017eenske, med njimi Seiko Noda, ki naj bi naslovila upadanje rodnosti na Japonskem. Noda se je sama neuspe\u0161no potegovala, da bi po odstopu Suge prevzela vodenje japonskih liberalnih demokratov (LDP). V vladi bosta tudi ministrici za cepljenje in digitalizacijo.<\/p>\n<p>Zmerni Kishida bo poleg premierskega polo\u017eaja ohranil polo\u017eaj predsednika LDP in bo tako stranko popeljal na splo\u0161ne volitve, ki naj bi bile novembra letos. Po navedbah lokalnih medijev naj bi novi japonski premier datum volitev prelo\u017eil na 31. oktober, kar je nekaj tednov prej, kot je bilo sprva pri\u010dakovano.<\/p>\n<p>Podpora javnosti LDP se je v \u010dasu Sugovega mandata zaradi pandemije covida-19 zni\u017eala. V zadnjih tednih na Japonskem zaradi uspe\u0161ne kampanje cepljenja proti covidu-19 \u0161tevilke novih oku\u017eb z novim koronavirusom upadajo, zaradi \u010desar so pred nekaj dnevi tudi odpravili izredne razmere v dr\u017eavi, poro\u010da nem\u0161ka tiskovna agencija dpa.<\/p>\n<p>Na Japonskem je trenutno proti covidu-19 cepljenih 60 odstotkov prebivalstva, vendar \u0161e naprej obstajajo bojazni, da bi lahko bil japonski zdravstveni sistem ponovno pod udarom, \u010de pride do novega vala oku\u017eb, dodaja AFP.<\/p>\n<p>Suga se je vodenju dr\u017eave in LDP odpovedal septembra, po vsega letu dni na polo\u017eaju, saj je postal tar\u010da ostrih kritik zaradi svojega upravljanja s pandemijo, \u0161e posebej zaradi med ljudmi nepriljubljene odlo\u010ditve, da Japonska kljub zdravstveni krizi gosti poletne olimpijske igre. Po odstopu Suge je vodenje LDP 29. septembra prevzel Kishida.<\/p>\n","protected":false},"excerpt":{"rendered":"<p>Japonski parlament je danes Fumia Kishido izvolil za novega japonskega premierja. Za Kishida je glasovalo 311 poslancev, 124 poslancev je svoj glas namenilo voditelju opozicije Yukio Edanu. Po pri\u010dakovanjih naj bi predsednik nove japonske vlade kmalu obelodanil sestavo vlade, v kateri bodo predvidoma tako stari kot novi obrazi.<\/p>\n","protected":false},"author":7,"featured_media":458758,"comment_status":"closed","ping_status":"closed","sticky":false,"template":"","format":"standard","meta":{"footnotes":""},"categories":[18202],"tags":[1587,3057],"source":[4511],"supertag":[6103],"acf":[],"yoast_head":"<!-- This site is optimized with the Yoast SEO plugin v21.3 - https:\/\/yoast.com\/wordpress\/plugins\/seo\/ -->\n<title>Kishida izvoljen za novega japonskega premierja - Hudo Slovenija<\/title>\n<meta name=\"robots\" content=\"index, follow, max-snippet:-1, max-image-preview:large, max-video-preview:-1\" \/>\n<link rel=\"canonical\" href=\"https:\/\/hudo.com\/si\/aktualno\/svet\/kishida-izvoljen-za-novega-japonskega-premierja\/\" \/>\n<meta property=\"og:locale\" content=\"sl_SI\" \/>\n<meta property=\"og:type\" content=\"article\" \/>\n<meta property=\"og:title\" content=\"Kishida izvoljen za novega japonskega premierja - Hudo Slovenija\" \/>\n<meta property=\"og:description\" content=\"Japonski parlament je danes Fumia Kishido izvolil za novega japonskega premierja. Za Kishida je glasovalo 311 poslancev, 124 poslancev je svoj glas namenilo voditelju opozicije Yukio Edanu. Po pri\u010dakovanjih naj bi predsednik nove japonske vlade kmalu obelodanil sestavo vlade, v kateri bodo predvidoma tako stari kot novi obrazi.\" \/>\n<meta property=\"og:url\" content=\"https:\/\/hudo.com\/si\/aktualno\/svet\/kishida-izvoljen-za-novega-japonskega-premierja\/\" \/>\n<meta property=\"og:site_name\" content=\"Hudo Slovenija\" \/>\n<meta property=\"article:publisher\" content=\"https:\/\/www.facebook.com\/hudo.si\" \/>\n<meta property=\"article:published_time\" content=\"2021-10-04T06:29:12+00:00\" \/>\n<meta property=\"og:image\" content=\"https:\/\/hudo.com\/si\/wp-content\/uploads\/sites\/2\/2021\/10\/profimedia-0636381076.jpg\" \/>\n\t<meta property=\"og:image:width\" content=\"1250\" \/>\n\t<meta property=\"og:image:height\" content=\"833\" \/>\n\t<meta property=\"og:image:type\" content=\"image\/jpeg\" \/>\n<meta name=\"author\" content=\"A. P., STA\" \/>\n<meta name=\"twitter:card\" content=\"summary_large_image\" \/>\n<meta name=\"twitter:creator\" content=\"@hudo_si\" \/>\n<meta name=\"twitter:site\" content=\"@hudo_si\" \/>\n<meta name=\"twitter:label1\" content=\"Written by\" \/>\n\t<meta name=\"twitter:data1\" content=\"A. P., STA\" \/>\n\t<meta name=\"twitter:label2\" content=\"Est. reading time\" \/>\n\t<meta name=\"twitter:data2\" content=\"2 minuti\" \/>\n<script type=\"application\/ld+json\" class=\"yoast-schema-graph\">{\"@context\":\"https:\/\/schema.org\",\"@graph\":[{\"@type\":\"Article\",\"@id\":\"https:\/\/hudo.com\/si\/aktualno\/svet\/kishida-izvoljen-za-novega-japonskega-premierja\/#article\",\"isPartOf\":{\"@id\":\"https:\/\/hudo.com\/si\/aktualno\/svet\/kishida-izvoljen-za-novega-japonskega-premierja\/\"},\"author\":{\"name\":\"A. P., STA\",\"@id\":\"https:\/\/hudo.com\/si\/#\/schema\/person\/18f09c02475ba9e606e941a565b80cff\"},\"headline\":\"Kishida izvoljen za novega japonskega premierja\",\"datePublished\":\"2021-10-04T06:29:12+00:00\",\"dateModified\":\"2021-10-04T06:29:12+00:00\",\"mainEntityOfPage\":{\"@id\":\"https:\/\/hudo.com\/si\/aktualno\/svet\/kishida-izvoljen-za-novega-japonskega-premierja\/\"},\"wordCount\":401,\"publisher\":{\"@id\":\"https:\/\/hudo.com\/si\/#organization\"},\"keywords\":[\"japonska\",\"politika\"],\"articleSection\":[\"Svet\"],\"inLanguage\":\"sl-SI\"},{\"@type\":\"WebPage\",\"@id\":\"https:\/\/hudo.com\/si\/aktualno\/svet\/kishida-izvoljen-za-novega-japonskega-premierja\/\",\"url\":\"https:\/\/hudo.com\/si\/aktualno\/svet\/kishida-izvoljen-za-novega-japonskega-premierja\/\",\"name\":\"Kishida izvoljen za novega japonskega premierja - Hudo Slovenija\",\"isPartOf\":{\"@id\":\"https:\/\/hudo.com\/si\/#website\"},\"datePublished\":\"2021-10-04T06:29:12+00:00\",\"dateModified\":\"2021-10-04T06:29:12+00:00\",\"breadcrumb\":{\"@id\":\"https:\/\/hudo.com\/si\/aktualno\/svet\/kishida-izvoljen-za-novega-japonskega-premierja\/#breadcrumb\"},\"inLanguage\":\"sl-SI\",\"potentialAction\":[{\"@type\":\"ReadAction\",\"target\":[\"https:\/\/hudo.com\/si\/aktualno\/svet\/kishida-izvoljen-za-novega-japonskega-premierja\/\"]}]},{\"@type\":\"BreadcrumbList\",\"@id\":\"https:\/\/hudo.com\/si\/aktualno\/svet\/kishida-izvoljen-za-novega-japonskega-premierja\/#breadcrumb\",\"itemListElement\":[{\"@type\":\"ListItem\",\"position\":1,\"name\":\"Home\",\"item\":\"https:\/\/hudo.com\/si\/\"},{\"@type\":\"ListItem\",\"position\":2,\"name\":\"Kishida izvoljen za novega japonskega premierja\"}]},{\"@type\":\"WebSite\",\"@id\":\"https:\/\/hudo.com\/si\/#website\",\"url\":\"https:\/\/hudo.com\/si\/\",\"name\":\"Hudo Slovenija\",\"description\":\"Vse novice iz Slovenije in sveta\",\"publisher\":{\"@id\":\"https:\/\/hudo.com\/si\/#organization\"},\"potentialAction\":[{\"@type\":\"SearchAction\",\"target\":{\"@type\":\"EntryPoint\",\"urlTemplate\":\"https:\/\/hudo.com\/si\/?s={search_term_string}\"},\"query-input\":\"required name=search_term_string\"}],\"inLanguage\":\"sl-SI\"},{\"@type\":\"Organization\",\"@id\":\"https:\/\/hudo.com\/si\/#organization\",\"name\":\"VSN Media\",\"url\":\"https:\/\/hudo.com\/si\/\",\"logo\":{\"@type\":\"ImageObject\",\"inLanguage\":\"sl-SI\",\"@id\":\"https:\/\/hudo.com\/si\/#\/schema\/logo\/image\/\",\"url\":\"https:\/\/hudo.com\/si\/wp-content\/uploads\/sites\/2\/2021\/03\/hudo-app-2.png\",\"contentUrl\":\"https:\/\/hudo.com\/si\/wp-content\/uploads\/sites\/2\/2021\/03\/hudo-app-2.png\",\"width\":2185,\"height\":2167,\"caption\":\"VSN Media\"},\"image\":{\"@id\":\"https:\/\/hudo.com\/si\/#\/schema\/logo\/image\/\"},\"sameAs\":[\"https:\/\/www.facebook.com\/hudo.si\",\"https:\/\/twitter.com\/hudo_si\"]},{\"@type\":\"Person\",\"@id\":\"https:\/\/hudo.com\/si\/#\/schema\/person\/18f09c02475ba9e606e941a565b80cff\",\"name\":\"A. P., STA\",\"image\":{\"@type\":\"ImageObject\",\"inLanguage\":\"sl-SI\",\"@id\":\"https:\/\/hudo.com\/si\/#\/schema\/person\/image\/\",\"url\":\"https:\/\/secure.gravatar.com\/avatar\/03eac8e609f5f04383125d80eaeaaf3e?s=96&d=mm&r=g\",\"contentUrl\":\"https:\/\/secure.gravatar.com\/avatar\/03eac8e609f5f04383125d80eaeaaf3e?s=96&d=mm&r=g\",\"caption\":\"A. P., STA\"},\"url\":\"https:\/\/hudo.com\/si\/author\/lubu\/\"}]}<\/script>\n<!-- \/ Yoast SEO plugin. -->","yoast_head_json":{"title":"Kishida izvoljen za novega japonskega premierja - Hudo Slovenija","robots":{"index":"index","follow":"follow","max-snippet":"max-snippet:-1","max-image-preview":"max-image-preview:large","max-video-preview":"max-video-preview:-1"},"canonical":"https:\/\/hudo.com\/si\/aktualno\/svet\/kishida-izvoljen-za-novega-japonskega-premierja\/","og_locale":"sl_SI","og_type":"article","og_title":"Kishida izvoljen za novega japonskega premierja - Hudo Slovenija","og_description":"Japonski parlament je danes Fumia Kishido izvolil za novega japonskega premierja. Za Kishida je glasovalo 311 poslancev, 124 poslancev je svoj glas namenilo voditelju opozicije Yukio Edanu. Po pri\u010dakovanjih naj bi predsednik nove japonske vlade kmalu obelodanil sestavo vlade, v kateri bodo predvidoma tako stari kot novi obrazi.","og_url":"https:\/\/hudo.com\/si\/aktualno\/svet\/kishida-izvoljen-za-novega-japonskega-premierja\/","og_site_name":"Hudo Slovenija","article_publisher":"https:\/\/www.facebook.com\/hudo.si","article_published_time":"2021-10-04T06:29:12+00:00","og_image":[{"width":1250,"height":833,"url":"https:\/\/hudo.com\/si\/wp-content\/uploads\/sites\/2\/2021\/10\/profimedia-0636381076.jpg","type":"image\/jpeg"}],"author":"A. P., STA","twitter_card":"summary_large_image","twitter_creator":"@hudo_si","twitter_site":"@hudo_si","twitter_misc":{"Written by":"A. P., STA","Est. reading time":"2 minuti"},"schema":{"@context":"https:\/\/schema.org","@graph":[{"@type":"Article","@id":"https:\/\/hudo.com\/si\/aktualno\/svet\/kishida-izvoljen-za-novega-japonskega-premierja\/#article","isPartOf":{"@id":"https:\/\/hudo.com\/si\/aktualno\/svet\/kishida-izvoljen-za-novega-japonskega-premierja\/"},"author":{"name":"A. P., STA","@id":"https:\/\/hudo.com\/si\/#\/schema\/person\/18f09c02475ba9e606e941a565b80cff"},"headline":"Kishida izvoljen za novega japonskega premierja","datePublished":"2021-10-04T06:29:12+00:00","dateModified":"2021-10-04T06:29:12+00:00","mainEntityOfPage":{"@id":"https:\/\/hudo.com\/si\/aktualno\/svet\/kishida-izvoljen-za-novega-japonskega-premierja\/"},"wordCount":401,"publisher":{"@id":"https:\/\/hudo.com\/si\/#organization"},"keywords":["japonska","politika"],"articleSection":["Svet"],"inLanguage":"sl-SI"},{"@type":"WebPage","@id":"https:\/\/hudo.com\/si\/aktualno\/svet\/kishida-izvoljen-za-novega-japonskega-premierja\/","url":"https:\/\/hudo.com\/si\/aktualno\/svet\/kishida-izvoljen-za-novega-japonskega-premierja\/","name":"Kishida izvoljen za novega japonskega premierja - Hudo Slovenija","isPartOf":{"@id":"https:\/\/hudo.com\/si\/#website"},"datePublished":"2021-10-04T06:29:12+00:00","dateModified":"2021-10-04T06:29:12+00:00","breadcrumb":{"@id":"https:\/\/hudo.com\/si\/aktualno\/svet\/kishida-izvoljen-za-novega-japonskega-premierja\/#breadcrumb"},"inLanguage":"sl-SI","potentialAction":[{"@type":"ReadAction","target":["https:\/\/hudo.com\/si\/aktualno\/svet\/kishida-izvoljen-za-novega-japonskega-premierja\/"]}]},{"@type":"BreadcrumbList","@id":"https:\/\/hudo.com\/si\/aktualno\/svet\/kishida-izvoljen-za-novega-japonskega-premierja\/#breadcrumb","itemListElement":[{"@type":"ListItem","position":1,"name":"Home","item":"https:\/\/hudo.com\/si\/"},{"@type":"ListItem","position":2,"name":"Kishida izvoljen za novega japonskega premierja"}]},{"@type":"WebSite","@id":"https:\/\/hudo.com\/si\/#website","url":"https:\/\/hudo.com\/si\/","name":"Hudo Slovenija","description":"Vse novice iz Slovenije in sveta","publisher":{"@id":"https:\/\/hudo.com\/si\/#organization"},"potentialAction":[{"@type":"SearchAction","target":{"@type":"EntryPoint","urlTemplate":"https:\/\/hudo.com\/si\/?s={search_term_string}"},"query-input":"required name=search_term_string"}],"inLanguage":"sl-SI"},{"@type":"Organization","@id":"https:\/\/hudo.com\/si\/#organization","name":"VSN Media","url":"https:\/\/hudo.com\/si\/","logo":{"@type":"ImageObject","inLanguage":"sl-SI","@id":"https:\/\/hudo.com\/si\/#\/schema\/logo\/image\/","url":"https:\/\/hudo.com\/si\/wp-content\/uploads\/sites\/2\/2021\/03\/hudo-app-2.png","contentUrl":"https:\/\/hudo.com\/si\/wp-content\/uploads\/sites\/2\/2021\/03\/hudo-app-2.png","width":2185,"height":2167,"caption":"VSN Media"},"image":{"@id":"https:\/\/hudo.com\/si\/#\/schema\/logo\/image\/"},"sameAs":["https:\/\/www.facebook.com\/hudo.si","https:\/\/twitter.com\/hudo_si"]},{"@type":"Person","@id":"https:\/\/hudo.com\/si\/#\/schema\/person\/18f09c02475ba9e606e941a565b80cff","name":"A. P., STA","image":{"@type":"ImageObject","inLanguage":"sl-SI","@id":"https:\/\/hudo.com\/si\/#\/schema\/person\/image\/","url":"https:\/\/secure.gravatar.com\/avatar\/03eac8e609f5f04383125d80eaeaaf3e?s=96&d=mm&r=g","contentUrl":"https:\/\/secure.gravatar.com\/avatar\/03eac8e609f5f04383125d80eaeaaf3e?s=96&d=mm&r=g","caption":"A. P., STA"},"url":"https:\/\/hudo.com\/si\/author\/lubu\/"}]}},"amp_enabled":true,"_links":{"self":[{"href":"https:\/\/hudo.com\/si\/wp-json\/wp\/v2\/posts\/458757"}],"collection":[{"href":"https:\/\/hudo.com\/si\/wp-json\/wp\/v2\/posts"}],"about":[{"href":"https:\/\/hudo.com\/si\/wp-json\/wp\/v2\/types\/post"}],"author":[{"embeddable":true,"href":"https:\/\/hudo.com\/si\/wp-json\/wp\/v2\/users\/7"}],"replies":[{"embeddable":true,"href":"https:\/\/hudo.com\/si\/wp-json\/wp\/v2\/comments?post=458757"}],"version-history":[{"count":1,"href":"https:\/\/hudo.com\/si\/wp-json\/wp\/v2\/posts\/458757\/revisions"}],"predecessor-version":[{"id":458759,"href":"https:\/\/hudo.com\/si\/wp-json\/wp\/v2\/posts\/458757\/revisions\/458759"}],"wp:featuredmedia":[{"embeddable":true,"href":"https:\/\/hudo.com\/si\/wp-json\/wp\/v2\/media\/458758"}],"wp:attachment":[{"href":"https:\/\/hudo.com\/si\/wp-json\/wp\/v2\/media?parent=458757"}],"wp:term":[{"taxonomy":"category","embeddable":true,"href":"https:\/\/hudo.com\/si\/wp-json\/wp\/v2\/categories?post=458757"},{"taxonomy":"post_tag","embeddable":true,"href":"https:\/\/hudo.com\/si\/wp-json\/wp\/v2\/tags?post=458757"},{"taxonomy":"source","embeddable":true,"href":"https:\/\/hudo.com\/si\/wp-json\/wp\/v2\/source?post=458757"},{"taxonomy":"supertag","embeddable":true,"href":"https:\/\/hudo.com\/si\/wp-json\/wp\/v2\/supertag?post=458757"}],"curies":[{"name":"wp","href":"https:\/\/api.w.org\/{rel}","templated":true}]}}