{"id":458768,"date":"2021-10-04T09:36:19","date_gmt":"2021-10-04T07:36:19","guid":{"rendered":"https:\/\/hudo.com\/si\/?p=458768"},"modified":"2021-10-04T09:36:19","modified_gmt":"2021-10-04T07:36:19","slug":"v-prometni-nesreci-umrl-karikaturist-ki-je-z-upodobitvijo-preroka-mohameda-sprozil-plaz-nasilja","status":"publish","type":"post","link":"https:\/\/hudo.com\/si\/aktualno\/svet\/v-prometni-nesreci-umrl-karikaturist-ki-je-z-upodobitvijo-preroka-mohameda-sprozil-plaz-nasilja\/","title":{"rendered":"V prometni nesre\u010di umrl karikaturist, ki je z upodobitvijo preroka Mohameda spro\u017eil plaz nasilja"},"content":{"rendered":"<p>V nesre\u010di sta umrla tudi dva policista, voznik tovornjaka pa je bil po\u0161kodovan, poro\u010dajo tuje tiskovne agencije.<\/p>\n<p>&#8220;Oseba, ki smo jo \u0161\u010ditili, in dva kolega so umrli v tej nepojmljivi in stra\u0161no \u017ealostni tragediji,&#8221; je po poro\u010danju francoske tiskovne agencije AFP dejala vodja regionalne policije Carina Persson. Obe vozili sta zagoreli, voznik tovornjaka pa je bil po podatkih policije hospitaliziran.<\/p>\n<p>Policija je sporo\u010dila, da \u0161e vedno ni jasno, kako je do tr\u010denja pri\u0161lo, vendar zaenkrat ni\u010d ne nakazuje, da bi bil vpleten \u0161e kdo, poro\u010da britanski BBC.<\/p>\n<p>75-letni Vilks je bil od leta 2007, ko so objavili njegovo karikaturo muslimanskega preroka Mohameda s pasjim telesom, pod stalno policijsko za\u0161\u010dito. Teroristi\u010dna mre\u017ea Al Kaida je za Vilksov umor ponudila 100.000 dolarjev nagrade. Pred tem je ostre proteste muslimanov po svetu leta 2005 spro\u017eil danski \u010dasnik Jyllands-Posten s svojo karikature preroka Mohameda.<\/p>\n<p>Vilksova upodobitev muslimanskega preroka je prav tako spro\u017eila diplomatska trenja. Takratni \u0161vedski premier Fredrik Reinfeldt se je sre\u010dal z veleposlaniki iz ve\u010d muslimanskih dr\u017eav, da bi omilil napetosti.<\/p>\n<p>Leta 2015 je Vilks pre\u017eivel napad s pi\u0161tolo na konferenci o svobodi govora v danskem Koebenhavnu, v kateri je umrl danski filmski re\u017eiser Finn Neergaard.<\/p>\n","protected":false},"excerpt":{"rendered":"<p>\u0160vedski umetnik Lars Vilks, ki je leta 2007 s karikaturo preroka Mohameda spro\u017eil ogor\u010denje med muslimani in od takrat zaradi gro\u017eenj \u017eivel pod policijsko za\u0161\u010dito, je v nedeljo umrl v prometni nesre\u010di. Vilks je potoval v neozna\u010denem policijskem vozilu, ki je tr\u010dilo v tovornjak blizu mesta Markaryd na jugu \u0160vedske.<\/p>\n","protected":false},"author":7,"featured_media":458769,"comment_status":"closed","ping_status":"closed","sticky":false,"template":"","format":"standard","meta":{"footnotes":""},"categories":[18202],"tags":[7402],"source":[4511],"supertag":[],"acf":[],"yoast_head":"<!-- This site is optimized with the Yoast SEO plugin v21.3 - https:\/\/yoast.com\/wordpress\/plugins\/seo\/ -->\n<title>V prometni nesre\u010di umrl karikaturist, ki je z upodobitvijo preroka Mohameda spro\u017eil plaz nasilja - Hudo Slovenija<\/title>\n<meta name=\"robots\" content=\"index, follow, max-snippet:-1, max-image-preview:large, max-video-preview:-1\" \/>\n<link rel=\"canonical\" href=\"https:\/\/hudo.com\/si\/aktualno\/svet\/v-prometni-nesreci-umrl-karikaturist-ki-je-z-upodobitvijo-preroka-mohameda-sprozil-plaz-nasilja\/\" \/>\n<meta property=\"og:locale\" content=\"sl_SI\" \/>\n<meta property=\"og:type\" content=\"article\" \/>\n<meta property=\"og:title\" content=\"V prometni nesre\u010di umrl karikaturist, ki je z upodobitvijo preroka Mohameda spro\u017eil plaz nasilja - Hudo Slovenija\" \/>\n<meta property=\"og:description\" content=\"\u0160vedski umetnik Lars Vilks, ki je leta 2007 s karikaturo preroka Mohameda spro\u017eil ogor\u010denje med muslimani in od takrat zaradi gro\u017eenj \u017eivel pod policijsko za\u0161\u010dito, je v nedeljo umrl v prometni nesre\u010di. Vilks je potoval v neozna\u010denem policijskem vozilu, ki je tr\u010dilo v tovornjak blizu mesta Markaryd na jugu \u0160vedske.\" \/>\n<meta property=\"og:url\" content=\"https:\/\/hudo.com\/si\/aktualno\/svet\/v-prometni-nesreci-umrl-karikaturist-ki-je-z-upodobitvijo-preroka-mohameda-sprozil-plaz-nasilja\/\" \/>\n<meta property=\"og:site_name\" content=\"Hudo Slovenija\" \/>\n<meta property=\"article:publisher\" content=\"https:\/\/www.facebook.com\/hudo.si\" \/>\n<meta property=\"article:published_time\" content=\"2021-10-04T07:36:19+00:00\" \/>\n<meta property=\"og:image\" content=\"https:\/\/hudo.com\/si\/wp-content\/uploads\/sites\/2\/2021\/10\/profimedia-0636351008.jpg\" \/>\n\t<meta property=\"og:image:width\" content=\"1250\" \/>\n\t<meta property=\"og:image:height\" content=\"831\" \/>\n\t<meta property=\"og:image:type\" content=\"image\/jpeg\" \/>\n<meta name=\"author\" content=\"A. P., STA\" \/>\n<meta name=\"twitter:card\" content=\"summary_large_image\" \/>\n<meta name=\"twitter:creator\" content=\"@hudo_si\" \/>\n<meta name=\"twitter:site\" content=\"@hudo_si\" \/>\n<meta name=\"twitter:label1\" content=\"Written by\" \/>\n\t<meta name=\"twitter:data1\" content=\"A. P., STA\" \/>\n\t<meta name=\"twitter:label2\" content=\"Est. reading time\" \/>\n\t<meta name=\"twitter:data2\" content=\"1 minuta\" \/>\n<script type=\"application\/ld+json\" class=\"yoast-schema-graph\">{\"@context\":\"https:\/\/schema.org\",\"@graph\":[{\"@type\":\"Article\",\"@id\":\"https:\/\/hudo.com\/si\/aktualno\/svet\/v-prometni-nesreci-umrl-karikaturist-ki-je-z-upodobitvijo-preroka-mohameda-sprozil-plaz-nasilja\/#article\",\"isPartOf\":{\"@id\":\"https:\/\/hudo.com\/si\/aktualno\/svet\/v-prometni-nesreci-umrl-karikaturist-ki-je-z-upodobitvijo-preroka-mohameda-sprozil-plaz-nasilja\/\"},\"author\":{\"name\":\"A. P., STA\",\"@id\":\"https:\/\/hudo.com\/si\/#\/schema\/person\/18f09c02475ba9e606e941a565b80cff\"},\"headline\":\"V prometni nesre\u010di umrl karikaturist, ki je z upodobitvijo preroka Mohameda spro\u017eil plaz nasilja\",\"datePublished\":\"2021-10-04T07:36:19+00:00\",\"dateModified\":\"2021-10-04T07:36:19+00:00\",\"mainEntityOfPage\":{\"@id\":\"https:\/\/hudo.com\/si\/aktualno\/svet\/v-prometni-nesreci-umrl-karikaturist-ki-je-z-upodobitvijo-preroka-mohameda-sprozil-plaz-nasilja\/\"},\"wordCount\":224,\"publisher\":{\"@id\":\"https:\/\/hudo.com\/si\/#organization\"},\"keywords\":[\"islamski skrajne\u017e\"],\"articleSection\":[\"Svet\"],\"inLanguage\":\"sl-SI\"},{\"@type\":\"WebPage\",\"@id\":\"https:\/\/hudo.com\/si\/aktualno\/svet\/v-prometni-nesreci-umrl-karikaturist-ki-je-z-upodobitvijo-preroka-mohameda-sprozil-plaz-nasilja\/\",\"url\":\"https:\/\/hudo.com\/si\/aktualno\/svet\/v-prometni-nesreci-umrl-karikaturist-ki-je-z-upodobitvijo-preroka-mohameda-sprozil-plaz-nasilja\/\",\"name\":\"V prometni nesre\u010di umrl karikaturist, ki je z upodobitvijo preroka Mohameda spro\u017eil plaz nasilja - Hudo Slovenija\",\"isPartOf\":{\"@id\":\"https:\/\/hudo.com\/si\/#website\"},\"datePublished\":\"2021-10-04T07:36:19+00:00\",\"dateModified\":\"2021-10-04T07:36:19+00:00\",\"breadcrumb\":{\"@id\":\"https:\/\/hudo.com\/si\/aktualno\/svet\/v-prometni-nesreci-umrl-karikaturist-ki-je-z-upodobitvijo-preroka-mohameda-sprozil-plaz-nasilja\/#breadcrumb\"},\"inLanguage\":\"sl-SI\",\"potentialAction\":[{\"@type\":\"ReadAction\",\"target\":[\"https:\/\/hudo.com\/si\/aktualno\/svet\/v-prometni-nesreci-umrl-karikaturist-ki-je-z-upodobitvijo-preroka-mohameda-sprozil-plaz-nasilja\/\"]}]},{\"@type\":\"BreadcrumbList\",\"@id\":\"https:\/\/hudo.com\/si\/aktualno\/svet\/v-prometni-nesreci-umrl-karikaturist-ki-je-z-upodobitvijo-preroka-mohameda-sprozil-plaz-nasilja\/#breadcrumb\",\"itemListElement\":[{\"@type\":\"ListItem\",\"position\":1,\"name\":\"Home\",\"item\":\"https:\/\/hudo.com\/si\/\"},{\"@type\":\"ListItem\",\"position\":2,\"name\":\"V prometni nesre\u010di umrl karikaturist, ki je z upodobitvijo preroka Mohameda spro\u017eil plaz nasilja\"}]},{\"@type\":\"WebSite\",\"@id\":\"https:\/\/hudo.com\/si\/#website\",\"url\":\"https:\/\/hudo.com\/si\/\",\"name\":\"Hudo Slovenija\",\"description\":\"Vse novice iz Slovenije in sveta\",\"publisher\":{\"@id\":\"https:\/\/hudo.com\/si\/#organization\"},\"potentialAction\":[{\"@type\":\"SearchAction\",\"target\":{\"@type\":\"EntryPoint\",\"urlTemplate\":\"https:\/\/hudo.com\/si\/?s={search_term_string}\"},\"query-input\":\"required name=search_term_string\"}],\"inLanguage\":\"sl-SI\"},{\"@type\":\"Organization\",\"@id\":\"https:\/\/hudo.com\/si\/#organization\",\"name\":\"VSN Media\",\"url\":\"https:\/\/hudo.com\/si\/\",\"logo\":{\"@type\":\"ImageObject\",\"inLanguage\":\"sl-SI\",\"@id\":\"https:\/\/hudo.com\/si\/#\/schema\/logo\/image\/\",\"url\":\"https:\/\/hudo.com\/si\/wp-content\/uploads\/sites\/2\/2021\/03\/hudo-app-2.png\",\"contentUrl\":\"https:\/\/hudo.com\/si\/wp-content\/uploads\/sites\/2\/2021\/03\/hudo-app-2.png\",\"width\":2185,\"height\":2167,\"caption\":\"VSN Media\"},\"image\":{\"@id\":\"https:\/\/hudo.com\/si\/#\/schema\/logo\/image\/\"},\"sameAs\":[\"https:\/\/www.facebook.com\/hudo.si\",\"https:\/\/twitter.com\/hudo_si\"]},{\"@type\":\"Person\",\"@id\":\"https:\/\/hudo.com\/si\/#\/schema\/person\/18f09c02475ba9e606e941a565b80cff\",\"name\":\"A. P., STA\",\"image\":{\"@type\":\"ImageObject\",\"inLanguage\":\"sl-SI\",\"@id\":\"https:\/\/hudo.com\/si\/#\/schema\/person\/image\/\",\"url\":\"https:\/\/secure.gravatar.com\/avatar\/03eac8e609f5f04383125d80eaeaaf3e?s=96&d=mm&r=g\",\"contentUrl\":\"https:\/\/secure.gravatar.com\/avatar\/03eac8e609f5f04383125d80eaeaaf3e?s=96&d=mm&r=g\",\"caption\":\"A. P., STA\"},\"url\":\"https:\/\/hudo.com\/si\/author\/lubu\/\"}]}<\/script>\n<!-- \/ Yoast SEO plugin. -->","yoast_head_json":{"title":"V prometni nesre\u010di umrl karikaturist, ki je z upodobitvijo preroka Mohameda spro\u017eil plaz nasilja - Hudo Slovenija","robots":{"index":"index","follow":"follow","max-snippet":"max-snippet:-1","max-image-preview":"max-image-preview:large","max-video-preview":"max-video-preview:-1"},"canonical":"https:\/\/hudo.com\/si\/aktualno\/svet\/v-prometni-nesreci-umrl-karikaturist-ki-je-z-upodobitvijo-preroka-mohameda-sprozil-plaz-nasilja\/","og_locale":"sl_SI","og_type":"article","og_title":"V prometni nesre\u010di umrl karikaturist, ki je z upodobitvijo preroka Mohameda spro\u017eil plaz nasilja - Hudo Slovenija","og_description":"\u0160vedski umetnik Lars Vilks, ki je leta 2007 s karikaturo preroka Mohameda spro\u017eil ogor\u010denje med muslimani in od takrat zaradi gro\u017eenj \u017eivel pod policijsko za\u0161\u010dito, je v nedeljo umrl v prometni nesre\u010di. Vilks je potoval v neozna\u010denem policijskem vozilu, ki je tr\u010dilo v tovornjak blizu mesta Markaryd na jugu \u0160vedske.","og_url":"https:\/\/hudo.com\/si\/aktualno\/svet\/v-prometni-nesreci-umrl-karikaturist-ki-je-z-upodobitvijo-preroka-mohameda-sprozil-plaz-nasilja\/","og_site_name":"Hudo Slovenija","article_publisher":"https:\/\/www.facebook.com\/hudo.si","article_published_time":"2021-10-04T07:36:19+00:00","og_image":[{"width":1250,"height":831,"url":"https:\/\/hudo.com\/si\/wp-content\/uploads\/sites\/2\/2021\/10\/profimedia-0636351008.jpg","type":"image\/jpeg"}],"author":"A. P., STA","twitter_card":"summary_large_image","twitter_creator":"@hudo_si","twitter_site":"@hudo_si","twitter_misc":{"Written by":"A. P., STA","Est. reading time":"1 minuta"},"schema":{"@context":"https:\/\/schema.org","@graph":[{"@type":"Article","@id":"https:\/\/hudo.com\/si\/aktualno\/svet\/v-prometni-nesreci-umrl-karikaturist-ki-je-z-upodobitvijo-preroka-mohameda-sprozil-plaz-nasilja\/#article","isPartOf":{"@id":"https:\/\/hudo.com\/si\/aktualno\/svet\/v-prometni-nesreci-umrl-karikaturist-ki-je-z-upodobitvijo-preroka-mohameda-sprozil-plaz-nasilja\/"},"author":{"name":"A. P., STA","@id":"https:\/\/hudo.com\/si\/#\/schema\/person\/18f09c02475ba9e606e941a565b80cff"},"headline":"V prometni nesre\u010di umrl karikaturist, ki je z upodobitvijo preroka Mohameda spro\u017eil plaz nasilja","datePublished":"2021-10-04T07:36:19+00:00","dateModified":"2021-10-04T07:36:19+00:00","mainEntityOfPage":{"@id":"https:\/\/hudo.com\/si\/aktualno\/svet\/v-prometni-nesreci-umrl-karikaturist-ki-je-z-upodobitvijo-preroka-mohameda-sprozil-plaz-nasilja\/"},"wordCount":224,"publisher":{"@id":"https:\/\/hudo.com\/si\/#organization"},"keywords":["islamski skrajne\u017e"],"articleSection":["Svet"],"inLanguage":"sl-SI"},{"@type":"WebPage","@id":"https:\/\/hudo.com\/si\/aktualno\/svet\/v-prometni-nesreci-umrl-karikaturist-ki-je-z-upodobitvijo-preroka-mohameda-sprozil-plaz-nasilja\/","url":"https:\/\/hudo.com\/si\/aktualno\/svet\/v-prometni-nesreci-umrl-karikaturist-ki-je-z-upodobitvijo-preroka-mohameda-sprozil-plaz-nasilja\/","name":"V prometni nesre\u010di umrl karikaturist, ki je z upodobitvijo preroka Mohameda spro\u017eil plaz nasilja - Hudo Slovenija","isPartOf":{"@id":"https:\/\/hudo.com\/si\/#website"},"datePublished":"2021-10-04T07:36:19+00:00","dateModified":"2021-10-04T07:36:19+00:00","breadcrumb":{"@id":"https:\/\/hudo.com\/si\/aktualno\/svet\/v-prometni-nesreci-umrl-karikaturist-ki-je-z-upodobitvijo-preroka-mohameda-sprozil-plaz-nasilja\/#breadcrumb"},"inLanguage":"sl-SI","potentialAction":[{"@type":"ReadAction","target":["https:\/\/hudo.com\/si\/aktualno\/svet\/v-prometni-nesreci-umrl-karikaturist-ki-je-z-upodobitvijo-preroka-mohameda-sprozil-plaz-nasilja\/"]}]},{"@type":"BreadcrumbList","@id":"https:\/\/hudo.com\/si\/aktualno\/svet\/v-prometni-nesreci-umrl-karikaturist-ki-je-z-upodobitvijo-preroka-mohameda-sprozil-plaz-nasilja\/#breadcrumb","itemListElement":[{"@type":"ListItem","position":1,"name":"Home","item":"https:\/\/hudo.com\/si\/"},{"@type":"ListItem","position":2,"name":"V prometni nesre\u010di umrl karikaturist, ki je z upodobitvijo preroka Mohameda spro\u017eil plaz nasilja"}]},{"@type":"WebSite","@id":"https:\/\/hudo.com\/si\/#website","url":"https:\/\/hudo.com\/si\/","name":"Hudo Slovenija","description":"Vse novice iz Slovenije in sveta","publisher":{"@id":"https:\/\/hudo.com\/si\/#organization"},"potentialAction":[{"@type":"SearchAction","target":{"@type":"EntryPoint","urlTemplate":"https:\/\/hudo.com\/si\/?s={search_term_string}"},"query-input":"required name=search_term_string"}],"inLanguage":"sl-SI"},{"@type":"Organization","@id":"https:\/\/hudo.com\/si\/#organization","name":"VSN Media","url":"https:\/\/hudo.com\/si\/","logo":{"@type":"ImageObject","inLanguage":"sl-SI","@id":"https:\/\/hudo.com\/si\/#\/schema\/logo\/image\/","url":"https:\/\/hudo.com\/si\/wp-content\/uploads\/sites\/2\/2021\/03\/hudo-app-2.png","contentUrl":"https:\/\/hudo.com\/si\/wp-content\/uploads\/sites\/2\/2021\/03\/hudo-app-2.png","width":2185,"height":2167,"caption":"VSN Media"},"image":{"@id":"https:\/\/hudo.com\/si\/#\/schema\/logo\/image\/"},"sameAs":["https:\/\/www.facebook.com\/hudo.si","https:\/\/twitter.com\/hudo_si"]},{"@type":"Person","@id":"https:\/\/hudo.com\/si\/#\/schema\/person\/18f09c02475ba9e606e941a565b80cff","name":"A. P., STA","image":{"@type":"ImageObject","inLanguage":"sl-SI","@id":"https:\/\/hudo.com\/si\/#\/schema\/person\/image\/","url":"https:\/\/secure.gravatar.com\/avatar\/03eac8e609f5f04383125d80eaeaaf3e?s=96&d=mm&r=g","contentUrl":"https:\/\/secure.gravatar.com\/avatar\/03eac8e609f5f04383125d80eaeaaf3e?s=96&d=mm&r=g","caption":"A. P., STA"},"url":"https:\/\/hudo.com\/si\/author\/lubu\/"}]}},"amp_enabled":true,"_links":{"self":[{"href":"https:\/\/hudo.com\/si\/wp-json\/wp\/v2\/posts\/458768"}],"collection":[{"href":"https:\/\/hudo.com\/si\/wp-json\/wp\/v2\/posts"}],"about":[{"href":"https:\/\/hudo.com\/si\/wp-json\/wp\/v2\/types\/post"}],"author":[{"embeddable":true,"href":"https:\/\/hudo.com\/si\/wp-json\/wp\/v2\/users\/7"}],"replies":[{"embeddable":true,"href":"https:\/\/hudo.com\/si\/wp-json\/wp\/v2\/comments?post=458768"}],"version-history":[{"count":1,"href":"https:\/\/hudo.com\/si\/wp-json\/wp\/v2\/posts\/458768\/revisions"}],"predecessor-version":[{"id":458770,"href":"https:\/\/hudo.com\/si\/wp-json\/wp\/v2\/posts\/458768\/revisions\/458770"}],"wp:featuredmedia":[{"embeddable":true,"href":"https:\/\/hudo.com\/si\/wp-json\/wp\/v2\/media\/458769"}],"wp:attachment":[{"href":"https:\/\/hudo.com\/si\/wp-json\/wp\/v2\/media?parent=458768"}],"wp:term":[{"taxonomy":"category","embeddable":true,"href":"https:\/\/hudo.com\/si\/wp-json\/wp\/v2\/categories?post=458768"},{"taxonomy":"post_tag","embeddable":true,"href":"https:\/\/hudo.com\/si\/wp-json\/wp\/v2\/tags?post=458768"},{"taxonomy":"source","embeddable":true,"href":"https:\/\/hudo.com\/si\/wp-json\/wp\/v2\/source?post=458768"},{"taxonomy":"supertag","embeddable":true,"href":"https:\/\/hudo.com\/si\/wp-json\/wp\/v2\/supertag?post=458768"}],"curies":[{"name":"wp","href":"https:\/\/api.w.org\/{rel}","templated":true}]}}