{"id":458781,"date":"2021-10-04T11:17:19","date_gmt":"2021-10-04T09:17:19","guid":{"rendered":"https:\/\/hudo.com\/si\/?p=458781"},"modified":"2021-10-04T11:17:19","modified_gmt":"2021-10-04T09:17:19","slug":"branko-cakarmis-podelil-zlati-gumb-obozevalci-sokirani-katastrofa-sramota-za-slovenijo-talent-se-isce","status":"publish","type":"post","link":"https:\/\/hudo.com\/si\/vip\/branko-cakarmis-podelil-zlati-gumb-obozevalci-sokirani-katastrofa-sramota-za-slovenijo-talent-se-isce\/","title":{"rendered":"Branko \u010cakarmi\u0161 podelil zlati gumb, obo\u017eevalci \u0161okirani: &#8220;Katastrofa! Sramota za Slovenijo, talent se i\u0161\u010de!&#8221;"},"content":{"rendered":"<p>Tudi v drugi avdicijski oddaji osme sezone \u0161ova Slovenija ima talent je bil podeljen zlati gumb. Tega je stisnil Branko \u010cakarmi\u0161, ki velja za zelo strogega \u017eiranta.<\/p>\n<h2>\u017delela poudariti, da je &#8216;drag&#8217; umetnost, saj \u017eeli pomagati LGBT+ skupnosti<\/h2>\n<p>Povsem ga je navdu\u0161ila &#8216;drag kraljica&#8217; oz. kraljica preobleke <strong>Jenna D,\u00a0<\/strong>ki je povsem odkrito priznala, da je Branko zanjo najlep\u0161i Slovenec. Zapela mu je pesem\u00a0<i>Can&#8217;t take my eyes of you<\/i>, \u017eelela pa si je le, da Branko ne odide iz dvorane do konca njenega nastopa.<\/p>\n<p>Ta \u017eelja si je tudi uresni\u010dila, dobila pa je \u0161e veliko ve\u010d &#8211; nekaj, kar verjetno ni upala niti v sanjah. Branko ne samo da ni zapustil dvorane, ampak ji je celo namenil zlati gumb in jo tako poslal direktno v polfinale.<\/p>\n<p><div class=\"embed-notice\">Za ogled vstavljene vsebine morate omogo\u010diti <a href=\"#\" onclick=\"Optanon.ToggleInfoDisplay()\">shranjevanje pi\u0161kotkov v napravi<\/a><\/div><iframe loading=\"lazy\" style=\"border: none; overflow: hidden;\"  class=\"optanon-category-C0002-C0003-C0004\" optanon-src=\"https:\/\/www.facebook.com\/plugins\/video.php?height=314&amp;href=https%3A%2F%2Fwww.facebook.com%2Fslovenija.ima.talent%2Fvideos%2F391180795989242%2F&amp;show_text=false&amp;width=560&amp;t=0\" width=\"560\" height=\"314\" frameborder=\"0\" scrolling=\"no\" allowfullscreen=\"allowfullscreen\"><\/iframe><\/p>\n<p>&#8220;To, da se izpostavi\u0161 na tak na\u010din v taki oddaji, to se mi zdi izjemno, pogumno,&#8221; je Branko opravi\u010dil svoj zlati gumb, s \u010dimer pa se nikakor ne strinjajo obo\u017eevalci oddaje Slovenija ima talent.<\/p>\n<p>&#8220;To pa je najve\u010dja sramota za Slovenija ima talent, ker sedaj bo nekdo, ki je bolj talentiran kot ta, izgubil prilo\u017enost, da se poka\u017ee, ker bo to mesto \u017ee zasedeno z manj talantirano to\u010dko. Posebna je, samo glasa pa niiimmmaaaa. SRAMOTA. Buuuuuuu&#8221;, &#8220;Talent se i\u0161\u010de&#8221;, &#8220;Katastrofa!&#8221;, &#8220;Nova oddaja: Slovenija NIMA talenta (o\u010ditno)&#8230; Kolko je talentov, ki garajo vsak dan, non stop trenirajo&#8230; Za bruhat oddaja&#8230;&#8221;, &#8220;Se strinjam, da je to pogum, talent pa niti pribli\u017eno NE! Ne vem ve\u010d, ali i\u0161\u010dejo pogum, ali talent? O\u010ditno pa Branko meni, da ima POP TV preve\u010d gledalcev, ker s takimi dejanji jih bodo kar precej izgubili! Tudi sama takih &#8216;talentov&#8217; ne bom ve\u010d gledala!&#8221;, &#8220;Jaz bom samo reko tak-spo\u0161tujem vse ljudi, narodnosti, vere&#8230;To ni bilo za zlati gumb, ker je to za pogum. Branko rahlo sem presene\u010den oziroma razo\u010daran nad tvojo odlo\u010ditvijo,&#8221; so se vrstili komentarji.<\/p>\n<p>\u0160tevilni so se namre\u010d strinjali, da bi si zlati gumb veliko bolj zaslu\u017eila zadnja dva tekmovalca. 14-letni plesalec\u00a0<strong>David Stojanovi\u0107<\/strong> iz \u0160kofljice, ki si \u017eeli postati svetovno znan koreograf in 13-letna pevka\u00a0<strong>Tina Pezdirec<\/strong> iz Metlike, ki je zapela znano Disneyjevo uspe\u0161nico. Oba sta navdu\u0161ila \u017eirijo in gledalce, ki so jima namenili stoje\u010de ovacije.<\/p>\n<p><div class=\"embed-notice\">Za ogled vstavljene vsebine morate omogo\u010diti <a href=\"#\" onclick=\"Optanon.ToggleInfoDisplay()\">shranjevanje pi\u0161kotkov v napravi<\/a><\/div><iframe loading=\"lazy\" style=\"border: none; overflow: hidden;\"  class=\"optanon-category-C0002-C0003-C0004\" optanon-src=\"https:\/\/www.facebook.com\/plugins\/video.php?height=308&amp;href=https%3A%2F%2Fwww.facebook.com%2Fslovenija.ima.talent%2Fvideos%2F201753312027394%2F&amp;show_text=false&amp;width=560&amp;t=0\" width=\"560\" height=\"308\" frameborder=\"0\" scrolling=\"no\" allowfullscreen=\"allowfullscreen\"><\/iframe><\/p>\n<p><div class=\"embed-notice\">Za ogled vstavljene vsebine morate omogo\u010diti <a href=\"#\" onclick=\"Optanon.ToggleInfoDisplay()\">shranjevanje pi\u0161kotkov v napravi<\/a><\/div><iframe loading=\"lazy\" style=\"border: none; overflow: hidden;\"  class=\"optanon-category-C0002-C0003-C0004\" optanon-src=\"https:\/\/www.facebook.com\/plugins\/video.php?height=310&amp;href=https%3A%2F%2Fwww.facebook.com%2Fslovenija.ima.talent%2Fvideos%2F1207446606444521%2F&amp;show_text=false&amp;width=560&amp;t=0\" width=\"560\" height=\"310\" frameborder=\"0\" scrolling=\"no\" allowfullscreen=\"allowfullscreen\"><\/iframe><\/p>\n<p>Kaj pa mislite vi, kdo si je bolj zaslu\u017eil zlati gumb?<\/p>\n","protected":false},"excerpt":{"rendered":"<p>Jenna D je zapela Branku \u010cakarmi\u0161u, ta pa jo je nagradil z zlatim gumbom.<\/p>\n","protected":false},"author":6,"featured_media":458782,"comment_status":"closed","ping_status":"closed","sticky":false,"template":"","format":"standard","meta":{"footnotes":""},"categories":[1093],"tags":[19424,19422,19421,2520,19423],"source":[4511],"supertag":[],"acf":[],"yoast_head":"<!-- This site is optimized with the Yoast SEO plugin v21.3 - https:\/\/yoast.com\/wordpress\/plugins\/seo\/ -->\n<title>Branko \u010cakarmi\u0161 podelil zlati gumb, obo\u017eevalci \u0161okirani: &quot;Katastrofa! Sramota za Slovenijo, talent se i\u0161\u010de!&quot; - Hudo Slovenija<\/title>\n<meta name=\"robots\" content=\"index, follow, max-snippet:-1, max-image-preview:large, max-video-preview:-1\" \/>\n<link rel=\"canonical\" href=\"https:\/\/hudo.com\/si\/vip\/branko-cakarmis-podelil-zlati-gumb-obozevalci-sokirani-katastrofa-sramota-za-slovenijo-talent-se-isce\/\" \/>\n<meta property=\"og:locale\" content=\"sl_SI\" \/>\n<meta property=\"og:type\" content=\"article\" \/>\n<meta property=\"og:title\" content=\"Branko \u010cakarmi\u0161 podelil zlati gumb, obo\u017eevalci \u0161okirani: &quot;Katastrofa! Sramota za Slovenijo, talent se i\u0161\u010de!&quot; - Hudo Slovenija\" \/>\n<meta property=\"og:description\" content=\"Jenna D je zapela Branku \u010cakarmi\u0161u, ta pa jo je nagradil z zlatim gumbom.\" \/>\n<meta property=\"og:url\" content=\"https:\/\/hudo.com\/si\/vip\/branko-cakarmis-podelil-zlati-gumb-obozevalci-sokirani-katastrofa-sramota-za-slovenijo-talent-se-isce\/\" \/>\n<meta property=\"og:site_name\" content=\"Hudo Slovenija\" \/>\n<meta property=\"article:publisher\" content=\"https:\/\/www.facebook.com\/hudo.si\" \/>\n<meta property=\"article:published_time\" content=\"2021-10-04T09:17:19+00:00\" \/>\n<meta property=\"og:image\" content=\"https:\/\/hudo.com\/si\/wp-content\/uploads\/sites\/2\/2021\/10\/Screenshot-from-2021-10-04-11-16-11.jpg\" \/>\n\t<meta property=\"og:image:width\" content=\"849\" \/>\n\t<meta property=\"og:image:height\" content=\"507\" \/>\n\t<meta property=\"og:image:type\" content=\"image\/jpeg\" \/>\n<meta name=\"author\" content=\"A. G.\" \/>\n<meta name=\"twitter:card\" content=\"summary_large_image\" \/>\n<meta name=\"twitter:creator\" content=\"@hudo_si\" \/>\n<meta name=\"twitter:site\" content=\"@hudo_si\" \/>\n<meta name=\"twitter:label1\" content=\"Written by\" \/>\n\t<meta name=\"twitter:data1\" content=\"A. G.\" \/>\n\t<meta name=\"twitter:label2\" content=\"Est. reading time\" \/>\n\t<meta name=\"twitter:data2\" content=\"2 minuti\" \/>\n<script type=\"application\/ld+json\" class=\"yoast-schema-graph\">{\"@context\":\"https:\/\/schema.org\",\"@graph\":[{\"@type\":\"Article\",\"@id\":\"https:\/\/hudo.com\/si\/vip\/branko-cakarmis-podelil-zlati-gumb-obozevalci-sokirani-katastrofa-sramota-za-slovenijo-talent-se-isce\/#article\",\"isPartOf\":{\"@id\":\"https:\/\/hudo.com\/si\/vip\/branko-cakarmis-podelil-zlati-gumb-obozevalci-sokirani-katastrofa-sramota-za-slovenijo-talent-se-isce\/\"},\"author\":{\"name\":\"A. G.\",\"@id\":\"https:\/\/hudo.com\/si\/#\/schema\/person\/f95639a66e0dd2c682b0568634e85b8b\"},\"headline\":\"Branko \u010cakarmi\u0161 podelil zlati gumb, obo\u017eevalci \u0161okirani: &#8220;Katastrofa! Sramota za Slovenijo, talent se i\u0161\u010de!&#8221;\",\"datePublished\":\"2021-10-04T09:17:19+00:00\",\"dateModified\":\"2021-10-04T09:17:19+00:00\",\"mainEntityOfPage\":{\"@id\":\"https:\/\/hudo.com\/si\/vip\/branko-cakarmis-podelil-zlati-gumb-obozevalci-sokirani-katastrofa-sramota-za-slovenijo-talent-se-isce\/\"},\"wordCount\":410,\"publisher\":{\"@id\":\"https:\/\/hudo.com\/si\/#organization\"},\"keywords\":[\"Branko \u010cakarmi\u0161\",\"David Stojanovi\u0107\",\"Jenna D\",\"Slovenija ima talent\",\"Tina Pezdirec\"],\"articleSection\":[\"VIP\"],\"inLanguage\":\"sl-SI\"},{\"@type\":\"WebPage\",\"@id\":\"https:\/\/hudo.com\/si\/vip\/branko-cakarmis-podelil-zlati-gumb-obozevalci-sokirani-katastrofa-sramota-za-slovenijo-talent-se-isce\/\",\"url\":\"https:\/\/hudo.com\/si\/vip\/branko-cakarmis-podelil-zlati-gumb-obozevalci-sokirani-katastrofa-sramota-za-slovenijo-talent-se-isce\/\",\"name\":\"Branko \u010cakarmi\u0161 podelil zlati gumb, obo\u017eevalci \u0161okirani: \\\"Katastrofa! Sramota za Slovenijo, talent se i\u0161\u010de!\\\" - Hudo Slovenija\",\"isPartOf\":{\"@id\":\"https:\/\/hudo.com\/si\/#website\"},\"datePublished\":\"2021-10-04T09:17:19+00:00\",\"dateModified\":\"2021-10-04T09:17:19+00:00\",\"breadcrumb\":{\"@id\":\"https:\/\/hudo.com\/si\/vip\/branko-cakarmis-podelil-zlati-gumb-obozevalci-sokirani-katastrofa-sramota-za-slovenijo-talent-se-isce\/#breadcrumb\"},\"inLanguage\":\"sl-SI\",\"potentialAction\":[{\"@type\":\"ReadAction\",\"target\":[\"https:\/\/hudo.com\/si\/vip\/branko-cakarmis-podelil-zlati-gumb-obozevalci-sokirani-katastrofa-sramota-za-slovenijo-talent-se-isce\/\"]}]},{\"@type\":\"BreadcrumbList\",\"@id\":\"https:\/\/hudo.com\/si\/vip\/branko-cakarmis-podelil-zlati-gumb-obozevalci-sokirani-katastrofa-sramota-za-slovenijo-talent-se-isce\/#breadcrumb\",\"itemListElement\":[{\"@type\":\"ListItem\",\"position\":1,\"name\":\"Home\",\"item\":\"https:\/\/hudo.com\/si\/\"},{\"@type\":\"ListItem\",\"position\":2,\"name\":\"Branko \u010cakarmi\u0161 podelil zlati gumb, obo\u017eevalci \u0161okirani: &#8220;Katastrofa! Sramota za Slovenijo, talent se i\u0161\u010de!&#8221;\"}]},{\"@type\":\"WebSite\",\"@id\":\"https:\/\/hudo.com\/si\/#website\",\"url\":\"https:\/\/hudo.com\/si\/\",\"name\":\"Hudo Slovenija\",\"description\":\"Vse novice iz Slovenije in sveta\",\"publisher\":{\"@id\":\"https:\/\/hudo.com\/si\/#organization\"},\"potentialAction\":[{\"@type\":\"SearchAction\",\"target\":{\"@type\":\"EntryPoint\",\"urlTemplate\":\"https:\/\/hudo.com\/si\/?s={search_term_string}\"},\"query-input\":\"required name=search_term_string\"}],\"inLanguage\":\"sl-SI\"},{\"@type\":\"Organization\",\"@id\":\"https:\/\/hudo.com\/si\/#organization\",\"name\":\"VSN Media\",\"url\":\"https:\/\/hudo.com\/si\/\",\"logo\":{\"@type\":\"ImageObject\",\"inLanguage\":\"sl-SI\",\"@id\":\"https:\/\/hudo.com\/si\/#\/schema\/logo\/image\/\",\"url\":\"https:\/\/hudo.com\/si\/wp-content\/uploads\/sites\/2\/2021\/03\/hudo-app-2.png\",\"contentUrl\":\"https:\/\/hudo.com\/si\/wp-content\/uploads\/sites\/2\/2021\/03\/hudo-app-2.png\",\"width\":2185,\"height\":2167,\"caption\":\"VSN Media\"},\"image\":{\"@id\":\"https:\/\/hudo.com\/si\/#\/schema\/logo\/image\/\"},\"sameAs\":[\"https:\/\/www.facebook.com\/hudo.si\",\"https:\/\/twitter.com\/hudo_si\"]},{\"@type\":\"Person\",\"@id\":\"https:\/\/hudo.com\/si\/#\/schema\/person\/f95639a66e0dd2c682b0568634e85b8b\",\"name\":\"A. G.\",\"image\":{\"@type\":\"ImageObject\",\"inLanguage\":\"sl-SI\",\"@id\":\"https:\/\/hudo.com\/si\/#\/schema\/person\/image\/\",\"url\":\"https:\/\/secure.gravatar.com\/avatar\/9f44de561c70d5d80348d3ed0f4b142d?s=96&d=mm&r=g\",\"contentUrl\":\"https:\/\/secure.gravatar.com\/avatar\/9f44de561c70d5d80348d3ed0f4b142d?s=96&d=mm&r=g\",\"caption\":\"A. G.\"},\"url\":\"https:\/\/hudo.com\/si\/author\/alenkagrmek\/\"}]}<\/script>\n<!-- \/ Yoast SEO plugin. -->","yoast_head_json":{"title":"Branko \u010cakarmi\u0161 podelil zlati gumb, obo\u017eevalci \u0161okirani: \"Katastrofa! Sramota za Slovenijo, talent se i\u0161\u010de!\" - Hudo Slovenija","robots":{"index":"index","follow":"follow","max-snippet":"max-snippet:-1","max-image-preview":"max-image-preview:large","max-video-preview":"max-video-preview:-1"},"canonical":"https:\/\/hudo.com\/si\/vip\/branko-cakarmis-podelil-zlati-gumb-obozevalci-sokirani-katastrofa-sramota-za-slovenijo-talent-se-isce\/","og_locale":"sl_SI","og_type":"article","og_title":"Branko \u010cakarmi\u0161 podelil zlati gumb, obo\u017eevalci \u0161okirani: \"Katastrofa! Sramota za Slovenijo, talent se i\u0161\u010de!\" - Hudo Slovenija","og_description":"Jenna D je zapela Branku \u010cakarmi\u0161u, ta pa jo je nagradil z zlatim gumbom.","og_url":"https:\/\/hudo.com\/si\/vip\/branko-cakarmis-podelil-zlati-gumb-obozevalci-sokirani-katastrofa-sramota-za-slovenijo-talent-se-isce\/","og_site_name":"Hudo Slovenija","article_publisher":"https:\/\/www.facebook.com\/hudo.si","article_published_time":"2021-10-04T09:17:19+00:00","og_image":[{"width":849,"height":507,"url":"https:\/\/hudo.com\/si\/wp-content\/uploads\/sites\/2\/2021\/10\/Screenshot-from-2021-10-04-11-16-11.jpg","type":"image\/jpeg"}],"author":"A. G.","twitter_card":"summary_large_image","twitter_creator":"@hudo_si","twitter_site":"@hudo_si","twitter_misc":{"Written by":"A. G.","Est. reading time":"2 minuti"},"schema":{"@context":"https:\/\/schema.org","@graph":[{"@type":"Article","@id":"https:\/\/hudo.com\/si\/vip\/branko-cakarmis-podelil-zlati-gumb-obozevalci-sokirani-katastrofa-sramota-za-slovenijo-talent-se-isce\/#article","isPartOf":{"@id":"https:\/\/hudo.com\/si\/vip\/branko-cakarmis-podelil-zlati-gumb-obozevalci-sokirani-katastrofa-sramota-za-slovenijo-talent-se-isce\/"},"author":{"name":"A. G.","@id":"https:\/\/hudo.com\/si\/#\/schema\/person\/f95639a66e0dd2c682b0568634e85b8b"},"headline":"Branko \u010cakarmi\u0161 podelil zlati gumb, obo\u017eevalci \u0161okirani: &#8220;Katastrofa! Sramota za Slovenijo, talent se i\u0161\u010de!&#8221;","datePublished":"2021-10-04T09:17:19+00:00","dateModified":"2021-10-04T09:17:19+00:00","mainEntityOfPage":{"@id":"https:\/\/hudo.com\/si\/vip\/branko-cakarmis-podelil-zlati-gumb-obozevalci-sokirani-katastrofa-sramota-za-slovenijo-talent-se-isce\/"},"wordCount":410,"publisher":{"@id":"https:\/\/hudo.com\/si\/#organization"},"keywords":["Branko \u010cakarmi\u0161","David Stojanovi\u0107","Jenna D","Slovenija ima talent","Tina Pezdirec"],"articleSection":["VIP"],"inLanguage":"sl-SI"},{"@type":"WebPage","@id":"https:\/\/hudo.com\/si\/vip\/branko-cakarmis-podelil-zlati-gumb-obozevalci-sokirani-katastrofa-sramota-za-slovenijo-talent-se-isce\/","url":"https:\/\/hudo.com\/si\/vip\/branko-cakarmis-podelil-zlati-gumb-obozevalci-sokirani-katastrofa-sramota-za-slovenijo-talent-se-isce\/","name":"Branko \u010cakarmi\u0161 podelil zlati gumb, obo\u017eevalci \u0161okirani: \"Katastrofa! Sramota za Slovenijo, talent se i\u0161\u010de!\" - Hudo Slovenija","isPartOf":{"@id":"https:\/\/hudo.com\/si\/#website"},"datePublished":"2021-10-04T09:17:19+00:00","dateModified":"2021-10-04T09:17:19+00:00","breadcrumb":{"@id":"https:\/\/hudo.com\/si\/vip\/branko-cakarmis-podelil-zlati-gumb-obozevalci-sokirani-katastrofa-sramota-za-slovenijo-talent-se-isce\/#breadcrumb"},"inLanguage":"sl-SI","potentialAction":[{"@type":"ReadAction","target":["https:\/\/hudo.com\/si\/vip\/branko-cakarmis-podelil-zlati-gumb-obozevalci-sokirani-katastrofa-sramota-za-slovenijo-talent-se-isce\/"]}]},{"@type":"BreadcrumbList","@id":"https:\/\/hudo.com\/si\/vip\/branko-cakarmis-podelil-zlati-gumb-obozevalci-sokirani-katastrofa-sramota-za-slovenijo-talent-se-isce\/#breadcrumb","itemListElement":[{"@type":"ListItem","position":1,"name":"Home","item":"https:\/\/hudo.com\/si\/"},{"@type":"ListItem","position":2,"name":"Branko \u010cakarmi\u0161 podelil zlati gumb, obo\u017eevalci \u0161okirani: &#8220;Katastrofa! Sramota za Slovenijo, talent se i\u0161\u010de!&#8221;"}]},{"@type":"WebSite","@id":"https:\/\/hudo.com\/si\/#website","url":"https:\/\/hudo.com\/si\/","name":"Hudo Slovenija","description":"Vse novice iz Slovenije in sveta","publisher":{"@id":"https:\/\/hudo.com\/si\/#organization"},"potentialAction":[{"@type":"SearchAction","target":{"@type":"EntryPoint","urlTemplate":"https:\/\/hudo.com\/si\/?s={search_term_string}"},"query-input":"required name=search_term_string"}],"inLanguage":"sl-SI"},{"@type":"Organization","@id":"https:\/\/hudo.com\/si\/#organization","name":"VSN Media","url":"https:\/\/hudo.com\/si\/","logo":{"@type":"ImageObject","inLanguage":"sl-SI","@id":"https:\/\/hudo.com\/si\/#\/schema\/logo\/image\/","url":"https:\/\/hudo.com\/si\/wp-content\/uploads\/sites\/2\/2021\/03\/hudo-app-2.png","contentUrl":"https:\/\/hudo.com\/si\/wp-content\/uploads\/sites\/2\/2021\/03\/hudo-app-2.png","width":2185,"height":2167,"caption":"VSN Media"},"image":{"@id":"https:\/\/hudo.com\/si\/#\/schema\/logo\/image\/"},"sameAs":["https:\/\/www.facebook.com\/hudo.si","https:\/\/twitter.com\/hudo_si"]},{"@type":"Person","@id":"https:\/\/hudo.com\/si\/#\/schema\/person\/f95639a66e0dd2c682b0568634e85b8b","name":"A. G.","image":{"@type":"ImageObject","inLanguage":"sl-SI","@id":"https:\/\/hudo.com\/si\/#\/schema\/person\/image\/","url":"https:\/\/secure.gravatar.com\/avatar\/9f44de561c70d5d80348d3ed0f4b142d?s=96&d=mm&r=g","contentUrl":"https:\/\/secure.gravatar.com\/avatar\/9f44de561c70d5d80348d3ed0f4b142d?s=96&d=mm&r=g","caption":"A. G."},"url":"https:\/\/hudo.com\/si\/author\/alenkagrmek\/"}]}},"amp_enabled":true,"_links":{"self":[{"href":"https:\/\/hudo.com\/si\/wp-json\/wp\/v2\/posts\/458781"}],"collection":[{"href":"https:\/\/hudo.com\/si\/wp-json\/wp\/v2\/posts"}],"about":[{"href":"https:\/\/hudo.com\/si\/wp-json\/wp\/v2\/types\/post"}],"author":[{"embeddable":true,"href":"https:\/\/hudo.com\/si\/wp-json\/wp\/v2\/users\/6"}],"replies":[{"embeddable":true,"href":"https:\/\/hudo.com\/si\/wp-json\/wp\/v2\/comments?post=458781"}],"version-history":[{"count":1,"href":"https:\/\/hudo.com\/si\/wp-json\/wp\/v2\/posts\/458781\/revisions"}],"predecessor-version":[{"id":458783,"href":"https:\/\/hudo.com\/si\/wp-json\/wp\/v2\/posts\/458781\/revisions\/458783"}],"wp:featuredmedia":[{"embeddable":true,"href":"https:\/\/hudo.com\/si\/wp-json\/wp\/v2\/media\/458782"}],"wp:attachment":[{"href":"https:\/\/hudo.com\/si\/wp-json\/wp\/v2\/media?parent=458781"}],"wp:term":[{"taxonomy":"category","embeddable":true,"href":"https:\/\/hudo.com\/si\/wp-json\/wp\/v2\/categories?post=458781"},{"taxonomy":"post_tag","embeddable":true,"href":"https:\/\/hudo.com\/si\/wp-json\/wp\/v2\/tags?post=458781"},{"taxonomy":"source","embeddable":true,"href":"https:\/\/hudo.com\/si\/wp-json\/wp\/v2\/source?post=458781"},{"taxonomy":"supertag","embeddable":true,"href":"https:\/\/hudo.com\/si\/wp-json\/wp\/v2\/supertag?post=458781"}],"curies":[{"name":"wp","href":"https:\/\/api.w.org\/{rel}","templated":true}]}}