{"id":458826,"date":"2021-10-05T07:21:35","date_gmt":"2021-10-05T05:21:35","guid":{"rendered":"https:\/\/hudo.com\/si\/?p=458826"},"modified":"2021-10-05T07:21:35","modified_gmt":"2021-10-05T05:21:35","slug":"vlada-bo-omejila-gibanje-v-ljubljani-na-bledu-in-okoli-brda-pri-kranju","status":"publish","type":"post","link":"https:\/\/hudo.com\/si\/aktualno\/slovenija\/vlada-bo-omejila-gibanje-v-ljubljani-na-bledu-in-okoli-brda-pri-kranju\/","title":{"rendered":"Vlada bo omejila gibanje v Ljubljani, na Bledu in okoli Brda pri Kranju"},"content":{"rendered":"<p>V Slovenijo namre\u010d prihajajo voditelji dr\u017eav EU in Zahodnega Balkana, ki se bodo sestali na Brdu pri Kranju. V torek bo neformalna ve\u010derja voditeljev \u010dlanic EU, vrh EU-Zahodni Balkan pa v sredo. Medtem stranka Resni.ca napoveduje nove mno\u017ei\u010dne protivladne proteste, njen predsednik Zoran Stevanovi\u0107 pa je namignil tudi na mo\u017ene blokade cest. Minulo sredo so protestniki na shodu, na katerega je vabila ta stranka, v Ljubljani za nekaj \u010dasa blokirali promet celo na ljubljanski obvoznici, policija pa jih je nato razgnala z vodnim topom.<\/p>\n<p>Zakon o nalogah in pooblastilih policije v 9. \u010dlenu predvideva, da lahko vlada ob veliki verjetnosti huj\u0161ih kr\u0161itev javnega reda na predlog ministra za notranje zadeve nalo\u017ei policiji, da z odredbo omeji ali prepove gibanje na dolo\u010denih obmo\u010djih, dolo\u010denih krajih ali na javnih mestih oziroma prepove nastanitev v dolo\u010denem kraju ali zapustitev dolo\u010denega kraja.<\/p>\n<p>Ukrep sme trajati najve\u010d sedem dni, z izvajanjem ukrepa pa se preneha takoj, ko prenehajo razlogi, zaradi katerih je bil odrejen, pi\u0161e v zakonu. Glede na sklep vlade naj bi omejitev gibanja veljala v torek in sredo.<\/p>\n<p>Odredba je dokon\u010dna. Zoper odredbo je dopustno vlo\u017eiti to\u017ebo na upravno sodi\u0161\u010de, ki o njej odlo\u010da prednostno. Tudi vrhovno sodi\u0161\u010de o morebitni prito\u017ebi zoper sodbo upravnega sodi\u0161\u010da odlo\u010da prednostno, \u0161e navaja zakon.<\/p>\n<p>Omenjeni \u010dlen zakona bo predvidoma aktiviran prvi\u010d v samostojni Sloveniji. Vlada bo sklep objavila v uradnem listu.<\/p>\n<p>Miroslav \u017daberl s fakultete za varnostne vede je za portal MMC Radiotelevizije Slovenija dejal, da mora vlada ob aktivaciji navedenega zakonskega \u010dlena dokazovati veliko verjetnost (zdaj, zdaj se bo zgodilo &#8230;) huj\u0161ih kr\u0161itev javnega reda. &#8220;To enostavno pomeni dokazovanje, da je situacija tako resna, da policija z mo\u0161tvom in sredstvi, ki jih ima na razpolago, brez aktivacije tega ukrepa ne more vzpostaviti reda, skoraj zagotovo pa se pri\u010dakujejo huj\u0161e eskalacije,&#8221; je pojasnil.<\/p>\n","protected":false},"excerpt":{"rendered":"<p>Vlada je v lu\u010di napovedi novega mno\u017ei\u010dnega protesta in pred vrhom EU-Zahodni Balkan na v\u010deraj\u0161nji dopisni seji sprejela sklep, s katerim je nalo\u017eila policiji, da zaradi velike verjetnosti huj\u0161ih kr\u0161itev javnega reda z odredbo omeji ali prepove gibanje na obmo\u010djih ali javnih mestih v Ljubljani, na Bledu in Predosljah v okolici Brda pri Kranju.<\/p>\n","protected":false},"author":7,"featured_media":458827,"comment_status":"closed","ping_status":"closed","sticky":false,"template":"","format":"standard","meta":{"footnotes":""},"categories":[18201],"tags":[1728,5185],"source":[4511],"supertag":[],"acf":[],"yoast_head":"<!-- This site is optimized with the Yoast SEO plugin v21.3 - https:\/\/yoast.com\/wordpress\/plugins\/seo\/ -->\n<title>Vlada bo omejila gibanje v Ljubljani, na Bledu in okoli Brda pri Kranju - Hudo Slovenija<\/title>\n<meta name=\"robots\" content=\"index, follow, max-snippet:-1, max-image-preview:large, max-video-preview:-1\" \/>\n<link rel=\"canonical\" href=\"https:\/\/hudo.com\/si\/aktualno\/slovenija\/vlada-bo-omejila-gibanje-v-ljubljani-na-bledu-in-okoli-brda-pri-kranju\/\" \/>\n<meta property=\"og:locale\" content=\"sl_SI\" \/>\n<meta property=\"og:type\" content=\"article\" \/>\n<meta property=\"og:title\" content=\"Vlada bo omejila gibanje v Ljubljani, na Bledu in okoli Brda pri Kranju - Hudo Slovenija\" \/>\n<meta property=\"og:description\" content=\"Vlada je v lu\u010di napovedi novega mno\u017ei\u010dnega protesta in pred vrhom EU-Zahodni Balkan na v\u010deraj\u0161nji dopisni seji sprejela sklep, s katerim je nalo\u017eila policiji, da zaradi velike verjetnosti huj\u0161ih kr\u0161itev javnega reda z odredbo omeji ali prepove gibanje na obmo\u010djih ali javnih mestih v Ljubljani, na Bledu in Predosljah v okolici Brda pri Kranju.\" \/>\n<meta property=\"og:url\" content=\"https:\/\/hudo.com\/si\/aktualno\/slovenija\/vlada-bo-omejila-gibanje-v-ljubljani-na-bledu-in-okoli-brda-pri-kranju\/\" \/>\n<meta property=\"og:site_name\" content=\"Hudo Slovenija\" \/>\n<meta property=\"article:publisher\" content=\"https:\/\/www.facebook.com\/hudo.si\" \/>\n<meta property=\"article:published_time\" content=\"2021-10-05T05:21:35+00:00\" \/>\n<meta property=\"og:image\" content=\"https:\/\/hudo.com\/si\/wp-content\/uploads\/sites\/2\/2021\/10\/profimedia-0608790964.jpg\" \/>\n\t<meta property=\"og:image:width\" content=\"1250\" \/>\n\t<meta property=\"og:image:height\" content=\"833\" \/>\n\t<meta property=\"og:image:type\" content=\"image\/jpeg\" \/>\n<meta name=\"author\" content=\"A. P., STA\" \/>\n<meta name=\"twitter:card\" content=\"summary_large_image\" \/>\n<meta name=\"twitter:creator\" content=\"@hudo_si\" \/>\n<meta name=\"twitter:site\" content=\"@hudo_si\" \/>\n<meta name=\"twitter:label1\" content=\"Written by\" \/>\n\t<meta name=\"twitter:data1\" content=\"A. P., STA\" \/>\n\t<meta name=\"twitter:label2\" content=\"Est. reading time\" \/>\n\t<meta name=\"twitter:data2\" content=\"2 minuti\" \/>\n<script type=\"application\/ld+json\" class=\"yoast-schema-graph\">{\"@context\":\"https:\/\/schema.org\",\"@graph\":[{\"@type\":\"Article\",\"@id\":\"https:\/\/hudo.com\/si\/aktualno\/slovenija\/vlada-bo-omejila-gibanje-v-ljubljani-na-bledu-in-okoli-brda-pri-kranju\/#article\",\"isPartOf\":{\"@id\":\"https:\/\/hudo.com\/si\/aktualno\/slovenija\/vlada-bo-omejila-gibanje-v-ljubljani-na-bledu-in-okoli-brda-pri-kranju\/\"},\"author\":{\"name\":\"A. P., STA\",\"@id\":\"https:\/\/hudo.com\/si\/#\/schema\/person\/18f09c02475ba9e606e941a565b80cff\"},\"headline\":\"Vlada bo omejila gibanje v Ljubljani, na Bledu in okoli Brda pri Kranju\",\"datePublished\":\"2021-10-05T05:21:35+00:00\",\"dateModified\":\"2021-10-05T05:21:35+00:00\",\"mainEntityOfPage\":{\"@id\":\"https:\/\/hudo.com\/si\/aktualno\/slovenija\/vlada-bo-omejila-gibanje-v-ljubljani-na-bledu-in-okoli-brda-pri-kranju\/\"},\"wordCount\":336,\"publisher\":{\"@id\":\"https:\/\/hudo.com\/si\/#organization\"},\"keywords\":[\"policija\",\"protesti\"],\"articleSection\":[\"Slovenija\"],\"inLanguage\":\"sl-SI\"},{\"@type\":\"WebPage\",\"@id\":\"https:\/\/hudo.com\/si\/aktualno\/slovenija\/vlada-bo-omejila-gibanje-v-ljubljani-na-bledu-in-okoli-brda-pri-kranju\/\",\"url\":\"https:\/\/hudo.com\/si\/aktualno\/slovenija\/vlada-bo-omejila-gibanje-v-ljubljani-na-bledu-in-okoli-brda-pri-kranju\/\",\"name\":\"Vlada bo omejila gibanje v Ljubljani, na Bledu in okoli Brda pri Kranju - Hudo Slovenija\",\"isPartOf\":{\"@id\":\"https:\/\/hudo.com\/si\/#website\"},\"datePublished\":\"2021-10-05T05:21:35+00:00\",\"dateModified\":\"2021-10-05T05:21:35+00:00\",\"breadcrumb\":{\"@id\":\"https:\/\/hudo.com\/si\/aktualno\/slovenija\/vlada-bo-omejila-gibanje-v-ljubljani-na-bledu-in-okoli-brda-pri-kranju\/#breadcrumb\"},\"inLanguage\":\"sl-SI\",\"potentialAction\":[{\"@type\":\"ReadAction\",\"target\":[\"https:\/\/hudo.com\/si\/aktualno\/slovenija\/vlada-bo-omejila-gibanje-v-ljubljani-na-bledu-in-okoli-brda-pri-kranju\/\"]}]},{\"@type\":\"BreadcrumbList\",\"@id\":\"https:\/\/hudo.com\/si\/aktualno\/slovenija\/vlada-bo-omejila-gibanje-v-ljubljani-na-bledu-in-okoli-brda-pri-kranju\/#breadcrumb\",\"itemListElement\":[{\"@type\":\"ListItem\",\"position\":1,\"name\":\"Home\",\"item\":\"https:\/\/hudo.com\/si\/\"},{\"@type\":\"ListItem\",\"position\":2,\"name\":\"Vlada bo omejila gibanje v Ljubljani, na Bledu in okoli Brda pri Kranju\"}]},{\"@type\":\"WebSite\",\"@id\":\"https:\/\/hudo.com\/si\/#website\",\"url\":\"https:\/\/hudo.com\/si\/\",\"name\":\"Hudo Slovenija\",\"description\":\"Vse novice iz Slovenije in sveta\",\"publisher\":{\"@id\":\"https:\/\/hudo.com\/si\/#organization\"},\"potentialAction\":[{\"@type\":\"SearchAction\",\"target\":{\"@type\":\"EntryPoint\",\"urlTemplate\":\"https:\/\/hudo.com\/si\/?s={search_term_string}\"},\"query-input\":\"required name=search_term_string\"}],\"inLanguage\":\"sl-SI\"},{\"@type\":\"Organization\",\"@id\":\"https:\/\/hudo.com\/si\/#organization\",\"name\":\"VSN Media\",\"url\":\"https:\/\/hudo.com\/si\/\",\"logo\":{\"@type\":\"ImageObject\",\"inLanguage\":\"sl-SI\",\"@id\":\"https:\/\/hudo.com\/si\/#\/schema\/logo\/image\/\",\"url\":\"https:\/\/hudo.com\/si\/wp-content\/uploads\/sites\/2\/2021\/03\/hudo-app-2.png\",\"contentUrl\":\"https:\/\/hudo.com\/si\/wp-content\/uploads\/sites\/2\/2021\/03\/hudo-app-2.png\",\"width\":2185,\"height\":2167,\"caption\":\"VSN Media\"},\"image\":{\"@id\":\"https:\/\/hudo.com\/si\/#\/schema\/logo\/image\/\"},\"sameAs\":[\"https:\/\/www.facebook.com\/hudo.si\",\"https:\/\/twitter.com\/hudo_si\"]},{\"@type\":\"Person\",\"@id\":\"https:\/\/hudo.com\/si\/#\/schema\/person\/18f09c02475ba9e606e941a565b80cff\",\"name\":\"A. P., STA\",\"image\":{\"@type\":\"ImageObject\",\"inLanguage\":\"sl-SI\",\"@id\":\"https:\/\/hudo.com\/si\/#\/schema\/person\/image\/\",\"url\":\"https:\/\/secure.gravatar.com\/avatar\/03eac8e609f5f04383125d80eaeaaf3e?s=96&d=mm&r=g\",\"contentUrl\":\"https:\/\/secure.gravatar.com\/avatar\/03eac8e609f5f04383125d80eaeaaf3e?s=96&d=mm&r=g\",\"caption\":\"A. P., STA\"},\"url\":\"https:\/\/hudo.com\/si\/author\/lubu\/\"}]}<\/script>\n<!-- \/ Yoast SEO plugin. -->","yoast_head_json":{"title":"Vlada bo omejila gibanje v Ljubljani, na Bledu in okoli Brda pri Kranju - Hudo Slovenija","robots":{"index":"index","follow":"follow","max-snippet":"max-snippet:-1","max-image-preview":"max-image-preview:large","max-video-preview":"max-video-preview:-1"},"canonical":"https:\/\/hudo.com\/si\/aktualno\/slovenija\/vlada-bo-omejila-gibanje-v-ljubljani-na-bledu-in-okoli-brda-pri-kranju\/","og_locale":"sl_SI","og_type":"article","og_title":"Vlada bo omejila gibanje v Ljubljani, na Bledu in okoli Brda pri Kranju - Hudo Slovenija","og_description":"Vlada je v lu\u010di napovedi novega mno\u017ei\u010dnega protesta in pred vrhom EU-Zahodni Balkan na v\u010deraj\u0161nji dopisni seji sprejela sklep, s katerim je nalo\u017eila policiji, da zaradi velike verjetnosti huj\u0161ih kr\u0161itev javnega reda z odredbo omeji ali prepove gibanje na obmo\u010djih ali javnih mestih v Ljubljani, na Bledu in Predosljah v okolici Brda pri Kranju.","og_url":"https:\/\/hudo.com\/si\/aktualno\/slovenija\/vlada-bo-omejila-gibanje-v-ljubljani-na-bledu-in-okoli-brda-pri-kranju\/","og_site_name":"Hudo Slovenija","article_publisher":"https:\/\/www.facebook.com\/hudo.si","article_published_time":"2021-10-05T05:21:35+00:00","og_image":[{"width":1250,"height":833,"url":"https:\/\/hudo.com\/si\/wp-content\/uploads\/sites\/2\/2021\/10\/profimedia-0608790964.jpg","type":"image\/jpeg"}],"author":"A. P., STA","twitter_card":"summary_large_image","twitter_creator":"@hudo_si","twitter_site":"@hudo_si","twitter_misc":{"Written by":"A. P., STA","Est. reading time":"2 minuti"},"schema":{"@context":"https:\/\/schema.org","@graph":[{"@type":"Article","@id":"https:\/\/hudo.com\/si\/aktualno\/slovenija\/vlada-bo-omejila-gibanje-v-ljubljani-na-bledu-in-okoli-brda-pri-kranju\/#article","isPartOf":{"@id":"https:\/\/hudo.com\/si\/aktualno\/slovenija\/vlada-bo-omejila-gibanje-v-ljubljani-na-bledu-in-okoli-brda-pri-kranju\/"},"author":{"name":"A. P., STA","@id":"https:\/\/hudo.com\/si\/#\/schema\/person\/18f09c02475ba9e606e941a565b80cff"},"headline":"Vlada bo omejila gibanje v Ljubljani, na Bledu in okoli Brda pri Kranju","datePublished":"2021-10-05T05:21:35+00:00","dateModified":"2021-10-05T05:21:35+00:00","mainEntityOfPage":{"@id":"https:\/\/hudo.com\/si\/aktualno\/slovenija\/vlada-bo-omejila-gibanje-v-ljubljani-na-bledu-in-okoli-brda-pri-kranju\/"},"wordCount":336,"publisher":{"@id":"https:\/\/hudo.com\/si\/#organization"},"keywords":["policija","protesti"],"articleSection":["Slovenija"],"inLanguage":"sl-SI"},{"@type":"WebPage","@id":"https:\/\/hudo.com\/si\/aktualno\/slovenija\/vlada-bo-omejila-gibanje-v-ljubljani-na-bledu-in-okoli-brda-pri-kranju\/","url":"https:\/\/hudo.com\/si\/aktualno\/slovenija\/vlada-bo-omejila-gibanje-v-ljubljani-na-bledu-in-okoli-brda-pri-kranju\/","name":"Vlada bo omejila gibanje v Ljubljani, na Bledu in okoli Brda pri Kranju - Hudo Slovenija","isPartOf":{"@id":"https:\/\/hudo.com\/si\/#website"},"datePublished":"2021-10-05T05:21:35+00:00","dateModified":"2021-10-05T05:21:35+00:00","breadcrumb":{"@id":"https:\/\/hudo.com\/si\/aktualno\/slovenija\/vlada-bo-omejila-gibanje-v-ljubljani-na-bledu-in-okoli-brda-pri-kranju\/#breadcrumb"},"inLanguage":"sl-SI","potentialAction":[{"@type":"ReadAction","target":["https:\/\/hudo.com\/si\/aktualno\/slovenija\/vlada-bo-omejila-gibanje-v-ljubljani-na-bledu-in-okoli-brda-pri-kranju\/"]}]},{"@type":"BreadcrumbList","@id":"https:\/\/hudo.com\/si\/aktualno\/slovenija\/vlada-bo-omejila-gibanje-v-ljubljani-na-bledu-in-okoli-brda-pri-kranju\/#breadcrumb","itemListElement":[{"@type":"ListItem","position":1,"name":"Home","item":"https:\/\/hudo.com\/si\/"},{"@type":"ListItem","position":2,"name":"Vlada bo omejila gibanje v Ljubljani, na Bledu in okoli Brda pri Kranju"}]},{"@type":"WebSite","@id":"https:\/\/hudo.com\/si\/#website","url":"https:\/\/hudo.com\/si\/","name":"Hudo Slovenija","description":"Vse novice iz Slovenije in sveta","publisher":{"@id":"https:\/\/hudo.com\/si\/#organization"},"potentialAction":[{"@type":"SearchAction","target":{"@type":"EntryPoint","urlTemplate":"https:\/\/hudo.com\/si\/?s={search_term_string}"},"query-input":"required name=search_term_string"}],"inLanguage":"sl-SI"},{"@type":"Organization","@id":"https:\/\/hudo.com\/si\/#organization","name":"VSN Media","url":"https:\/\/hudo.com\/si\/","logo":{"@type":"ImageObject","inLanguage":"sl-SI","@id":"https:\/\/hudo.com\/si\/#\/schema\/logo\/image\/","url":"https:\/\/hudo.com\/si\/wp-content\/uploads\/sites\/2\/2021\/03\/hudo-app-2.png","contentUrl":"https:\/\/hudo.com\/si\/wp-content\/uploads\/sites\/2\/2021\/03\/hudo-app-2.png","width":2185,"height":2167,"caption":"VSN Media"},"image":{"@id":"https:\/\/hudo.com\/si\/#\/schema\/logo\/image\/"},"sameAs":["https:\/\/www.facebook.com\/hudo.si","https:\/\/twitter.com\/hudo_si"]},{"@type":"Person","@id":"https:\/\/hudo.com\/si\/#\/schema\/person\/18f09c02475ba9e606e941a565b80cff","name":"A. P., STA","image":{"@type":"ImageObject","inLanguage":"sl-SI","@id":"https:\/\/hudo.com\/si\/#\/schema\/person\/image\/","url":"https:\/\/secure.gravatar.com\/avatar\/03eac8e609f5f04383125d80eaeaaf3e?s=96&d=mm&r=g","contentUrl":"https:\/\/secure.gravatar.com\/avatar\/03eac8e609f5f04383125d80eaeaaf3e?s=96&d=mm&r=g","caption":"A. P., STA"},"url":"https:\/\/hudo.com\/si\/author\/lubu\/"}]}},"amp_enabled":true,"_links":{"self":[{"href":"https:\/\/hudo.com\/si\/wp-json\/wp\/v2\/posts\/458826"}],"collection":[{"href":"https:\/\/hudo.com\/si\/wp-json\/wp\/v2\/posts"}],"about":[{"href":"https:\/\/hudo.com\/si\/wp-json\/wp\/v2\/types\/post"}],"author":[{"embeddable":true,"href":"https:\/\/hudo.com\/si\/wp-json\/wp\/v2\/users\/7"}],"replies":[{"embeddable":true,"href":"https:\/\/hudo.com\/si\/wp-json\/wp\/v2\/comments?post=458826"}],"version-history":[{"count":1,"href":"https:\/\/hudo.com\/si\/wp-json\/wp\/v2\/posts\/458826\/revisions"}],"predecessor-version":[{"id":458828,"href":"https:\/\/hudo.com\/si\/wp-json\/wp\/v2\/posts\/458826\/revisions\/458828"}],"wp:featuredmedia":[{"embeddable":true,"href":"https:\/\/hudo.com\/si\/wp-json\/wp\/v2\/media\/458827"}],"wp:attachment":[{"href":"https:\/\/hudo.com\/si\/wp-json\/wp\/v2\/media?parent=458826"}],"wp:term":[{"taxonomy":"category","embeddable":true,"href":"https:\/\/hudo.com\/si\/wp-json\/wp\/v2\/categories?post=458826"},{"taxonomy":"post_tag","embeddable":true,"href":"https:\/\/hudo.com\/si\/wp-json\/wp\/v2\/tags?post=458826"},{"taxonomy":"source","embeddable":true,"href":"https:\/\/hudo.com\/si\/wp-json\/wp\/v2\/source?post=458826"},{"taxonomy":"supertag","embeddable":true,"href":"https:\/\/hudo.com\/si\/wp-json\/wp\/v2\/supertag?post=458826"}],"curies":[{"name":"wp","href":"https:\/\/api.w.org\/{rel}","templated":true}]}}