{"id":458975,"date":"2021-10-07T09:07:24","date_gmt":"2021-10-07T07:07:24","guid":{"rendered":"https:\/\/hudo.com\/si\/?p=458975"},"modified":"2021-10-07T09:07:24","modified_gmt":"2021-10-07T07:07:24","slug":"dalmacijo-stresel-mocan-potres-za-istro-razglasen-rdeci-alarm","status":"publish","type":"post","link":"https:\/\/hudo.com\/si\/aktualno\/svet\/dalmacijo-stresel-mocan-potres-za-istro-razglasen-rdeci-alarm\/","title":{"rendered":"Dalmacijo stresel mo\u010dan potres, za Istro razgla\u0161en rde\u010di alarm"},"content":{"rendered":"<p>Prvo poro\u010dilo Evromediteranskega seizmolo\u0161kega centra (EMSC) je navajalo, da je \u0161lo za potres z magnitudo 5,1, a je hrva\u0161ka seizmolo\u0161ka slu\u017eba kasneje potrdila, da je \u0161lo za sunek mo\u010di 4,6. \u017dari\u0161\u010de potresa je bilo 40 kilometrov severovzhodno od Splita na petih kilometrih globine.<\/p>\n<p>Hrva\u0161ki seizmologi so za hrva\u0161ko televizijo (HTV) potrdili, da je v \u010detrtek zve\u010der prvemu potresu sledilo \u0161e nekaj \u0161ibkej\u0161ih sunkov, med katerimi je najmo\u010dnej\u0161i imel magnitudo 2,6.<\/p>\n<p>Potres so \u010dutili v Splitu, Makarski, Sinju, Omi\u0161u, Solinu in nekaterih drugih mestih v Dalmaciji, kot tudi na tamkaj\u0161njih otokih. \u010cutili so ga tudi prebivalci v nekaterih mestih v Livnu in Posu\u0161ju v BiH.<\/p>\n<blockquote class=\"instagram-media\" style=\"background: #FFF; border: 0; border-radius: 3px; box-shadow: 0 0 1px 0 rgba(0,0,0,0.5),0 1px 10px 0 rgba(0,0,0,0.15); margin: 1px; max-width: 540px; min-width: 326px; padding: 0; width: calc(100% - 2px);\" data-instgrm-permalink=\"https:\/\/www.instagram.com\/p\/CUs2gm-I11J\/?utm_source=ig_embed&amp;utm_campaign=loading\" data-instgrm-version=\"14\">\n<div style=\"padding: 16px;\">\n<p>&nbsp;<\/p>\n<div style=\"display: flex; flex-direction: row; align-items: center;\">\n<div style=\"background-color: #f4f4f4; border-radius: 50%; flex-grow: 0; height: 40px; margin-right: 14px; width: 40px;\"><\/div>\n<div style=\"display: flex; flex-direction: column; flex-grow: 1; justify-content: center;\">\n<div style=\"background-color: #f4f4f4; border-radius: 4px; flex-grow: 0; height: 14px; margin-bottom: 6px; width: 100px;\"><\/div>\n<div style=\"background-color: #f4f4f4; border-radius: 4px; flex-grow: 0; height: 14px; width: 60px;\"><\/div>\n<\/div>\n<\/div>\n<div style=\"padding: 19% 0;\"><\/div>\n<div style=\"display: block; height: 50px; margin: 0 auto 12px; width: 50px;\"><\/div>\n<div style=\"padding-top: 8px;\">\n<div style=\"color: #3897f0; font-family: Arial,sans-serif; font-size: 14px; font-style: normal; font-weight: 550; line-height: 18px;\">View this post on Instagram<\/div>\n<\/div>\n<div style=\"padding: 12.5% 0;\"><\/div>\n<div style=\"display: flex; flex-direction: row; margin-bottom: 14px; align-items: center;\">\n<div>\n<div style=\"background-color: #f4f4f4; border-radius: 50%; height: 12.5px; width: 12.5px; transform: translateX(0px) translateY(7px);\"><\/div>\n<div style=\"background-color: #f4f4f4; height: 12.5px; transform: rotate(-45deg) translateX(3px) translateY(1px); width: 12.5px; flex-grow: 0; margin-right: 14px; margin-left: 2px;\"><\/div>\n<div style=\"background-color: #f4f4f4; border-radius: 50%; height: 12.5px; width: 12.5px; transform: translateX(9px) translateY(-18px);\"><\/div>\n<\/div>\n<div style=\"margin-left: 8px;\">\n<div style=\"background-color: #f4f4f4; border-radius: 50%; flex-grow: 0; height: 20px; width: 20px;\"><\/div>\n<div style=\"width: 0; height: 0; border-top: 2px solid transparent; border-left: 6px solid #f4f4f4; border-bottom: 2px solid transparent; transform: translateX(16px) translateY(-4px) rotate(30deg);\"><\/div>\n<\/div>\n<div style=\"margin-left: auto;\">\n<div style=\"width: 0px; border-top: 8px solid #F4F4F4; border-right: 8px solid transparent; transform: translateY(16px);\"><\/div>\n<div style=\"background-color: #f4f4f4; flex-grow: 0; height: 12px; width: 16px; transform: translateY(-4px);\"><\/div>\n<div style=\"width: 0; height: 0; border-top: 8px solid #F4F4F4; border-left: 8px solid transparent; transform: translateY(-4px) translateX(8px);\"><\/div>\n<\/div>\n<\/div>\n<div style=\"display: flex; flex-direction: column; flex-grow: 1; justify-content: center; margin-bottom: 24px;\">\n<div style=\"background-color: #f4f4f4; border-radius: 4px; flex-grow: 0; height: 14px; margin-bottom: 6px; width: 224px;\"><\/div>\n<div style=\"background-color: #f4f4f4; border-radius: 4px; flex-grow: 0; height: 14px; width: 144px;\"><\/div>\n<\/div>\n<p>&nbsp;<\/p>\n<p style=\"color: #c9c8cd; font-family: Arial,sans-serif; font-size: 14px; line-height: 17px; margin-bottom: 0; margin-top: 8px; overflow: hidden; padding: 8px 0 7px; text-align: center; text-overflow: ellipsis; white-space: nowrap;\"><a style=\"color: #c9c8cd; font-family: Arial,sans-serif; font-size: 14px; font-style: normal; font-weight: normal; line-height: 17px; text-decoration: none;\" href=\"https:\/\/www.instagram.com\/p\/CUs2gm-I11J\/?utm_source=ig_embed&amp;utm_campaign=loading\" target=\"_blank\" rel=\"noopener noreferrer\">A post shared by HR VRIJEME (@vrijeme.hr)<\/a><\/p>\n<\/div>\n<\/blockquote>\n<p><div class=\"embed-notice\">Za ogled vstavljene vsebine morate omogo\u010diti <a href=\"#\" onclick=\"Optanon.ToggleInfoDisplay()\">shranjevanje pi\u0161kotkov v napravi<\/a><\/div><script async type=\"text\/plain\" class=\"optanon-category-C0002-C0003-C0004\" optanon-src=\"\/\/www.instagram.com\/embed.js\"><\/script><\/p>\n<p>Po pri\u010devanjih prestra\u0161enih prebivalcev so se tla tresla pribli\u017eno deset sekund. \u010ceprav je v \u010dasu potresa de\u017eevalo, so mnogi zapustili svoje hi\u0161e, predvsem v krajih Trilj in Sinj, ki sta bili bli\u017eje \u017eari\u0161\u010du, je poro\u010dal splitski \u010dasnik Slobodna Dalmacija na svoji spletni strani.<\/p>\n<blockquote class=\"twitter-tweet\">\n<p dir=\"ltr\" lang=\"und\">&#x1f622; <a href=\"https:\/\/twitter.com\/hashtag\/potres?src=hash&amp;ref_src=twsrc%5Etfw\">#potres<\/a> <a href=\"https:\/\/twitter.com\/hashtag\/split?src=hash&amp;ref_src=twsrc%5Etfw\">#split<\/a> <a href=\"https:\/\/twitter.com\/hashtag\/hrvatska?src=hash&amp;ref_src=twsrc%5Etfw\">#hrvatska<\/a> <a href=\"https:\/\/t.co\/OZciAZ93fL\">pic.twitter.com\/OZciAZ93fL<\/a><\/p>\n<p>\u2014 Ivana (@ivana_tilosanec) <a href=\"https:\/\/twitter.com\/ivana_tilosanec\/status\/1445850287596441603?ref_src=twsrc%5Etfw\">October 6, 2021<\/a><\/p><\/blockquote>\n<p><div class=\"embed-notice\">Za ogled vstavljene vsebine morate omogo\u010diti <a href=\"#\" onclick=\"Optanon.ToggleInfoDisplay()\">shranjevanje pi\u0161kotkov v napravi<\/a><\/div><script async type=\"text\/plain\" class=\"optanon-category-C0002-C0003-C0004\" optanon-src=\"https:\/\/platform.twitter.com\/widgets.js\" charset=\"utf-8\"><\/script><\/p>\n<p>Po dosedanjih podatkih ni bilo ve\u010dje gmotne \u0161kode. Z nekaj hi\u0161 blizu \u017eari\u0161\u010du je popadal omet, v vasi Dicmo se je zru\u0161il del stare hi\u0161e. Hrva\u0161ki mediji poro\u010dajo tudi o manj\u0161ih plazovih na cestah, ki so posledica potresa.<\/p>\n<p><strong>Rde\u010di alarm za Istro in Kvarner<\/strong><\/p>\n<p>Hrva\u0161ki vremenoslovci pa so izdali \u0161e opozorilo pred mo\u010dnimi nalivi, ki jih je sredozemski ciklon \u017ee prinesel do Dalmacije. Po podatkih hidrometeorolo\u0161kega zavoda je na dolo\u010denih delih \u017ee zapadlo ve\u010d kot 110 litrov de\u017eja na kvadratni meter.<\/p>\n<p>Za obmo\u010dje hrva\u0161ke Istre in Kvarnerja je razgla\u0161en rde\u010di alarm, za preostali del dr\u017eave pa oran\u017eni.<\/p>\n","protected":false},"excerpt":{"rendered":"<p>Mo\u010dnej\u0161i potres z magnitudo 4,6, ki je v \u010detrtek zve\u010der okoli 22. ure stresel \u0161ir\u0161e obmo\u010dje Splita, glede na prve podatke ni povzro\u010dil ve\u010dje gmotne \u0161kode. Je pa potres z \u017eari\u0161\u010dem pri Bu\u0161kem jezeru ob meji Hrva\u0161ke z Bosno in Hercegovino prestra\u0161il prebivalce v obeh dr\u017eavah.<\/p>\n","protected":false},"author":5,"featured_media":415407,"comment_status":"closed","ping_status":"closed","sticky":false,"template":"","format":"standard","meta":{"footnotes":""},"categories":[18202],"tags":[4700,3718],"source":[4511],"supertag":[],"acf":[],"yoast_head":"<!-- This site is optimized with the Yoast SEO plugin v21.3 - https:\/\/yoast.com\/wordpress\/plugins\/seo\/ -->\n<title>Dalmacijo stresel mo\u010dan potres, za Istro razgla\u0161en rde\u010di alarm - Hudo Slovenija<\/title>\n<meta name=\"robots\" content=\"index, follow, max-snippet:-1, max-image-preview:large, max-video-preview:-1\" \/>\n<link rel=\"canonical\" href=\"https:\/\/hudo.com\/si\/aktualno\/svet\/dalmacijo-stresel-mocan-potres-za-istro-razglasen-rdeci-alarm\/\" \/>\n<meta property=\"og:locale\" content=\"sl_SI\" \/>\n<meta property=\"og:type\" content=\"article\" \/>\n<meta property=\"og:title\" content=\"Dalmacijo stresel mo\u010dan potres, za Istro razgla\u0161en rde\u010di alarm - Hudo Slovenija\" \/>\n<meta property=\"og:description\" content=\"Mo\u010dnej\u0161i potres z magnitudo 4,6, ki je v \u010detrtek zve\u010der okoli 22. ure stresel \u0161ir\u0161e obmo\u010dje Splita, glede na prve podatke ni povzro\u010dil ve\u010dje gmotne \u0161kode. Je pa potres z \u017eari\u0161\u010dem pri Bu\u0161kem jezeru ob meji Hrva\u0161ke z Bosno in Hercegovino prestra\u0161il prebivalce v obeh dr\u017eavah.\" \/>\n<meta property=\"og:url\" content=\"https:\/\/hudo.com\/si\/aktualno\/svet\/dalmacijo-stresel-mocan-potres-za-istro-razglasen-rdeci-alarm\/\" \/>\n<meta property=\"og:site_name\" content=\"Hudo Slovenija\" \/>\n<meta property=\"article:publisher\" content=\"https:\/\/www.facebook.com\/hudo.si\" \/>\n<meta property=\"article:published_time\" content=\"2021-10-07T07:07:24+00:00\" \/>\n<meta property=\"og:image\" content=\"https:\/\/hudo.com\/si\/wp-content\/uploads\/sites\/2\/2020\/02\/profimedia-0102197380.jpg\" \/>\n\t<meta property=\"og:image:width\" content=\"1250\" \/>\n\t<meta property=\"og:image:height\" content=\"846\" \/>\n\t<meta property=\"og:image:type\" content=\"image\/jpeg\" \/>\n<meta name=\"author\" content=\"A. G., STA\" \/>\n<meta name=\"twitter:card\" content=\"summary_large_image\" \/>\n<meta name=\"twitter:creator\" content=\"@hudo_si\" \/>\n<meta name=\"twitter:site\" content=\"@hudo_si\" \/>\n<meta name=\"twitter:label1\" content=\"Written by\" \/>\n\t<meta name=\"twitter:data1\" content=\"A. G., STA\" \/>\n\t<meta name=\"twitter:label2\" content=\"Est. reading time\" \/>\n\t<meta name=\"twitter:data2\" content=\"2 minuti\" \/>\n<script type=\"application\/ld+json\" class=\"yoast-schema-graph\">{\"@context\":\"https:\/\/schema.org\",\"@graph\":[{\"@type\":\"Article\",\"@id\":\"https:\/\/hudo.com\/si\/aktualno\/svet\/dalmacijo-stresel-mocan-potres-za-istro-razglasen-rdeci-alarm\/#article\",\"isPartOf\":{\"@id\":\"https:\/\/hudo.com\/si\/aktualno\/svet\/dalmacijo-stresel-mocan-potres-za-istro-razglasen-rdeci-alarm\/\"},\"author\":{\"name\":\"A. G., STA\",\"@id\":\"https:\/\/hudo.com\/si\/#\/schema\/person\/2391667a63ea075ba94f2f2dc6b77537\"},\"headline\":\"Dalmacijo stresel mo\u010dan potres, za Istro razgla\u0161en rde\u010di alarm\",\"datePublished\":\"2021-10-07T07:07:24+00:00\",\"dateModified\":\"2021-10-07T07:07:24+00:00\",\"mainEntityOfPage\":{\"@id\":\"https:\/\/hudo.com\/si\/aktualno\/svet\/dalmacijo-stresel-mocan-potres-za-istro-razglasen-rdeci-alarm\/\"},\"wordCount\":323,\"publisher\":{\"@id\":\"https:\/\/hudo.com\/si\/#organization\"},\"keywords\":[\"Dalmacija\",\"potres\"],\"articleSection\":[\"Svet\"],\"inLanguage\":\"sl-SI\"},{\"@type\":\"WebPage\",\"@id\":\"https:\/\/hudo.com\/si\/aktualno\/svet\/dalmacijo-stresel-mocan-potres-za-istro-razglasen-rdeci-alarm\/\",\"url\":\"https:\/\/hudo.com\/si\/aktualno\/svet\/dalmacijo-stresel-mocan-potres-za-istro-razglasen-rdeci-alarm\/\",\"name\":\"Dalmacijo stresel mo\u010dan potres, za Istro razgla\u0161en rde\u010di alarm - Hudo Slovenija\",\"isPartOf\":{\"@id\":\"https:\/\/hudo.com\/si\/#website\"},\"datePublished\":\"2021-10-07T07:07:24+00:00\",\"dateModified\":\"2021-10-07T07:07:24+00:00\",\"breadcrumb\":{\"@id\":\"https:\/\/hudo.com\/si\/aktualno\/svet\/dalmacijo-stresel-mocan-potres-za-istro-razglasen-rdeci-alarm\/#breadcrumb\"},\"inLanguage\":\"sl-SI\",\"potentialAction\":[{\"@type\":\"ReadAction\",\"target\":[\"https:\/\/hudo.com\/si\/aktualno\/svet\/dalmacijo-stresel-mocan-potres-za-istro-razglasen-rdeci-alarm\/\"]}]},{\"@type\":\"BreadcrumbList\",\"@id\":\"https:\/\/hudo.com\/si\/aktualno\/svet\/dalmacijo-stresel-mocan-potres-za-istro-razglasen-rdeci-alarm\/#breadcrumb\",\"itemListElement\":[{\"@type\":\"ListItem\",\"position\":1,\"name\":\"Home\",\"item\":\"https:\/\/hudo.com\/si\/\"},{\"@type\":\"ListItem\",\"position\":2,\"name\":\"Dalmacijo stresel mo\u010dan potres, za Istro razgla\u0161en rde\u010di alarm\"}]},{\"@type\":\"WebSite\",\"@id\":\"https:\/\/hudo.com\/si\/#website\",\"url\":\"https:\/\/hudo.com\/si\/\",\"name\":\"Hudo Slovenija\",\"description\":\"Vse novice iz Slovenije in sveta\",\"publisher\":{\"@id\":\"https:\/\/hudo.com\/si\/#organization\"},\"potentialAction\":[{\"@type\":\"SearchAction\",\"target\":{\"@type\":\"EntryPoint\",\"urlTemplate\":\"https:\/\/hudo.com\/si\/?s={search_term_string}\"},\"query-input\":\"required name=search_term_string\"}],\"inLanguage\":\"sl-SI\"},{\"@type\":\"Organization\",\"@id\":\"https:\/\/hudo.com\/si\/#organization\",\"name\":\"VSN Media\",\"url\":\"https:\/\/hudo.com\/si\/\",\"logo\":{\"@type\":\"ImageObject\",\"inLanguage\":\"sl-SI\",\"@id\":\"https:\/\/hudo.com\/si\/#\/schema\/logo\/image\/\",\"url\":\"https:\/\/hudo.com\/si\/wp-content\/uploads\/sites\/2\/2021\/03\/hudo-app-2.png\",\"contentUrl\":\"https:\/\/hudo.com\/si\/wp-content\/uploads\/sites\/2\/2021\/03\/hudo-app-2.png\",\"width\":2185,\"height\":2167,\"caption\":\"VSN Media\"},\"image\":{\"@id\":\"https:\/\/hudo.com\/si\/#\/schema\/logo\/image\/\"},\"sameAs\":[\"https:\/\/www.facebook.com\/hudo.si\",\"https:\/\/twitter.com\/hudo_si\"]},{\"@type\":\"Person\",\"@id\":\"https:\/\/hudo.com\/si\/#\/schema\/person\/2391667a63ea075ba94f2f2dc6b77537\",\"name\":\"A. G., STA\",\"image\":{\"@type\":\"ImageObject\",\"inLanguage\":\"sl-SI\",\"@id\":\"https:\/\/hudo.com\/si\/#\/schema\/person\/image\/\",\"url\":\"https:\/\/secure.gravatar.com\/avatar\/e13d22ac3e442658d5025fbbe6238a79?s=96&d=mm&r=g\",\"contentUrl\":\"https:\/\/secure.gravatar.com\/avatar\/e13d22ac3e442658d5025fbbe6238a79?s=96&d=mm&r=g\",\"caption\":\"A. G., STA\"},\"url\":\"https:\/\/hudo.com\/si\/author\/alenka\/\"}]}<\/script>\n<!-- \/ Yoast SEO plugin. -->","yoast_head_json":{"title":"Dalmacijo stresel mo\u010dan potres, za Istro razgla\u0161en rde\u010di alarm - Hudo Slovenija","robots":{"index":"index","follow":"follow","max-snippet":"max-snippet:-1","max-image-preview":"max-image-preview:large","max-video-preview":"max-video-preview:-1"},"canonical":"https:\/\/hudo.com\/si\/aktualno\/svet\/dalmacijo-stresel-mocan-potres-za-istro-razglasen-rdeci-alarm\/","og_locale":"sl_SI","og_type":"article","og_title":"Dalmacijo stresel mo\u010dan potres, za Istro razgla\u0161en rde\u010di alarm - Hudo Slovenija","og_description":"Mo\u010dnej\u0161i potres z magnitudo 4,6, ki je v \u010detrtek zve\u010der okoli 22. ure stresel \u0161ir\u0161e obmo\u010dje Splita, glede na prve podatke ni povzro\u010dil ve\u010dje gmotne \u0161kode. Je pa potres z \u017eari\u0161\u010dem pri Bu\u0161kem jezeru ob meji Hrva\u0161ke z Bosno in Hercegovino prestra\u0161il prebivalce v obeh dr\u017eavah.","og_url":"https:\/\/hudo.com\/si\/aktualno\/svet\/dalmacijo-stresel-mocan-potres-za-istro-razglasen-rdeci-alarm\/","og_site_name":"Hudo Slovenija","article_publisher":"https:\/\/www.facebook.com\/hudo.si","article_published_time":"2021-10-07T07:07:24+00:00","og_image":[{"width":1250,"height":846,"url":"https:\/\/hudo.com\/si\/wp-content\/uploads\/sites\/2\/2020\/02\/profimedia-0102197380.jpg","type":"image\/jpeg"}],"author":"A. G., STA","twitter_card":"summary_large_image","twitter_creator":"@hudo_si","twitter_site":"@hudo_si","twitter_misc":{"Written by":"A. G., STA","Est. reading time":"2 minuti"},"schema":{"@context":"https:\/\/schema.org","@graph":[{"@type":"Article","@id":"https:\/\/hudo.com\/si\/aktualno\/svet\/dalmacijo-stresel-mocan-potres-za-istro-razglasen-rdeci-alarm\/#article","isPartOf":{"@id":"https:\/\/hudo.com\/si\/aktualno\/svet\/dalmacijo-stresel-mocan-potres-za-istro-razglasen-rdeci-alarm\/"},"author":{"name":"A. G., STA","@id":"https:\/\/hudo.com\/si\/#\/schema\/person\/2391667a63ea075ba94f2f2dc6b77537"},"headline":"Dalmacijo stresel mo\u010dan potres, za Istro razgla\u0161en rde\u010di alarm","datePublished":"2021-10-07T07:07:24+00:00","dateModified":"2021-10-07T07:07:24+00:00","mainEntityOfPage":{"@id":"https:\/\/hudo.com\/si\/aktualno\/svet\/dalmacijo-stresel-mocan-potres-za-istro-razglasen-rdeci-alarm\/"},"wordCount":323,"publisher":{"@id":"https:\/\/hudo.com\/si\/#organization"},"keywords":["Dalmacija","potres"],"articleSection":["Svet"],"inLanguage":"sl-SI"},{"@type":"WebPage","@id":"https:\/\/hudo.com\/si\/aktualno\/svet\/dalmacijo-stresel-mocan-potres-za-istro-razglasen-rdeci-alarm\/","url":"https:\/\/hudo.com\/si\/aktualno\/svet\/dalmacijo-stresel-mocan-potres-za-istro-razglasen-rdeci-alarm\/","name":"Dalmacijo stresel mo\u010dan potres, za Istro razgla\u0161en rde\u010di alarm - Hudo Slovenija","isPartOf":{"@id":"https:\/\/hudo.com\/si\/#website"},"datePublished":"2021-10-07T07:07:24+00:00","dateModified":"2021-10-07T07:07:24+00:00","breadcrumb":{"@id":"https:\/\/hudo.com\/si\/aktualno\/svet\/dalmacijo-stresel-mocan-potres-za-istro-razglasen-rdeci-alarm\/#breadcrumb"},"inLanguage":"sl-SI","potentialAction":[{"@type":"ReadAction","target":["https:\/\/hudo.com\/si\/aktualno\/svet\/dalmacijo-stresel-mocan-potres-za-istro-razglasen-rdeci-alarm\/"]}]},{"@type":"BreadcrumbList","@id":"https:\/\/hudo.com\/si\/aktualno\/svet\/dalmacijo-stresel-mocan-potres-za-istro-razglasen-rdeci-alarm\/#breadcrumb","itemListElement":[{"@type":"ListItem","position":1,"name":"Home","item":"https:\/\/hudo.com\/si\/"},{"@type":"ListItem","position":2,"name":"Dalmacijo stresel mo\u010dan potres, za Istro razgla\u0161en rde\u010di alarm"}]},{"@type":"WebSite","@id":"https:\/\/hudo.com\/si\/#website","url":"https:\/\/hudo.com\/si\/","name":"Hudo Slovenija","description":"Vse novice iz Slovenije in sveta","publisher":{"@id":"https:\/\/hudo.com\/si\/#organization"},"potentialAction":[{"@type":"SearchAction","target":{"@type":"EntryPoint","urlTemplate":"https:\/\/hudo.com\/si\/?s={search_term_string}"},"query-input":"required name=search_term_string"}],"inLanguage":"sl-SI"},{"@type":"Organization","@id":"https:\/\/hudo.com\/si\/#organization","name":"VSN Media","url":"https:\/\/hudo.com\/si\/","logo":{"@type":"ImageObject","inLanguage":"sl-SI","@id":"https:\/\/hudo.com\/si\/#\/schema\/logo\/image\/","url":"https:\/\/hudo.com\/si\/wp-content\/uploads\/sites\/2\/2021\/03\/hudo-app-2.png","contentUrl":"https:\/\/hudo.com\/si\/wp-content\/uploads\/sites\/2\/2021\/03\/hudo-app-2.png","width":2185,"height":2167,"caption":"VSN Media"},"image":{"@id":"https:\/\/hudo.com\/si\/#\/schema\/logo\/image\/"},"sameAs":["https:\/\/www.facebook.com\/hudo.si","https:\/\/twitter.com\/hudo_si"]},{"@type":"Person","@id":"https:\/\/hudo.com\/si\/#\/schema\/person\/2391667a63ea075ba94f2f2dc6b77537","name":"A. G., STA","image":{"@type":"ImageObject","inLanguage":"sl-SI","@id":"https:\/\/hudo.com\/si\/#\/schema\/person\/image\/","url":"https:\/\/secure.gravatar.com\/avatar\/e13d22ac3e442658d5025fbbe6238a79?s=96&d=mm&r=g","contentUrl":"https:\/\/secure.gravatar.com\/avatar\/e13d22ac3e442658d5025fbbe6238a79?s=96&d=mm&r=g","caption":"A. G., STA"},"url":"https:\/\/hudo.com\/si\/author\/alenka\/"}]}},"amp_enabled":true,"_links":{"self":[{"href":"https:\/\/hudo.com\/si\/wp-json\/wp\/v2\/posts\/458975"}],"collection":[{"href":"https:\/\/hudo.com\/si\/wp-json\/wp\/v2\/posts"}],"about":[{"href":"https:\/\/hudo.com\/si\/wp-json\/wp\/v2\/types\/post"}],"author":[{"embeddable":true,"href":"https:\/\/hudo.com\/si\/wp-json\/wp\/v2\/users\/5"}],"replies":[{"embeddable":true,"href":"https:\/\/hudo.com\/si\/wp-json\/wp\/v2\/comments?post=458975"}],"version-history":[{"count":1,"href":"https:\/\/hudo.com\/si\/wp-json\/wp\/v2\/posts\/458975\/revisions"}],"predecessor-version":[{"id":458978,"href":"https:\/\/hudo.com\/si\/wp-json\/wp\/v2\/posts\/458975\/revisions\/458978"}],"wp:featuredmedia":[{"embeddable":true,"href":"https:\/\/hudo.com\/si\/wp-json\/wp\/v2\/media\/415407"}],"wp:attachment":[{"href":"https:\/\/hudo.com\/si\/wp-json\/wp\/v2\/media?parent=458975"}],"wp:term":[{"taxonomy":"category","embeddable":true,"href":"https:\/\/hudo.com\/si\/wp-json\/wp\/v2\/categories?post=458975"},{"taxonomy":"post_tag","embeddable":true,"href":"https:\/\/hudo.com\/si\/wp-json\/wp\/v2\/tags?post=458975"},{"taxonomy":"source","embeddable":true,"href":"https:\/\/hudo.com\/si\/wp-json\/wp\/v2\/source?post=458975"},{"taxonomy":"supertag","embeddable":true,"href":"https:\/\/hudo.com\/si\/wp-json\/wp\/v2\/supertag?post=458975"}],"curies":[{"name":"wp","href":"https:\/\/api.w.org\/{rel}","templated":true}]}}