{"id":459182,"date":"2021-10-11T08:41:48","date_gmt":"2021-10-11T06:41:48","guid":{"rendered":"https:\/\/hudo.com\/si\/?p=459182"},"modified":"2021-10-11T09:47:47","modified_gmt":"2021-10-11T07:47:47","slug":"na-gorenjski-avtocesti-ne-ena-ne-dve-ampak-kar-tri-prometne-nesrece-in-to-ze-zjutraj","status":"publish","type":"post","link":"https:\/\/hudo.com\/si\/aktualno\/slovenija\/na-gorenjski-avtocesti-ne-ena-ne-dve-ampak-kar-tri-prometne-nesrece-in-to-ze-zjutraj\/","title":{"rendered":"Na gorenjski avtocesti ne ena, ne dve, ampak kar tri prometne nesre\u010de in to \u017ee zjutraj"},"content":{"rendered":"<p>Na gorenjski avtocesti se je nekaj pred 6. uro zgodila prometna nesre\u010da pred izvozom Brnik v smeri Ljubljane, druga pa ob 6.30 za tem izvozom. V nesre\u010dah gre po prvih podatkih za gmotno \u0161kodo. Pred tem je bila avtocesta zaprta zaradi nesre\u010de med Torovim in Vodicami. Promet med Brnikom in Vodicami proti Ljubljani je zdaj spro\u0161\u010den. Ostaja pa zastoj.<\/p>\n<p>Potovalni \u010das se podalj\u0161a za pribli\u017eno 20 minut, je objavil Prometno-informacijski center za dr\u017eavne ceste.<\/p>\n<p>V nesre\u010di pred izvozom Vodice v smeri Ljubljane, ki se je zgodila nekaj po 4. uri, sta bili udele\u017eeni dve kombinirani vozili. Do nesre\u010de je pri\u0161lo, ker je voznik kombija zaradi neprilagojene hitrosti tr\u010dil v kombi s priklopnikom, ki je vozil pred njim. Policisti vodijo prekr\u0161kovni postopek. Avtocesta v smeri Ljubljane je bila zaradi ogleda in odpravljanja posledic nesre\u010de zaprta do 6. ure, so navedli na Policijski upravi Ljubljana.<\/p>\n<p>Na Policijski upravi Kranj pa pozivajo k prilagojeni hitrosti vo\u017enje in ustrezni varnostni razdalji.<\/p>\n","protected":false},"excerpt":{"rendered":"<p>Med Brnikom in Vodicami proti Ljubljani zastoj zaradi prometnih nesre\u010d.<\/p>\n","protected":false},"author":5,"featured_media":117933,"comment_status":"closed","ping_status":"closed","sticky":false,"template":"","format":"standard","meta":{"footnotes":""},"categories":[18201],"tags":[4688,6066,4791,1595],"source":[4511],"supertag":[7150,5675],"acf":[],"yoast_head":"<!-- This site is optimized with the Yoast SEO plugin v21.3 - https:\/\/yoast.com\/wordpress\/plugins\/seo\/ -->\n<title>Na gorenjski avtocesti ne ena, ne dve, ampak kar tri prometne nesre\u010de in to \u017ee zjutraj - Hudo Slovenija<\/title>\n<meta name=\"robots\" content=\"index, follow, max-snippet:-1, max-image-preview:large, max-video-preview:-1\" \/>\n<link rel=\"canonical\" href=\"https:\/\/hudo.com\/si\/aktualno\/slovenija\/na-gorenjski-avtocesti-ne-ena-ne-dve-ampak-kar-tri-prometne-nesrece-in-to-ze-zjutraj\/\" \/>\n<meta property=\"og:locale\" content=\"sl_SI\" \/>\n<meta property=\"og:type\" content=\"article\" \/>\n<meta property=\"og:title\" content=\"Na gorenjski avtocesti ne ena, ne dve, ampak kar tri prometne nesre\u010de in to \u017ee zjutraj - Hudo Slovenija\" \/>\n<meta property=\"og:description\" content=\"Med Brnikom in Vodicami proti Ljubljani zastoj zaradi prometnih nesre\u010d.\" \/>\n<meta property=\"og:url\" content=\"https:\/\/hudo.com\/si\/aktualno\/slovenija\/na-gorenjski-avtocesti-ne-ena-ne-dve-ampak-kar-tri-prometne-nesrece-in-to-ze-zjutraj\/\" \/>\n<meta property=\"og:site_name\" content=\"Hudo Slovenija\" \/>\n<meta property=\"article:publisher\" content=\"https:\/\/www.facebook.com\/hudo.si\" \/>\n<meta property=\"article:published_time\" content=\"2021-10-11T06:41:48+00:00\" \/>\n<meta property=\"article:modified_time\" content=\"2021-10-11T07:47:47+00:00\" \/>\n<meta property=\"og:image\" content=\"https:\/\/hudo.com\/si\/wp-content\/uploads\/sites\/2\/2016\/08\/20110806-00291048.jpg\" \/>\n\t<meta property=\"og:image:width\" content=\"640\" \/>\n\t<meta property=\"og:image:height\" content=\"410\" \/>\n\t<meta property=\"og:image:type\" content=\"image\/jpeg\" \/>\n<meta name=\"author\" content=\"A. G., STA\" \/>\n<meta name=\"twitter:card\" content=\"summary_large_image\" \/>\n<meta name=\"twitter:creator\" content=\"@hudo_si\" \/>\n<meta name=\"twitter:site\" content=\"@hudo_si\" \/>\n<meta name=\"twitter:label1\" content=\"Written by\" \/>\n\t<meta name=\"twitter:data1\" content=\"A. G., STA\" \/>\n\t<meta name=\"twitter:label2\" content=\"Est. reading time\" \/>\n\t<meta name=\"twitter:data2\" content=\"1 minuta\" \/>\n<script type=\"application\/ld+json\" class=\"yoast-schema-graph\">{\"@context\":\"https:\/\/schema.org\",\"@graph\":[{\"@type\":\"Article\",\"@id\":\"https:\/\/hudo.com\/si\/aktualno\/slovenija\/na-gorenjski-avtocesti-ne-ena-ne-dve-ampak-kar-tri-prometne-nesrece-in-to-ze-zjutraj\/#article\",\"isPartOf\":{\"@id\":\"https:\/\/hudo.com\/si\/aktualno\/slovenija\/na-gorenjski-avtocesti-ne-ena-ne-dve-ampak-kar-tri-prometne-nesrece-in-to-ze-zjutraj\/\"},\"author\":{\"name\":\"A. G., STA\",\"@id\":\"https:\/\/hudo.com\/si\/#\/schema\/person\/2391667a63ea075ba94f2f2dc6b77537\"},\"headline\":\"Na gorenjski avtocesti ne ena, ne dve, ampak kar tri prometne nesre\u010de in to \u017ee zjutraj\",\"datePublished\":\"2021-10-11T06:41:48+00:00\",\"dateModified\":\"2021-10-11T07:47:47+00:00\",\"mainEntityOfPage\":{\"@id\":\"https:\/\/hudo.com\/si\/aktualno\/slovenija\/na-gorenjski-avtocesti-ne-ena-ne-dve-ampak-kar-tri-prometne-nesrece-in-to-ze-zjutraj\/\"},\"wordCount\":184,\"publisher\":{\"@id\":\"https:\/\/hudo.com\/si\/#organization\"},\"keywords\":[\"\u010drna kronika\",\"gorenjska avtocesta\",\"prometna nesre\u010da\",\"Slovenija\"],\"articleSection\":[\"Slovenija\"],\"inLanguage\":\"sl-SI\"},{\"@type\":\"WebPage\",\"@id\":\"https:\/\/hudo.com\/si\/aktualno\/slovenija\/na-gorenjski-avtocesti-ne-ena-ne-dve-ampak-kar-tri-prometne-nesrece-in-to-ze-zjutraj\/\",\"url\":\"https:\/\/hudo.com\/si\/aktualno\/slovenija\/na-gorenjski-avtocesti-ne-ena-ne-dve-ampak-kar-tri-prometne-nesrece-in-to-ze-zjutraj\/\",\"name\":\"Na gorenjski avtocesti ne ena, ne dve, ampak kar tri prometne nesre\u010de in to \u017ee zjutraj - Hudo Slovenija\",\"isPartOf\":{\"@id\":\"https:\/\/hudo.com\/si\/#website\"},\"datePublished\":\"2021-10-11T06:41:48+00:00\",\"dateModified\":\"2021-10-11T07:47:47+00:00\",\"breadcrumb\":{\"@id\":\"https:\/\/hudo.com\/si\/aktualno\/slovenija\/na-gorenjski-avtocesti-ne-ena-ne-dve-ampak-kar-tri-prometne-nesrece-in-to-ze-zjutraj\/#breadcrumb\"},\"inLanguage\":\"sl-SI\",\"potentialAction\":[{\"@type\":\"ReadAction\",\"target\":[\"https:\/\/hudo.com\/si\/aktualno\/slovenija\/na-gorenjski-avtocesti-ne-ena-ne-dve-ampak-kar-tri-prometne-nesrece-in-to-ze-zjutraj\/\"]}]},{\"@type\":\"BreadcrumbList\",\"@id\":\"https:\/\/hudo.com\/si\/aktualno\/slovenija\/na-gorenjski-avtocesti-ne-ena-ne-dve-ampak-kar-tri-prometne-nesrece-in-to-ze-zjutraj\/#breadcrumb\",\"itemListElement\":[{\"@type\":\"ListItem\",\"position\":1,\"name\":\"Home\",\"item\":\"https:\/\/hudo.com\/si\/\"},{\"@type\":\"ListItem\",\"position\":2,\"name\":\"Na gorenjski avtocesti ne ena, ne dve, ampak kar tri prometne nesre\u010de in to \u017ee zjutraj\"}]},{\"@type\":\"WebSite\",\"@id\":\"https:\/\/hudo.com\/si\/#website\",\"url\":\"https:\/\/hudo.com\/si\/\",\"name\":\"Hudo Slovenija\",\"description\":\"Vse novice iz Slovenije in sveta\",\"publisher\":{\"@id\":\"https:\/\/hudo.com\/si\/#organization\"},\"potentialAction\":[{\"@type\":\"SearchAction\",\"target\":{\"@type\":\"EntryPoint\",\"urlTemplate\":\"https:\/\/hudo.com\/si\/?s={search_term_string}\"},\"query-input\":\"required name=search_term_string\"}],\"inLanguage\":\"sl-SI\"},{\"@type\":\"Organization\",\"@id\":\"https:\/\/hudo.com\/si\/#organization\",\"name\":\"VSN Media\",\"url\":\"https:\/\/hudo.com\/si\/\",\"logo\":{\"@type\":\"ImageObject\",\"inLanguage\":\"sl-SI\",\"@id\":\"https:\/\/hudo.com\/si\/#\/schema\/logo\/image\/\",\"url\":\"https:\/\/hudo.com\/si\/wp-content\/uploads\/sites\/2\/2021\/03\/hudo-app-2.png\",\"contentUrl\":\"https:\/\/hudo.com\/si\/wp-content\/uploads\/sites\/2\/2021\/03\/hudo-app-2.png\",\"width\":2185,\"height\":2167,\"caption\":\"VSN Media\"},\"image\":{\"@id\":\"https:\/\/hudo.com\/si\/#\/schema\/logo\/image\/\"},\"sameAs\":[\"https:\/\/www.facebook.com\/hudo.si\",\"https:\/\/twitter.com\/hudo_si\"]},{\"@type\":\"Person\",\"@id\":\"https:\/\/hudo.com\/si\/#\/schema\/person\/2391667a63ea075ba94f2f2dc6b77537\",\"name\":\"A. G., STA\",\"image\":{\"@type\":\"ImageObject\",\"inLanguage\":\"sl-SI\",\"@id\":\"https:\/\/hudo.com\/si\/#\/schema\/person\/image\/\",\"url\":\"https:\/\/secure.gravatar.com\/avatar\/e13d22ac3e442658d5025fbbe6238a79?s=96&d=mm&r=g\",\"contentUrl\":\"https:\/\/secure.gravatar.com\/avatar\/e13d22ac3e442658d5025fbbe6238a79?s=96&d=mm&r=g\",\"caption\":\"A. G., STA\"},\"url\":\"https:\/\/hudo.com\/si\/author\/alenka\/\"}]}<\/script>\n<!-- \/ Yoast SEO plugin. -->","yoast_head_json":{"title":"Na gorenjski avtocesti ne ena, ne dve, ampak kar tri prometne nesre\u010de in to \u017ee zjutraj - Hudo Slovenija","robots":{"index":"index","follow":"follow","max-snippet":"max-snippet:-1","max-image-preview":"max-image-preview:large","max-video-preview":"max-video-preview:-1"},"canonical":"https:\/\/hudo.com\/si\/aktualno\/slovenija\/na-gorenjski-avtocesti-ne-ena-ne-dve-ampak-kar-tri-prometne-nesrece-in-to-ze-zjutraj\/","og_locale":"sl_SI","og_type":"article","og_title":"Na gorenjski avtocesti ne ena, ne dve, ampak kar tri prometne nesre\u010de in to \u017ee zjutraj - Hudo Slovenija","og_description":"Med Brnikom in Vodicami proti Ljubljani zastoj zaradi prometnih nesre\u010d.","og_url":"https:\/\/hudo.com\/si\/aktualno\/slovenija\/na-gorenjski-avtocesti-ne-ena-ne-dve-ampak-kar-tri-prometne-nesrece-in-to-ze-zjutraj\/","og_site_name":"Hudo Slovenija","article_publisher":"https:\/\/www.facebook.com\/hudo.si","article_published_time":"2021-10-11T06:41:48+00:00","article_modified_time":"2021-10-11T07:47:47+00:00","og_image":[{"width":640,"height":410,"url":"https:\/\/hudo.com\/si\/wp-content\/uploads\/sites\/2\/2016\/08\/20110806-00291048.jpg","type":"image\/jpeg"}],"author":"A. G., STA","twitter_card":"summary_large_image","twitter_creator":"@hudo_si","twitter_site":"@hudo_si","twitter_misc":{"Written by":"A. G., STA","Est. reading time":"1 minuta"},"schema":{"@context":"https:\/\/schema.org","@graph":[{"@type":"Article","@id":"https:\/\/hudo.com\/si\/aktualno\/slovenija\/na-gorenjski-avtocesti-ne-ena-ne-dve-ampak-kar-tri-prometne-nesrece-in-to-ze-zjutraj\/#article","isPartOf":{"@id":"https:\/\/hudo.com\/si\/aktualno\/slovenija\/na-gorenjski-avtocesti-ne-ena-ne-dve-ampak-kar-tri-prometne-nesrece-in-to-ze-zjutraj\/"},"author":{"name":"A. G., STA","@id":"https:\/\/hudo.com\/si\/#\/schema\/person\/2391667a63ea075ba94f2f2dc6b77537"},"headline":"Na gorenjski avtocesti ne ena, ne dve, ampak kar tri prometne nesre\u010de in to \u017ee zjutraj","datePublished":"2021-10-11T06:41:48+00:00","dateModified":"2021-10-11T07:47:47+00:00","mainEntityOfPage":{"@id":"https:\/\/hudo.com\/si\/aktualno\/slovenija\/na-gorenjski-avtocesti-ne-ena-ne-dve-ampak-kar-tri-prometne-nesrece-in-to-ze-zjutraj\/"},"wordCount":184,"publisher":{"@id":"https:\/\/hudo.com\/si\/#organization"},"keywords":["\u010drna kronika","gorenjska avtocesta","prometna nesre\u010da","Slovenija"],"articleSection":["Slovenija"],"inLanguage":"sl-SI"},{"@type":"WebPage","@id":"https:\/\/hudo.com\/si\/aktualno\/slovenija\/na-gorenjski-avtocesti-ne-ena-ne-dve-ampak-kar-tri-prometne-nesrece-in-to-ze-zjutraj\/","url":"https:\/\/hudo.com\/si\/aktualno\/slovenija\/na-gorenjski-avtocesti-ne-ena-ne-dve-ampak-kar-tri-prometne-nesrece-in-to-ze-zjutraj\/","name":"Na gorenjski avtocesti ne ena, ne dve, ampak kar tri prometne nesre\u010de in to \u017ee zjutraj - Hudo Slovenija","isPartOf":{"@id":"https:\/\/hudo.com\/si\/#website"},"datePublished":"2021-10-11T06:41:48+00:00","dateModified":"2021-10-11T07:47:47+00:00","breadcrumb":{"@id":"https:\/\/hudo.com\/si\/aktualno\/slovenija\/na-gorenjski-avtocesti-ne-ena-ne-dve-ampak-kar-tri-prometne-nesrece-in-to-ze-zjutraj\/#breadcrumb"},"inLanguage":"sl-SI","potentialAction":[{"@type":"ReadAction","target":["https:\/\/hudo.com\/si\/aktualno\/slovenija\/na-gorenjski-avtocesti-ne-ena-ne-dve-ampak-kar-tri-prometne-nesrece-in-to-ze-zjutraj\/"]}]},{"@type":"BreadcrumbList","@id":"https:\/\/hudo.com\/si\/aktualno\/slovenija\/na-gorenjski-avtocesti-ne-ena-ne-dve-ampak-kar-tri-prometne-nesrece-in-to-ze-zjutraj\/#breadcrumb","itemListElement":[{"@type":"ListItem","position":1,"name":"Home","item":"https:\/\/hudo.com\/si\/"},{"@type":"ListItem","position":2,"name":"Na gorenjski avtocesti ne ena, ne dve, ampak kar tri prometne nesre\u010de in to \u017ee zjutraj"}]},{"@type":"WebSite","@id":"https:\/\/hudo.com\/si\/#website","url":"https:\/\/hudo.com\/si\/","name":"Hudo Slovenija","description":"Vse novice iz Slovenije in sveta","publisher":{"@id":"https:\/\/hudo.com\/si\/#organization"},"potentialAction":[{"@type":"SearchAction","target":{"@type":"EntryPoint","urlTemplate":"https:\/\/hudo.com\/si\/?s={search_term_string}"},"query-input":"required name=search_term_string"}],"inLanguage":"sl-SI"},{"@type":"Organization","@id":"https:\/\/hudo.com\/si\/#organization","name":"VSN Media","url":"https:\/\/hudo.com\/si\/","logo":{"@type":"ImageObject","inLanguage":"sl-SI","@id":"https:\/\/hudo.com\/si\/#\/schema\/logo\/image\/","url":"https:\/\/hudo.com\/si\/wp-content\/uploads\/sites\/2\/2021\/03\/hudo-app-2.png","contentUrl":"https:\/\/hudo.com\/si\/wp-content\/uploads\/sites\/2\/2021\/03\/hudo-app-2.png","width":2185,"height":2167,"caption":"VSN Media"},"image":{"@id":"https:\/\/hudo.com\/si\/#\/schema\/logo\/image\/"},"sameAs":["https:\/\/www.facebook.com\/hudo.si","https:\/\/twitter.com\/hudo_si"]},{"@type":"Person","@id":"https:\/\/hudo.com\/si\/#\/schema\/person\/2391667a63ea075ba94f2f2dc6b77537","name":"A. G., STA","image":{"@type":"ImageObject","inLanguage":"sl-SI","@id":"https:\/\/hudo.com\/si\/#\/schema\/person\/image\/","url":"https:\/\/secure.gravatar.com\/avatar\/e13d22ac3e442658d5025fbbe6238a79?s=96&d=mm&r=g","contentUrl":"https:\/\/secure.gravatar.com\/avatar\/e13d22ac3e442658d5025fbbe6238a79?s=96&d=mm&r=g","caption":"A. G., STA"},"url":"https:\/\/hudo.com\/si\/author\/alenka\/"}]}},"amp_enabled":true,"_links":{"self":[{"href":"https:\/\/hudo.com\/si\/wp-json\/wp\/v2\/posts\/459182"}],"collection":[{"href":"https:\/\/hudo.com\/si\/wp-json\/wp\/v2\/posts"}],"about":[{"href":"https:\/\/hudo.com\/si\/wp-json\/wp\/v2\/types\/post"}],"author":[{"embeddable":true,"href":"https:\/\/hudo.com\/si\/wp-json\/wp\/v2\/users\/5"}],"replies":[{"embeddable":true,"href":"https:\/\/hudo.com\/si\/wp-json\/wp\/v2\/comments?post=459182"}],"version-history":[{"count":2,"href":"https:\/\/hudo.com\/si\/wp-json\/wp\/v2\/posts\/459182\/revisions"}],"predecessor-version":[{"id":459193,"href":"https:\/\/hudo.com\/si\/wp-json\/wp\/v2\/posts\/459182\/revisions\/459193"}],"wp:featuredmedia":[{"embeddable":true,"href":"https:\/\/hudo.com\/si\/wp-json\/wp\/v2\/media\/117933"}],"wp:attachment":[{"href":"https:\/\/hudo.com\/si\/wp-json\/wp\/v2\/media?parent=459182"}],"wp:term":[{"taxonomy":"category","embeddable":true,"href":"https:\/\/hudo.com\/si\/wp-json\/wp\/v2\/categories?post=459182"},{"taxonomy":"post_tag","embeddable":true,"href":"https:\/\/hudo.com\/si\/wp-json\/wp\/v2\/tags?post=459182"},{"taxonomy":"source","embeddable":true,"href":"https:\/\/hudo.com\/si\/wp-json\/wp\/v2\/source?post=459182"},{"taxonomy":"supertag","embeddable":true,"href":"https:\/\/hudo.com\/si\/wp-json\/wp\/v2\/supertag?post=459182"}],"curies":[{"name":"wp","href":"https:\/\/api.w.org\/{rel}","templated":true}]}}