{"id":459358,"date":"2021-10-14T08:04:13","date_gmt":"2021-10-14T06:04:13","guid":{"rendered":"https:\/\/hudo.com\/si\/?p=459358"},"modified":"2021-10-14T08:04:13","modified_gmt":"2021-10-14T06:04:13","slug":"v-napadu-z-lokom-na-norveskem-ubitih-pet-ljudi","status":"publish","type":"post","link":"https:\/\/hudo.com\/si\/aktualno\/svet\/v-napadu-z-lokom-na-norveskem-ubitih-pet-ljudi\/","title":{"rendered":"V napadu z lokom na Norve\u0161kem ubitih pet ljudi"},"content":{"rendered":"<p>Predstavnik policije Oyvind Aas je potrdil, da je bilo v napadu na ve\u010d krajih v sredi\u0161\u010du Kongsberga, ki le\u017ei okoli 80 kilometrov zahodno od prestolnice Oslo, ubitih pet ljudi. Ranjena sta bila dva \u010dloveka, ki sta na intenzivni negi v bolni\u0161nici, a njuno \u017eivljenje ni ogro\u017eeno, je Aas po poro\u010danju francoske tiskovne agencije AFP povedal na novinarski konferenci.<\/p>\n<p>Eden od ranjenih je policist, ki ni bil na dol\u017enosti. Bil je v trgovini, ki je bila eden od krajev napada.<\/p>\n<p>&#8220;Policija je aretirala mo\u0161kega, ki je izvedel to dejanje. Po na\u0161ih informacijah je bila vpletena samo ena oseba,&#8221; je dejal Aas. Po podatkih policije gre za 37-letnega Danca, ki \u017eivi v Kongsbergu. To informacijo so razkrili, ker so v javnosti kro\u017eile \u0161tevilne govorice o napadalcu, nekateri mediji so poro\u010dali, da je napad izvedel Norve\u017ean.<\/p>\n<p>Po poro\u010danju televizije TV2 se je domnevni napadalec spreobrnil v muslimansko vero, \u010desar pa policija ni potrdila.<\/p>\n<p>Glede na razvoj dogodkov je samoumevno, da se preveri, ali je \u0161lo za teroristi\u010dni napad, je \u0161e dejal Aas. Po njegovih besedah so odprte vse mo\u017enosti.<\/p>\n<p>&#8220;Ti dogodki so nas pretresli,&#8221; je ob napadu povedala norve\u0161ka premierka Erna Solberg, za katero je bil v sredo zadnji dan na polo\u017eaju. Danes jo bo nasledil Jonas Gahr Store, \u010digar laburisti\u010dna stranka je slavila na parlamentarnih volitvah sredi septembra.<\/p>\n<p>Nacionalni policijski direktorat je po napadu odredil za\u010dasno oboro\u017eitev vseh policistov po dr\u017eavi. Ti namre\u010d obi\u010dajno niso oboro\u017eeni, navaja AFP.<\/p>\n<p>Tovrstno nasilje je na Norve\u0161kem redko. Je pa dr\u017eavo pred 10 leti mo\u010dno pretresel teroristi\u010dni napad skrajnega desni\u010darja Andersa Behringa Breivika, ki je najprej v Oslu v bli\u017eini premierjevega urada razstrelil bombo, nato pa izvedel \u0161e strelski pohod na otoku Utoya, kjer je potekal tabor podmladka laburisti\u010dne stranke. Umrlo je 77 ljudi.<\/p>\n<p>Samooklicani neonacist Philip Manshaus pa je avgusta 2019 streljal v mo\u0161eji na obrobju Osla. Napadalca so obvladali verniki, pri \u010demer je bil eden huje po\u0161kodovan. Pred tem je Manshaus ubil svojo polsestro, posvojenko s Kitajske.<\/p>\n","protected":false},"excerpt":{"rendered":"<p>V sredinem napadu v norve\u0161kem mestu Kongsberg je mo\u0161ki z lokom ubil pet ljudi, \u0161e dva sta bila ranjena, je sporo\u010dila policija. Napada je osumljen 37-letni danski dr\u017eavljan, ki ga je policija aretirala. Motiv \u0161e ni znan, oblasti pa \u0161e niso izklju\u010dile mo\u017enosti, da bi \u0161lo za teroristi\u010dni napad.<\/p>\n","protected":false},"author":8,"featured_media":237242,"comment_status":"closed","ping_status":"closed","sticky":false,"template":"","format":"standard","meta":{"footnotes":""},"categories":[18202],"tags":[19485,2267],"source":[4511],"supertag":[],"acf":[],"yoast_head":"<!-- This site is optimized with the Yoast SEO plugin v21.3 - https:\/\/yoast.com\/wordpress\/plugins\/seo\/ -->\n<title>V napadu z lokom na Norve\u0161kem ubitih pet ljudi - Hudo Slovenija<\/title>\n<meta name=\"robots\" content=\"index, follow, max-snippet:-1, max-image-preview:large, max-video-preview:-1\" \/>\n<link rel=\"canonical\" href=\"https:\/\/hudo.com\/si\/aktualno\/svet\/v-napadu-z-lokom-na-norveskem-ubitih-pet-ljudi\/\" \/>\n<meta property=\"og:locale\" content=\"sl_SI\" \/>\n<meta property=\"og:type\" content=\"article\" \/>\n<meta property=\"og:title\" content=\"V napadu z lokom na Norve\u0161kem ubitih pet ljudi - Hudo Slovenija\" \/>\n<meta property=\"og:description\" content=\"V sredinem napadu v norve\u0161kem mestu Kongsberg je mo\u0161ki z lokom ubil pet ljudi, \u0161e dva sta bila ranjena, je sporo\u010dila policija. Napada je osumljen 37-letni danski dr\u017eavljan, ki ga je policija aretirala. Motiv \u0161e ni znan, oblasti pa \u0161e niso izklju\u010dile mo\u017enosti, da bi \u0161lo za teroristi\u010dni napad.\" \/>\n<meta property=\"og:url\" content=\"https:\/\/hudo.com\/si\/aktualno\/svet\/v-napadu-z-lokom-na-norveskem-ubitih-pet-ljudi\/\" \/>\n<meta property=\"og:site_name\" content=\"Hudo Slovenija\" \/>\n<meta property=\"article:publisher\" content=\"https:\/\/www.facebook.com\/hudo.si\" \/>\n<meta property=\"article:published_time\" content=\"2021-10-14T06:04:13+00:00\" \/>\n<meta property=\"og:image\" content=\"https:\/\/hudo.com\/si\/wp-content\/uploads\/sites\/2\/2017\/04\/profimedia-0150114788.jpg\" \/>\n\t<meta property=\"og:image:width\" content=\"1250\" \/>\n\t<meta property=\"og:image:height\" content=\"1172\" \/>\n\t<meta property=\"og:image:type\" content=\"image\/jpeg\" \/>\n<meta name=\"author\" content=\"M. N., STA\" \/>\n<meta name=\"twitter:card\" content=\"summary_large_image\" \/>\n<meta name=\"twitter:creator\" content=\"@hudo_si\" \/>\n<meta name=\"twitter:site\" content=\"@hudo_si\" \/>\n<meta name=\"twitter:label1\" content=\"Written by\" \/>\n\t<meta name=\"twitter:data1\" content=\"M. N., STA\" \/>\n\t<meta name=\"twitter:label2\" content=\"Est. reading time\" \/>\n\t<meta name=\"twitter:data2\" content=\"2 minuti\" \/>\n<script type=\"application\/ld+json\" class=\"yoast-schema-graph\">{\"@context\":\"https:\/\/schema.org\",\"@graph\":[{\"@type\":\"Article\",\"@id\":\"https:\/\/hudo.com\/si\/aktualno\/svet\/v-napadu-z-lokom-na-norveskem-ubitih-pet-ljudi\/#article\",\"isPartOf\":{\"@id\":\"https:\/\/hudo.com\/si\/aktualno\/svet\/v-napadu-z-lokom-na-norveskem-ubitih-pet-ljudi\/\"},\"author\":{\"name\":\"M. N., STA\",\"@id\":\"https:\/\/hudo.com\/si\/#\/schema\/person\/c2f10ce65d2e6ede2aeda5be2a0611fa\"},\"headline\":\"V napadu z lokom na Norve\u0161kem ubitih pet ljudi\",\"datePublished\":\"2021-10-14T06:04:13+00:00\",\"dateModified\":\"2021-10-14T06:04:13+00:00\",\"mainEntityOfPage\":{\"@id\":\"https:\/\/hudo.com\/si\/aktualno\/svet\/v-napadu-z-lokom-na-norveskem-ubitih-pet-ljudi\/\"},\"wordCount\":360,\"publisher\":{\"@id\":\"https:\/\/hudo.com\/si\/#organization\"},\"keywords\":[\"napad z lokom\",\"Norve\u0161ka\"],\"articleSection\":[\"Svet\"],\"inLanguage\":\"sl-SI\"},{\"@type\":\"WebPage\",\"@id\":\"https:\/\/hudo.com\/si\/aktualno\/svet\/v-napadu-z-lokom-na-norveskem-ubitih-pet-ljudi\/\",\"url\":\"https:\/\/hudo.com\/si\/aktualno\/svet\/v-napadu-z-lokom-na-norveskem-ubitih-pet-ljudi\/\",\"name\":\"V napadu z lokom na Norve\u0161kem ubitih pet ljudi - Hudo Slovenija\",\"isPartOf\":{\"@id\":\"https:\/\/hudo.com\/si\/#website\"},\"datePublished\":\"2021-10-14T06:04:13+00:00\",\"dateModified\":\"2021-10-14T06:04:13+00:00\",\"breadcrumb\":{\"@id\":\"https:\/\/hudo.com\/si\/aktualno\/svet\/v-napadu-z-lokom-na-norveskem-ubitih-pet-ljudi\/#breadcrumb\"},\"inLanguage\":\"sl-SI\",\"potentialAction\":[{\"@type\":\"ReadAction\",\"target\":[\"https:\/\/hudo.com\/si\/aktualno\/svet\/v-napadu-z-lokom-na-norveskem-ubitih-pet-ljudi\/\"]}]},{\"@type\":\"BreadcrumbList\",\"@id\":\"https:\/\/hudo.com\/si\/aktualno\/svet\/v-napadu-z-lokom-na-norveskem-ubitih-pet-ljudi\/#breadcrumb\",\"itemListElement\":[{\"@type\":\"ListItem\",\"position\":1,\"name\":\"Home\",\"item\":\"https:\/\/hudo.com\/si\/\"},{\"@type\":\"ListItem\",\"position\":2,\"name\":\"V napadu z lokom na Norve\u0161kem ubitih pet ljudi\"}]},{\"@type\":\"WebSite\",\"@id\":\"https:\/\/hudo.com\/si\/#website\",\"url\":\"https:\/\/hudo.com\/si\/\",\"name\":\"Hudo Slovenija\",\"description\":\"Vse novice iz Slovenije in sveta\",\"publisher\":{\"@id\":\"https:\/\/hudo.com\/si\/#organization\"},\"potentialAction\":[{\"@type\":\"SearchAction\",\"target\":{\"@type\":\"EntryPoint\",\"urlTemplate\":\"https:\/\/hudo.com\/si\/?s={search_term_string}\"},\"query-input\":\"required name=search_term_string\"}],\"inLanguage\":\"sl-SI\"},{\"@type\":\"Organization\",\"@id\":\"https:\/\/hudo.com\/si\/#organization\",\"name\":\"VSN Media\",\"url\":\"https:\/\/hudo.com\/si\/\",\"logo\":{\"@type\":\"ImageObject\",\"inLanguage\":\"sl-SI\",\"@id\":\"https:\/\/hudo.com\/si\/#\/schema\/logo\/image\/\",\"url\":\"https:\/\/hudo.com\/si\/wp-content\/uploads\/sites\/2\/2021\/03\/hudo-app-2.png\",\"contentUrl\":\"https:\/\/hudo.com\/si\/wp-content\/uploads\/sites\/2\/2021\/03\/hudo-app-2.png\",\"width\":2185,\"height\":2167,\"caption\":\"VSN Media\"},\"image\":{\"@id\":\"https:\/\/hudo.com\/si\/#\/schema\/logo\/image\/\"},\"sameAs\":[\"https:\/\/www.facebook.com\/hudo.si\",\"https:\/\/twitter.com\/hudo_si\"]},{\"@type\":\"Person\",\"@id\":\"https:\/\/hudo.com\/si\/#\/schema\/person\/c2f10ce65d2e6ede2aeda5be2a0611fa\",\"name\":\"M. N., STA\",\"image\":{\"@type\":\"ImageObject\",\"inLanguage\":\"sl-SI\",\"@id\":\"https:\/\/hudo.com\/si\/#\/schema\/person\/image\/\",\"url\":\"https:\/\/secure.gravatar.com\/avatar\/f370d38daa10467f755c5c766a4cac20?s=96&d=mm&r=g\",\"contentUrl\":\"https:\/\/secure.gravatar.com\/avatar\/f370d38daa10467f755c5c766a4cac20?s=96&d=mm&r=g\",\"caption\":\"M. N., STA\"},\"url\":\"https:\/\/hudo.com\/si\/author\/mana\/\"}]}<\/script>\n<!-- \/ Yoast SEO plugin. -->","yoast_head_json":{"title":"V napadu z lokom na Norve\u0161kem ubitih pet ljudi - Hudo Slovenija","robots":{"index":"index","follow":"follow","max-snippet":"max-snippet:-1","max-image-preview":"max-image-preview:large","max-video-preview":"max-video-preview:-1"},"canonical":"https:\/\/hudo.com\/si\/aktualno\/svet\/v-napadu-z-lokom-na-norveskem-ubitih-pet-ljudi\/","og_locale":"sl_SI","og_type":"article","og_title":"V napadu z lokom na Norve\u0161kem ubitih pet ljudi - Hudo Slovenija","og_description":"V sredinem napadu v norve\u0161kem mestu Kongsberg je mo\u0161ki z lokom ubil pet ljudi, \u0161e dva sta bila ranjena, je sporo\u010dila policija. Napada je osumljen 37-letni danski dr\u017eavljan, ki ga je policija aretirala. Motiv \u0161e ni znan, oblasti pa \u0161e niso izklju\u010dile mo\u017enosti, da bi \u0161lo za teroristi\u010dni napad.","og_url":"https:\/\/hudo.com\/si\/aktualno\/svet\/v-napadu-z-lokom-na-norveskem-ubitih-pet-ljudi\/","og_site_name":"Hudo Slovenija","article_publisher":"https:\/\/www.facebook.com\/hudo.si","article_published_time":"2021-10-14T06:04:13+00:00","og_image":[{"width":1250,"height":1172,"url":"https:\/\/hudo.com\/si\/wp-content\/uploads\/sites\/2\/2017\/04\/profimedia-0150114788.jpg","type":"image\/jpeg"}],"author":"M. N., STA","twitter_card":"summary_large_image","twitter_creator":"@hudo_si","twitter_site":"@hudo_si","twitter_misc":{"Written by":"M. N., STA","Est. reading time":"2 minuti"},"schema":{"@context":"https:\/\/schema.org","@graph":[{"@type":"Article","@id":"https:\/\/hudo.com\/si\/aktualno\/svet\/v-napadu-z-lokom-na-norveskem-ubitih-pet-ljudi\/#article","isPartOf":{"@id":"https:\/\/hudo.com\/si\/aktualno\/svet\/v-napadu-z-lokom-na-norveskem-ubitih-pet-ljudi\/"},"author":{"name":"M. N., STA","@id":"https:\/\/hudo.com\/si\/#\/schema\/person\/c2f10ce65d2e6ede2aeda5be2a0611fa"},"headline":"V napadu z lokom na Norve\u0161kem ubitih pet ljudi","datePublished":"2021-10-14T06:04:13+00:00","dateModified":"2021-10-14T06:04:13+00:00","mainEntityOfPage":{"@id":"https:\/\/hudo.com\/si\/aktualno\/svet\/v-napadu-z-lokom-na-norveskem-ubitih-pet-ljudi\/"},"wordCount":360,"publisher":{"@id":"https:\/\/hudo.com\/si\/#organization"},"keywords":["napad z lokom","Norve\u0161ka"],"articleSection":["Svet"],"inLanguage":"sl-SI"},{"@type":"WebPage","@id":"https:\/\/hudo.com\/si\/aktualno\/svet\/v-napadu-z-lokom-na-norveskem-ubitih-pet-ljudi\/","url":"https:\/\/hudo.com\/si\/aktualno\/svet\/v-napadu-z-lokom-na-norveskem-ubitih-pet-ljudi\/","name":"V napadu z lokom na Norve\u0161kem ubitih pet ljudi - Hudo Slovenija","isPartOf":{"@id":"https:\/\/hudo.com\/si\/#website"},"datePublished":"2021-10-14T06:04:13+00:00","dateModified":"2021-10-14T06:04:13+00:00","breadcrumb":{"@id":"https:\/\/hudo.com\/si\/aktualno\/svet\/v-napadu-z-lokom-na-norveskem-ubitih-pet-ljudi\/#breadcrumb"},"inLanguage":"sl-SI","potentialAction":[{"@type":"ReadAction","target":["https:\/\/hudo.com\/si\/aktualno\/svet\/v-napadu-z-lokom-na-norveskem-ubitih-pet-ljudi\/"]}]},{"@type":"BreadcrumbList","@id":"https:\/\/hudo.com\/si\/aktualno\/svet\/v-napadu-z-lokom-na-norveskem-ubitih-pet-ljudi\/#breadcrumb","itemListElement":[{"@type":"ListItem","position":1,"name":"Home","item":"https:\/\/hudo.com\/si\/"},{"@type":"ListItem","position":2,"name":"V napadu z lokom na Norve\u0161kem ubitih pet ljudi"}]},{"@type":"WebSite","@id":"https:\/\/hudo.com\/si\/#website","url":"https:\/\/hudo.com\/si\/","name":"Hudo Slovenija","description":"Vse novice iz Slovenije in sveta","publisher":{"@id":"https:\/\/hudo.com\/si\/#organization"},"potentialAction":[{"@type":"SearchAction","target":{"@type":"EntryPoint","urlTemplate":"https:\/\/hudo.com\/si\/?s={search_term_string}"},"query-input":"required name=search_term_string"}],"inLanguage":"sl-SI"},{"@type":"Organization","@id":"https:\/\/hudo.com\/si\/#organization","name":"VSN Media","url":"https:\/\/hudo.com\/si\/","logo":{"@type":"ImageObject","inLanguage":"sl-SI","@id":"https:\/\/hudo.com\/si\/#\/schema\/logo\/image\/","url":"https:\/\/hudo.com\/si\/wp-content\/uploads\/sites\/2\/2021\/03\/hudo-app-2.png","contentUrl":"https:\/\/hudo.com\/si\/wp-content\/uploads\/sites\/2\/2021\/03\/hudo-app-2.png","width":2185,"height":2167,"caption":"VSN Media"},"image":{"@id":"https:\/\/hudo.com\/si\/#\/schema\/logo\/image\/"},"sameAs":["https:\/\/www.facebook.com\/hudo.si","https:\/\/twitter.com\/hudo_si"]},{"@type":"Person","@id":"https:\/\/hudo.com\/si\/#\/schema\/person\/c2f10ce65d2e6ede2aeda5be2a0611fa","name":"M. N., STA","image":{"@type":"ImageObject","inLanguage":"sl-SI","@id":"https:\/\/hudo.com\/si\/#\/schema\/person\/image\/","url":"https:\/\/secure.gravatar.com\/avatar\/f370d38daa10467f755c5c766a4cac20?s=96&d=mm&r=g","contentUrl":"https:\/\/secure.gravatar.com\/avatar\/f370d38daa10467f755c5c766a4cac20?s=96&d=mm&r=g","caption":"M. N., STA"},"url":"https:\/\/hudo.com\/si\/author\/mana\/"}]}},"amp_enabled":true,"_links":{"self":[{"href":"https:\/\/hudo.com\/si\/wp-json\/wp\/v2\/posts\/459358"}],"collection":[{"href":"https:\/\/hudo.com\/si\/wp-json\/wp\/v2\/posts"}],"about":[{"href":"https:\/\/hudo.com\/si\/wp-json\/wp\/v2\/types\/post"}],"author":[{"embeddable":true,"href":"https:\/\/hudo.com\/si\/wp-json\/wp\/v2\/users\/8"}],"replies":[{"embeddable":true,"href":"https:\/\/hudo.com\/si\/wp-json\/wp\/v2\/comments?post=459358"}],"version-history":[{"count":1,"href":"https:\/\/hudo.com\/si\/wp-json\/wp\/v2\/posts\/459358\/revisions"}],"predecessor-version":[{"id":459359,"href":"https:\/\/hudo.com\/si\/wp-json\/wp\/v2\/posts\/459358\/revisions\/459359"}],"wp:featuredmedia":[{"embeddable":true,"href":"https:\/\/hudo.com\/si\/wp-json\/wp\/v2\/media\/237242"}],"wp:attachment":[{"href":"https:\/\/hudo.com\/si\/wp-json\/wp\/v2\/media?parent=459358"}],"wp:term":[{"taxonomy":"category","embeddable":true,"href":"https:\/\/hudo.com\/si\/wp-json\/wp\/v2\/categories?post=459358"},{"taxonomy":"post_tag","embeddable":true,"href":"https:\/\/hudo.com\/si\/wp-json\/wp\/v2\/tags?post=459358"},{"taxonomy":"source","embeddable":true,"href":"https:\/\/hudo.com\/si\/wp-json\/wp\/v2\/source?post=459358"},{"taxonomy":"supertag","embeddable":true,"href":"https:\/\/hudo.com\/si\/wp-json\/wp\/v2\/supertag?post=459358"}],"curies":[{"name":"wp","href":"https:\/\/api.w.org\/{rel}","templated":true}]}}