{"id":459451,"date":"2021-10-15T10:58:53","date_gmt":"2021-10-15T08:58:53","guid":{"rendered":"https:\/\/hudo.com\/si\/?p=459451"},"modified":"2021-10-15T10:58:53","modified_gmt":"2021-10-15T08:58:53","slug":"kurza-pred-preiskavo-zaradi-gospodarskega-kriminala-in-korupcije-sciti-poslanska-imuniteta","status":"publish","type":"post","link":"https:\/\/hudo.com\/si\/aktualno\/svet\/kurza-pred-preiskavo-zaradi-gospodarskega-kriminala-in-korupcije-sciti-poslanska-imuniteta\/","title":{"rendered":"Kurza pred preiskavo zaradi gospodarskega kriminala in korupcije \u0161\u010diti poslanska imuniteta"},"content":{"rendered":"<p>Odvzem imunitete je potreben, da bi lahko to\u017eilstvo nadaljevalo s preiskavo proti nekdanjemu avstrijskemu kanclerju, zdaj pa poslancu ter vodji ljudske stranke (\u00d6VP) in njene poslanske skupine.<\/p>\n<p>Iz poslanske skupine \u00d6VP so v \u010detrtek na vpra\u0161anje APA sporo\u010dili, da odvzem imunitete ne le podpirajo, ampak se celo veselijo, da je bila zahteva zanj vlo\u017eena tako hitro. Tako bo namre\u010d mogo\u010de \u010dim hitreje ovre\u010di o\u010ditke na ra\u010dun Kurza.<\/p>\n<p>Parlament na Dunaju naj bi zeleno lu\u010d za nadaljevanje preiskave pri\u017egal \u017ee na naslednjem plenarnem zasedanju, saj Kurz v obdobju, na katerega se nana\u0161ajo o\u010ditki proti njemu, ni bil poslanec in zato ti ne morejo biti povezani z njegovimi parlamentarnimi dejavnostmi.<\/p>\n<p>Avstrijsko to\u017eilstvo Kurza in njegove tesne sodelavce preiskuje, ker naj bi z davkopla\u010devalskim denarjem leta 2016 kupovali naklonjeno poro\u010danje medijev in prirejene javnomnenjske raziskave. Zaradi tega je vodja \u00d6VP v soboto odstopil s kanclerskega polo\u017eaja, na katerem ga je v ponedeljek nasledil dotedanji zunanji minister Alexander Schallenberg.<\/p>\n<p>Poleg tega Kurza lo\u010deno preiskujejo zaradi domnevno la\u017enega pri\u010danja pred preiskovalno komisijo parlamenta. Sam vse o\u010ditke zavra\u010da in je \u017ee zatrdil, da se bo odpovedal poslanski imuniteti.<\/p>\n","protected":false},"excerpt":{"rendered":"<p>Potem ko je Sebastian Kurz v \u010detrtek prisegel kot poslanec, je to\u017eilstvo za pregon gospodarskega kriminala in korupcije parlament \u017ee isti dan uradno zaprosilo, da mu odvzame poslansko imuniteto, poro\u010da avstrijska tiskovna agencija APA.<\/p>\n","protected":false},"author":7,"featured_media":459452,"comment_status":"closed","ping_status":"closed","sticky":false,"template":"","format":"standard","meta":{"footnotes":""},"categories":[18202],"tags":[5221,6982],"source":[4511],"supertag":[7150],"acf":[],"yoast_head":"<!-- This site is optimized with the Yoast SEO plugin v21.3 - https:\/\/yoast.com\/wordpress\/plugins\/seo\/ -->\n<title>Kurza pred preiskavo zaradi gospodarskega kriminala in korupcije \u0161\u010diti poslanska imuniteta - Hudo Slovenija<\/title>\n<meta name=\"robots\" content=\"index, follow, max-snippet:-1, max-image-preview:large, max-video-preview:-1\" \/>\n<link rel=\"canonical\" href=\"https:\/\/hudo.com\/si\/aktualno\/svet\/kurza-pred-preiskavo-zaradi-gospodarskega-kriminala-in-korupcije-sciti-poslanska-imuniteta\/\" \/>\n<meta property=\"og:locale\" content=\"sl_SI\" \/>\n<meta property=\"og:type\" content=\"article\" \/>\n<meta property=\"og:title\" content=\"Kurza pred preiskavo zaradi gospodarskega kriminala in korupcije \u0161\u010diti poslanska imuniteta - Hudo Slovenija\" \/>\n<meta property=\"og:description\" content=\"Potem ko je Sebastian Kurz v \u010detrtek prisegel kot poslanec, je to\u017eilstvo za pregon gospodarskega kriminala in korupcije parlament \u017ee isti dan uradno zaprosilo, da mu odvzame poslansko imuniteto, poro\u010da avstrijska tiskovna agencija APA.\" \/>\n<meta property=\"og:url\" content=\"https:\/\/hudo.com\/si\/aktualno\/svet\/kurza-pred-preiskavo-zaradi-gospodarskega-kriminala-in-korupcije-sciti-poslanska-imuniteta\/\" \/>\n<meta property=\"og:site_name\" content=\"Hudo Slovenija\" \/>\n<meta property=\"article:publisher\" content=\"https:\/\/www.facebook.com\/hudo.si\" \/>\n<meta property=\"article:published_time\" content=\"2021-10-15T08:58:53+00:00\" \/>\n<meta property=\"og:image\" content=\"https:\/\/hudo.com\/si\/wp-content\/uploads\/sites\/2\/2021\/10\/profimedia-0636835134.jpg\" \/>\n\t<meta property=\"og:image:width\" content=\"1250\" \/>\n\t<meta property=\"og:image:height\" content=\"833\" \/>\n\t<meta property=\"og:image:type\" content=\"image\/jpeg\" \/>\n<meta name=\"author\" content=\"A. P., STA\" \/>\n<meta name=\"twitter:card\" content=\"summary_large_image\" \/>\n<meta name=\"twitter:creator\" content=\"@hudo_si\" \/>\n<meta name=\"twitter:site\" content=\"@hudo_si\" \/>\n<meta name=\"twitter:label1\" content=\"Written by\" \/>\n\t<meta name=\"twitter:data1\" content=\"A. P., STA\" \/>\n\t<meta name=\"twitter:label2\" content=\"Est. reading time\" \/>\n\t<meta name=\"twitter:data2\" content=\"1 minuta\" \/>\n<script type=\"application\/ld+json\" class=\"yoast-schema-graph\">{\"@context\":\"https:\/\/schema.org\",\"@graph\":[{\"@type\":\"Article\",\"@id\":\"https:\/\/hudo.com\/si\/aktualno\/svet\/kurza-pred-preiskavo-zaradi-gospodarskega-kriminala-in-korupcije-sciti-poslanska-imuniteta\/#article\",\"isPartOf\":{\"@id\":\"https:\/\/hudo.com\/si\/aktualno\/svet\/kurza-pred-preiskavo-zaradi-gospodarskega-kriminala-in-korupcije-sciti-poslanska-imuniteta\/\"},\"author\":{\"name\":\"A. P., STA\",\"@id\":\"https:\/\/hudo.com\/si\/#\/schema\/person\/18f09c02475ba9e606e941a565b80cff\"},\"headline\":\"Kurza pred preiskavo zaradi gospodarskega kriminala in korupcije \u0161\u010diti poslanska imuniteta\",\"datePublished\":\"2021-10-15T08:58:53+00:00\",\"dateModified\":\"2021-10-15T08:58:53+00:00\",\"mainEntityOfPage\":{\"@id\":\"https:\/\/hudo.com\/si\/aktualno\/svet\/kurza-pred-preiskavo-zaradi-gospodarskega-kriminala-in-korupcije-sciti-poslanska-imuniteta\/\"},\"wordCount\":212,\"publisher\":{\"@id\":\"https:\/\/hudo.com\/si\/#organization\"},\"keywords\":[\"korupcija\",\"Sebastian Kurz\"],\"articleSection\":[\"Svet\"],\"inLanguage\":\"sl-SI\"},{\"@type\":\"WebPage\",\"@id\":\"https:\/\/hudo.com\/si\/aktualno\/svet\/kurza-pred-preiskavo-zaradi-gospodarskega-kriminala-in-korupcije-sciti-poslanska-imuniteta\/\",\"url\":\"https:\/\/hudo.com\/si\/aktualno\/svet\/kurza-pred-preiskavo-zaradi-gospodarskega-kriminala-in-korupcije-sciti-poslanska-imuniteta\/\",\"name\":\"Kurza pred preiskavo zaradi gospodarskega kriminala in korupcije \u0161\u010diti poslanska imuniteta - Hudo Slovenija\",\"isPartOf\":{\"@id\":\"https:\/\/hudo.com\/si\/#website\"},\"datePublished\":\"2021-10-15T08:58:53+00:00\",\"dateModified\":\"2021-10-15T08:58:53+00:00\",\"breadcrumb\":{\"@id\":\"https:\/\/hudo.com\/si\/aktualno\/svet\/kurza-pred-preiskavo-zaradi-gospodarskega-kriminala-in-korupcije-sciti-poslanska-imuniteta\/#breadcrumb\"},\"inLanguage\":\"sl-SI\",\"potentialAction\":[{\"@type\":\"ReadAction\",\"target\":[\"https:\/\/hudo.com\/si\/aktualno\/svet\/kurza-pred-preiskavo-zaradi-gospodarskega-kriminala-in-korupcije-sciti-poslanska-imuniteta\/\"]}]},{\"@type\":\"BreadcrumbList\",\"@id\":\"https:\/\/hudo.com\/si\/aktualno\/svet\/kurza-pred-preiskavo-zaradi-gospodarskega-kriminala-in-korupcije-sciti-poslanska-imuniteta\/#breadcrumb\",\"itemListElement\":[{\"@type\":\"ListItem\",\"position\":1,\"name\":\"Home\",\"item\":\"https:\/\/hudo.com\/si\/\"},{\"@type\":\"ListItem\",\"position\":2,\"name\":\"Kurza pred preiskavo zaradi gospodarskega kriminala in korupcije \u0161\u010diti poslanska imuniteta\"}]},{\"@type\":\"WebSite\",\"@id\":\"https:\/\/hudo.com\/si\/#website\",\"url\":\"https:\/\/hudo.com\/si\/\",\"name\":\"Hudo Slovenija\",\"description\":\"Vse novice iz Slovenije in sveta\",\"publisher\":{\"@id\":\"https:\/\/hudo.com\/si\/#organization\"},\"potentialAction\":[{\"@type\":\"SearchAction\",\"target\":{\"@type\":\"EntryPoint\",\"urlTemplate\":\"https:\/\/hudo.com\/si\/?s={search_term_string}\"},\"query-input\":\"required name=search_term_string\"}],\"inLanguage\":\"sl-SI\"},{\"@type\":\"Organization\",\"@id\":\"https:\/\/hudo.com\/si\/#organization\",\"name\":\"VSN Media\",\"url\":\"https:\/\/hudo.com\/si\/\",\"logo\":{\"@type\":\"ImageObject\",\"inLanguage\":\"sl-SI\",\"@id\":\"https:\/\/hudo.com\/si\/#\/schema\/logo\/image\/\",\"url\":\"https:\/\/hudo.com\/si\/wp-content\/uploads\/sites\/2\/2021\/03\/hudo-app-2.png\",\"contentUrl\":\"https:\/\/hudo.com\/si\/wp-content\/uploads\/sites\/2\/2021\/03\/hudo-app-2.png\",\"width\":2185,\"height\":2167,\"caption\":\"VSN Media\"},\"image\":{\"@id\":\"https:\/\/hudo.com\/si\/#\/schema\/logo\/image\/\"},\"sameAs\":[\"https:\/\/www.facebook.com\/hudo.si\",\"https:\/\/twitter.com\/hudo_si\"]},{\"@type\":\"Person\",\"@id\":\"https:\/\/hudo.com\/si\/#\/schema\/person\/18f09c02475ba9e606e941a565b80cff\",\"name\":\"A. P., STA\",\"image\":{\"@type\":\"ImageObject\",\"inLanguage\":\"sl-SI\",\"@id\":\"https:\/\/hudo.com\/si\/#\/schema\/person\/image\/\",\"url\":\"https:\/\/secure.gravatar.com\/avatar\/03eac8e609f5f04383125d80eaeaaf3e?s=96&d=mm&r=g\",\"contentUrl\":\"https:\/\/secure.gravatar.com\/avatar\/03eac8e609f5f04383125d80eaeaaf3e?s=96&d=mm&r=g\",\"caption\":\"A. P., STA\"},\"url\":\"https:\/\/hudo.com\/si\/author\/lubu\/\"}]}<\/script>\n<!-- \/ Yoast SEO plugin. -->","yoast_head_json":{"title":"Kurza pred preiskavo zaradi gospodarskega kriminala in korupcije \u0161\u010diti poslanska imuniteta - Hudo Slovenija","robots":{"index":"index","follow":"follow","max-snippet":"max-snippet:-1","max-image-preview":"max-image-preview:large","max-video-preview":"max-video-preview:-1"},"canonical":"https:\/\/hudo.com\/si\/aktualno\/svet\/kurza-pred-preiskavo-zaradi-gospodarskega-kriminala-in-korupcije-sciti-poslanska-imuniteta\/","og_locale":"sl_SI","og_type":"article","og_title":"Kurza pred preiskavo zaradi gospodarskega kriminala in korupcije \u0161\u010diti poslanska imuniteta - Hudo Slovenija","og_description":"Potem ko je Sebastian Kurz v \u010detrtek prisegel kot poslanec, je to\u017eilstvo za pregon gospodarskega kriminala in korupcije parlament \u017ee isti dan uradno zaprosilo, da mu odvzame poslansko imuniteto, poro\u010da avstrijska tiskovna agencija APA.","og_url":"https:\/\/hudo.com\/si\/aktualno\/svet\/kurza-pred-preiskavo-zaradi-gospodarskega-kriminala-in-korupcije-sciti-poslanska-imuniteta\/","og_site_name":"Hudo Slovenija","article_publisher":"https:\/\/www.facebook.com\/hudo.si","article_published_time":"2021-10-15T08:58:53+00:00","og_image":[{"width":1250,"height":833,"url":"https:\/\/hudo.com\/si\/wp-content\/uploads\/sites\/2\/2021\/10\/profimedia-0636835134.jpg","type":"image\/jpeg"}],"author":"A. P., STA","twitter_card":"summary_large_image","twitter_creator":"@hudo_si","twitter_site":"@hudo_si","twitter_misc":{"Written by":"A. P., STA","Est. reading time":"1 minuta"},"schema":{"@context":"https:\/\/schema.org","@graph":[{"@type":"Article","@id":"https:\/\/hudo.com\/si\/aktualno\/svet\/kurza-pred-preiskavo-zaradi-gospodarskega-kriminala-in-korupcije-sciti-poslanska-imuniteta\/#article","isPartOf":{"@id":"https:\/\/hudo.com\/si\/aktualno\/svet\/kurza-pred-preiskavo-zaradi-gospodarskega-kriminala-in-korupcije-sciti-poslanska-imuniteta\/"},"author":{"name":"A. P., STA","@id":"https:\/\/hudo.com\/si\/#\/schema\/person\/18f09c02475ba9e606e941a565b80cff"},"headline":"Kurza pred preiskavo zaradi gospodarskega kriminala in korupcije \u0161\u010diti poslanska imuniteta","datePublished":"2021-10-15T08:58:53+00:00","dateModified":"2021-10-15T08:58:53+00:00","mainEntityOfPage":{"@id":"https:\/\/hudo.com\/si\/aktualno\/svet\/kurza-pred-preiskavo-zaradi-gospodarskega-kriminala-in-korupcije-sciti-poslanska-imuniteta\/"},"wordCount":212,"publisher":{"@id":"https:\/\/hudo.com\/si\/#organization"},"keywords":["korupcija","Sebastian Kurz"],"articleSection":["Svet"],"inLanguage":"sl-SI"},{"@type":"WebPage","@id":"https:\/\/hudo.com\/si\/aktualno\/svet\/kurza-pred-preiskavo-zaradi-gospodarskega-kriminala-in-korupcije-sciti-poslanska-imuniteta\/","url":"https:\/\/hudo.com\/si\/aktualno\/svet\/kurza-pred-preiskavo-zaradi-gospodarskega-kriminala-in-korupcije-sciti-poslanska-imuniteta\/","name":"Kurza pred preiskavo zaradi gospodarskega kriminala in korupcije \u0161\u010diti poslanska imuniteta - Hudo Slovenija","isPartOf":{"@id":"https:\/\/hudo.com\/si\/#website"},"datePublished":"2021-10-15T08:58:53+00:00","dateModified":"2021-10-15T08:58:53+00:00","breadcrumb":{"@id":"https:\/\/hudo.com\/si\/aktualno\/svet\/kurza-pred-preiskavo-zaradi-gospodarskega-kriminala-in-korupcije-sciti-poslanska-imuniteta\/#breadcrumb"},"inLanguage":"sl-SI","potentialAction":[{"@type":"ReadAction","target":["https:\/\/hudo.com\/si\/aktualno\/svet\/kurza-pred-preiskavo-zaradi-gospodarskega-kriminala-in-korupcije-sciti-poslanska-imuniteta\/"]}]},{"@type":"BreadcrumbList","@id":"https:\/\/hudo.com\/si\/aktualno\/svet\/kurza-pred-preiskavo-zaradi-gospodarskega-kriminala-in-korupcije-sciti-poslanska-imuniteta\/#breadcrumb","itemListElement":[{"@type":"ListItem","position":1,"name":"Home","item":"https:\/\/hudo.com\/si\/"},{"@type":"ListItem","position":2,"name":"Kurza pred preiskavo zaradi gospodarskega kriminala in korupcije \u0161\u010diti poslanska imuniteta"}]},{"@type":"WebSite","@id":"https:\/\/hudo.com\/si\/#website","url":"https:\/\/hudo.com\/si\/","name":"Hudo Slovenija","description":"Vse novice iz Slovenije in sveta","publisher":{"@id":"https:\/\/hudo.com\/si\/#organization"},"potentialAction":[{"@type":"SearchAction","target":{"@type":"EntryPoint","urlTemplate":"https:\/\/hudo.com\/si\/?s={search_term_string}"},"query-input":"required name=search_term_string"}],"inLanguage":"sl-SI"},{"@type":"Organization","@id":"https:\/\/hudo.com\/si\/#organization","name":"VSN Media","url":"https:\/\/hudo.com\/si\/","logo":{"@type":"ImageObject","inLanguage":"sl-SI","@id":"https:\/\/hudo.com\/si\/#\/schema\/logo\/image\/","url":"https:\/\/hudo.com\/si\/wp-content\/uploads\/sites\/2\/2021\/03\/hudo-app-2.png","contentUrl":"https:\/\/hudo.com\/si\/wp-content\/uploads\/sites\/2\/2021\/03\/hudo-app-2.png","width":2185,"height":2167,"caption":"VSN Media"},"image":{"@id":"https:\/\/hudo.com\/si\/#\/schema\/logo\/image\/"},"sameAs":["https:\/\/www.facebook.com\/hudo.si","https:\/\/twitter.com\/hudo_si"]},{"@type":"Person","@id":"https:\/\/hudo.com\/si\/#\/schema\/person\/18f09c02475ba9e606e941a565b80cff","name":"A. P., STA","image":{"@type":"ImageObject","inLanguage":"sl-SI","@id":"https:\/\/hudo.com\/si\/#\/schema\/person\/image\/","url":"https:\/\/secure.gravatar.com\/avatar\/03eac8e609f5f04383125d80eaeaaf3e?s=96&d=mm&r=g","contentUrl":"https:\/\/secure.gravatar.com\/avatar\/03eac8e609f5f04383125d80eaeaaf3e?s=96&d=mm&r=g","caption":"A. P., STA"},"url":"https:\/\/hudo.com\/si\/author\/lubu\/"}]}},"amp_enabled":true,"_links":{"self":[{"href":"https:\/\/hudo.com\/si\/wp-json\/wp\/v2\/posts\/459451"}],"collection":[{"href":"https:\/\/hudo.com\/si\/wp-json\/wp\/v2\/posts"}],"about":[{"href":"https:\/\/hudo.com\/si\/wp-json\/wp\/v2\/types\/post"}],"author":[{"embeddable":true,"href":"https:\/\/hudo.com\/si\/wp-json\/wp\/v2\/users\/7"}],"replies":[{"embeddable":true,"href":"https:\/\/hudo.com\/si\/wp-json\/wp\/v2\/comments?post=459451"}],"version-history":[{"count":1,"href":"https:\/\/hudo.com\/si\/wp-json\/wp\/v2\/posts\/459451\/revisions"}],"predecessor-version":[{"id":459453,"href":"https:\/\/hudo.com\/si\/wp-json\/wp\/v2\/posts\/459451\/revisions\/459453"}],"wp:featuredmedia":[{"embeddable":true,"href":"https:\/\/hudo.com\/si\/wp-json\/wp\/v2\/media\/459452"}],"wp:attachment":[{"href":"https:\/\/hudo.com\/si\/wp-json\/wp\/v2\/media?parent=459451"}],"wp:term":[{"taxonomy":"category","embeddable":true,"href":"https:\/\/hudo.com\/si\/wp-json\/wp\/v2\/categories?post=459451"},{"taxonomy":"post_tag","embeddable":true,"href":"https:\/\/hudo.com\/si\/wp-json\/wp\/v2\/tags?post=459451"},{"taxonomy":"source","embeddable":true,"href":"https:\/\/hudo.com\/si\/wp-json\/wp\/v2\/source?post=459451"},{"taxonomy":"supertag","embeddable":true,"href":"https:\/\/hudo.com\/si\/wp-json\/wp\/v2\/supertag?post=459451"}],"curies":[{"name":"wp","href":"https:\/\/api.w.org\/{rel}","templated":true}]}}