{"id":459574,"date":"2021-10-18T15:59:34","date_gmt":"2021-10-18T13:59:34","guid":{"rendered":"https:\/\/hudo.com\/si\/?p=459574"},"modified":"2021-10-18T15:59:34","modified_gmt":"2021-10-18T13:59:34","slug":"kmalu-zivljenje-v-dvoje-spela-groselj-zari-od-srece-zlezel-mi-je-pod-kozo","status":"publish","type":"post","link":"https:\/\/hudo.com\/si\/vip\/kmalu-zivljenje-v-dvoje-spela-groselj-zari-od-srece-zlezel-mi-je-pod-kozo\/","title":{"rendered":"Kmalu \u017eivljenje v dvoje! \u0160pela Gro\u0161elj \u017eari od sre\u010de: &#8220;Zlezel mi je pod ko\u017eo&#8221;"},"content":{"rendered":"<p>Priljubljena pevka \u0160pela Gro\u0161elj ne skriva, da je navdu\u0161ena nad \u0161tirino\u017enimi kosmatinci. Tako zelo, da je celo zamudila na snemanje oddaje. Namiginila pa je celo, da se lahko kmalu zgodi, da se domov ne bo vrnila sama, temve\u010d v dru\u017ebi novega pasjega prijatelja, ki mu bo namenila svoj prosti \u010das, streho nad glavo in ljubezen.<\/p>\n<p>V\u010deraj sem prvi\u010d v 19-ih letih, odkar sem v tem &#8220;fohu&#8221;, zamudila na TV oddajo. @rtv.slovenija, HVALA , ker ste razumeli, da me je Jack s svojim jokom zmanipuliral in sem ga zaradi moje &#8220;mehkobe&#8221; SPET morala in predvsem \u017dELELA vzeti sabo. Nisem pasja mama, NIKOLI mu ne bom rekla: &#8220;&#8230;pridi k mamici!&#8221; ampak&#8230;mi je pa zlezel pod ko\u017eo tooooolk&#8230;da \u017ee razmi\u0161ljam o svojem ku\u017eku. Ko bo \u010das za to&#8230;ga bom posvojila in NE kupila,&#8221; je \u0160pela objavila pod videom z Jackom.<\/p>\n<blockquote class=\"instagram-media\" style=\"background: #FFF; border: 0; border-radius: 3px; box-shadow: 0 0 1px 0 rgba(0,0,0,0.5),0 1px 10px 0 rgba(0,0,0,0.15); margin: 1px; max-width: 540px; min-width: 326px; padding: 0; width: calc(100% - 2px);\" data-instgrm-permalink=\"https:\/\/www.instagram.com\/p\/CVKpt84qbQU\/?utm_source=ig_embed&amp;utm_campaign=loading\" data-instgrm-version=\"14\">\n<div style=\"padding: 16px;\">\n<p>&nbsp;<\/p>\n<div style=\"display: flex; flex-direction: row; align-items: center;\">\n<div style=\"background-color: #f4f4f4; border-radius: 50%; flex-grow: 0; height: 40px; margin-right: 14px; width: 40px;\"><\/div>\n<div style=\"display: flex; flex-direction: column; flex-grow: 1; justify-content: center;\">\n<div style=\"background-color: #f4f4f4; border-radius: 4px; flex-grow: 0; height: 14px; margin-bottom: 6px; width: 100px;\"><\/div>\n<div style=\"background-color: #f4f4f4; border-radius: 4px; flex-grow: 0; height: 14px; width: 60px;\"><\/div>\n<\/div>\n<\/div>\n<div style=\"padding: 19% 0;\"><\/div>\n<div style=\"display: block; height: 50px; margin: 0 auto 12px; width: 50px;\"><\/div>\n<div style=\"padding-top: 8px;\">\n<div style=\"color: #3897f0; font-family: Arial,sans-serif; font-size: 14px; font-style: normal; font-weight: 550; line-height: 18px;\">View this post on Instagram<\/div>\n<\/div>\n<div style=\"padding: 12.5% 0;\"><\/div>\n<div style=\"display: flex; flex-direction: row; margin-bottom: 14px; align-items: center;\">\n<div>\n<div style=\"background-color: #f4f4f4; border-radius: 50%; height: 12.5px; width: 12.5px; transform: translateX(0px) translateY(7px);\"><\/div>\n<div style=\"background-color: #f4f4f4; height: 12.5px; transform: rotate(-45deg) translateX(3px) translateY(1px); width: 12.5px; flex-grow: 0; margin-right: 14px; margin-left: 2px;\"><\/div>\n<div style=\"background-color: #f4f4f4; border-radius: 50%; height: 12.5px; width: 12.5px; transform: translateX(9px) translateY(-18px);\"><\/div>\n<\/div>\n<div style=\"margin-left: 8px;\">\n<div style=\"background-color: #f4f4f4; border-radius: 50%; flex-grow: 0; height: 20px; width: 20px;\"><\/div>\n<div style=\"width: 0; height: 0; border-top: 2px solid transparent; border-left: 6px solid #f4f4f4; border-bottom: 2px solid transparent; transform: translateX(16px) translateY(-4px) rotate(30deg);\"><\/div>\n<\/div>\n<div style=\"margin-left: auto;\">\n<div style=\"width: 0px; border-top: 8px solid #F4F4F4; border-right: 8px solid transparent; transform: translateY(16px);\"><\/div>\n<div style=\"background-color: #f4f4f4; flex-grow: 0; height: 12px; width: 16px; transform: translateY(-4px);\"><\/div>\n<div style=\"width: 0; height: 0; border-top: 8px solid #F4F4F4; border-left: 8px solid transparent; transform: translateY(-4px) translateX(8px);\"><\/div>\n<\/div>\n<\/div>\n<div style=\"display: flex; flex-direction: column; flex-grow: 1; justify-content: center; margin-bottom: 24px;\">\n<div style=\"background-color: #f4f4f4; border-radius: 4px; flex-grow: 0; height: 14px; margin-bottom: 6px; width: 224px;\"><\/div>\n<div style=\"background-color: #f4f4f4; border-radius: 4px; flex-grow: 0; height: 14px; width: 144px;\"><\/div>\n<\/div>\n<p>&nbsp;<\/p>\n<p style=\"color: #c9c8cd; font-family: Arial,sans-serif; font-size: 14px; line-height: 17px; margin-bottom: 0; margin-top: 8px; overflow: hidden; padding: 8px 0 7px; text-align: center; text-overflow: ellipsis; white-space: nowrap;\"><a style=\"color: #c9c8cd; font-family: Arial,sans-serif; font-size: 14px; font-style: normal; font-weight: normal; line-height: 17px; text-decoration: none;\" href=\"https:\/\/www.instagram.com\/p\/CVKpt84qbQU\/?utm_source=ig_embed&amp;utm_campaign=loading\" target=\"_blank\" rel=\"noopener noreferrer\">A post shared by S\u030c \u1d18 \u1d07 \u029f \u1d00 \u0262 \u0280 \u1d0f S\u030c \u1d07 \u029f \u1d0a (@spelagroselj)<\/a><\/p>\n<\/div>\n<\/blockquote>\n<p><div class=\"embed-notice\">Za ogled vstavljene vsebine morate omogo\u010diti <a href=\"#\" onclick=\"Optanon.ToggleInfoDisplay()\">shranjevanje pi\u0161kotkov v napravi<\/a><\/div><script async type=\"text\/plain\" class=\"optanon-category-C0002-C0003-C0004\" optanon-src=\"\/\/www.instagram.com\/embed.js\"><\/script><\/p>\n<p>Treba je priznati, da ji pasja dru\u017eba o\u010ditno resni\u010dno odgovarja, saj je vsak dan videti bolje.<\/p>\n","protected":false},"excerpt":{"rendered":"<p>Tako zelo jo je o\u010daral, da je zaradi njega prvi\u010d v 19-ih letih zamudila na Tv oddajo.<\/p>\n","protected":false},"author":6,"featured_media":414086,"comment_status":"closed","ping_status":"closed","sticky":false,"template":"","format":"standard","meta":{"footnotes":""},"categories":[1093],"tags":[3071],"source":[4511],"supertag":[],"acf":[],"yoast_head":"<!-- This site is optimized with the Yoast SEO plugin v21.3 - https:\/\/yoast.com\/wordpress\/plugins\/seo\/ -->\n<title>Kmalu \u017eivljenje v dvoje! \u0160pela Gro\u0161elj \u017eari od sre\u010de: &quot;Zlezel mi je pod ko\u017eo&quot; - Hudo Slovenija<\/title>\n<meta name=\"robots\" content=\"index, follow, max-snippet:-1, max-image-preview:large, max-video-preview:-1\" \/>\n<link rel=\"canonical\" href=\"https:\/\/hudo.com\/si\/vip\/kmalu-zivljenje-v-dvoje-spela-groselj-zari-od-srece-zlezel-mi-je-pod-kozo\/\" \/>\n<meta property=\"og:locale\" content=\"sl_SI\" \/>\n<meta property=\"og:type\" content=\"article\" \/>\n<meta property=\"og:title\" content=\"Kmalu \u017eivljenje v dvoje! \u0160pela Gro\u0161elj \u017eari od sre\u010de: &quot;Zlezel mi je pod ko\u017eo&quot; - Hudo Slovenija\" \/>\n<meta property=\"og:description\" content=\"Tako zelo jo je o\u010daral, da je zaradi njega prvi\u010d v 19-ih letih zamudila na Tv oddajo.\" \/>\n<meta property=\"og:url\" content=\"https:\/\/hudo.com\/si\/vip\/kmalu-zivljenje-v-dvoje-spela-groselj-zari-od-srece-zlezel-mi-je-pod-kozo\/\" \/>\n<meta property=\"og:site_name\" content=\"Hudo Slovenija\" \/>\n<meta property=\"article:publisher\" content=\"https:\/\/www.facebook.com\/hudo.si\" \/>\n<meta property=\"article:published_time\" content=\"2021-10-18T13:59:34+00:00\" \/>\n<meta property=\"og:image\" content=\"https:\/\/hudo.com\/si\/wp-content\/uploads\/sites\/2\/2020\/01\/profimedia-0349828190.jpg\" \/>\n\t<meta property=\"og:image:width\" content=\"1250\" \/>\n\t<meta property=\"og:image:height\" content=\"833\" \/>\n\t<meta property=\"og:image:type\" content=\"image\/jpeg\" \/>\n<meta name=\"author\" content=\"A. G.\" \/>\n<meta name=\"twitter:card\" content=\"summary_large_image\" \/>\n<meta name=\"twitter:creator\" content=\"@hudo_si\" \/>\n<meta name=\"twitter:site\" content=\"@hudo_si\" \/>\n<meta name=\"twitter:label1\" content=\"Written by\" \/>\n\t<meta name=\"twitter:data1\" content=\"A. G.\" \/>\n\t<meta name=\"twitter:label2\" content=\"Est. reading time\" \/>\n\t<meta name=\"twitter:data2\" content=\"1 minuta\" \/>\n<script type=\"application\/ld+json\" class=\"yoast-schema-graph\">{\"@context\":\"https:\/\/schema.org\",\"@graph\":[{\"@type\":\"Article\",\"@id\":\"https:\/\/hudo.com\/si\/vip\/kmalu-zivljenje-v-dvoje-spela-groselj-zari-od-srece-zlezel-mi-je-pod-kozo\/#article\",\"isPartOf\":{\"@id\":\"https:\/\/hudo.com\/si\/vip\/kmalu-zivljenje-v-dvoje-spela-groselj-zari-od-srece-zlezel-mi-je-pod-kozo\/\"},\"author\":{\"name\":\"A. G.\",\"@id\":\"https:\/\/hudo.com\/si\/#\/schema\/person\/f95639a66e0dd2c682b0568634e85b8b\"},\"headline\":\"Kmalu \u017eivljenje v dvoje! \u0160pela Gro\u0161elj \u017eari od sre\u010de: &#8220;Zlezel mi je pod ko\u017eo&#8221;\",\"datePublished\":\"2021-10-18T13:59:34+00:00\",\"dateModified\":\"2021-10-18T13:59:34+00:00\",\"mainEntityOfPage\":{\"@id\":\"https:\/\/hudo.com\/si\/vip\/kmalu-zivljenje-v-dvoje-spela-groselj-zari-od-srece-zlezel-mi-je-pod-kozo\/\"},\"wordCount\":198,\"publisher\":{\"@id\":\"https:\/\/hudo.com\/si\/#organization\"},\"keywords\":[\"\u0161pela gro\u0161elj\"],\"articleSection\":[\"VIP\"],\"inLanguage\":\"sl-SI\"},{\"@type\":\"WebPage\",\"@id\":\"https:\/\/hudo.com\/si\/vip\/kmalu-zivljenje-v-dvoje-spela-groselj-zari-od-srece-zlezel-mi-je-pod-kozo\/\",\"url\":\"https:\/\/hudo.com\/si\/vip\/kmalu-zivljenje-v-dvoje-spela-groselj-zari-od-srece-zlezel-mi-je-pod-kozo\/\",\"name\":\"Kmalu \u017eivljenje v dvoje! \u0160pela Gro\u0161elj \u017eari od sre\u010de: \\\"Zlezel mi je pod ko\u017eo\\\" - Hudo Slovenija\",\"isPartOf\":{\"@id\":\"https:\/\/hudo.com\/si\/#website\"},\"datePublished\":\"2021-10-18T13:59:34+00:00\",\"dateModified\":\"2021-10-18T13:59:34+00:00\",\"breadcrumb\":{\"@id\":\"https:\/\/hudo.com\/si\/vip\/kmalu-zivljenje-v-dvoje-spela-groselj-zari-od-srece-zlezel-mi-je-pod-kozo\/#breadcrumb\"},\"inLanguage\":\"sl-SI\",\"potentialAction\":[{\"@type\":\"ReadAction\",\"target\":[\"https:\/\/hudo.com\/si\/vip\/kmalu-zivljenje-v-dvoje-spela-groselj-zari-od-srece-zlezel-mi-je-pod-kozo\/\"]}]},{\"@type\":\"BreadcrumbList\",\"@id\":\"https:\/\/hudo.com\/si\/vip\/kmalu-zivljenje-v-dvoje-spela-groselj-zari-od-srece-zlezel-mi-je-pod-kozo\/#breadcrumb\",\"itemListElement\":[{\"@type\":\"ListItem\",\"position\":1,\"name\":\"Home\",\"item\":\"https:\/\/hudo.com\/si\/\"},{\"@type\":\"ListItem\",\"position\":2,\"name\":\"Kmalu \u017eivljenje v dvoje! \u0160pela Gro\u0161elj \u017eari od sre\u010de: &#8220;Zlezel mi je pod ko\u017eo&#8221;\"}]},{\"@type\":\"WebSite\",\"@id\":\"https:\/\/hudo.com\/si\/#website\",\"url\":\"https:\/\/hudo.com\/si\/\",\"name\":\"Hudo Slovenija\",\"description\":\"Vse novice iz Slovenije in sveta\",\"publisher\":{\"@id\":\"https:\/\/hudo.com\/si\/#organization\"},\"potentialAction\":[{\"@type\":\"SearchAction\",\"target\":{\"@type\":\"EntryPoint\",\"urlTemplate\":\"https:\/\/hudo.com\/si\/?s={search_term_string}\"},\"query-input\":\"required name=search_term_string\"}],\"inLanguage\":\"sl-SI\"},{\"@type\":\"Organization\",\"@id\":\"https:\/\/hudo.com\/si\/#organization\",\"name\":\"VSN Media\",\"url\":\"https:\/\/hudo.com\/si\/\",\"logo\":{\"@type\":\"ImageObject\",\"inLanguage\":\"sl-SI\",\"@id\":\"https:\/\/hudo.com\/si\/#\/schema\/logo\/image\/\",\"url\":\"https:\/\/hudo.com\/si\/wp-content\/uploads\/sites\/2\/2021\/03\/hudo-app-2.png\",\"contentUrl\":\"https:\/\/hudo.com\/si\/wp-content\/uploads\/sites\/2\/2021\/03\/hudo-app-2.png\",\"width\":2185,\"height\":2167,\"caption\":\"VSN Media\"},\"image\":{\"@id\":\"https:\/\/hudo.com\/si\/#\/schema\/logo\/image\/\"},\"sameAs\":[\"https:\/\/www.facebook.com\/hudo.si\",\"https:\/\/twitter.com\/hudo_si\"]},{\"@type\":\"Person\",\"@id\":\"https:\/\/hudo.com\/si\/#\/schema\/person\/f95639a66e0dd2c682b0568634e85b8b\",\"name\":\"A. G.\",\"image\":{\"@type\":\"ImageObject\",\"inLanguage\":\"sl-SI\",\"@id\":\"https:\/\/hudo.com\/si\/#\/schema\/person\/image\/\",\"url\":\"https:\/\/secure.gravatar.com\/avatar\/9f44de561c70d5d80348d3ed0f4b142d?s=96&d=mm&r=g\",\"contentUrl\":\"https:\/\/secure.gravatar.com\/avatar\/9f44de561c70d5d80348d3ed0f4b142d?s=96&d=mm&r=g\",\"caption\":\"A. G.\"},\"url\":\"https:\/\/hudo.com\/si\/author\/alenkagrmek\/\"}]}<\/script>\n<!-- \/ Yoast SEO plugin. -->","yoast_head_json":{"title":"Kmalu \u017eivljenje v dvoje! \u0160pela Gro\u0161elj \u017eari od sre\u010de: \"Zlezel mi je pod ko\u017eo\" - Hudo Slovenija","robots":{"index":"index","follow":"follow","max-snippet":"max-snippet:-1","max-image-preview":"max-image-preview:large","max-video-preview":"max-video-preview:-1"},"canonical":"https:\/\/hudo.com\/si\/vip\/kmalu-zivljenje-v-dvoje-spela-groselj-zari-od-srece-zlezel-mi-je-pod-kozo\/","og_locale":"sl_SI","og_type":"article","og_title":"Kmalu \u017eivljenje v dvoje! \u0160pela Gro\u0161elj \u017eari od sre\u010de: \"Zlezel mi je pod ko\u017eo\" - Hudo Slovenija","og_description":"Tako zelo jo je o\u010daral, da je zaradi njega prvi\u010d v 19-ih letih zamudila na Tv oddajo.","og_url":"https:\/\/hudo.com\/si\/vip\/kmalu-zivljenje-v-dvoje-spela-groselj-zari-od-srece-zlezel-mi-je-pod-kozo\/","og_site_name":"Hudo Slovenija","article_publisher":"https:\/\/www.facebook.com\/hudo.si","article_published_time":"2021-10-18T13:59:34+00:00","og_image":[{"width":1250,"height":833,"url":"https:\/\/hudo.com\/si\/wp-content\/uploads\/sites\/2\/2020\/01\/profimedia-0349828190.jpg","type":"image\/jpeg"}],"author":"A. G.","twitter_card":"summary_large_image","twitter_creator":"@hudo_si","twitter_site":"@hudo_si","twitter_misc":{"Written by":"A. G.","Est. reading time":"1 minuta"},"schema":{"@context":"https:\/\/schema.org","@graph":[{"@type":"Article","@id":"https:\/\/hudo.com\/si\/vip\/kmalu-zivljenje-v-dvoje-spela-groselj-zari-od-srece-zlezel-mi-je-pod-kozo\/#article","isPartOf":{"@id":"https:\/\/hudo.com\/si\/vip\/kmalu-zivljenje-v-dvoje-spela-groselj-zari-od-srece-zlezel-mi-je-pod-kozo\/"},"author":{"name":"A. G.","@id":"https:\/\/hudo.com\/si\/#\/schema\/person\/f95639a66e0dd2c682b0568634e85b8b"},"headline":"Kmalu \u017eivljenje v dvoje! \u0160pela Gro\u0161elj \u017eari od sre\u010de: &#8220;Zlezel mi je pod ko\u017eo&#8221;","datePublished":"2021-10-18T13:59:34+00:00","dateModified":"2021-10-18T13:59:34+00:00","mainEntityOfPage":{"@id":"https:\/\/hudo.com\/si\/vip\/kmalu-zivljenje-v-dvoje-spela-groselj-zari-od-srece-zlezel-mi-je-pod-kozo\/"},"wordCount":198,"publisher":{"@id":"https:\/\/hudo.com\/si\/#organization"},"keywords":["\u0161pela gro\u0161elj"],"articleSection":["VIP"],"inLanguage":"sl-SI"},{"@type":"WebPage","@id":"https:\/\/hudo.com\/si\/vip\/kmalu-zivljenje-v-dvoje-spela-groselj-zari-od-srece-zlezel-mi-je-pod-kozo\/","url":"https:\/\/hudo.com\/si\/vip\/kmalu-zivljenje-v-dvoje-spela-groselj-zari-od-srece-zlezel-mi-je-pod-kozo\/","name":"Kmalu \u017eivljenje v dvoje! \u0160pela Gro\u0161elj \u017eari od sre\u010de: \"Zlezel mi je pod ko\u017eo\" - Hudo Slovenija","isPartOf":{"@id":"https:\/\/hudo.com\/si\/#website"},"datePublished":"2021-10-18T13:59:34+00:00","dateModified":"2021-10-18T13:59:34+00:00","breadcrumb":{"@id":"https:\/\/hudo.com\/si\/vip\/kmalu-zivljenje-v-dvoje-spela-groselj-zari-od-srece-zlezel-mi-je-pod-kozo\/#breadcrumb"},"inLanguage":"sl-SI","potentialAction":[{"@type":"ReadAction","target":["https:\/\/hudo.com\/si\/vip\/kmalu-zivljenje-v-dvoje-spela-groselj-zari-od-srece-zlezel-mi-je-pod-kozo\/"]}]},{"@type":"BreadcrumbList","@id":"https:\/\/hudo.com\/si\/vip\/kmalu-zivljenje-v-dvoje-spela-groselj-zari-od-srece-zlezel-mi-je-pod-kozo\/#breadcrumb","itemListElement":[{"@type":"ListItem","position":1,"name":"Home","item":"https:\/\/hudo.com\/si\/"},{"@type":"ListItem","position":2,"name":"Kmalu \u017eivljenje v dvoje! \u0160pela Gro\u0161elj \u017eari od sre\u010de: &#8220;Zlezel mi je pod ko\u017eo&#8221;"}]},{"@type":"WebSite","@id":"https:\/\/hudo.com\/si\/#website","url":"https:\/\/hudo.com\/si\/","name":"Hudo Slovenija","description":"Vse novice iz Slovenije in sveta","publisher":{"@id":"https:\/\/hudo.com\/si\/#organization"},"potentialAction":[{"@type":"SearchAction","target":{"@type":"EntryPoint","urlTemplate":"https:\/\/hudo.com\/si\/?s={search_term_string}"},"query-input":"required name=search_term_string"}],"inLanguage":"sl-SI"},{"@type":"Organization","@id":"https:\/\/hudo.com\/si\/#organization","name":"VSN Media","url":"https:\/\/hudo.com\/si\/","logo":{"@type":"ImageObject","inLanguage":"sl-SI","@id":"https:\/\/hudo.com\/si\/#\/schema\/logo\/image\/","url":"https:\/\/hudo.com\/si\/wp-content\/uploads\/sites\/2\/2021\/03\/hudo-app-2.png","contentUrl":"https:\/\/hudo.com\/si\/wp-content\/uploads\/sites\/2\/2021\/03\/hudo-app-2.png","width":2185,"height":2167,"caption":"VSN Media"},"image":{"@id":"https:\/\/hudo.com\/si\/#\/schema\/logo\/image\/"},"sameAs":["https:\/\/www.facebook.com\/hudo.si","https:\/\/twitter.com\/hudo_si"]},{"@type":"Person","@id":"https:\/\/hudo.com\/si\/#\/schema\/person\/f95639a66e0dd2c682b0568634e85b8b","name":"A. G.","image":{"@type":"ImageObject","inLanguage":"sl-SI","@id":"https:\/\/hudo.com\/si\/#\/schema\/person\/image\/","url":"https:\/\/secure.gravatar.com\/avatar\/9f44de561c70d5d80348d3ed0f4b142d?s=96&d=mm&r=g","contentUrl":"https:\/\/secure.gravatar.com\/avatar\/9f44de561c70d5d80348d3ed0f4b142d?s=96&d=mm&r=g","caption":"A. G."},"url":"https:\/\/hudo.com\/si\/author\/alenkagrmek\/"}]}},"amp_enabled":true,"_links":{"self":[{"href":"https:\/\/hudo.com\/si\/wp-json\/wp\/v2\/posts\/459574"}],"collection":[{"href":"https:\/\/hudo.com\/si\/wp-json\/wp\/v2\/posts"}],"about":[{"href":"https:\/\/hudo.com\/si\/wp-json\/wp\/v2\/types\/post"}],"author":[{"embeddable":true,"href":"https:\/\/hudo.com\/si\/wp-json\/wp\/v2\/users\/6"}],"replies":[{"embeddable":true,"href":"https:\/\/hudo.com\/si\/wp-json\/wp\/v2\/comments?post=459574"}],"version-history":[{"count":3,"href":"https:\/\/hudo.com\/si\/wp-json\/wp\/v2\/posts\/459574\/revisions"}],"predecessor-version":[{"id":459577,"href":"https:\/\/hudo.com\/si\/wp-json\/wp\/v2\/posts\/459574\/revisions\/459577"}],"wp:featuredmedia":[{"embeddable":true,"href":"https:\/\/hudo.com\/si\/wp-json\/wp\/v2\/media\/414086"}],"wp:attachment":[{"href":"https:\/\/hudo.com\/si\/wp-json\/wp\/v2\/media?parent=459574"}],"wp:term":[{"taxonomy":"category","embeddable":true,"href":"https:\/\/hudo.com\/si\/wp-json\/wp\/v2\/categories?post=459574"},{"taxonomy":"post_tag","embeddable":true,"href":"https:\/\/hudo.com\/si\/wp-json\/wp\/v2\/tags?post=459574"},{"taxonomy":"source","embeddable":true,"href":"https:\/\/hudo.com\/si\/wp-json\/wp\/v2\/source?post=459574"},{"taxonomy":"supertag","embeddable":true,"href":"https:\/\/hudo.com\/si\/wp-json\/wp\/v2\/supertag?post=459574"}],"curies":[{"name":"wp","href":"https:\/\/api.w.org\/{rel}","templated":true}]}}