{"id":459786,"date":"2021-10-21T19:10:03","date_gmt":"2021-10-21T17:10:03","guid":{"rendered":"https:\/\/hudo.com\/si\/?p=459786"},"modified":"2021-10-21T23:12:47","modified_gmt":"2021-10-21T21:12:47","slug":"mocan-veter-povzrocal-preglavice-po-sloveniji","status":"publish","type":"post","link":"https:\/\/hudo.com\/si\/aktualno\/slovenija\/mocan-veter-povzrocal-preglavice-po-sloveniji\/","title":{"rendered":"Mo\u010dan veter povzro\u010dal preglavice po Sloveniji"},"content":{"rendered":"<p>V naselju Dobrovlje v ob\u010dini Zre\u010de je podrto drevo po\u0161kodovalo hi\u0161o, na Pragerskem pa je drevo padlo na osebno vozilo. Posledice vetroloma so odpravljali gasilci dveh poklicnih gasilskih enot in 13 prostovoljnih gasilskih dru\u0161tev, so sporo\u010dili iz uprave.<\/p>\n<p>Po podatkih Agencije RS za okolje je predvsem v severovzhodni Sloveniji pihal mo\u010dan jugozahodnik, ki je na izpostavljenih legah dosegal okoli 80 kilometrov na uro.<\/p>\n<p>Pono\u010di bodo padavine prehodno zajele vso Slovenijo, predvsem ob morju bodo mo\u017ene tudi nevihte. Jutranje temperature bodo od 8 do 13, ob morju okoli 15 stopinj Celzija.<\/p>\n<p>V petek bo sprva obla\u010dno z ob\u010dasnim de\u017ejem, ki bo popoldne slabel in do ve\u010dera povsod ponehal. Obla\u010dnost se bo popoldne ponekod trgala. Najvi\u0161je dnevne temperature bodo od 12 do 15, na Primorskem okoli 18 stopinj.<\/p>\n<p>V soboto bo na Primorskem prete\u017eno jasno s \u0161ibko burjo, drugod bo prete\u017eno obla\u010dno, ponekod bodo \u0161e manj\u0161e padavine.<\/p>\n<p>V nedeljo bo zjutraj in dopoldne ponekod v notranjosti nekaj megle ali nizke obla\u010dnosti. Popoldne pa se bo jasnilo. Na Primorskem bo jasno s \u0161ibko burjo. V ponedeljek bo delno jasno z zmerno obla\u010dnostjo. Zjutraj in dopoldne bo po ni\u017einah megla.<\/p>\n","protected":false},"excerpt":{"rendered":"<p>Mo\u010dan veter je povzro\u010dal nekaj preglavic predvsem v severovzhodni Sloveniji in na Dolenjskem. Na Upravi RS za za\u0161\u010dito in re\u0161evanje so zabele\u017eili 21 dogodkov. Najve\u010d je bilo podrtih dreves, v \u0161tirih primerih je veter delno odkril strehe stanovanjskih hi\u0161 in enega poslovnega objekta.<\/p>\n","protected":false},"author":8,"featured_media":394378,"comment_status":"closed","ping_status":"closed","sticky":false,"template":"","format":"standard","meta":{"footnotes":""},"categories":[18201],"tags":[1595,3822],"source":[4511],"supertag":[5675],"acf":[],"yoast_head":"<!-- This site is optimized with the Yoast SEO plugin v21.3 - https:\/\/yoast.com\/wordpress\/plugins\/seo\/ -->\n<title>Mo\u010dan veter povzro\u010dal preglavice po Sloveniji - Hudo Slovenija<\/title>\n<meta name=\"robots\" content=\"index, follow, max-snippet:-1, max-image-preview:large, max-video-preview:-1\" \/>\n<link rel=\"canonical\" href=\"https:\/\/hudo.com\/si\/aktualno\/slovenija\/mocan-veter-povzrocal-preglavice-po-sloveniji\/\" \/>\n<meta property=\"og:locale\" content=\"sl_SI\" \/>\n<meta property=\"og:type\" content=\"article\" \/>\n<meta property=\"og:title\" content=\"Mo\u010dan veter povzro\u010dal preglavice po Sloveniji - Hudo Slovenija\" \/>\n<meta property=\"og:description\" content=\"Mo\u010dan veter je povzro\u010dal nekaj preglavic predvsem v severovzhodni Sloveniji in na Dolenjskem. Na Upravi RS za za\u0161\u010dito in re\u0161evanje so zabele\u017eili 21 dogodkov. Najve\u010d je bilo podrtih dreves, v \u0161tirih primerih je veter delno odkril strehe stanovanjskih hi\u0161 in enega poslovnega objekta.\" \/>\n<meta property=\"og:url\" content=\"https:\/\/hudo.com\/si\/aktualno\/slovenija\/mocan-veter-povzrocal-preglavice-po-sloveniji\/\" \/>\n<meta property=\"og:site_name\" content=\"Hudo Slovenija\" \/>\n<meta property=\"article:publisher\" content=\"https:\/\/www.facebook.com\/hudo.si\" \/>\n<meta property=\"article:published_time\" content=\"2021-10-21T17:10:03+00:00\" \/>\n<meta property=\"article:modified_time\" content=\"2021-10-21T21:12:47+00:00\" \/>\n<meta property=\"og:image\" content=\"https:\/\/hudo.com\/si\/wp-content\/uploads\/sites\/2\/2019\/03\/profimedia-0011777641.jpg\" \/>\n\t<meta property=\"og:image:width\" content=\"1250\" \/>\n\t<meta property=\"og:image:height\" content=\"829\" \/>\n\t<meta property=\"og:image:type\" content=\"image\/jpeg\" \/>\n<meta name=\"author\" content=\"M. N., STA\" \/>\n<meta name=\"twitter:card\" content=\"summary_large_image\" \/>\n<meta name=\"twitter:creator\" content=\"@hudo_si\" \/>\n<meta name=\"twitter:site\" content=\"@hudo_si\" \/>\n<meta name=\"twitter:label1\" content=\"Written by\" \/>\n\t<meta name=\"twitter:data1\" content=\"M. N., STA\" \/>\n\t<meta name=\"twitter:label2\" content=\"Est. reading time\" \/>\n\t<meta name=\"twitter:data2\" content=\"1 minuta\" \/>\n<script type=\"application\/ld+json\" class=\"yoast-schema-graph\">{\"@context\":\"https:\/\/schema.org\",\"@graph\":[{\"@type\":\"Article\",\"@id\":\"https:\/\/hudo.com\/si\/aktualno\/slovenija\/mocan-veter-povzrocal-preglavice-po-sloveniji\/#article\",\"isPartOf\":{\"@id\":\"https:\/\/hudo.com\/si\/aktualno\/slovenija\/mocan-veter-povzrocal-preglavice-po-sloveniji\/\"},\"author\":{\"name\":\"M. N., STA\",\"@id\":\"https:\/\/hudo.com\/si\/#\/schema\/person\/c2f10ce65d2e6ede2aeda5be2a0611fa\"},\"headline\":\"Mo\u010dan veter povzro\u010dal preglavice po Sloveniji\",\"datePublished\":\"2021-10-21T17:10:03+00:00\",\"dateModified\":\"2021-10-21T21:12:47+00:00\",\"mainEntityOfPage\":{\"@id\":\"https:\/\/hudo.com\/si\/aktualno\/slovenija\/mocan-veter-povzrocal-preglavice-po-sloveniji\/\"},\"wordCount\":208,\"publisher\":{\"@id\":\"https:\/\/hudo.com\/si\/#organization\"},\"keywords\":[\"Slovenija\",\"veter\"],\"articleSection\":[\"Slovenija\"],\"inLanguage\":\"sl-SI\"},{\"@type\":\"WebPage\",\"@id\":\"https:\/\/hudo.com\/si\/aktualno\/slovenija\/mocan-veter-povzrocal-preglavice-po-sloveniji\/\",\"url\":\"https:\/\/hudo.com\/si\/aktualno\/slovenija\/mocan-veter-povzrocal-preglavice-po-sloveniji\/\",\"name\":\"Mo\u010dan veter povzro\u010dal preglavice po Sloveniji - Hudo Slovenija\",\"isPartOf\":{\"@id\":\"https:\/\/hudo.com\/si\/#website\"},\"datePublished\":\"2021-10-21T17:10:03+00:00\",\"dateModified\":\"2021-10-21T21:12:47+00:00\",\"breadcrumb\":{\"@id\":\"https:\/\/hudo.com\/si\/aktualno\/slovenija\/mocan-veter-povzrocal-preglavice-po-sloveniji\/#breadcrumb\"},\"inLanguage\":\"sl-SI\",\"potentialAction\":[{\"@type\":\"ReadAction\",\"target\":[\"https:\/\/hudo.com\/si\/aktualno\/slovenija\/mocan-veter-povzrocal-preglavice-po-sloveniji\/\"]}]},{\"@type\":\"BreadcrumbList\",\"@id\":\"https:\/\/hudo.com\/si\/aktualno\/slovenija\/mocan-veter-povzrocal-preglavice-po-sloveniji\/#breadcrumb\",\"itemListElement\":[{\"@type\":\"ListItem\",\"position\":1,\"name\":\"Home\",\"item\":\"https:\/\/hudo.com\/si\/\"},{\"@type\":\"ListItem\",\"position\":2,\"name\":\"Mo\u010dan veter povzro\u010dal preglavice po Sloveniji\"}]},{\"@type\":\"WebSite\",\"@id\":\"https:\/\/hudo.com\/si\/#website\",\"url\":\"https:\/\/hudo.com\/si\/\",\"name\":\"Hudo Slovenija\",\"description\":\"Vse novice iz Slovenije in sveta\",\"publisher\":{\"@id\":\"https:\/\/hudo.com\/si\/#organization\"},\"potentialAction\":[{\"@type\":\"SearchAction\",\"target\":{\"@type\":\"EntryPoint\",\"urlTemplate\":\"https:\/\/hudo.com\/si\/?s={search_term_string}\"},\"query-input\":\"required name=search_term_string\"}],\"inLanguage\":\"sl-SI\"},{\"@type\":\"Organization\",\"@id\":\"https:\/\/hudo.com\/si\/#organization\",\"name\":\"VSN Media\",\"url\":\"https:\/\/hudo.com\/si\/\",\"logo\":{\"@type\":\"ImageObject\",\"inLanguage\":\"sl-SI\",\"@id\":\"https:\/\/hudo.com\/si\/#\/schema\/logo\/image\/\",\"url\":\"https:\/\/hudo.com\/si\/wp-content\/uploads\/sites\/2\/2021\/03\/hudo-app-2.png\",\"contentUrl\":\"https:\/\/hudo.com\/si\/wp-content\/uploads\/sites\/2\/2021\/03\/hudo-app-2.png\",\"width\":2185,\"height\":2167,\"caption\":\"VSN Media\"},\"image\":{\"@id\":\"https:\/\/hudo.com\/si\/#\/schema\/logo\/image\/\"},\"sameAs\":[\"https:\/\/www.facebook.com\/hudo.si\",\"https:\/\/twitter.com\/hudo_si\"]},{\"@type\":\"Person\",\"@id\":\"https:\/\/hudo.com\/si\/#\/schema\/person\/c2f10ce65d2e6ede2aeda5be2a0611fa\",\"name\":\"M. N., STA\",\"image\":{\"@type\":\"ImageObject\",\"inLanguage\":\"sl-SI\",\"@id\":\"https:\/\/hudo.com\/si\/#\/schema\/person\/image\/\",\"url\":\"https:\/\/secure.gravatar.com\/avatar\/f370d38daa10467f755c5c766a4cac20?s=96&d=mm&r=g\",\"contentUrl\":\"https:\/\/secure.gravatar.com\/avatar\/f370d38daa10467f755c5c766a4cac20?s=96&d=mm&r=g\",\"caption\":\"M. N., STA\"},\"url\":\"https:\/\/hudo.com\/si\/author\/mana\/\"}]}<\/script>\n<!-- \/ Yoast SEO plugin. -->","yoast_head_json":{"title":"Mo\u010dan veter povzro\u010dal preglavice po Sloveniji - Hudo Slovenija","robots":{"index":"index","follow":"follow","max-snippet":"max-snippet:-1","max-image-preview":"max-image-preview:large","max-video-preview":"max-video-preview:-1"},"canonical":"https:\/\/hudo.com\/si\/aktualno\/slovenija\/mocan-veter-povzrocal-preglavice-po-sloveniji\/","og_locale":"sl_SI","og_type":"article","og_title":"Mo\u010dan veter povzro\u010dal preglavice po Sloveniji - Hudo Slovenija","og_description":"Mo\u010dan veter je povzro\u010dal nekaj preglavic predvsem v severovzhodni Sloveniji in na Dolenjskem. Na Upravi RS za za\u0161\u010dito in re\u0161evanje so zabele\u017eili 21 dogodkov. Najve\u010d je bilo podrtih dreves, v \u0161tirih primerih je veter delno odkril strehe stanovanjskih hi\u0161 in enega poslovnega objekta.","og_url":"https:\/\/hudo.com\/si\/aktualno\/slovenija\/mocan-veter-povzrocal-preglavice-po-sloveniji\/","og_site_name":"Hudo Slovenija","article_publisher":"https:\/\/www.facebook.com\/hudo.si","article_published_time":"2021-10-21T17:10:03+00:00","article_modified_time":"2021-10-21T21:12:47+00:00","og_image":[{"width":1250,"height":829,"url":"https:\/\/hudo.com\/si\/wp-content\/uploads\/sites\/2\/2019\/03\/profimedia-0011777641.jpg","type":"image\/jpeg"}],"author":"M. N., STA","twitter_card":"summary_large_image","twitter_creator":"@hudo_si","twitter_site":"@hudo_si","twitter_misc":{"Written by":"M. N., STA","Est. reading time":"1 minuta"},"schema":{"@context":"https:\/\/schema.org","@graph":[{"@type":"Article","@id":"https:\/\/hudo.com\/si\/aktualno\/slovenija\/mocan-veter-povzrocal-preglavice-po-sloveniji\/#article","isPartOf":{"@id":"https:\/\/hudo.com\/si\/aktualno\/slovenija\/mocan-veter-povzrocal-preglavice-po-sloveniji\/"},"author":{"name":"M. N., STA","@id":"https:\/\/hudo.com\/si\/#\/schema\/person\/c2f10ce65d2e6ede2aeda5be2a0611fa"},"headline":"Mo\u010dan veter povzro\u010dal preglavice po Sloveniji","datePublished":"2021-10-21T17:10:03+00:00","dateModified":"2021-10-21T21:12:47+00:00","mainEntityOfPage":{"@id":"https:\/\/hudo.com\/si\/aktualno\/slovenija\/mocan-veter-povzrocal-preglavice-po-sloveniji\/"},"wordCount":208,"publisher":{"@id":"https:\/\/hudo.com\/si\/#organization"},"keywords":["Slovenija","veter"],"articleSection":["Slovenija"],"inLanguage":"sl-SI"},{"@type":"WebPage","@id":"https:\/\/hudo.com\/si\/aktualno\/slovenija\/mocan-veter-povzrocal-preglavice-po-sloveniji\/","url":"https:\/\/hudo.com\/si\/aktualno\/slovenija\/mocan-veter-povzrocal-preglavice-po-sloveniji\/","name":"Mo\u010dan veter povzro\u010dal preglavice po Sloveniji - Hudo Slovenija","isPartOf":{"@id":"https:\/\/hudo.com\/si\/#website"},"datePublished":"2021-10-21T17:10:03+00:00","dateModified":"2021-10-21T21:12:47+00:00","breadcrumb":{"@id":"https:\/\/hudo.com\/si\/aktualno\/slovenija\/mocan-veter-povzrocal-preglavice-po-sloveniji\/#breadcrumb"},"inLanguage":"sl-SI","potentialAction":[{"@type":"ReadAction","target":["https:\/\/hudo.com\/si\/aktualno\/slovenija\/mocan-veter-povzrocal-preglavice-po-sloveniji\/"]}]},{"@type":"BreadcrumbList","@id":"https:\/\/hudo.com\/si\/aktualno\/slovenija\/mocan-veter-povzrocal-preglavice-po-sloveniji\/#breadcrumb","itemListElement":[{"@type":"ListItem","position":1,"name":"Home","item":"https:\/\/hudo.com\/si\/"},{"@type":"ListItem","position":2,"name":"Mo\u010dan veter povzro\u010dal preglavice po Sloveniji"}]},{"@type":"WebSite","@id":"https:\/\/hudo.com\/si\/#website","url":"https:\/\/hudo.com\/si\/","name":"Hudo Slovenija","description":"Vse novice iz Slovenije in sveta","publisher":{"@id":"https:\/\/hudo.com\/si\/#organization"},"potentialAction":[{"@type":"SearchAction","target":{"@type":"EntryPoint","urlTemplate":"https:\/\/hudo.com\/si\/?s={search_term_string}"},"query-input":"required name=search_term_string"}],"inLanguage":"sl-SI"},{"@type":"Organization","@id":"https:\/\/hudo.com\/si\/#organization","name":"VSN Media","url":"https:\/\/hudo.com\/si\/","logo":{"@type":"ImageObject","inLanguage":"sl-SI","@id":"https:\/\/hudo.com\/si\/#\/schema\/logo\/image\/","url":"https:\/\/hudo.com\/si\/wp-content\/uploads\/sites\/2\/2021\/03\/hudo-app-2.png","contentUrl":"https:\/\/hudo.com\/si\/wp-content\/uploads\/sites\/2\/2021\/03\/hudo-app-2.png","width":2185,"height":2167,"caption":"VSN Media"},"image":{"@id":"https:\/\/hudo.com\/si\/#\/schema\/logo\/image\/"},"sameAs":["https:\/\/www.facebook.com\/hudo.si","https:\/\/twitter.com\/hudo_si"]},{"@type":"Person","@id":"https:\/\/hudo.com\/si\/#\/schema\/person\/c2f10ce65d2e6ede2aeda5be2a0611fa","name":"M. N., STA","image":{"@type":"ImageObject","inLanguage":"sl-SI","@id":"https:\/\/hudo.com\/si\/#\/schema\/person\/image\/","url":"https:\/\/secure.gravatar.com\/avatar\/f370d38daa10467f755c5c766a4cac20?s=96&d=mm&r=g","contentUrl":"https:\/\/secure.gravatar.com\/avatar\/f370d38daa10467f755c5c766a4cac20?s=96&d=mm&r=g","caption":"M. N., STA"},"url":"https:\/\/hudo.com\/si\/author\/mana\/"}]}},"amp_enabled":true,"_links":{"self":[{"href":"https:\/\/hudo.com\/si\/wp-json\/wp\/v2\/posts\/459786"}],"collection":[{"href":"https:\/\/hudo.com\/si\/wp-json\/wp\/v2\/posts"}],"about":[{"href":"https:\/\/hudo.com\/si\/wp-json\/wp\/v2\/types\/post"}],"author":[{"embeddable":true,"href":"https:\/\/hudo.com\/si\/wp-json\/wp\/v2\/users\/8"}],"replies":[{"embeddable":true,"href":"https:\/\/hudo.com\/si\/wp-json\/wp\/v2\/comments?post=459786"}],"version-history":[{"count":1,"href":"https:\/\/hudo.com\/si\/wp-json\/wp\/v2\/posts\/459786\/revisions"}],"predecessor-version":[{"id":459787,"href":"https:\/\/hudo.com\/si\/wp-json\/wp\/v2\/posts\/459786\/revisions\/459787"}],"wp:featuredmedia":[{"embeddable":true,"href":"https:\/\/hudo.com\/si\/wp-json\/wp\/v2\/media\/394378"}],"wp:attachment":[{"href":"https:\/\/hudo.com\/si\/wp-json\/wp\/v2\/media?parent=459786"}],"wp:term":[{"taxonomy":"category","embeddable":true,"href":"https:\/\/hudo.com\/si\/wp-json\/wp\/v2\/categories?post=459786"},{"taxonomy":"post_tag","embeddable":true,"href":"https:\/\/hudo.com\/si\/wp-json\/wp\/v2\/tags?post=459786"},{"taxonomy":"source","embeddable":true,"href":"https:\/\/hudo.com\/si\/wp-json\/wp\/v2\/source?post=459786"},{"taxonomy":"supertag","embeddable":true,"href":"https:\/\/hudo.com\/si\/wp-json\/wp\/v2\/supertag?post=459786"}],"curies":[{"name":"wp","href":"https:\/\/api.w.org\/{rel}","templated":true}]}}