{"id":459793,"date":"2021-10-22T08:29:06","date_gmt":"2021-10-22T06:29:06","guid":{"rendered":"https:\/\/hudo.com\/si\/?p=459793"},"modified":"2021-10-22T08:29:06","modified_gmt":"2021-10-22T06:29:06","slug":"razprava-o-poljski-in-vladavini-prava-na-vrhu-eu-menda-potekala-mirno","status":"publish","type":"post","link":"https:\/\/hudo.com\/si\/aktualno\/svet\/razprava-o-poljski-in-vladavini-prava-na-vrhu-eu-menda-potekala-mirno\/","title":{"rendered":"Razprava o Poljski in vladavini prava na vrhu EU menda potekala mirno"},"content":{"rendered":"<p>Razprava, ki se je odvila prvi dan vrha, je po navedbah virov pokazala, da voditelji menijo, da sta vladavina prava in neodvisnost pravosodja temeljna. \u010clanice unije naj bi podpirale dialog in pozivale k uporabi obstoje\u010dih mehanizmov na podlagi evropske zakonodaje.<\/p>\n<p>\u0160lo naj bi zlasti za prilo\u017enost, da se natan\u010dno opredeli te\u017eave in bolje razume razli\u010dna mnenja. Izpostavljeno je bilo, da lahko retorika in vzajemno spo\u0161tovanje olaj\u0161ata ali zapleteta iskanje re\u0161itev. Razprava naj bi vodila k re\u0161itvam, so \u0161e povzeli viri.<\/p>\n<p>Slovenski premier Janez Jan\u0161a je po neuradnih informacijah govoril o zgodovinskih razlikah med vzhodom in zahodom. Njegova sporo\u010dila naj bi bila podobna kot v okviru avgustovske konference o totalitarnih re\u017eimih, ko je med drugim poudaril, da \u010de se iz zgodovine nismo ni\u010desar nau\u010dili, bomo obsojeni na ponavljanje.<\/p>\n<p>O Jan\u0161evem tvitu o Sorosevih lutkah v Evropskem parlamentu, ki je minuli teden spro\u017eil plaz kritik vodilnih predstavnikov \u010dlanic in institucij EU &#8211; nizozemski premier Mark Rutte je celo protestiral pri slovenski veleposlanici &#8211; na vrhu po neuradnih navedbah naj ne bi bilo govora.<\/p>\n<p>Poro\u010dila o &#8220;mirni&#8221; razpravi na vrhu o vpra\u0161anju primarnosti evropskega prava sicer niso povsem v skladu s pri\u010dakovanji, saj se je, sode\u010d po izjavah razli\u010dnih strani pred zasedanjem, napovedovala te\u017eavna razprava.<\/p>\n<p>Nem\u0161ka kanclerka Angela Merkel je sicer ob prihodu v spravnem tonu poudarila, da je vladavina prava temeljni steber unije, a da je treba najti na\u010dine za sodelovanje s Poljsko. &#8220;Plaz pravnih sporov na Sodi\u0161\u010du EU ni re\u0161itev za vpra\u0161anje, kako naj vladavina prava deluje v praksi,&#8221; je opozorila.<\/p>\n<p>A nizozemski premier je vztrajal, da se mora unija odzvati odlo\u010dno. Ponovil je tudi argument, da Poljska ne bi smela dobiti evropskih sredstev za okrevanje in odpornost za boj s posledicami pandemije covida-19, dokler se ne re\u0161i spor glede primarnosti evropskega prava. Menil je tudi, da bi morale \u010dlanice nadaljevati delo v okviru procesa po 7. \u010dlenu pogodbe EU.<\/p>\n<p>EU je postopek po 7. \u010dlenu proti Poljski zaradi sporne pravosodne reforme spro\u017eila \u017ee decembra 2017, a je \u017ee leta na mrtvi to\u010dki, ker med \u010dlanicami ni zadostne podpore kakr\u0161nemu koli premiku. Ta \u010dlen v skrajnem primeru predvideva odvzem glasovalnih pravic kr\u0161iteljici evropskih vrednot.<\/p>\n<p>V Evropski komisiji sicer kot mo\u017enosti ukrepanja proti Var\u0161avi izpostavljajo nov klasi\u010dni pravni postopek zaradi kr\u0161enja evropske zakonodaje, ukrepanje na podlagi uredbe o pogojevanju evropskih sredstev s spo\u0161tovanjem vladavine prava in nadgradnjo postopka po 7. \u010dlenu pogodbe EU.<\/p>\n<p>Poljski premier Mateusz Morawiecki je ob prihodu ponovil, da Poljska ne bo klonila pred izsiljevanjem, a izrazil pripravljenost na dialog. Pred dnevi je na plenarnem zasedanju v Strasbourgu poudaril, da ima evropsko pravo prednost pred nacionalnim na podro\u010djih, za katera so se tako odlo\u010dile \u010dlanice.<\/p>\n<p>Kot vselej doslej ima poljski premier podporo mad\u017earskega kolega Viktorja Orbana, ki je danes na vpra\u0161anje, ali so potrebne sankcije proti Poljski, odgovoril: &#8220;Poljska? Najbolj\u0161a dr\u017eava v Evropi. Nikakr\u0161ne potrebe po sankcijah ni. To je sme\u0161no.&#8221;<\/p>\n<p>Po drugi strani pa so poro\u010dila o &#8220;mirni&#8221; razpravi v skladu z indici, da ne Evropska komisija ne ve\u010dina \u010dlanic ne \u017eeli preve\u010d zaostriti odnosov s Poljsko, da ne bi ta ote\u017eila dogovorov na drugih podro\u010djih, na primer glede podnebne in okoljske politike. Zdi se, da v Bruslju upajo, da bodo zaplet re\u0161ile naslednje volitve na Poljskem, ki so na\u010drtovane jeseni 2023.<\/p>\n","protected":false},"excerpt":{"rendered":"<p>Razprava voditeljev \u010dlanic EU o nedavni sodbi poljskega ustavnega sodi\u0161\u010da, ki spodkopava na\u010delo primarnosti evropskega prava, je bila po navedbah virov pri EU &#8220;mirna&#8221;. Predsednik Evropskega sveta Charles Michel je po njej sklenil, da je treba nadaljevati politi\u010dni dialog, da se poi\u0161\u010dejo re\u0161itve.<\/p>\n","protected":false},"author":7,"featured_media":459794,"comment_status":"closed","ping_status":"closed","sticky":false,"template":"","format":"standard","meta":{"footnotes":""},"categories":[18202],"tags":[1910,4271],"source":[4511],"supertag":[6103],"acf":[],"yoast_head":"<!-- This site is optimized with the Yoast SEO plugin v21.3 - https:\/\/yoast.com\/wordpress\/plugins\/seo\/ -->\n<title>Razprava o Poljski in vladavini prava na vrhu EU menda potekala mirno - Hudo Slovenija<\/title>\n<meta name=\"robots\" content=\"index, follow, max-snippet:-1, max-image-preview:large, max-video-preview:-1\" \/>\n<link rel=\"canonical\" href=\"https:\/\/hudo.com\/si\/aktualno\/svet\/razprava-o-poljski-in-vladavini-prava-na-vrhu-eu-menda-potekala-mirno\/\" \/>\n<meta property=\"og:locale\" content=\"sl_SI\" \/>\n<meta property=\"og:type\" content=\"article\" \/>\n<meta property=\"og:title\" content=\"Razprava o Poljski in vladavini prava na vrhu EU menda potekala mirno - Hudo Slovenija\" \/>\n<meta property=\"og:description\" content=\"Razprava voditeljev \u010dlanic EU o nedavni sodbi poljskega ustavnega sodi\u0161\u010da, ki spodkopava na\u010delo primarnosti evropskega prava, je bila po navedbah virov pri EU &quot;mirna&quot;. Predsednik Evropskega sveta Charles Michel je po njej sklenil, da je treba nadaljevati politi\u010dni dialog, da se poi\u0161\u010dejo re\u0161itve.\" \/>\n<meta property=\"og:url\" content=\"https:\/\/hudo.com\/si\/aktualno\/svet\/razprava-o-poljski-in-vladavini-prava-na-vrhu-eu-menda-potekala-mirno\/\" \/>\n<meta property=\"og:site_name\" content=\"Hudo Slovenija\" \/>\n<meta property=\"article:publisher\" content=\"https:\/\/www.facebook.com\/hudo.si\" \/>\n<meta property=\"article:published_time\" content=\"2021-10-22T06:29:06+00:00\" \/>\n<meta property=\"og:image\" content=\"https:\/\/hudo.com\/si\/wp-content\/uploads\/sites\/2\/2021\/10\/profimedia-0639098681.jpg\" \/>\n\t<meta property=\"og:image:width\" content=\"1250\" \/>\n\t<meta property=\"og:image:height\" content=\"800\" \/>\n\t<meta property=\"og:image:type\" content=\"image\/jpeg\" \/>\n<meta name=\"author\" content=\"A. P., STA\" \/>\n<meta name=\"twitter:card\" content=\"summary_large_image\" \/>\n<meta name=\"twitter:creator\" content=\"@hudo_si\" \/>\n<meta name=\"twitter:site\" content=\"@hudo_si\" \/>\n<meta name=\"twitter:label1\" content=\"Written by\" \/>\n\t<meta name=\"twitter:data1\" content=\"A. P., STA\" \/>\n\t<meta name=\"twitter:label2\" content=\"Est. reading time\" \/>\n\t<meta name=\"twitter:data2\" content=\"3 minute\" \/>\n<script type=\"application\/ld+json\" class=\"yoast-schema-graph\">{\"@context\":\"https:\/\/schema.org\",\"@graph\":[{\"@type\":\"Article\",\"@id\":\"https:\/\/hudo.com\/si\/aktualno\/svet\/razprava-o-poljski-in-vladavini-prava-na-vrhu-eu-menda-potekala-mirno\/#article\",\"isPartOf\":{\"@id\":\"https:\/\/hudo.com\/si\/aktualno\/svet\/razprava-o-poljski-in-vladavini-prava-na-vrhu-eu-menda-potekala-mirno\/\"},\"author\":{\"name\":\"A. P., STA\",\"@id\":\"https:\/\/hudo.com\/si\/#\/schema\/person\/18f09c02475ba9e606e941a565b80cff\"},\"headline\":\"Razprava o Poljski in vladavini prava na vrhu EU menda potekala mirno\",\"datePublished\":\"2021-10-22T06:29:06+00:00\",\"dateModified\":\"2021-10-22T06:29:06+00:00\",\"mainEntityOfPage\":{\"@id\":\"https:\/\/hudo.com\/si\/aktualno\/svet\/razprava-o-poljski-in-vladavini-prava-na-vrhu-eu-menda-potekala-mirno\/\"},\"wordCount\":592,\"publisher\":{\"@id\":\"https:\/\/hudo.com\/si\/#organization\"},\"keywords\":[\"evropska unija\",\"Poljska\"],\"articleSection\":[\"Svet\"],\"inLanguage\":\"sl-SI\"},{\"@type\":\"WebPage\",\"@id\":\"https:\/\/hudo.com\/si\/aktualno\/svet\/razprava-o-poljski-in-vladavini-prava-na-vrhu-eu-menda-potekala-mirno\/\",\"url\":\"https:\/\/hudo.com\/si\/aktualno\/svet\/razprava-o-poljski-in-vladavini-prava-na-vrhu-eu-menda-potekala-mirno\/\",\"name\":\"Razprava o Poljski in vladavini prava na vrhu EU menda potekala mirno - Hudo Slovenija\",\"isPartOf\":{\"@id\":\"https:\/\/hudo.com\/si\/#website\"},\"datePublished\":\"2021-10-22T06:29:06+00:00\",\"dateModified\":\"2021-10-22T06:29:06+00:00\",\"breadcrumb\":{\"@id\":\"https:\/\/hudo.com\/si\/aktualno\/svet\/razprava-o-poljski-in-vladavini-prava-na-vrhu-eu-menda-potekala-mirno\/#breadcrumb\"},\"inLanguage\":\"sl-SI\",\"potentialAction\":[{\"@type\":\"ReadAction\",\"target\":[\"https:\/\/hudo.com\/si\/aktualno\/svet\/razprava-o-poljski-in-vladavini-prava-na-vrhu-eu-menda-potekala-mirno\/\"]}]},{\"@type\":\"BreadcrumbList\",\"@id\":\"https:\/\/hudo.com\/si\/aktualno\/svet\/razprava-o-poljski-in-vladavini-prava-na-vrhu-eu-menda-potekala-mirno\/#breadcrumb\",\"itemListElement\":[{\"@type\":\"ListItem\",\"position\":1,\"name\":\"Home\",\"item\":\"https:\/\/hudo.com\/si\/\"},{\"@type\":\"ListItem\",\"position\":2,\"name\":\"Razprava o Poljski in vladavini prava na vrhu EU menda potekala mirno\"}]},{\"@type\":\"WebSite\",\"@id\":\"https:\/\/hudo.com\/si\/#website\",\"url\":\"https:\/\/hudo.com\/si\/\",\"name\":\"Hudo Slovenija\",\"description\":\"Vse novice iz Slovenije in sveta\",\"publisher\":{\"@id\":\"https:\/\/hudo.com\/si\/#organization\"},\"potentialAction\":[{\"@type\":\"SearchAction\",\"target\":{\"@type\":\"EntryPoint\",\"urlTemplate\":\"https:\/\/hudo.com\/si\/?s={search_term_string}\"},\"query-input\":\"required name=search_term_string\"}],\"inLanguage\":\"sl-SI\"},{\"@type\":\"Organization\",\"@id\":\"https:\/\/hudo.com\/si\/#organization\",\"name\":\"VSN Media\",\"url\":\"https:\/\/hudo.com\/si\/\",\"logo\":{\"@type\":\"ImageObject\",\"inLanguage\":\"sl-SI\",\"@id\":\"https:\/\/hudo.com\/si\/#\/schema\/logo\/image\/\",\"url\":\"https:\/\/hudo.com\/si\/wp-content\/uploads\/sites\/2\/2021\/03\/hudo-app-2.png\",\"contentUrl\":\"https:\/\/hudo.com\/si\/wp-content\/uploads\/sites\/2\/2021\/03\/hudo-app-2.png\",\"width\":2185,\"height\":2167,\"caption\":\"VSN Media\"},\"image\":{\"@id\":\"https:\/\/hudo.com\/si\/#\/schema\/logo\/image\/\"},\"sameAs\":[\"https:\/\/www.facebook.com\/hudo.si\",\"https:\/\/twitter.com\/hudo_si\"]},{\"@type\":\"Person\",\"@id\":\"https:\/\/hudo.com\/si\/#\/schema\/person\/18f09c02475ba9e606e941a565b80cff\",\"name\":\"A. P., STA\",\"image\":{\"@type\":\"ImageObject\",\"inLanguage\":\"sl-SI\",\"@id\":\"https:\/\/hudo.com\/si\/#\/schema\/person\/image\/\",\"url\":\"https:\/\/secure.gravatar.com\/avatar\/03eac8e609f5f04383125d80eaeaaf3e?s=96&d=mm&r=g\",\"contentUrl\":\"https:\/\/secure.gravatar.com\/avatar\/03eac8e609f5f04383125d80eaeaaf3e?s=96&d=mm&r=g\",\"caption\":\"A. P., STA\"},\"url\":\"https:\/\/hudo.com\/si\/author\/lubu\/\"}]}<\/script>\n<!-- \/ Yoast SEO plugin. -->","yoast_head_json":{"title":"Razprava o Poljski in vladavini prava na vrhu EU menda potekala mirno - Hudo Slovenija","robots":{"index":"index","follow":"follow","max-snippet":"max-snippet:-1","max-image-preview":"max-image-preview:large","max-video-preview":"max-video-preview:-1"},"canonical":"https:\/\/hudo.com\/si\/aktualno\/svet\/razprava-o-poljski-in-vladavini-prava-na-vrhu-eu-menda-potekala-mirno\/","og_locale":"sl_SI","og_type":"article","og_title":"Razprava o Poljski in vladavini prava na vrhu EU menda potekala mirno - Hudo Slovenija","og_description":"Razprava voditeljev \u010dlanic EU o nedavni sodbi poljskega ustavnega sodi\u0161\u010da, ki spodkopava na\u010delo primarnosti evropskega prava, je bila po navedbah virov pri EU \"mirna\". Predsednik Evropskega sveta Charles Michel je po njej sklenil, da je treba nadaljevati politi\u010dni dialog, da se poi\u0161\u010dejo re\u0161itve.","og_url":"https:\/\/hudo.com\/si\/aktualno\/svet\/razprava-o-poljski-in-vladavini-prava-na-vrhu-eu-menda-potekala-mirno\/","og_site_name":"Hudo Slovenija","article_publisher":"https:\/\/www.facebook.com\/hudo.si","article_published_time":"2021-10-22T06:29:06+00:00","og_image":[{"width":1250,"height":800,"url":"https:\/\/hudo.com\/si\/wp-content\/uploads\/sites\/2\/2021\/10\/profimedia-0639098681.jpg","type":"image\/jpeg"}],"author":"A. P., STA","twitter_card":"summary_large_image","twitter_creator":"@hudo_si","twitter_site":"@hudo_si","twitter_misc":{"Written by":"A. P., STA","Est. reading time":"3 minute"},"schema":{"@context":"https:\/\/schema.org","@graph":[{"@type":"Article","@id":"https:\/\/hudo.com\/si\/aktualno\/svet\/razprava-o-poljski-in-vladavini-prava-na-vrhu-eu-menda-potekala-mirno\/#article","isPartOf":{"@id":"https:\/\/hudo.com\/si\/aktualno\/svet\/razprava-o-poljski-in-vladavini-prava-na-vrhu-eu-menda-potekala-mirno\/"},"author":{"name":"A. P., STA","@id":"https:\/\/hudo.com\/si\/#\/schema\/person\/18f09c02475ba9e606e941a565b80cff"},"headline":"Razprava o Poljski in vladavini prava na vrhu EU menda potekala mirno","datePublished":"2021-10-22T06:29:06+00:00","dateModified":"2021-10-22T06:29:06+00:00","mainEntityOfPage":{"@id":"https:\/\/hudo.com\/si\/aktualno\/svet\/razprava-o-poljski-in-vladavini-prava-na-vrhu-eu-menda-potekala-mirno\/"},"wordCount":592,"publisher":{"@id":"https:\/\/hudo.com\/si\/#organization"},"keywords":["evropska unija","Poljska"],"articleSection":["Svet"],"inLanguage":"sl-SI"},{"@type":"WebPage","@id":"https:\/\/hudo.com\/si\/aktualno\/svet\/razprava-o-poljski-in-vladavini-prava-na-vrhu-eu-menda-potekala-mirno\/","url":"https:\/\/hudo.com\/si\/aktualno\/svet\/razprava-o-poljski-in-vladavini-prava-na-vrhu-eu-menda-potekala-mirno\/","name":"Razprava o Poljski in vladavini prava na vrhu EU menda potekala mirno - Hudo Slovenija","isPartOf":{"@id":"https:\/\/hudo.com\/si\/#website"},"datePublished":"2021-10-22T06:29:06+00:00","dateModified":"2021-10-22T06:29:06+00:00","breadcrumb":{"@id":"https:\/\/hudo.com\/si\/aktualno\/svet\/razprava-o-poljski-in-vladavini-prava-na-vrhu-eu-menda-potekala-mirno\/#breadcrumb"},"inLanguage":"sl-SI","potentialAction":[{"@type":"ReadAction","target":["https:\/\/hudo.com\/si\/aktualno\/svet\/razprava-o-poljski-in-vladavini-prava-na-vrhu-eu-menda-potekala-mirno\/"]}]},{"@type":"BreadcrumbList","@id":"https:\/\/hudo.com\/si\/aktualno\/svet\/razprava-o-poljski-in-vladavini-prava-na-vrhu-eu-menda-potekala-mirno\/#breadcrumb","itemListElement":[{"@type":"ListItem","position":1,"name":"Home","item":"https:\/\/hudo.com\/si\/"},{"@type":"ListItem","position":2,"name":"Razprava o Poljski in vladavini prava na vrhu EU menda potekala mirno"}]},{"@type":"WebSite","@id":"https:\/\/hudo.com\/si\/#website","url":"https:\/\/hudo.com\/si\/","name":"Hudo Slovenija","description":"Vse novice iz Slovenije in sveta","publisher":{"@id":"https:\/\/hudo.com\/si\/#organization"},"potentialAction":[{"@type":"SearchAction","target":{"@type":"EntryPoint","urlTemplate":"https:\/\/hudo.com\/si\/?s={search_term_string}"},"query-input":"required name=search_term_string"}],"inLanguage":"sl-SI"},{"@type":"Organization","@id":"https:\/\/hudo.com\/si\/#organization","name":"VSN Media","url":"https:\/\/hudo.com\/si\/","logo":{"@type":"ImageObject","inLanguage":"sl-SI","@id":"https:\/\/hudo.com\/si\/#\/schema\/logo\/image\/","url":"https:\/\/hudo.com\/si\/wp-content\/uploads\/sites\/2\/2021\/03\/hudo-app-2.png","contentUrl":"https:\/\/hudo.com\/si\/wp-content\/uploads\/sites\/2\/2021\/03\/hudo-app-2.png","width":2185,"height":2167,"caption":"VSN Media"},"image":{"@id":"https:\/\/hudo.com\/si\/#\/schema\/logo\/image\/"},"sameAs":["https:\/\/www.facebook.com\/hudo.si","https:\/\/twitter.com\/hudo_si"]},{"@type":"Person","@id":"https:\/\/hudo.com\/si\/#\/schema\/person\/18f09c02475ba9e606e941a565b80cff","name":"A. P., STA","image":{"@type":"ImageObject","inLanguage":"sl-SI","@id":"https:\/\/hudo.com\/si\/#\/schema\/person\/image\/","url":"https:\/\/secure.gravatar.com\/avatar\/03eac8e609f5f04383125d80eaeaaf3e?s=96&d=mm&r=g","contentUrl":"https:\/\/secure.gravatar.com\/avatar\/03eac8e609f5f04383125d80eaeaaf3e?s=96&d=mm&r=g","caption":"A. P., STA"},"url":"https:\/\/hudo.com\/si\/author\/lubu\/"}]}},"amp_enabled":true,"_links":{"self":[{"href":"https:\/\/hudo.com\/si\/wp-json\/wp\/v2\/posts\/459793"}],"collection":[{"href":"https:\/\/hudo.com\/si\/wp-json\/wp\/v2\/posts"}],"about":[{"href":"https:\/\/hudo.com\/si\/wp-json\/wp\/v2\/types\/post"}],"author":[{"embeddable":true,"href":"https:\/\/hudo.com\/si\/wp-json\/wp\/v2\/users\/7"}],"replies":[{"embeddable":true,"href":"https:\/\/hudo.com\/si\/wp-json\/wp\/v2\/comments?post=459793"}],"version-history":[{"count":1,"href":"https:\/\/hudo.com\/si\/wp-json\/wp\/v2\/posts\/459793\/revisions"}],"predecessor-version":[{"id":459795,"href":"https:\/\/hudo.com\/si\/wp-json\/wp\/v2\/posts\/459793\/revisions\/459795"}],"wp:featuredmedia":[{"embeddable":true,"href":"https:\/\/hudo.com\/si\/wp-json\/wp\/v2\/media\/459794"}],"wp:attachment":[{"href":"https:\/\/hudo.com\/si\/wp-json\/wp\/v2\/media?parent=459793"}],"wp:term":[{"taxonomy":"category","embeddable":true,"href":"https:\/\/hudo.com\/si\/wp-json\/wp\/v2\/categories?post=459793"},{"taxonomy":"post_tag","embeddable":true,"href":"https:\/\/hudo.com\/si\/wp-json\/wp\/v2\/tags?post=459793"},{"taxonomy":"source","embeddable":true,"href":"https:\/\/hudo.com\/si\/wp-json\/wp\/v2\/source?post=459793"},{"taxonomy":"supertag","embeddable":true,"href":"https:\/\/hudo.com\/si\/wp-json\/wp\/v2\/supertag?post=459793"}],"curies":[{"name":"wp","href":"https:\/\/api.w.org\/{rel}","templated":true}]}}