{"id":460081,"date":"2021-10-26T16:09:08","date_gmt":"2021-10-26T14:09:08","guid":{"rendered":"https:\/\/hudo.com\/si\/?p=460081"},"modified":"2021-10-26T16:09:08","modified_gmt":"2021-10-26T14:09:08","slug":"zaceli-z-vrtanjem-najdaljsega-predora-na-trasi-drugega-tira-in-najprej-postavili-kapelico-ki-jo-je-ze-blagoslovil-koprski-skof","status":"publish","type":"post","link":"https:\/\/hudo.com\/si\/aktualno\/slovenija\/zaceli-z-vrtanjem-najdaljsega-predora-na-trasi-drugega-tira-in-najprej-postavili-kapelico-ki-jo-je-ze-blagoslovil-koprski-skof\/","title":{"rendered":"Za\u010deli z vrtanjem najdalj\u0161ega predora na trasi drugega tira in najprej postavili kapelico, ki jo je \u017ee blagoslovil koprski \u0161kof"},"content":{"rendered":"<p>Kip Sv. Barbare je na kraj\u0161i slovesnosti blagoslovil koprski \u0161kof Jurij Bizjak, ki je opozoril, da imamo ljudje veliko nitk v svojih rokah in sami peljemo svojo usodo, da pa kak\u0161ne nitke vsake toliko be\u017eijo. &#8220;Na\u0161 dana\u0161nji namen je, da bi tudi te nitke, ki jih nimamo tako trdno v rokah, peljale v pravo smer,&#8221; je pojasnil.<\/p>\n<p>Tudi Kristjan Mugerli, direktor Kolektorja CPG, ki je vodilni partner v konzorciju projekta drugi tir, je izrazil prepri\u010danje, da bo postavitev kapelice slu\u017eila svojemu namenu in da bo poleg predorskih delavcev varovala &#8220;vse, ki bdimo, dihamo in \u017eivimo s tem najve\u010djim in nazahtevnej\u0161im infrastrukturnim projektom.<\/p>\n<p>Generalni direktor dru\u017ebe 2TDK Pavle Hevka je spomnil, da je kapelica postavljena ob izstopu zadnjega predora v smeri proti Luki Koper, &#8220;zaradi katere je nujnost izgradnje drugega tira \u0161e toliko bolj upravi\u010dena&#8221;.<\/p>\n<p>Kot je bilo povedano na dana\u0161nji slovesnosti, so v septembru za\u010deli z izkopom prvih dveh predorov na odseku \u010crni Kal &#8211; Koper, na dana\u0161nji dan pa so v predoru T8 izkopali 51 metrov glavne cevi.<\/p>\n<p>Hevka je ob robu slovesnosti ocenil, da dela v predorih T7 in T8 odli\u010dno napredujejo. Pri pripravljalnih delih na preostalih 12 napadnih mestih pa je manj\u0161a, a ulovljiva zamuda, tako da roki ostajajo nespremenjeni.<\/p>\n<p>Razlogi za zamudo so razli\u010dni, je navedel Hevka, &#8220;od covida-19 do delovnih dovoljenj, zdravni\u0161kih spri\u010deval&#8221;. Hevka ob tem pri\u010dakuje, da bo izvajalec pospe\u0161il dela. Po njegovih besedah izvajalec del ni podal zahteve za podra\u017eitev del niti ni \u010desa takega napovedal.<\/p>\n<p>Glede neuspelega razpisa za deviacijo proge v Diva\u010di je Hevka pojasnil, da so pri\u010dakovali ve\u010d ponudb, edina prispela ponudba pa je presegala dolo\u010deno najvi\u0161jo vrednost in so zato razpis razveljavili. Zdaj nameravajo objaviti razpis tako za deviacijo kot za tretji sklop oz. tirne in elektro strojne naprave za celotno traso od Diva\u010de do Kopra. Dokumentacija je \u017ee pripravljena, razpis pa bodo objavili v novembru. Glede na skok cen bo vrednost razpisa predvidoma med 160 in 170 milijoni evrov, je dodal generalni direktor 2TDK.<\/p>\n<p>Tako botra kapelice, \u017eupanja Diva\u010de Alenka \u0160trucl Dovgan kot tudi koprski \u017eupan Ale\u0161 Br\u017ean sta poudarila \u017eeljo in potrebo, da bodo\u010da proga drugega tira, ki je za zdaj \u0161e na\u010drtovan kot enotiren, v \u010dim kraj\u0161em \u010dasu postala dvotirna. Slovesnosti se je med drugimi udele\u017eil tudi dr\u017eavni sekretar na ministrstvu za infrastrukturo Ale\u0161 Miheli\u010d.<\/p>\n","protected":false},"excerpt":{"rendered":"<p>Na portalu predora T8 pri Dekanih, ki bo s 3,8 kilometra najdalj\u0161i predor \u017eelezni\u0161ke proge na spodnjem odseku drugega tira Diva\u010da-Koper, so danes postavili kapelico sv. Barbare, zavetnice predorskih delavcev. Dela v prvih dveh predorih dobro napredujejo, je pa manj\u0161a, a ulovljiva zamuda pri pripravljalnih delih na drugih odsekih.<\/p>\n","protected":false},"author":7,"featured_media":460082,"comment_status":"closed","ping_status":"closed","sticky":false,"template":"","format":"standard","meta":{"footnotes":""},"categories":[18201],"tags":[6311,6625],"source":[4511],"supertag":[],"acf":[],"yoast_head":"<!-- This site is optimized with the Yoast SEO plugin v21.3 - https:\/\/yoast.com\/wordpress\/plugins\/seo\/ -->\n<title>Za\u010deli z vrtanjem najdalj\u0161ega predora na trasi drugega tira in najprej postavili kapelico, ki jo je \u017ee blagoslovil koprski \u0161kof - Hudo Slovenija<\/title>\n<meta name=\"robots\" content=\"index, follow, max-snippet:-1, max-image-preview:large, max-video-preview:-1\" \/>\n<link rel=\"canonical\" href=\"https:\/\/hudo.com\/si\/aktualno\/slovenija\/zaceli-z-vrtanjem-najdaljsega-predora-na-trasi-drugega-tira-in-najprej-postavili-kapelico-ki-jo-je-ze-blagoslovil-koprski-skof\/\" \/>\n<meta property=\"og:locale\" content=\"sl_SI\" \/>\n<meta property=\"og:type\" content=\"article\" \/>\n<meta property=\"og:title\" content=\"Za\u010deli z vrtanjem najdalj\u0161ega predora na trasi drugega tira in najprej postavili kapelico, ki jo je \u017ee blagoslovil koprski \u0161kof - Hudo Slovenija\" \/>\n<meta property=\"og:description\" content=\"Na portalu predora T8 pri Dekanih, ki bo s 3,8 kilometra najdalj\u0161i predor \u017eelezni\u0161ke proge na spodnjem odseku drugega tira Diva\u010da-Koper, so danes postavili kapelico sv. Barbare, zavetnice predorskih delavcev. Dela v prvih dveh predorih dobro napredujejo, je pa manj\u0161a, a ulovljiva zamuda pri pripravljalnih delih na drugih odsekih.\" \/>\n<meta property=\"og:url\" content=\"https:\/\/hudo.com\/si\/aktualno\/slovenija\/zaceli-z-vrtanjem-najdaljsega-predora-na-trasi-drugega-tira-in-najprej-postavili-kapelico-ki-jo-je-ze-blagoslovil-koprski-skof\/\" \/>\n<meta property=\"og:site_name\" content=\"Hudo Slovenija\" \/>\n<meta property=\"article:publisher\" content=\"https:\/\/www.facebook.com\/hudo.si\" \/>\n<meta property=\"article:published_time\" content=\"2021-10-26T14:09:08+00:00\" \/>\n<meta property=\"og:image\" content=\"https:\/\/hudo.com\/si\/wp-content\/uploads\/sites\/2\/2021\/10\/profimedia-0577562785.jpg\" \/>\n\t<meta property=\"og:image:width\" content=\"1250\" \/>\n\t<meta property=\"og:image:height\" content=\"830\" \/>\n\t<meta property=\"og:image:type\" content=\"image\/jpeg\" \/>\n<meta name=\"author\" content=\"A. P., STA\" \/>\n<meta name=\"twitter:card\" content=\"summary_large_image\" \/>\n<meta name=\"twitter:creator\" content=\"@hudo_si\" \/>\n<meta name=\"twitter:site\" content=\"@hudo_si\" \/>\n<meta name=\"twitter:label1\" content=\"Written by\" \/>\n\t<meta name=\"twitter:data1\" content=\"A. P., STA\" \/>\n\t<meta name=\"twitter:label2\" content=\"Est. reading time\" \/>\n\t<meta name=\"twitter:data2\" content=\"2 minuti\" \/>\n<script type=\"application\/ld+json\" class=\"yoast-schema-graph\">{\"@context\":\"https:\/\/schema.org\",\"@graph\":[{\"@type\":\"Article\",\"@id\":\"https:\/\/hudo.com\/si\/aktualno\/slovenija\/zaceli-z-vrtanjem-najdaljsega-predora-na-trasi-drugega-tira-in-najprej-postavili-kapelico-ki-jo-je-ze-blagoslovil-koprski-skof\/#article\",\"isPartOf\":{\"@id\":\"https:\/\/hudo.com\/si\/aktualno\/slovenija\/zaceli-z-vrtanjem-najdaljsega-predora-na-trasi-drugega-tira-in-najprej-postavili-kapelico-ki-jo-je-ze-blagoslovil-koprski-skof\/\"},\"author\":{\"name\":\"A. P., STA\",\"@id\":\"https:\/\/hudo.com\/si\/#\/schema\/person\/18f09c02475ba9e606e941a565b80cff\"},\"headline\":\"Za\u010deli z vrtanjem najdalj\u0161ega predora na trasi drugega tira in najprej postavili kapelico, ki jo je \u017ee blagoslovil koprski \u0161kof\",\"datePublished\":\"2021-10-26T14:09:08+00:00\",\"dateModified\":\"2021-10-26T14:09:08+00:00\",\"mainEntityOfPage\":{\"@id\":\"https:\/\/hudo.com\/si\/aktualno\/slovenija\/zaceli-z-vrtanjem-najdaljsega-predora-na-trasi-drugega-tira-in-najprej-postavili-kapelico-ki-jo-je-ze-blagoslovil-koprski-skof\/\"},\"wordCount\":430,\"publisher\":{\"@id\":\"https:\/\/hudo.com\/si\/#organization\"},\"keywords\":[\"drugi tir\",\"RKC\"],\"articleSection\":[\"Slovenija\"],\"inLanguage\":\"sl-SI\"},{\"@type\":\"WebPage\",\"@id\":\"https:\/\/hudo.com\/si\/aktualno\/slovenija\/zaceli-z-vrtanjem-najdaljsega-predora-na-trasi-drugega-tira-in-najprej-postavili-kapelico-ki-jo-je-ze-blagoslovil-koprski-skof\/\",\"url\":\"https:\/\/hudo.com\/si\/aktualno\/slovenija\/zaceli-z-vrtanjem-najdaljsega-predora-na-trasi-drugega-tira-in-najprej-postavili-kapelico-ki-jo-je-ze-blagoslovil-koprski-skof\/\",\"name\":\"Za\u010deli z vrtanjem najdalj\u0161ega predora na trasi drugega tira in najprej postavili kapelico, ki jo je \u017ee blagoslovil koprski \u0161kof - Hudo Slovenija\",\"isPartOf\":{\"@id\":\"https:\/\/hudo.com\/si\/#website\"},\"datePublished\":\"2021-10-26T14:09:08+00:00\",\"dateModified\":\"2021-10-26T14:09:08+00:00\",\"breadcrumb\":{\"@id\":\"https:\/\/hudo.com\/si\/aktualno\/slovenija\/zaceli-z-vrtanjem-najdaljsega-predora-na-trasi-drugega-tira-in-najprej-postavili-kapelico-ki-jo-je-ze-blagoslovil-koprski-skof\/#breadcrumb\"},\"inLanguage\":\"sl-SI\",\"potentialAction\":[{\"@type\":\"ReadAction\",\"target\":[\"https:\/\/hudo.com\/si\/aktualno\/slovenija\/zaceli-z-vrtanjem-najdaljsega-predora-na-trasi-drugega-tira-in-najprej-postavili-kapelico-ki-jo-je-ze-blagoslovil-koprski-skof\/\"]}]},{\"@type\":\"BreadcrumbList\",\"@id\":\"https:\/\/hudo.com\/si\/aktualno\/slovenija\/zaceli-z-vrtanjem-najdaljsega-predora-na-trasi-drugega-tira-in-najprej-postavili-kapelico-ki-jo-je-ze-blagoslovil-koprski-skof\/#breadcrumb\",\"itemListElement\":[{\"@type\":\"ListItem\",\"position\":1,\"name\":\"Home\",\"item\":\"https:\/\/hudo.com\/si\/\"},{\"@type\":\"ListItem\",\"position\":2,\"name\":\"Za\u010deli z vrtanjem najdalj\u0161ega predora na trasi drugega tira in najprej postavili kapelico, ki jo je \u017ee blagoslovil koprski \u0161kof\"}]},{\"@type\":\"WebSite\",\"@id\":\"https:\/\/hudo.com\/si\/#website\",\"url\":\"https:\/\/hudo.com\/si\/\",\"name\":\"Hudo Slovenija\",\"description\":\"Vse novice iz Slovenije in sveta\",\"publisher\":{\"@id\":\"https:\/\/hudo.com\/si\/#organization\"},\"potentialAction\":[{\"@type\":\"SearchAction\",\"target\":{\"@type\":\"EntryPoint\",\"urlTemplate\":\"https:\/\/hudo.com\/si\/?s={search_term_string}\"},\"query-input\":\"required name=search_term_string\"}],\"inLanguage\":\"sl-SI\"},{\"@type\":\"Organization\",\"@id\":\"https:\/\/hudo.com\/si\/#organization\",\"name\":\"VSN Media\",\"url\":\"https:\/\/hudo.com\/si\/\",\"logo\":{\"@type\":\"ImageObject\",\"inLanguage\":\"sl-SI\",\"@id\":\"https:\/\/hudo.com\/si\/#\/schema\/logo\/image\/\",\"url\":\"https:\/\/hudo.com\/si\/wp-content\/uploads\/sites\/2\/2021\/03\/hudo-app-2.png\",\"contentUrl\":\"https:\/\/hudo.com\/si\/wp-content\/uploads\/sites\/2\/2021\/03\/hudo-app-2.png\",\"width\":2185,\"height\":2167,\"caption\":\"VSN Media\"},\"image\":{\"@id\":\"https:\/\/hudo.com\/si\/#\/schema\/logo\/image\/\"},\"sameAs\":[\"https:\/\/www.facebook.com\/hudo.si\",\"https:\/\/twitter.com\/hudo_si\"]},{\"@type\":\"Person\",\"@id\":\"https:\/\/hudo.com\/si\/#\/schema\/person\/18f09c02475ba9e606e941a565b80cff\",\"name\":\"A. P., STA\",\"image\":{\"@type\":\"ImageObject\",\"inLanguage\":\"sl-SI\",\"@id\":\"https:\/\/hudo.com\/si\/#\/schema\/person\/image\/\",\"url\":\"https:\/\/secure.gravatar.com\/avatar\/03eac8e609f5f04383125d80eaeaaf3e?s=96&d=mm&r=g\",\"contentUrl\":\"https:\/\/secure.gravatar.com\/avatar\/03eac8e609f5f04383125d80eaeaaf3e?s=96&d=mm&r=g\",\"caption\":\"A. P., STA\"},\"url\":\"https:\/\/hudo.com\/si\/author\/lubu\/\"}]}<\/script>\n<!-- \/ Yoast SEO plugin. -->","yoast_head_json":{"title":"Za\u010deli z vrtanjem najdalj\u0161ega predora na trasi drugega tira in najprej postavili kapelico, ki jo je \u017ee blagoslovil koprski \u0161kof - Hudo Slovenija","robots":{"index":"index","follow":"follow","max-snippet":"max-snippet:-1","max-image-preview":"max-image-preview:large","max-video-preview":"max-video-preview:-1"},"canonical":"https:\/\/hudo.com\/si\/aktualno\/slovenija\/zaceli-z-vrtanjem-najdaljsega-predora-na-trasi-drugega-tira-in-najprej-postavili-kapelico-ki-jo-je-ze-blagoslovil-koprski-skof\/","og_locale":"sl_SI","og_type":"article","og_title":"Za\u010deli z vrtanjem najdalj\u0161ega predora na trasi drugega tira in najprej postavili kapelico, ki jo je \u017ee blagoslovil koprski \u0161kof - Hudo Slovenija","og_description":"Na portalu predora T8 pri Dekanih, ki bo s 3,8 kilometra najdalj\u0161i predor \u017eelezni\u0161ke proge na spodnjem odseku drugega tira Diva\u010da-Koper, so danes postavili kapelico sv. Barbare, zavetnice predorskih delavcev. Dela v prvih dveh predorih dobro napredujejo, je pa manj\u0161a, a ulovljiva zamuda pri pripravljalnih delih na drugih odsekih.","og_url":"https:\/\/hudo.com\/si\/aktualno\/slovenija\/zaceli-z-vrtanjem-najdaljsega-predora-na-trasi-drugega-tira-in-najprej-postavili-kapelico-ki-jo-je-ze-blagoslovil-koprski-skof\/","og_site_name":"Hudo Slovenija","article_publisher":"https:\/\/www.facebook.com\/hudo.si","article_published_time":"2021-10-26T14:09:08+00:00","og_image":[{"width":1250,"height":830,"url":"https:\/\/hudo.com\/si\/wp-content\/uploads\/sites\/2\/2021\/10\/profimedia-0577562785.jpg","type":"image\/jpeg"}],"author":"A. P., STA","twitter_card":"summary_large_image","twitter_creator":"@hudo_si","twitter_site":"@hudo_si","twitter_misc":{"Written by":"A. P., STA","Est. reading time":"2 minuti"},"schema":{"@context":"https:\/\/schema.org","@graph":[{"@type":"Article","@id":"https:\/\/hudo.com\/si\/aktualno\/slovenija\/zaceli-z-vrtanjem-najdaljsega-predora-na-trasi-drugega-tira-in-najprej-postavili-kapelico-ki-jo-je-ze-blagoslovil-koprski-skof\/#article","isPartOf":{"@id":"https:\/\/hudo.com\/si\/aktualno\/slovenija\/zaceli-z-vrtanjem-najdaljsega-predora-na-trasi-drugega-tira-in-najprej-postavili-kapelico-ki-jo-je-ze-blagoslovil-koprski-skof\/"},"author":{"name":"A. P., STA","@id":"https:\/\/hudo.com\/si\/#\/schema\/person\/18f09c02475ba9e606e941a565b80cff"},"headline":"Za\u010deli z vrtanjem najdalj\u0161ega predora na trasi drugega tira in najprej postavili kapelico, ki jo je \u017ee blagoslovil koprski \u0161kof","datePublished":"2021-10-26T14:09:08+00:00","dateModified":"2021-10-26T14:09:08+00:00","mainEntityOfPage":{"@id":"https:\/\/hudo.com\/si\/aktualno\/slovenija\/zaceli-z-vrtanjem-najdaljsega-predora-na-trasi-drugega-tira-in-najprej-postavili-kapelico-ki-jo-je-ze-blagoslovil-koprski-skof\/"},"wordCount":430,"publisher":{"@id":"https:\/\/hudo.com\/si\/#organization"},"keywords":["drugi tir","RKC"],"articleSection":["Slovenija"],"inLanguage":"sl-SI"},{"@type":"WebPage","@id":"https:\/\/hudo.com\/si\/aktualno\/slovenija\/zaceli-z-vrtanjem-najdaljsega-predora-na-trasi-drugega-tira-in-najprej-postavili-kapelico-ki-jo-je-ze-blagoslovil-koprski-skof\/","url":"https:\/\/hudo.com\/si\/aktualno\/slovenija\/zaceli-z-vrtanjem-najdaljsega-predora-na-trasi-drugega-tira-in-najprej-postavili-kapelico-ki-jo-je-ze-blagoslovil-koprski-skof\/","name":"Za\u010deli z vrtanjem najdalj\u0161ega predora na trasi drugega tira in najprej postavili kapelico, ki jo je \u017ee blagoslovil koprski \u0161kof - Hudo Slovenija","isPartOf":{"@id":"https:\/\/hudo.com\/si\/#website"},"datePublished":"2021-10-26T14:09:08+00:00","dateModified":"2021-10-26T14:09:08+00:00","breadcrumb":{"@id":"https:\/\/hudo.com\/si\/aktualno\/slovenija\/zaceli-z-vrtanjem-najdaljsega-predora-na-trasi-drugega-tira-in-najprej-postavili-kapelico-ki-jo-je-ze-blagoslovil-koprski-skof\/#breadcrumb"},"inLanguage":"sl-SI","potentialAction":[{"@type":"ReadAction","target":["https:\/\/hudo.com\/si\/aktualno\/slovenija\/zaceli-z-vrtanjem-najdaljsega-predora-na-trasi-drugega-tira-in-najprej-postavili-kapelico-ki-jo-je-ze-blagoslovil-koprski-skof\/"]}]},{"@type":"BreadcrumbList","@id":"https:\/\/hudo.com\/si\/aktualno\/slovenija\/zaceli-z-vrtanjem-najdaljsega-predora-na-trasi-drugega-tira-in-najprej-postavili-kapelico-ki-jo-je-ze-blagoslovil-koprski-skof\/#breadcrumb","itemListElement":[{"@type":"ListItem","position":1,"name":"Home","item":"https:\/\/hudo.com\/si\/"},{"@type":"ListItem","position":2,"name":"Za\u010deli z vrtanjem najdalj\u0161ega predora na trasi drugega tira in najprej postavili kapelico, ki jo je \u017ee blagoslovil koprski \u0161kof"}]},{"@type":"WebSite","@id":"https:\/\/hudo.com\/si\/#website","url":"https:\/\/hudo.com\/si\/","name":"Hudo Slovenija","description":"Vse novice iz Slovenije in sveta","publisher":{"@id":"https:\/\/hudo.com\/si\/#organization"},"potentialAction":[{"@type":"SearchAction","target":{"@type":"EntryPoint","urlTemplate":"https:\/\/hudo.com\/si\/?s={search_term_string}"},"query-input":"required name=search_term_string"}],"inLanguage":"sl-SI"},{"@type":"Organization","@id":"https:\/\/hudo.com\/si\/#organization","name":"VSN Media","url":"https:\/\/hudo.com\/si\/","logo":{"@type":"ImageObject","inLanguage":"sl-SI","@id":"https:\/\/hudo.com\/si\/#\/schema\/logo\/image\/","url":"https:\/\/hudo.com\/si\/wp-content\/uploads\/sites\/2\/2021\/03\/hudo-app-2.png","contentUrl":"https:\/\/hudo.com\/si\/wp-content\/uploads\/sites\/2\/2021\/03\/hudo-app-2.png","width":2185,"height":2167,"caption":"VSN Media"},"image":{"@id":"https:\/\/hudo.com\/si\/#\/schema\/logo\/image\/"},"sameAs":["https:\/\/www.facebook.com\/hudo.si","https:\/\/twitter.com\/hudo_si"]},{"@type":"Person","@id":"https:\/\/hudo.com\/si\/#\/schema\/person\/18f09c02475ba9e606e941a565b80cff","name":"A. P., STA","image":{"@type":"ImageObject","inLanguage":"sl-SI","@id":"https:\/\/hudo.com\/si\/#\/schema\/person\/image\/","url":"https:\/\/secure.gravatar.com\/avatar\/03eac8e609f5f04383125d80eaeaaf3e?s=96&d=mm&r=g","contentUrl":"https:\/\/secure.gravatar.com\/avatar\/03eac8e609f5f04383125d80eaeaaf3e?s=96&d=mm&r=g","caption":"A. P., STA"},"url":"https:\/\/hudo.com\/si\/author\/lubu\/"}]}},"amp_enabled":true,"_links":{"self":[{"href":"https:\/\/hudo.com\/si\/wp-json\/wp\/v2\/posts\/460081"}],"collection":[{"href":"https:\/\/hudo.com\/si\/wp-json\/wp\/v2\/posts"}],"about":[{"href":"https:\/\/hudo.com\/si\/wp-json\/wp\/v2\/types\/post"}],"author":[{"embeddable":true,"href":"https:\/\/hudo.com\/si\/wp-json\/wp\/v2\/users\/7"}],"replies":[{"embeddable":true,"href":"https:\/\/hudo.com\/si\/wp-json\/wp\/v2\/comments?post=460081"}],"version-history":[{"count":1,"href":"https:\/\/hudo.com\/si\/wp-json\/wp\/v2\/posts\/460081\/revisions"}],"predecessor-version":[{"id":460083,"href":"https:\/\/hudo.com\/si\/wp-json\/wp\/v2\/posts\/460081\/revisions\/460083"}],"wp:featuredmedia":[{"embeddable":true,"href":"https:\/\/hudo.com\/si\/wp-json\/wp\/v2\/media\/460082"}],"wp:attachment":[{"href":"https:\/\/hudo.com\/si\/wp-json\/wp\/v2\/media?parent=460081"}],"wp:term":[{"taxonomy":"category","embeddable":true,"href":"https:\/\/hudo.com\/si\/wp-json\/wp\/v2\/categories?post=460081"},{"taxonomy":"post_tag","embeddable":true,"href":"https:\/\/hudo.com\/si\/wp-json\/wp\/v2\/tags?post=460081"},{"taxonomy":"source","embeddable":true,"href":"https:\/\/hudo.com\/si\/wp-json\/wp\/v2\/source?post=460081"},{"taxonomy":"supertag","embeddable":true,"href":"https:\/\/hudo.com\/si\/wp-json\/wp\/v2\/supertag?post=460081"}],"curies":[{"name":"wp","href":"https:\/\/api.w.org\/{rel}","templated":true}]}}