{"id":460250,"date":"2021-10-29T19:55:40","date_gmt":"2021-10-29T17:55:40","guid":{"rendered":"https:\/\/hudo.com\/si\/?p=460250"},"modified":"2021-10-29T19:55:40","modified_gmt":"2021-10-29T17:55:40","slug":"biden-na-srecanju-z-macronom-obzaloval-nerodnost-svoje-drzave-ki-je-podzgala-jezo-pariza","status":"publish","type":"post","link":"https:\/\/hudo.com\/si\/aktualno\/biden-na-srecanju-z-macronom-obzaloval-nerodnost-svoje-drzave-ki-je-podzgala-jezo-pariza\/","title":{"rendered":"Biden na sre\u010danju z Macronom ob\u017ealoval &#8220;nerodnost&#8221; svoje dr\u017eave, ki je pod\u017egala jezo Pariza"},"content":{"rendered":"<p>Biden in Macron sta danes predvsem posku\u0161ala zgladiti odnose po septembrskem sporu zaradi avstralske odpovedi napovedanega nakupa francoskih podmornic. Avstralija je od milijardnega posla odstopila, potem ko je skupaj z ZDA in Veliko Britanijo oblikovala novo zavezni\u0161tvo Aukus. Obenem se je namesto francoskih konvencionalnih odlo\u010dila kupiti ameri\u0161ke jedrske podmornice.<\/p>\n<p>Kot poro\u010da francoska tiskovna agencija AFP, je Biden francoskemu kolegu priznal, da so ZDA ravnale &#8220;nerodno&#8221; in ne prav spo\u0161tljivo, ko so si podmorni\u0161ki posel z Avstralijo zagotovile za hrbtom Francije. &#8220;Imel sem vtis, da je bila Francija s tem, da se ta posel ne bo izpeljal, seznanjena \u017ee zdavnaj,&#8221; je \u0161e pojasnil novinarjem po sre\u010danju s francoskim kolegom.<\/p>\n<p>Obenem je znova zatrdil, da ZDA nimajo bolj\u0161ega zaveznika, kot je Francija. Ozna\u010dil jo je kot &#8220;izredno cenjeno partnerico&#8221; ter mo\u010dno dr\u017eavo, ki sledi istim vrednotam kot ZDA.<\/p>\n<p>Macron je medtem danes pozdravil &#8220;konkretne odlo\u010ditve&#8221;, ki so bile sprejete po sporu zaradi nakupa podmornic in so spro\u017eile proces obnove zaupanja med Francijo in ZDA. Kot primer teh odlo\u010ditev je izpostavil posvetovanja obeh dr\u017eav v minulih tednih in odlo\u010ditve o skupnem ukrepanju na podro\u010djih, kot so podnebje, obramba in inovacije, poro\u010da AFP.<\/p>\n","protected":false},"excerpt":{"rendered":"<p>V italijanski prestolnici Rim, kjer se bo v soboto za\u010del vrh skupine G20, sta se nocoj prvi\u010d po sporu zaradi avstralske odpovedi napovedanega milijardnega nakupa francoskih podmornic sestala predsednika ZDA in Francije, Joe Biden in Emmanuel Macron. Biden je ob tem ob\u017ealoval &#8220;nerodnost&#8221; svoje dr\u017eave, ki je pod\u017egala jezo Pariza.<\/p>\n","protected":false},"author":8,"featured_media":460251,"comment_status":"closed","ping_status":"closed","sticky":false,"template":"","format":"standard","meta":{"footnotes":""},"categories":[1179],"tags":[8549,2018,5244,1682],"source":[4511],"supertag":[6103],"acf":[],"yoast_head":"<!-- This site is optimized with the Yoast SEO plugin v21.3 - https:\/\/yoast.com\/wordpress\/plugins\/seo\/ -->\n<title>Biden na sre\u010danju z Macronom ob\u017ealoval &quot;nerodnost&quot; svoje dr\u017eave, ki je pod\u017egala jezo Pariza - Hudo Slovenija<\/title>\n<meta name=\"robots\" content=\"index, follow, max-snippet:-1, max-image-preview:large, max-video-preview:-1\" \/>\n<link rel=\"canonical\" href=\"https:\/\/hudo.com\/si\/aktualno\/biden-na-srecanju-z-macronom-obzaloval-nerodnost-svoje-drzave-ki-je-podzgala-jezo-pariza\/\" \/>\n<meta property=\"og:locale\" content=\"sl_SI\" \/>\n<meta property=\"og:type\" content=\"article\" \/>\n<meta property=\"og:title\" content=\"Biden na sre\u010danju z Macronom ob\u017ealoval &quot;nerodnost&quot; svoje dr\u017eave, ki je pod\u017egala jezo Pariza - Hudo Slovenija\" \/>\n<meta property=\"og:description\" content=\"V italijanski prestolnici Rim, kjer se bo v soboto za\u010del vrh skupine G20, sta se nocoj prvi\u010d po sporu zaradi avstralske odpovedi napovedanega milijardnega nakupa francoskih podmornic sestala predsednika ZDA in Francije, Joe Biden in Emmanuel Macron. Biden je ob tem ob\u017ealoval &quot;nerodnost&quot; svoje dr\u017eave, ki je pod\u017egala jezo Pariza.\" \/>\n<meta property=\"og:url\" content=\"https:\/\/hudo.com\/si\/aktualno\/biden-na-srecanju-z-macronom-obzaloval-nerodnost-svoje-drzave-ki-je-podzgala-jezo-pariza\/\" \/>\n<meta property=\"og:site_name\" content=\"Hudo Slovenija\" \/>\n<meta property=\"article:publisher\" content=\"https:\/\/www.facebook.com\/hudo.si\" \/>\n<meta property=\"article:published_time\" content=\"2021-10-29T17:55:40+00:00\" \/>\n<meta property=\"og:image\" content=\"https:\/\/hudo.com\/si\/wp-content\/uploads\/sites\/2\/2021\/10\/profimedia-0640509209.jpg\" \/>\n\t<meta property=\"og:image:width\" content=\"1250\" \/>\n\t<meta property=\"og:image:height\" content=\"831\" \/>\n\t<meta property=\"og:image:type\" content=\"image\/jpeg\" \/>\n<meta name=\"author\" content=\"M. N., STA\" \/>\n<meta name=\"twitter:card\" content=\"summary_large_image\" \/>\n<meta name=\"twitter:creator\" content=\"@hudo_si\" \/>\n<meta name=\"twitter:site\" content=\"@hudo_si\" \/>\n<meta name=\"twitter:label1\" content=\"Written by\" \/>\n\t<meta name=\"twitter:data1\" content=\"M. N., STA\" \/>\n\t<meta name=\"twitter:label2\" content=\"Est. reading time\" \/>\n\t<meta name=\"twitter:data2\" content=\"1 minuta\" \/>\n<script type=\"application\/ld+json\" class=\"yoast-schema-graph\">{\"@context\":\"https:\/\/schema.org\",\"@graph\":[{\"@type\":\"Article\",\"@id\":\"https:\/\/hudo.com\/si\/aktualno\/biden-na-srecanju-z-macronom-obzaloval-nerodnost-svoje-drzave-ki-je-podzgala-jezo-pariza\/#article\",\"isPartOf\":{\"@id\":\"https:\/\/hudo.com\/si\/aktualno\/biden-na-srecanju-z-macronom-obzaloval-nerodnost-svoje-drzave-ki-je-podzgala-jezo-pariza\/\"},\"author\":{\"name\":\"M. N., STA\",\"@id\":\"https:\/\/hudo.com\/si\/#\/schema\/person\/c2f10ce65d2e6ede2aeda5be2a0611fa\"},\"headline\":\"Biden na sre\u010danju z Macronom ob\u017ealoval &#8220;nerodnost&#8221; svoje dr\u017eave, ki je pod\u017egala jezo Pariza\",\"datePublished\":\"2021-10-29T17:55:40+00:00\",\"dateModified\":\"2021-10-29T17:55:40+00:00\",\"mainEntityOfPage\":{\"@id\":\"https:\/\/hudo.com\/si\/aktualno\/biden-na-srecanju-z-macronom-obzaloval-nerodnost-svoje-drzave-ki-je-podzgala-jezo-pariza\/\"},\"wordCount\":226,\"publisher\":{\"@id\":\"https:\/\/hudo.com\/si\/#organization\"},\"keywords\":[\"Emmanuel Macron\",\"francija\",\"Joe Biden\",\"ZDA\"],\"articleSection\":[\"Aktualno\"],\"inLanguage\":\"sl-SI\"},{\"@type\":\"WebPage\",\"@id\":\"https:\/\/hudo.com\/si\/aktualno\/biden-na-srecanju-z-macronom-obzaloval-nerodnost-svoje-drzave-ki-je-podzgala-jezo-pariza\/\",\"url\":\"https:\/\/hudo.com\/si\/aktualno\/biden-na-srecanju-z-macronom-obzaloval-nerodnost-svoje-drzave-ki-je-podzgala-jezo-pariza\/\",\"name\":\"Biden na sre\u010danju z Macronom ob\u017ealoval \\\"nerodnost\\\" svoje dr\u017eave, ki je pod\u017egala jezo Pariza - Hudo Slovenija\",\"isPartOf\":{\"@id\":\"https:\/\/hudo.com\/si\/#website\"},\"datePublished\":\"2021-10-29T17:55:40+00:00\",\"dateModified\":\"2021-10-29T17:55:40+00:00\",\"breadcrumb\":{\"@id\":\"https:\/\/hudo.com\/si\/aktualno\/biden-na-srecanju-z-macronom-obzaloval-nerodnost-svoje-drzave-ki-je-podzgala-jezo-pariza\/#breadcrumb\"},\"inLanguage\":\"sl-SI\",\"potentialAction\":[{\"@type\":\"ReadAction\",\"target\":[\"https:\/\/hudo.com\/si\/aktualno\/biden-na-srecanju-z-macronom-obzaloval-nerodnost-svoje-drzave-ki-je-podzgala-jezo-pariza\/\"]}]},{\"@type\":\"BreadcrumbList\",\"@id\":\"https:\/\/hudo.com\/si\/aktualno\/biden-na-srecanju-z-macronom-obzaloval-nerodnost-svoje-drzave-ki-je-podzgala-jezo-pariza\/#breadcrumb\",\"itemListElement\":[{\"@type\":\"ListItem\",\"position\":1,\"name\":\"Home\",\"item\":\"https:\/\/hudo.com\/si\/\"},{\"@type\":\"ListItem\",\"position\":2,\"name\":\"Biden na sre\u010danju z Macronom ob\u017ealoval &#8220;nerodnost&#8221; svoje dr\u017eave, ki je pod\u017egala jezo Pariza\"}]},{\"@type\":\"WebSite\",\"@id\":\"https:\/\/hudo.com\/si\/#website\",\"url\":\"https:\/\/hudo.com\/si\/\",\"name\":\"Hudo Slovenija\",\"description\":\"Vse novice iz Slovenije in sveta\",\"publisher\":{\"@id\":\"https:\/\/hudo.com\/si\/#organization\"},\"potentialAction\":[{\"@type\":\"SearchAction\",\"target\":{\"@type\":\"EntryPoint\",\"urlTemplate\":\"https:\/\/hudo.com\/si\/?s={search_term_string}\"},\"query-input\":\"required name=search_term_string\"}],\"inLanguage\":\"sl-SI\"},{\"@type\":\"Organization\",\"@id\":\"https:\/\/hudo.com\/si\/#organization\",\"name\":\"VSN Media\",\"url\":\"https:\/\/hudo.com\/si\/\",\"logo\":{\"@type\":\"ImageObject\",\"inLanguage\":\"sl-SI\",\"@id\":\"https:\/\/hudo.com\/si\/#\/schema\/logo\/image\/\",\"url\":\"https:\/\/hudo.com\/si\/wp-content\/uploads\/sites\/2\/2021\/03\/hudo-app-2.png\",\"contentUrl\":\"https:\/\/hudo.com\/si\/wp-content\/uploads\/sites\/2\/2021\/03\/hudo-app-2.png\",\"width\":2185,\"height\":2167,\"caption\":\"VSN Media\"},\"image\":{\"@id\":\"https:\/\/hudo.com\/si\/#\/schema\/logo\/image\/\"},\"sameAs\":[\"https:\/\/www.facebook.com\/hudo.si\",\"https:\/\/twitter.com\/hudo_si\"]},{\"@type\":\"Person\",\"@id\":\"https:\/\/hudo.com\/si\/#\/schema\/person\/c2f10ce65d2e6ede2aeda5be2a0611fa\",\"name\":\"M. N., STA\",\"image\":{\"@type\":\"ImageObject\",\"inLanguage\":\"sl-SI\",\"@id\":\"https:\/\/hudo.com\/si\/#\/schema\/person\/image\/\",\"url\":\"https:\/\/secure.gravatar.com\/avatar\/f370d38daa10467f755c5c766a4cac20?s=96&d=mm&r=g\",\"contentUrl\":\"https:\/\/secure.gravatar.com\/avatar\/f370d38daa10467f755c5c766a4cac20?s=96&d=mm&r=g\",\"caption\":\"M. N., STA\"},\"url\":\"https:\/\/hudo.com\/si\/author\/mana\/\"}]}<\/script>\n<!-- \/ Yoast SEO plugin. -->","yoast_head_json":{"title":"Biden na sre\u010danju z Macronom ob\u017ealoval \"nerodnost\" svoje dr\u017eave, ki je pod\u017egala jezo Pariza - Hudo Slovenija","robots":{"index":"index","follow":"follow","max-snippet":"max-snippet:-1","max-image-preview":"max-image-preview:large","max-video-preview":"max-video-preview:-1"},"canonical":"https:\/\/hudo.com\/si\/aktualno\/biden-na-srecanju-z-macronom-obzaloval-nerodnost-svoje-drzave-ki-je-podzgala-jezo-pariza\/","og_locale":"sl_SI","og_type":"article","og_title":"Biden na sre\u010danju z Macronom ob\u017ealoval \"nerodnost\" svoje dr\u017eave, ki je pod\u017egala jezo Pariza - Hudo Slovenija","og_description":"V italijanski prestolnici Rim, kjer se bo v soboto za\u010del vrh skupine G20, sta se nocoj prvi\u010d po sporu zaradi avstralske odpovedi napovedanega milijardnega nakupa francoskih podmornic sestala predsednika ZDA in Francije, Joe Biden in Emmanuel Macron. Biden je ob tem ob\u017ealoval \"nerodnost\" svoje dr\u017eave, ki je pod\u017egala jezo Pariza.","og_url":"https:\/\/hudo.com\/si\/aktualno\/biden-na-srecanju-z-macronom-obzaloval-nerodnost-svoje-drzave-ki-je-podzgala-jezo-pariza\/","og_site_name":"Hudo Slovenija","article_publisher":"https:\/\/www.facebook.com\/hudo.si","article_published_time":"2021-10-29T17:55:40+00:00","og_image":[{"width":1250,"height":831,"url":"https:\/\/hudo.com\/si\/wp-content\/uploads\/sites\/2\/2021\/10\/profimedia-0640509209.jpg","type":"image\/jpeg"}],"author":"M. N., STA","twitter_card":"summary_large_image","twitter_creator":"@hudo_si","twitter_site":"@hudo_si","twitter_misc":{"Written by":"M. N., STA","Est. reading time":"1 minuta"},"schema":{"@context":"https:\/\/schema.org","@graph":[{"@type":"Article","@id":"https:\/\/hudo.com\/si\/aktualno\/biden-na-srecanju-z-macronom-obzaloval-nerodnost-svoje-drzave-ki-je-podzgala-jezo-pariza\/#article","isPartOf":{"@id":"https:\/\/hudo.com\/si\/aktualno\/biden-na-srecanju-z-macronom-obzaloval-nerodnost-svoje-drzave-ki-je-podzgala-jezo-pariza\/"},"author":{"name":"M. N., STA","@id":"https:\/\/hudo.com\/si\/#\/schema\/person\/c2f10ce65d2e6ede2aeda5be2a0611fa"},"headline":"Biden na sre\u010danju z Macronom ob\u017ealoval &#8220;nerodnost&#8221; svoje dr\u017eave, ki je pod\u017egala jezo Pariza","datePublished":"2021-10-29T17:55:40+00:00","dateModified":"2021-10-29T17:55:40+00:00","mainEntityOfPage":{"@id":"https:\/\/hudo.com\/si\/aktualno\/biden-na-srecanju-z-macronom-obzaloval-nerodnost-svoje-drzave-ki-je-podzgala-jezo-pariza\/"},"wordCount":226,"publisher":{"@id":"https:\/\/hudo.com\/si\/#organization"},"keywords":["Emmanuel Macron","francija","Joe Biden","ZDA"],"articleSection":["Aktualno"],"inLanguage":"sl-SI"},{"@type":"WebPage","@id":"https:\/\/hudo.com\/si\/aktualno\/biden-na-srecanju-z-macronom-obzaloval-nerodnost-svoje-drzave-ki-je-podzgala-jezo-pariza\/","url":"https:\/\/hudo.com\/si\/aktualno\/biden-na-srecanju-z-macronom-obzaloval-nerodnost-svoje-drzave-ki-je-podzgala-jezo-pariza\/","name":"Biden na sre\u010danju z Macronom ob\u017ealoval \"nerodnost\" svoje dr\u017eave, ki je pod\u017egala jezo Pariza - Hudo Slovenija","isPartOf":{"@id":"https:\/\/hudo.com\/si\/#website"},"datePublished":"2021-10-29T17:55:40+00:00","dateModified":"2021-10-29T17:55:40+00:00","breadcrumb":{"@id":"https:\/\/hudo.com\/si\/aktualno\/biden-na-srecanju-z-macronom-obzaloval-nerodnost-svoje-drzave-ki-je-podzgala-jezo-pariza\/#breadcrumb"},"inLanguage":"sl-SI","potentialAction":[{"@type":"ReadAction","target":["https:\/\/hudo.com\/si\/aktualno\/biden-na-srecanju-z-macronom-obzaloval-nerodnost-svoje-drzave-ki-je-podzgala-jezo-pariza\/"]}]},{"@type":"BreadcrumbList","@id":"https:\/\/hudo.com\/si\/aktualno\/biden-na-srecanju-z-macronom-obzaloval-nerodnost-svoje-drzave-ki-je-podzgala-jezo-pariza\/#breadcrumb","itemListElement":[{"@type":"ListItem","position":1,"name":"Home","item":"https:\/\/hudo.com\/si\/"},{"@type":"ListItem","position":2,"name":"Biden na sre\u010danju z Macronom ob\u017ealoval &#8220;nerodnost&#8221; svoje dr\u017eave, ki je pod\u017egala jezo Pariza"}]},{"@type":"WebSite","@id":"https:\/\/hudo.com\/si\/#website","url":"https:\/\/hudo.com\/si\/","name":"Hudo Slovenija","description":"Vse novice iz Slovenije in sveta","publisher":{"@id":"https:\/\/hudo.com\/si\/#organization"},"potentialAction":[{"@type":"SearchAction","target":{"@type":"EntryPoint","urlTemplate":"https:\/\/hudo.com\/si\/?s={search_term_string}"},"query-input":"required name=search_term_string"}],"inLanguage":"sl-SI"},{"@type":"Organization","@id":"https:\/\/hudo.com\/si\/#organization","name":"VSN Media","url":"https:\/\/hudo.com\/si\/","logo":{"@type":"ImageObject","inLanguage":"sl-SI","@id":"https:\/\/hudo.com\/si\/#\/schema\/logo\/image\/","url":"https:\/\/hudo.com\/si\/wp-content\/uploads\/sites\/2\/2021\/03\/hudo-app-2.png","contentUrl":"https:\/\/hudo.com\/si\/wp-content\/uploads\/sites\/2\/2021\/03\/hudo-app-2.png","width":2185,"height":2167,"caption":"VSN Media"},"image":{"@id":"https:\/\/hudo.com\/si\/#\/schema\/logo\/image\/"},"sameAs":["https:\/\/www.facebook.com\/hudo.si","https:\/\/twitter.com\/hudo_si"]},{"@type":"Person","@id":"https:\/\/hudo.com\/si\/#\/schema\/person\/c2f10ce65d2e6ede2aeda5be2a0611fa","name":"M. N., STA","image":{"@type":"ImageObject","inLanguage":"sl-SI","@id":"https:\/\/hudo.com\/si\/#\/schema\/person\/image\/","url":"https:\/\/secure.gravatar.com\/avatar\/f370d38daa10467f755c5c766a4cac20?s=96&d=mm&r=g","contentUrl":"https:\/\/secure.gravatar.com\/avatar\/f370d38daa10467f755c5c766a4cac20?s=96&d=mm&r=g","caption":"M. N., STA"},"url":"https:\/\/hudo.com\/si\/author\/mana\/"}]}},"amp_enabled":true,"_links":{"self":[{"href":"https:\/\/hudo.com\/si\/wp-json\/wp\/v2\/posts\/460250"}],"collection":[{"href":"https:\/\/hudo.com\/si\/wp-json\/wp\/v2\/posts"}],"about":[{"href":"https:\/\/hudo.com\/si\/wp-json\/wp\/v2\/types\/post"}],"author":[{"embeddable":true,"href":"https:\/\/hudo.com\/si\/wp-json\/wp\/v2\/users\/8"}],"replies":[{"embeddable":true,"href":"https:\/\/hudo.com\/si\/wp-json\/wp\/v2\/comments?post=460250"}],"version-history":[{"count":1,"href":"https:\/\/hudo.com\/si\/wp-json\/wp\/v2\/posts\/460250\/revisions"}],"predecessor-version":[{"id":460252,"href":"https:\/\/hudo.com\/si\/wp-json\/wp\/v2\/posts\/460250\/revisions\/460252"}],"wp:featuredmedia":[{"embeddable":true,"href":"https:\/\/hudo.com\/si\/wp-json\/wp\/v2\/media\/460251"}],"wp:attachment":[{"href":"https:\/\/hudo.com\/si\/wp-json\/wp\/v2\/media?parent=460250"}],"wp:term":[{"taxonomy":"category","embeddable":true,"href":"https:\/\/hudo.com\/si\/wp-json\/wp\/v2\/categories?post=460250"},{"taxonomy":"post_tag","embeddable":true,"href":"https:\/\/hudo.com\/si\/wp-json\/wp\/v2\/tags?post=460250"},{"taxonomy":"source","embeddable":true,"href":"https:\/\/hudo.com\/si\/wp-json\/wp\/v2\/source?post=460250"},{"taxonomy":"supertag","embeddable":true,"href":"https:\/\/hudo.com\/si\/wp-json\/wp\/v2\/supertag?post=460250"}],"curies":[{"name":"wp","href":"https:\/\/api.w.org\/{rel}","templated":true}]}}