{"id":460509,"date":"2021-11-05T07:23:14","date_gmt":"2021-11-05T06:23:14","guid":{"rendered":"https:\/\/hudo.com\/si\/?p=460509"},"modified":"2021-11-05T07:23:14","modified_gmt":"2021-11-05T06:23:14","slug":"poklukar-zdravstvo-na-robu-zmogljivosti-brez-zamejevanja-druzbenega-zivljenja-ne-bo-slo","status":"publish","type":"post","link":"https:\/\/hudo.com\/si\/aktualno\/slovenija\/poklukar-zdravstvo-na-robu-zmogljivosti-brez-zamejevanja-druzbenega-zivljenja-ne-bo-slo\/","title":{"rendered":"Poklukar: Zdravstvo na robu zmogljivosti, brez zamejevanja dru\u017ebenega \u017eivljenja ne bo \u0161lo"},"content":{"rendered":"<p>Kacin je danes ocenil, da je nesprejemljivo in nespodobno, da zdravstvo pri\u010dakuje popolno zaprtje dr\u017eave, na drugi strani pa svojega na\u010dina dela ne zna prilagoditi potrebam ljudi, ki ure in ure \u010dakajo, da bodo na vrsti za cepljenje.<\/p>\n<p>&#8220;Zdravstvo je na robu z zmogljivostmi, tako na primarju, sekundarju, kot terciarju,&#8221; odgovarja Poklukar, ki Kacinove besede ozna\u010duje kot &#8220;nespo\u0161tljive do vseh zaposlenih v zdravstvu, ki v teh dneh vlagajo enormne napore&#8221;.<\/p>\n<p>Kot je zapisal, ti v najve\u010dji zdravstveni krizi v zgodovini Slovenije nudijo oskrbo vsem, ki jo potrebujejo. Primarna raven deluje na ve\u010d delovi\u0161\u010dih hkrati, posledi\u010dno pa smo po Poklukarjevih besedah zato v teh dneh pri\u010da tudi neprijetnostim, za kar se pacientom, ki so naleteli na tovrstne zagate, opravi\u010duje. Hkrati se minister zahvaljuje vsem v zdravstvu, ki v teh dneh &#8220;na bojnem polju bijejo&#8221;, upa da zadnjo bitko s covidom.<\/p>\n<p>&#8220;V naslednjih dneh in tednih nikomur v zdravstvu ne bo lahko, ne zaposlenim in ne pacientom,&#8221; je zapisal minister. Prebivalke in prebivalce prosi za razumevanje in sodelovanje, saj, kot je napovedal, vstopamo v zdravstvu v najte\u017eje dni.<\/p>\n","protected":false},"excerpt":{"rendered":"<p>Minister za zdravje Janez Poklukar je v odzivu na dana\u0161nje izjave koordinatorja za logisti\u010dni del cepljenja proti covidu-19 Jelka Kacina opozoril, da je zdravstvo na robu zmogljivosti in da brez odpovedovanja in zamejevanja dru\u017ebenega \u017eivljenja v naslednjih dneh ne bo \u0161lo.<\/p>\n","protected":false},"author":5,"featured_media":445584,"comment_status":"closed","ping_status":"closed","sticky":false,"template":"","format":"standard","meta":{"footnotes":""},"categories":[18201],"tags":[14200,15632,1595,4780],"source":[4511],"supertag":[5675],"acf":[],"yoast_head":"<!-- This site is optimized with the Yoast SEO plugin v21.3 - https:\/\/yoast.com\/wordpress\/plugins\/seo\/ -->\n<title>Poklukar: Zdravstvo na robu zmogljivosti, brez zamejevanja dru\u017ebenega \u017eivljenja ne bo \u0161lo - Hudo Slovenija<\/title>\n<meta name=\"robots\" content=\"index, follow, max-snippet:-1, max-image-preview:large, max-video-preview:-1\" \/>\n<link rel=\"canonical\" href=\"https:\/\/hudo.com\/si\/aktualno\/slovenija\/poklukar-zdravstvo-na-robu-zmogljivosti-brez-zamejevanja-druzbenega-zivljenja-ne-bo-slo\/\" \/>\n<meta property=\"og:locale\" content=\"sl_SI\" \/>\n<meta property=\"og:type\" content=\"article\" \/>\n<meta property=\"og:title\" content=\"Poklukar: Zdravstvo na robu zmogljivosti, brez zamejevanja dru\u017ebenega \u017eivljenja ne bo \u0161lo - Hudo Slovenija\" \/>\n<meta property=\"og:description\" content=\"Minister za zdravje Janez Poklukar je v odzivu na dana\u0161nje izjave koordinatorja za logisti\u010dni del cepljenja proti covidu-19 Jelka Kacina opozoril, da je zdravstvo na robu zmogljivosti in da brez odpovedovanja in zamejevanja dru\u017ebenega \u017eivljenja v naslednjih dneh ne bo \u0161lo.\" \/>\n<meta property=\"og:url\" content=\"https:\/\/hudo.com\/si\/aktualno\/slovenija\/poklukar-zdravstvo-na-robu-zmogljivosti-brez-zamejevanja-druzbenega-zivljenja-ne-bo-slo\/\" \/>\n<meta property=\"og:site_name\" content=\"Hudo Slovenija\" \/>\n<meta property=\"article:publisher\" content=\"https:\/\/www.facebook.com\/hudo.si\" \/>\n<meta property=\"article:published_time\" content=\"2021-11-05T06:23:14+00:00\" \/>\n<meta property=\"og:image\" content=\"https:\/\/hudo.com\/si\/wp-content\/uploads\/sites\/2\/2021\/02\/20210217-01047827.jpg\" \/>\n\t<meta property=\"og:image:width\" content=\"640\" \/>\n\t<meta property=\"og:image:height\" content=\"426\" \/>\n\t<meta property=\"og:image:type\" content=\"image\/jpeg\" \/>\n<meta name=\"author\" content=\"A. G., STA\" \/>\n<meta name=\"twitter:card\" content=\"summary_large_image\" \/>\n<meta name=\"twitter:creator\" content=\"@hudo_si\" \/>\n<meta name=\"twitter:site\" content=\"@hudo_si\" \/>\n<meta name=\"twitter:label1\" content=\"Written by\" \/>\n\t<meta name=\"twitter:data1\" content=\"A. G., STA\" \/>\n\t<meta name=\"twitter:label2\" content=\"Est. reading time\" \/>\n\t<meta name=\"twitter:data2\" content=\"1 minuta\" \/>\n<script type=\"application\/ld+json\" class=\"yoast-schema-graph\">{\"@context\":\"https:\/\/schema.org\",\"@graph\":[{\"@type\":\"Article\",\"@id\":\"https:\/\/hudo.com\/si\/aktualno\/slovenija\/poklukar-zdravstvo-na-robu-zmogljivosti-brez-zamejevanja-druzbenega-zivljenja-ne-bo-slo\/#article\",\"isPartOf\":{\"@id\":\"https:\/\/hudo.com\/si\/aktualno\/slovenija\/poklukar-zdravstvo-na-robu-zmogljivosti-brez-zamejevanja-druzbenega-zivljenja-ne-bo-slo\/\"},\"author\":{\"name\":\"A. G., STA\",\"@id\":\"https:\/\/hudo.com\/si\/#\/schema\/person\/2391667a63ea075ba94f2f2dc6b77537\"},\"headline\":\"Poklukar: Zdravstvo na robu zmogljivosti, brez zamejevanja dru\u017ebenega \u017eivljenja ne bo \u0161lo\",\"datePublished\":\"2021-11-05T06:23:14+00:00\",\"dateModified\":\"2021-11-05T06:23:14+00:00\",\"mainEntityOfPage\":{\"@id\":\"https:\/\/hudo.com\/si\/aktualno\/slovenija\/poklukar-zdravstvo-na-robu-zmogljivosti-brez-zamejevanja-druzbenega-zivljenja-ne-bo-slo\/\"},\"wordCount\":200,\"publisher\":{\"@id\":\"https:\/\/hudo.com\/si\/#organization\"},\"keywords\":[\"Janez Poklukar\",\"koronavirus\",\"Slovenija\",\"ukrepi\"],\"articleSection\":[\"Slovenija\"],\"inLanguage\":\"sl-SI\"},{\"@type\":\"WebPage\",\"@id\":\"https:\/\/hudo.com\/si\/aktualno\/slovenija\/poklukar-zdravstvo-na-robu-zmogljivosti-brez-zamejevanja-druzbenega-zivljenja-ne-bo-slo\/\",\"url\":\"https:\/\/hudo.com\/si\/aktualno\/slovenija\/poklukar-zdravstvo-na-robu-zmogljivosti-brez-zamejevanja-druzbenega-zivljenja-ne-bo-slo\/\",\"name\":\"Poklukar: Zdravstvo na robu zmogljivosti, brez zamejevanja dru\u017ebenega \u017eivljenja ne bo \u0161lo - Hudo Slovenija\",\"isPartOf\":{\"@id\":\"https:\/\/hudo.com\/si\/#website\"},\"datePublished\":\"2021-11-05T06:23:14+00:00\",\"dateModified\":\"2021-11-05T06:23:14+00:00\",\"breadcrumb\":{\"@id\":\"https:\/\/hudo.com\/si\/aktualno\/slovenija\/poklukar-zdravstvo-na-robu-zmogljivosti-brez-zamejevanja-druzbenega-zivljenja-ne-bo-slo\/#breadcrumb\"},\"inLanguage\":\"sl-SI\",\"potentialAction\":[{\"@type\":\"ReadAction\",\"target\":[\"https:\/\/hudo.com\/si\/aktualno\/slovenija\/poklukar-zdravstvo-na-robu-zmogljivosti-brez-zamejevanja-druzbenega-zivljenja-ne-bo-slo\/\"]}]},{\"@type\":\"BreadcrumbList\",\"@id\":\"https:\/\/hudo.com\/si\/aktualno\/slovenija\/poklukar-zdravstvo-na-robu-zmogljivosti-brez-zamejevanja-druzbenega-zivljenja-ne-bo-slo\/#breadcrumb\",\"itemListElement\":[{\"@type\":\"ListItem\",\"position\":1,\"name\":\"Home\",\"item\":\"https:\/\/hudo.com\/si\/\"},{\"@type\":\"ListItem\",\"position\":2,\"name\":\"Poklukar: Zdravstvo na robu zmogljivosti, brez zamejevanja dru\u017ebenega \u017eivljenja ne bo \u0161lo\"}]},{\"@type\":\"WebSite\",\"@id\":\"https:\/\/hudo.com\/si\/#website\",\"url\":\"https:\/\/hudo.com\/si\/\",\"name\":\"Hudo Slovenija\",\"description\":\"Vse novice iz Slovenije in sveta\",\"publisher\":{\"@id\":\"https:\/\/hudo.com\/si\/#organization\"},\"potentialAction\":[{\"@type\":\"SearchAction\",\"target\":{\"@type\":\"EntryPoint\",\"urlTemplate\":\"https:\/\/hudo.com\/si\/?s={search_term_string}\"},\"query-input\":\"required name=search_term_string\"}],\"inLanguage\":\"sl-SI\"},{\"@type\":\"Organization\",\"@id\":\"https:\/\/hudo.com\/si\/#organization\",\"name\":\"VSN Media\",\"url\":\"https:\/\/hudo.com\/si\/\",\"logo\":{\"@type\":\"ImageObject\",\"inLanguage\":\"sl-SI\",\"@id\":\"https:\/\/hudo.com\/si\/#\/schema\/logo\/image\/\",\"url\":\"https:\/\/hudo.com\/si\/wp-content\/uploads\/sites\/2\/2021\/03\/hudo-app-2.png\",\"contentUrl\":\"https:\/\/hudo.com\/si\/wp-content\/uploads\/sites\/2\/2021\/03\/hudo-app-2.png\",\"width\":2185,\"height\":2167,\"caption\":\"VSN Media\"},\"image\":{\"@id\":\"https:\/\/hudo.com\/si\/#\/schema\/logo\/image\/\"},\"sameAs\":[\"https:\/\/www.facebook.com\/hudo.si\",\"https:\/\/twitter.com\/hudo_si\"]},{\"@type\":\"Person\",\"@id\":\"https:\/\/hudo.com\/si\/#\/schema\/person\/2391667a63ea075ba94f2f2dc6b77537\",\"name\":\"A. G., STA\",\"image\":{\"@type\":\"ImageObject\",\"inLanguage\":\"sl-SI\",\"@id\":\"https:\/\/hudo.com\/si\/#\/schema\/person\/image\/\",\"url\":\"https:\/\/secure.gravatar.com\/avatar\/e13d22ac3e442658d5025fbbe6238a79?s=96&d=mm&r=g\",\"contentUrl\":\"https:\/\/secure.gravatar.com\/avatar\/e13d22ac3e442658d5025fbbe6238a79?s=96&d=mm&r=g\",\"caption\":\"A. G., STA\"},\"url\":\"https:\/\/hudo.com\/si\/author\/alenka\/\"}]}<\/script>\n<!-- \/ Yoast SEO plugin. -->","yoast_head_json":{"title":"Poklukar: Zdravstvo na robu zmogljivosti, brez zamejevanja dru\u017ebenega \u017eivljenja ne bo \u0161lo - Hudo Slovenija","robots":{"index":"index","follow":"follow","max-snippet":"max-snippet:-1","max-image-preview":"max-image-preview:large","max-video-preview":"max-video-preview:-1"},"canonical":"https:\/\/hudo.com\/si\/aktualno\/slovenija\/poklukar-zdravstvo-na-robu-zmogljivosti-brez-zamejevanja-druzbenega-zivljenja-ne-bo-slo\/","og_locale":"sl_SI","og_type":"article","og_title":"Poklukar: Zdravstvo na robu zmogljivosti, brez zamejevanja dru\u017ebenega \u017eivljenja ne bo \u0161lo - Hudo Slovenija","og_description":"Minister za zdravje Janez Poklukar je v odzivu na dana\u0161nje izjave koordinatorja za logisti\u010dni del cepljenja proti covidu-19 Jelka Kacina opozoril, da je zdravstvo na robu zmogljivosti in da brez odpovedovanja in zamejevanja dru\u017ebenega \u017eivljenja v naslednjih dneh ne bo \u0161lo.","og_url":"https:\/\/hudo.com\/si\/aktualno\/slovenija\/poklukar-zdravstvo-na-robu-zmogljivosti-brez-zamejevanja-druzbenega-zivljenja-ne-bo-slo\/","og_site_name":"Hudo Slovenija","article_publisher":"https:\/\/www.facebook.com\/hudo.si","article_published_time":"2021-11-05T06:23:14+00:00","og_image":[{"width":640,"height":426,"url":"https:\/\/hudo.com\/si\/wp-content\/uploads\/sites\/2\/2021\/02\/20210217-01047827.jpg","type":"image\/jpeg"}],"author":"A. G., STA","twitter_card":"summary_large_image","twitter_creator":"@hudo_si","twitter_site":"@hudo_si","twitter_misc":{"Written by":"A. G., STA","Est. reading time":"1 minuta"},"schema":{"@context":"https:\/\/schema.org","@graph":[{"@type":"Article","@id":"https:\/\/hudo.com\/si\/aktualno\/slovenija\/poklukar-zdravstvo-na-robu-zmogljivosti-brez-zamejevanja-druzbenega-zivljenja-ne-bo-slo\/#article","isPartOf":{"@id":"https:\/\/hudo.com\/si\/aktualno\/slovenija\/poklukar-zdravstvo-na-robu-zmogljivosti-brez-zamejevanja-druzbenega-zivljenja-ne-bo-slo\/"},"author":{"name":"A. G., STA","@id":"https:\/\/hudo.com\/si\/#\/schema\/person\/2391667a63ea075ba94f2f2dc6b77537"},"headline":"Poklukar: Zdravstvo na robu zmogljivosti, brez zamejevanja dru\u017ebenega \u017eivljenja ne bo \u0161lo","datePublished":"2021-11-05T06:23:14+00:00","dateModified":"2021-11-05T06:23:14+00:00","mainEntityOfPage":{"@id":"https:\/\/hudo.com\/si\/aktualno\/slovenija\/poklukar-zdravstvo-na-robu-zmogljivosti-brez-zamejevanja-druzbenega-zivljenja-ne-bo-slo\/"},"wordCount":200,"publisher":{"@id":"https:\/\/hudo.com\/si\/#organization"},"keywords":["Janez Poklukar","koronavirus","Slovenija","ukrepi"],"articleSection":["Slovenija"],"inLanguage":"sl-SI"},{"@type":"WebPage","@id":"https:\/\/hudo.com\/si\/aktualno\/slovenija\/poklukar-zdravstvo-na-robu-zmogljivosti-brez-zamejevanja-druzbenega-zivljenja-ne-bo-slo\/","url":"https:\/\/hudo.com\/si\/aktualno\/slovenija\/poklukar-zdravstvo-na-robu-zmogljivosti-brez-zamejevanja-druzbenega-zivljenja-ne-bo-slo\/","name":"Poklukar: Zdravstvo na robu zmogljivosti, brez zamejevanja dru\u017ebenega \u017eivljenja ne bo \u0161lo - Hudo Slovenija","isPartOf":{"@id":"https:\/\/hudo.com\/si\/#website"},"datePublished":"2021-11-05T06:23:14+00:00","dateModified":"2021-11-05T06:23:14+00:00","breadcrumb":{"@id":"https:\/\/hudo.com\/si\/aktualno\/slovenija\/poklukar-zdravstvo-na-robu-zmogljivosti-brez-zamejevanja-druzbenega-zivljenja-ne-bo-slo\/#breadcrumb"},"inLanguage":"sl-SI","potentialAction":[{"@type":"ReadAction","target":["https:\/\/hudo.com\/si\/aktualno\/slovenija\/poklukar-zdravstvo-na-robu-zmogljivosti-brez-zamejevanja-druzbenega-zivljenja-ne-bo-slo\/"]}]},{"@type":"BreadcrumbList","@id":"https:\/\/hudo.com\/si\/aktualno\/slovenija\/poklukar-zdravstvo-na-robu-zmogljivosti-brez-zamejevanja-druzbenega-zivljenja-ne-bo-slo\/#breadcrumb","itemListElement":[{"@type":"ListItem","position":1,"name":"Home","item":"https:\/\/hudo.com\/si\/"},{"@type":"ListItem","position":2,"name":"Poklukar: Zdravstvo na robu zmogljivosti, brez zamejevanja dru\u017ebenega \u017eivljenja ne bo \u0161lo"}]},{"@type":"WebSite","@id":"https:\/\/hudo.com\/si\/#website","url":"https:\/\/hudo.com\/si\/","name":"Hudo Slovenija","description":"Vse novice iz Slovenije in sveta","publisher":{"@id":"https:\/\/hudo.com\/si\/#organization"},"potentialAction":[{"@type":"SearchAction","target":{"@type":"EntryPoint","urlTemplate":"https:\/\/hudo.com\/si\/?s={search_term_string}"},"query-input":"required name=search_term_string"}],"inLanguage":"sl-SI"},{"@type":"Organization","@id":"https:\/\/hudo.com\/si\/#organization","name":"VSN Media","url":"https:\/\/hudo.com\/si\/","logo":{"@type":"ImageObject","inLanguage":"sl-SI","@id":"https:\/\/hudo.com\/si\/#\/schema\/logo\/image\/","url":"https:\/\/hudo.com\/si\/wp-content\/uploads\/sites\/2\/2021\/03\/hudo-app-2.png","contentUrl":"https:\/\/hudo.com\/si\/wp-content\/uploads\/sites\/2\/2021\/03\/hudo-app-2.png","width":2185,"height":2167,"caption":"VSN Media"},"image":{"@id":"https:\/\/hudo.com\/si\/#\/schema\/logo\/image\/"},"sameAs":["https:\/\/www.facebook.com\/hudo.si","https:\/\/twitter.com\/hudo_si"]},{"@type":"Person","@id":"https:\/\/hudo.com\/si\/#\/schema\/person\/2391667a63ea075ba94f2f2dc6b77537","name":"A. G., STA","image":{"@type":"ImageObject","inLanguage":"sl-SI","@id":"https:\/\/hudo.com\/si\/#\/schema\/person\/image\/","url":"https:\/\/secure.gravatar.com\/avatar\/e13d22ac3e442658d5025fbbe6238a79?s=96&d=mm&r=g","contentUrl":"https:\/\/secure.gravatar.com\/avatar\/e13d22ac3e442658d5025fbbe6238a79?s=96&d=mm&r=g","caption":"A. G., STA"},"url":"https:\/\/hudo.com\/si\/author\/alenka\/"}]}},"amp_enabled":true,"_links":{"self":[{"href":"https:\/\/hudo.com\/si\/wp-json\/wp\/v2\/posts\/460509"}],"collection":[{"href":"https:\/\/hudo.com\/si\/wp-json\/wp\/v2\/posts"}],"about":[{"href":"https:\/\/hudo.com\/si\/wp-json\/wp\/v2\/types\/post"}],"author":[{"embeddable":true,"href":"https:\/\/hudo.com\/si\/wp-json\/wp\/v2\/users\/5"}],"replies":[{"embeddable":true,"href":"https:\/\/hudo.com\/si\/wp-json\/wp\/v2\/comments?post=460509"}],"version-history":[{"count":1,"href":"https:\/\/hudo.com\/si\/wp-json\/wp\/v2\/posts\/460509\/revisions"}],"predecessor-version":[{"id":460510,"href":"https:\/\/hudo.com\/si\/wp-json\/wp\/v2\/posts\/460509\/revisions\/460510"}],"wp:featuredmedia":[{"embeddable":true,"href":"https:\/\/hudo.com\/si\/wp-json\/wp\/v2\/media\/445584"}],"wp:attachment":[{"href":"https:\/\/hudo.com\/si\/wp-json\/wp\/v2\/media?parent=460509"}],"wp:term":[{"taxonomy":"category","embeddable":true,"href":"https:\/\/hudo.com\/si\/wp-json\/wp\/v2\/categories?post=460509"},{"taxonomy":"post_tag","embeddable":true,"href":"https:\/\/hudo.com\/si\/wp-json\/wp\/v2\/tags?post=460509"},{"taxonomy":"source","embeddable":true,"href":"https:\/\/hudo.com\/si\/wp-json\/wp\/v2\/source?post=460509"},{"taxonomy":"supertag","embeddable":true,"href":"https:\/\/hudo.com\/si\/wp-json\/wp\/v2\/supertag?post=460509"}],"curies":[{"name":"wp","href":"https:\/\/api.w.org\/{rel}","templated":true}]}}