{"id":460761,"date":"2021-11-09T10:24:25","date_gmt":"2021-11-09T09:24:25","guid":{"rendered":"https:\/\/hudo.com\/si\/?p=460761"},"modified":"2021-11-09T10:55:40","modified_gmt":"2021-11-09T09:55:40","slug":"od-nje-ni-ostalo-nic-nekoc-usodno-lepa-tara-reid-danes-sokira-s-svojim-videzom","status":"publish","type":"post","link":"https:\/\/hudo.com\/si\/vip\/od-nje-ni-ostalo-nic-nekoc-usodno-lepa-tara-reid-danes-sokira-s-svojim-videzom\/","title":{"rendered":"Od nje ni ostalo ni\u010d: Neko\u010d usodno lepa Tara Reid danes \u0161okira s svojim videzom"},"content":{"rendered":"<p>Tara Donna Reid, ki je 8. novembra praznovala 46. rojstni dan, je zaslovela leta 1999 v prvem nadaljevanju filmske fran\u0161ize &#8216;Ameri\u0161ka pita&#8217;.<\/p>\n<p>Igralka je odra\u0161\u010dala v Wyckoffu kot najstarej\u0161a od \u0161tirih otrok u\u010diteljev, o\u010deta Thomasa in mame Donne, je irskih korenin, lahko pa se pohvali tudi z me\u0161anico \u0161kotskega, italijanskega, francoskega, mad\u017earskega in angle\u0161kega porekla. Obiskovala je zasebno poklicno \u0161olo na Manhattnu, katero obiskujejo ve\u010dinoma plesalci in igralci, njeni so\u0161olci pa so bili Christina Ricci, Jerry O\u2019Connell, Sarah Michelle Gellar in Macaulay Culkin.<\/p>\n<p>Tara je za\u010dela igrati kot \u0161estletnica in postala del redne zasedbe otro\u0161kega kviza &#8216;Child&#8217;s Play&#8217; ter nastopila v ve\u010d kot 100 reklamah za razli\u010dna znana podjetja. Kot najstnica je igrala v seriji &#8216;Saved by the Bell: The New Class&#8217;.<\/p>\n<p>Reidova se je leta 1997 preselila v Hollywood in dobila vlogo v filmu &#8216;The Big Lebowski&#8217;, ki je iz\u0161el leta 1998. Kasneje je nizala vloge in se leta 1999 pojavila v uspe\u0161ni drami &#8216;Cruel Intentions&#8217;, istega leta pa je postala del igralske zasedbe komedije &#8216;Ameri\u0161ka pita&#8217;, kjer je upodobila Vicky.<\/p>\n<p>Na vrhuncu svoje kariere je krasila naslovnice revij CosmoGirl, Rolling Stone, Seventeen, Maxim, Playboy, Stuff in FHM. Imela je precej dinami\u010dno ljubezensko \u017eivljenje. Marca 2000 je spoznala voditelja Carsona Dalyja (48) in skupaj sta se preselila v stanovanje v New Yorku, 10 mesecev po za\u010detku razmerja pa jo je zaprosil. Raz\u0161la sta se junija 2001.<\/p>\n<p>Svoje zasebno \u017eivljenje je dolgo skrivala, nato pa jo je januarja 2010 njen fant, poslovne\u017e Michael Axtmann, zaprosil v restavraciji v Los Angelesu. Intimno slovesnost sta na\u010drtovala poleti istega leta, a sta se aprila raz\u0161la. Igralka je novico potrdila prek tiskovnega predstavnika.<\/p>\n<p>Novembra 2010 se je raz\u0161irila novica, da je Tara zaljubljena v danskega poslovne\u017ea Michaela Lillelunda. Njen tiskovni predstavnik je 14. avgusta 2011 razkril, da se je par poro\u010dil dan prej v Gr\u010diji. Lillelund pa je to zanikal in dejal, da z Reidovo ni bil v stiku od februarja 2011.<\/p>\n<blockquote class=\"instagram-media\" style=\"background: #FFF; border: 0; border-radius: 3px; box-shadow: 0 0 1px 0 rgba(0,0,0,0.5),0 1px 10px 0 rgba(0,0,0,0.15); margin: 1px; max-width: 540px; min-width: 326px; padding: 0; width: calc(100% - 2px);\" data-instgrm-permalink=\"https:\/\/www.instagram.com\/p\/CRhdyS8M1es\/?utm_source=ig_embed&amp;utm_campaign=loading\" data-instgrm-version=\"14\">\n<div style=\"padding: 16px;\">\n<p>&nbsp;<\/p>\n<div style=\"display: flex; flex-direction: row; align-items: center;\">\n<div style=\"background-color: #f4f4f4; border-radius: 50%; flex-grow: 0; height: 40px; margin-right: 14px; width: 40px;\"><\/div>\n<div style=\"display: flex; flex-direction: column; flex-grow: 1; justify-content: center;\">\n<div style=\"background-color: #f4f4f4; border-radius: 4px; flex-grow: 0; height: 14px; margin-bottom: 6px; width: 100px;\"><\/div>\n<div style=\"background-color: #f4f4f4; border-radius: 4px; flex-grow: 0; height: 14px; width: 60px;\"><\/div>\n<\/div>\n<\/div>\n<div style=\"padding: 19% 0;\"><\/div>\n<div style=\"display: block; height: 50px; margin: 0 auto 12px; width: 50px;\"><\/div>\n<div style=\"padding-top: 8px;\">\n<div style=\"color: #3897f0; font-family: Arial,sans-serif; font-size: 14px; font-style: normal; font-weight: 550; line-height: 18px;\">View this post on Instagram<\/div>\n<\/div>\n<div style=\"padding: 12.5% 0;\"><\/div>\n<div style=\"display: flex; flex-direction: row; margin-bottom: 14px; align-items: center;\">\n<div>\n<div style=\"background-color: #f4f4f4; border-radius: 50%; height: 12.5px; width: 12.5px; transform: translateX(0px) translateY(7px);\"><\/div>\n<div style=\"background-color: #f4f4f4; height: 12.5px; transform: rotate(-45deg) translateX(3px) translateY(1px); width: 12.5px; flex-grow: 0; margin-right: 14px; margin-left: 2px;\"><\/div>\n<div style=\"background-color: #f4f4f4; border-radius: 50%; height: 12.5px; width: 12.5px; transform: translateX(9px) translateY(-18px);\"><\/div>\n<\/div>\n<div style=\"margin-left: 8px;\">\n<div style=\"background-color: #f4f4f4; border-radius: 50%; flex-grow: 0; height: 20px; width: 20px;\"><\/div>\n<div style=\"width: 0; height: 0; border-top: 2px solid transparent; border-left: 6px solid #f4f4f4; border-bottom: 2px solid transparent; transform: translateX(16px) translateY(-4px) rotate(30deg);\"><\/div>\n<\/div>\n<div style=\"margin-left: auto;\">\n<div style=\"width: 0px; border-top: 8px solid #F4F4F4; border-right: 8px solid transparent; transform: translateY(16px);\"><\/div>\n<div style=\"background-color: #f4f4f4; flex-grow: 0; height: 12px; width: 16px; transform: translateY(-4px);\"><\/div>\n<div style=\"width: 0; height: 0; border-top: 8px solid #F4F4F4; border-left: 8px solid transparent; transform: translateY(-4px) translateX(8px);\"><\/div>\n<\/div>\n<\/div>\n<div style=\"display: flex; flex-direction: column; flex-grow: 1; justify-content: center; margin-bottom: 24px;\">\n<div style=\"background-color: #f4f4f4; border-radius: 4px; flex-grow: 0; height: 14px; margin-bottom: 6px; width: 224px;\"><\/div>\n<div style=\"background-color: #f4f4f4; border-radius: 4px; flex-grow: 0; height: 14px; width: 144px;\"><\/div>\n<\/div>\n<p>&nbsp;<\/p>\n<p style=\"color: #c9c8cd; font-family: Arial,sans-serif; font-size: 14px; line-height: 17px; margin-bottom: 0; margin-top: 8px; overflow: hidden; padding: 8px 0 7px; text-align: center; text-overflow: ellipsis; white-space: nowrap;\"><a style=\"color: #c9c8cd; font-family: Arial,sans-serif; font-size: 14px; font-style: normal; font-weight: normal; line-height: 17px; text-decoration: none;\" href=\"https:\/\/www.instagram.com\/p\/CRhdyS8M1es\/?utm_source=ig_embed&amp;utm_campaign=loading\" target=\"_blank\" rel=\"noopener noreferrer\">A post shared by Tara Reid (@tarareid)<\/a><\/p>\n<\/div>\n<\/blockquote>\n<p><div class=\"embed-notice\">Za ogled vstavljene vsebine morate omogo\u010diti <a href=\"#\" onclick=\"Optanon.ToggleInfoDisplay()\">shranjevanje pi\u0161kotkov v napravi<\/a><\/div><script async type=\"text\/plain\" class=\"optanon-category-C0002-C0003-C0004\" optanon-src=\"\/\/www.instagram.com\/embed.js\"><\/script><\/p>\n<p>Kmalu je bilo tudi razkrito, da se je igralka poro\u010dila z bolgarskim finan\u010dnikom Zacharyjem Kehayovom, nekaj mesecev pozneje pa je bilo objavljeno, da nista bila zakonito poro\u010dena. Med letoma 2013 in 2014 je bila Reidova v razmerju z izraelskim glasbenikom Erezom Eisenom iz skupine Infected Mushroom.<\/p>\n<p>Igralka je javnost zabavala leta 2016, ko sta bila z igralcem Deanom Mayem izgnana iz \u0161ova &#8216;Marriage Boot Camp: Reality Stars&#8217;, ko je bilo razkrito, da pravzaprav nista skupaj. Leto pozneje se je razkrilo, da je zaljubljena v Teda Dhanika.<\/p>\n<p>Poleg burnega ljubezenskega \u017eivljenja je Tara pritegnila pozornost tudi s svojim videzom, torej s svojo vitkostjo in izginjanjem oblin, ki jih je imela neko\u010d, ter druga\u010dnim obrazom. Bila je dele\u017ena \u0161tevilnih kritik in trdila je, da nima te\u017eav z anoreksijo. &#8220;Veliko jem, vendar imam hiter metabolizem. Mojim prijateljem je vse sme\u0161no, saj vidijo, koliko pojem,&#8221; je povedala igralka.<\/p>\n<figure id=\"attachment_460765\" aria-describedby=\"caption-attachment-460765\" style=\"width: 1024px\" class=\"wp-caption alignnone\"><a href=\"https:\/\/hudo.com\/si\/wp-content\/uploads\/sites\/2\/2021\/11\/profimedia-0610515671.jpg\"><img loading=\"lazy\" decoding=\"async\" class=\"size-large wp-image-460765\" src=\"https:\/\/hudo.com\/si\/wp-content\/uploads\/sites\/2\/2021\/11\/profimedia-0610515671-1024x682.jpg\" alt=\"\" width=\"1024\" height=\"682\" srcset=\"https:\/\/hudo.com\/si\/wp-content\/uploads\/sites\/2\/2021\/11\/profimedia-0610515671-1024x682.jpg 1024w, https:\/\/hudo.com\/si\/wp-content\/uploads\/sites\/2\/2021\/11\/profimedia-0610515671-300x200.jpg 300w, https:\/\/hudo.com\/si\/wp-content\/uploads\/sites\/2\/2021\/11\/profimedia-0610515671-768x512.jpg 768w, https:\/\/hudo.com\/si\/wp-content\/uploads\/sites\/2\/2021\/11\/profimedia-0610515671.jpg 1250w\" sizes=\"(max-width: 1024px) 100vw, 1024px\" \/><\/a><figcaption id=\"caption-attachment-460765\" class=\"wp-caption-text\">Foto: Profimedia<\/figcaption><\/figure>\n<p>Neko\u010d je razkrila, da je \u0161la na liposukcijo, ker je hotela imeti bolj izrazite trebu\u0161ne mi\u0161ice, zmanj\u0161ala pa si je tudi prsi, ker je \u017eelela, da sta obe povsem enaki. Toda to je povzro\u010dilo deformacijo, zaradi katere se je moral plasti\u010dni kirurg soo\u010diti z novim posegom.<\/p>\n<p>Komentirali so tudi Tarin obraz, strokovnjaki pa so povedali, da je tak videz posledica botoksa in popravkov ter nekdanje odvisnosti od alkohola. Igralka se je spopadala z grdimi komentarji v svojih objavah na Instagramu.<\/p>\n<blockquote class=\"instagram-media\" style=\"background: #FFF; border: 0; border-radius: 3px; box-shadow: 0 0 1px 0 rgba(0,0,0,0.5),0 1px 10px 0 rgba(0,0,0,0.15); margin: 1px; max-width: 540px; min-width: 326px; padding: 0; width: calc(100% - 2px);\" data-instgrm-permalink=\"https:\/\/www.instagram.com\/p\/CVjFtPVMDQe\/?utm_source=ig_embed&amp;utm_campaign=loading\" data-instgrm-version=\"14\">\n<div style=\"padding: 16px;\">\n<p>&nbsp;<\/p>\n<div style=\"display: flex; flex-direction: row; align-items: center;\">\n<div style=\"background-color: #f4f4f4; border-radius: 50%; flex-grow: 0; height: 40px; margin-right: 14px; width: 40px;\"><\/div>\n<div style=\"display: flex; flex-direction: column; flex-grow: 1; justify-content: center;\">\n<div style=\"background-color: #f4f4f4; border-radius: 4px; flex-grow: 0; height: 14px; margin-bottom: 6px; width: 100px;\"><\/div>\n<div style=\"background-color: #f4f4f4; border-radius: 4px; flex-grow: 0; height: 14px; width: 60px;\"><\/div>\n<\/div>\n<\/div>\n<div style=\"padding: 19% 0;\"><\/div>\n<div style=\"display: block; height: 50px; margin: 0 auto 12px; width: 50px;\"><\/div>\n<div style=\"padding-top: 8px;\">\n<div style=\"color: #3897f0; font-family: Arial,sans-serif; font-size: 14px; font-style: normal; font-weight: 550; line-height: 18px;\">View this post on Instagram<\/div>\n<\/div>\n<div style=\"padding: 12.5% 0;\"><\/div>\n<div style=\"display: flex; flex-direction: row; margin-bottom: 14px; align-items: center;\">\n<div>\n<div style=\"background-color: #f4f4f4; border-radius: 50%; height: 12.5px; width: 12.5px; transform: translateX(0px) translateY(7px);\"><\/div>\n<div style=\"background-color: #f4f4f4; height: 12.5px; transform: rotate(-45deg) translateX(3px) translateY(1px); width: 12.5px; flex-grow: 0; margin-right: 14px; margin-left: 2px;\"><\/div>\n<div style=\"background-color: #f4f4f4; border-radius: 50%; height: 12.5px; width: 12.5px; transform: translateX(9px) translateY(-18px);\"><\/div>\n<\/div>\n<div style=\"margin-left: 8px;\">\n<div style=\"background-color: #f4f4f4; border-radius: 50%; flex-grow: 0; height: 20px; width: 20px;\"><\/div>\n<div style=\"width: 0; height: 0; border-top: 2px solid transparent; border-left: 6px solid #f4f4f4; border-bottom: 2px solid transparent; transform: translateX(16px) translateY(-4px) rotate(30deg);\"><\/div>\n<\/div>\n<div style=\"margin-left: auto;\">\n<div style=\"width: 0px; border-top: 8px solid #F4F4F4; border-right: 8px solid transparent; transform: translateY(16px);\"><\/div>\n<div style=\"background-color: #f4f4f4; flex-grow: 0; height: 12px; width: 16px; transform: translateY(-4px);\"><\/div>\n<div style=\"width: 0; height: 0; border-top: 8px solid #F4F4F4; border-left: 8px solid transparent; transform: translateY(-4px) translateX(8px);\"><\/div>\n<\/div>\n<\/div>\n<div style=\"display: flex; flex-direction: column; flex-grow: 1; justify-content: center; margin-bottom: 24px;\">\n<div style=\"background-color: #f4f4f4; border-radius: 4px; flex-grow: 0; height: 14px; margin-bottom: 6px; width: 224px;\"><\/div>\n<div style=\"background-color: #f4f4f4; border-radius: 4px; flex-grow: 0; height: 14px; width: 144px;\"><\/div>\n<\/div>\n<p>&nbsp;<\/p>\n<p style=\"color: #c9c8cd; font-family: Arial,sans-serif; font-size: 14px; line-height: 17px; margin-bottom: 0; margin-top: 8px; overflow: hidden; padding: 8px 0 7px; text-align: center; text-overflow: ellipsis; white-space: nowrap;\"><a style=\"color: #c9c8cd; font-family: Arial,sans-serif; font-size: 14px; font-style: normal; font-weight: normal; line-height: 17px; text-decoration: none;\" href=\"https:\/\/www.instagram.com\/p\/CVjFtPVMDQe\/?utm_source=ig_embed&amp;utm_campaign=loading\" target=\"_blank\" rel=\"noopener noreferrer\">A post shared by Tara Reid (@tarareid)<\/a><\/p>\n<\/div>\n<\/blockquote>\n<p><div class=\"embed-notice\">Za ogled vstavljene vsebine morate omogo\u010diti <a href=\"#\" onclick=\"Optanon.ToggleInfoDisplay()\">shranjevanje pi\u0161kotkov v napravi<\/a><\/div><script async type=\"text\/plain\" class=\"optanon-category-C0002-C0003-C0004\" optanon-src=\"\/\/www.instagram.com\/embed.js\"><\/script><\/p>\n<p>&#8220;Kdor ima hiter metabolizem, razume, da je nemogo\u010de pridobiti na te\u017ei. Vse, kar po\u010dnem, je, da neprestano jem. Vsak, ki mi napi\u0161e kaj lepega in se zavzame zame, hvala! \u0160e naprej \u0161irite to ljubezen, to je edina stvar, ki bo re\u0161ila ta svet,&#8221; je konec oktobra zapisala ob svoji fotografiji v kopalkah.<\/p>\n<figure id=\"attachment_460764\" aria-describedby=\"caption-attachment-460764\" style=\"width: 864px\" class=\"wp-caption alignnone\"><a href=\"https:\/\/hudo.com\/si\/wp-content\/uploads\/sites\/2\/2021\/11\/profimedia-0359252919.jpg\"><img loading=\"lazy\" decoding=\"async\" class=\"size-full wp-image-460764\" src=\"https:\/\/hudo.com\/si\/wp-content\/uploads\/sites\/2\/2021\/11\/profimedia-0359252919.jpg\" alt=\"\" width=\"864\" height=\"1024\" srcset=\"https:\/\/hudo.com\/si\/wp-content\/uploads\/sites\/2\/2021\/11\/profimedia-0359252919.jpg 864w, https:\/\/hudo.com\/si\/wp-content\/uploads\/sites\/2\/2021\/11\/profimedia-0359252919-253x300.jpg 253w, https:\/\/hudo.com\/si\/wp-content\/uploads\/sites\/2\/2021\/11\/profimedia-0359252919-768x910.jpg 768w\" sizes=\"(max-width: 864px) 100vw, 864px\" \/><\/a><figcaption id=\"caption-attachment-460764\" class=\"wp-caption-text\">Foto: Profimedia<\/figcaption><\/figure>\n<p>Mimogrede, Tara je pre\u017eivljala te\u017eke \u010dase, ko je v obdobju dveh let izgubila mamo in o\u010deta. Njen o\u010de je namre\u010d umrl decembra 2016, mama pa oktobra 2018.<\/p>\n<figure id=\"attachment_460766\" aria-describedby=\"caption-attachment-460766\" style=\"width: 768px\" class=\"wp-caption alignnone\"><a href=\"https:\/\/hudo.com\/si\/wp-content\/uploads\/sites\/2\/2021\/11\/profimedia-0177703378.jpg\"><img loading=\"lazy\" decoding=\"async\" class=\"size-full wp-image-460766\" src=\"https:\/\/hudo.com\/si\/wp-content\/uploads\/sites\/2\/2021\/11\/profimedia-0177703378.jpg\" alt=\"\" width=\"768\" height=\"1024\" srcset=\"https:\/\/hudo.com\/si\/wp-content\/uploads\/sites\/2\/2021\/11\/profimedia-0177703378.jpg 768w, https:\/\/hudo.com\/si\/wp-content\/uploads\/sites\/2\/2021\/11\/profimedia-0177703378-225x300.jpg 225w\" sizes=\"(max-width: 768px) 100vw, 768px\" \/><\/a><figcaption id=\"caption-attachment-460766\" class=\"wp-caption-text\">Foto: Profimedia<\/figcaption><\/figure>\n","protected":false},"excerpt":{"rendered":"<p>Tara Reid je znana po hit komediji &#8216;Ameri\u0161ka pita&#8217;, po tem pa ni imela vidnej\u0161ih vlog, je pa zato toliko bolj \u0161e vedno v sredi\u0161\u010du pozornosti njen izgled.<\/p>\n","protected":false},"author":6,"featured_media":460767,"comment_status":"closed","ping_status":"closed","sticky":false,"template":"","format":"standard","meta":{"footnotes":""},"categories":[1093],"tags":[18830],"source":[4511],"supertag":[],"acf":[],"yoast_head":"<!-- This site is optimized with the Yoast SEO plugin v21.3 - https:\/\/yoast.com\/wordpress\/plugins\/seo\/ -->\n<title>Od nje ni ostalo ni\u010d: Neko\u010d usodno lepa Tara Reid danes \u0161okira s svojim videzom - Hudo Slovenija<\/title>\n<meta name=\"robots\" content=\"index, follow, max-snippet:-1, max-image-preview:large, max-video-preview:-1\" \/>\n<link rel=\"canonical\" href=\"https:\/\/hudo.com\/si\/vip\/od-nje-ni-ostalo-nic-nekoc-usodno-lepa-tara-reid-danes-sokira-s-svojim-videzom\/\" \/>\n<meta property=\"og:locale\" content=\"sl_SI\" \/>\n<meta property=\"og:type\" content=\"article\" \/>\n<meta property=\"og:title\" content=\"Od nje ni ostalo ni\u010d: Neko\u010d usodno lepa Tara Reid danes \u0161okira s svojim videzom - Hudo Slovenija\" \/>\n<meta property=\"og:description\" content=\"Tara Reid je znana po hit komediji &#039;Ameri\u0161ka pita&#039;, po tem pa ni imela vidnej\u0161ih vlog, je pa zato toliko bolj \u0161e vedno v sredi\u0161\u010du pozornosti njen izgled.\" \/>\n<meta property=\"og:url\" content=\"https:\/\/hudo.com\/si\/vip\/od-nje-ni-ostalo-nic-nekoc-usodno-lepa-tara-reid-danes-sokira-s-svojim-videzom\/\" \/>\n<meta property=\"og:site_name\" content=\"Hudo Slovenija\" \/>\n<meta property=\"article:publisher\" content=\"https:\/\/www.facebook.com\/hudo.si\" \/>\n<meta property=\"article:published_time\" content=\"2021-11-09T09:24:25+00:00\" \/>\n<meta property=\"article:modified_time\" content=\"2021-11-09T09:55:40+00:00\" \/>\n<meta property=\"og:image\" content=\"https:\/\/hudo.com\/si\/wp-content\/uploads\/sites\/2\/2021\/11\/profimedia-0321181924.jpg\" \/>\n\t<meta property=\"og:image:width\" content=\"1250\" \/>\n\t<meta property=\"og:image:height\" content=\"796\" \/>\n\t<meta property=\"og:image:type\" content=\"image\/jpeg\" \/>\n<meta name=\"author\" content=\"A. G.\" \/>\n<meta name=\"twitter:card\" content=\"summary_large_image\" \/>\n<meta name=\"twitter:creator\" content=\"@hudo_si\" \/>\n<meta name=\"twitter:site\" content=\"@hudo_si\" \/>\n<meta name=\"twitter:label1\" content=\"Written by\" \/>\n\t<meta name=\"twitter:data1\" content=\"A. G.\" \/>\n\t<meta name=\"twitter:label2\" content=\"Est. reading time\" \/>\n\t<meta name=\"twitter:data2\" content=\"4 minute\" \/>\n<script type=\"application\/ld+json\" class=\"yoast-schema-graph\">{\"@context\":\"https:\/\/schema.org\",\"@graph\":[{\"@type\":\"Article\",\"@id\":\"https:\/\/hudo.com\/si\/vip\/od-nje-ni-ostalo-nic-nekoc-usodno-lepa-tara-reid-danes-sokira-s-svojim-videzom\/#article\",\"isPartOf\":{\"@id\":\"https:\/\/hudo.com\/si\/vip\/od-nje-ni-ostalo-nic-nekoc-usodno-lepa-tara-reid-danes-sokira-s-svojim-videzom\/\"},\"author\":{\"name\":\"A. G.\",\"@id\":\"https:\/\/hudo.com\/si\/#\/schema\/person\/f95639a66e0dd2c682b0568634e85b8b\"},\"headline\":\"Od nje ni ostalo ni\u010d: Neko\u010d usodno lepa Tara Reid danes \u0161okira s svojim videzom\",\"datePublished\":\"2021-11-09T09:24:25+00:00\",\"dateModified\":\"2021-11-09T09:55:40+00:00\",\"mainEntityOfPage\":{\"@id\":\"https:\/\/hudo.com\/si\/vip\/od-nje-ni-ostalo-nic-nekoc-usodno-lepa-tara-reid-danes-sokira-s-svojim-videzom\/\"},\"wordCount\":719,\"publisher\":{\"@id\":\"https:\/\/hudo.com\/si\/#organization\"},\"keywords\":[\"Tara Reid\"],\"articleSection\":[\"VIP\"],\"inLanguage\":\"sl-SI\"},{\"@type\":\"WebPage\",\"@id\":\"https:\/\/hudo.com\/si\/vip\/od-nje-ni-ostalo-nic-nekoc-usodno-lepa-tara-reid-danes-sokira-s-svojim-videzom\/\",\"url\":\"https:\/\/hudo.com\/si\/vip\/od-nje-ni-ostalo-nic-nekoc-usodno-lepa-tara-reid-danes-sokira-s-svojim-videzom\/\",\"name\":\"Od nje ni ostalo ni\u010d: Neko\u010d usodno lepa Tara Reid danes \u0161okira s svojim videzom - Hudo Slovenija\",\"isPartOf\":{\"@id\":\"https:\/\/hudo.com\/si\/#website\"},\"datePublished\":\"2021-11-09T09:24:25+00:00\",\"dateModified\":\"2021-11-09T09:55:40+00:00\",\"breadcrumb\":{\"@id\":\"https:\/\/hudo.com\/si\/vip\/od-nje-ni-ostalo-nic-nekoc-usodno-lepa-tara-reid-danes-sokira-s-svojim-videzom\/#breadcrumb\"},\"inLanguage\":\"sl-SI\",\"potentialAction\":[{\"@type\":\"ReadAction\",\"target\":[\"https:\/\/hudo.com\/si\/vip\/od-nje-ni-ostalo-nic-nekoc-usodno-lepa-tara-reid-danes-sokira-s-svojim-videzom\/\"]}]},{\"@type\":\"BreadcrumbList\",\"@id\":\"https:\/\/hudo.com\/si\/vip\/od-nje-ni-ostalo-nic-nekoc-usodno-lepa-tara-reid-danes-sokira-s-svojim-videzom\/#breadcrumb\",\"itemListElement\":[{\"@type\":\"ListItem\",\"position\":1,\"name\":\"Home\",\"item\":\"https:\/\/hudo.com\/si\/\"},{\"@type\":\"ListItem\",\"position\":2,\"name\":\"Od nje ni ostalo ni\u010d: Neko\u010d usodno lepa Tara Reid danes \u0161okira s svojim videzom\"}]},{\"@type\":\"WebSite\",\"@id\":\"https:\/\/hudo.com\/si\/#website\",\"url\":\"https:\/\/hudo.com\/si\/\",\"name\":\"Hudo Slovenija\",\"description\":\"Vse novice iz Slovenije in sveta\",\"publisher\":{\"@id\":\"https:\/\/hudo.com\/si\/#organization\"},\"potentialAction\":[{\"@type\":\"SearchAction\",\"target\":{\"@type\":\"EntryPoint\",\"urlTemplate\":\"https:\/\/hudo.com\/si\/?s={search_term_string}\"},\"query-input\":\"required name=search_term_string\"}],\"inLanguage\":\"sl-SI\"},{\"@type\":\"Organization\",\"@id\":\"https:\/\/hudo.com\/si\/#organization\",\"name\":\"VSN Media\",\"url\":\"https:\/\/hudo.com\/si\/\",\"logo\":{\"@type\":\"ImageObject\",\"inLanguage\":\"sl-SI\",\"@id\":\"https:\/\/hudo.com\/si\/#\/schema\/logo\/image\/\",\"url\":\"https:\/\/hudo.com\/si\/wp-content\/uploads\/sites\/2\/2021\/03\/hudo-app-2.png\",\"contentUrl\":\"https:\/\/hudo.com\/si\/wp-content\/uploads\/sites\/2\/2021\/03\/hudo-app-2.png\",\"width\":2185,\"height\":2167,\"caption\":\"VSN Media\"},\"image\":{\"@id\":\"https:\/\/hudo.com\/si\/#\/schema\/logo\/image\/\"},\"sameAs\":[\"https:\/\/www.facebook.com\/hudo.si\",\"https:\/\/twitter.com\/hudo_si\"]},{\"@type\":\"Person\",\"@id\":\"https:\/\/hudo.com\/si\/#\/schema\/person\/f95639a66e0dd2c682b0568634e85b8b\",\"name\":\"A. G.\",\"image\":{\"@type\":\"ImageObject\",\"inLanguage\":\"sl-SI\",\"@id\":\"https:\/\/hudo.com\/si\/#\/schema\/person\/image\/\",\"url\":\"https:\/\/secure.gravatar.com\/avatar\/9f44de561c70d5d80348d3ed0f4b142d?s=96&d=mm&r=g\",\"contentUrl\":\"https:\/\/secure.gravatar.com\/avatar\/9f44de561c70d5d80348d3ed0f4b142d?s=96&d=mm&r=g\",\"caption\":\"A. G.\"},\"url\":\"https:\/\/hudo.com\/si\/author\/alenkagrmek\/\"}]}<\/script>\n<!-- \/ Yoast SEO plugin. -->","yoast_head_json":{"title":"Od nje ni ostalo ni\u010d: Neko\u010d usodno lepa Tara Reid danes \u0161okira s svojim videzom - Hudo Slovenija","robots":{"index":"index","follow":"follow","max-snippet":"max-snippet:-1","max-image-preview":"max-image-preview:large","max-video-preview":"max-video-preview:-1"},"canonical":"https:\/\/hudo.com\/si\/vip\/od-nje-ni-ostalo-nic-nekoc-usodno-lepa-tara-reid-danes-sokira-s-svojim-videzom\/","og_locale":"sl_SI","og_type":"article","og_title":"Od nje ni ostalo ni\u010d: Neko\u010d usodno lepa Tara Reid danes \u0161okira s svojim videzom - Hudo Slovenija","og_description":"Tara Reid je znana po hit komediji 'Ameri\u0161ka pita', po tem pa ni imela vidnej\u0161ih vlog, je pa zato toliko bolj \u0161e vedno v sredi\u0161\u010du pozornosti njen izgled.","og_url":"https:\/\/hudo.com\/si\/vip\/od-nje-ni-ostalo-nic-nekoc-usodno-lepa-tara-reid-danes-sokira-s-svojim-videzom\/","og_site_name":"Hudo Slovenija","article_publisher":"https:\/\/www.facebook.com\/hudo.si","article_published_time":"2021-11-09T09:24:25+00:00","article_modified_time":"2021-11-09T09:55:40+00:00","og_image":[{"width":1250,"height":796,"url":"https:\/\/hudo.com\/si\/wp-content\/uploads\/sites\/2\/2021\/11\/profimedia-0321181924.jpg","type":"image\/jpeg"}],"author":"A. G.","twitter_card":"summary_large_image","twitter_creator":"@hudo_si","twitter_site":"@hudo_si","twitter_misc":{"Written by":"A. G.","Est. reading time":"4 minute"},"schema":{"@context":"https:\/\/schema.org","@graph":[{"@type":"Article","@id":"https:\/\/hudo.com\/si\/vip\/od-nje-ni-ostalo-nic-nekoc-usodno-lepa-tara-reid-danes-sokira-s-svojim-videzom\/#article","isPartOf":{"@id":"https:\/\/hudo.com\/si\/vip\/od-nje-ni-ostalo-nic-nekoc-usodno-lepa-tara-reid-danes-sokira-s-svojim-videzom\/"},"author":{"name":"A. G.","@id":"https:\/\/hudo.com\/si\/#\/schema\/person\/f95639a66e0dd2c682b0568634e85b8b"},"headline":"Od nje ni ostalo ni\u010d: Neko\u010d usodno lepa Tara Reid danes \u0161okira s svojim videzom","datePublished":"2021-11-09T09:24:25+00:00","dateModified":"2021-11-09T09:55:40+00:00","mainEntityOfPage":{"@id":"https:\/\/hudo.com\/si\/vip\/od-nje-ni-ostalo-nic-nekoc-usodno-lepa-tara-reid-danes-sokira-s-svojim-videzom\/"},"wordCount":719,"publisher":{"@id":"https:\/\/hudo.com\/si\/#organization"},"keywords":["Tara Reid"],"articleSection":["VIP"],"inLanguage":"sl-SI"},{"@type":"WebPage","@id":"https:\/\/hudo.com\/si\/vip\/od-nje-ni-ostalo-nic-nekoc-usodno-lepa-tara-reid-danes-sokira-s-svojim-videzom\/","url":"https:\/\/hudo.com\/si\/vip\/od-nje-ni-ostalo-nic-nekoc-usodno-lepa-tara-reid-danes-sokira-s-svojim-videzom\/","name":"Od nje ni ostalo ni\u010d: Neko\u010d usodno lepa Tara Reid danes \u0161okira s svojim videzom - Hudo Slovenija","isPartOf":{"@id":"https:\/\/hudo.com\/si\/#website"},"datePublished":"2021-11-09T09:24:25+00:00","dateModified":"2021-11-09T09:55:40+00:00","breadcrumb":{"@id":"https:\/\/hudo.com\/si\/vip\/od-nje-ni-ostalo-nic-nekoc-usodno-lepa-tara-reid-danes-sokira-s-svojim-videzom\/#breadcrumb"},"inLanguage":"sl-SI","potentialAction":[{"@type":"ReadAction","target":["https:\/\/hudo.com\/si\/vip\/od-nje-ni-ostalo-nic-nekoc-usodno-lepa-tara-reid-danes-sokira-s-svojim-videzom\/"]}]},{"@type":"BreadcrumbList","@id":"https:\/\/hudo.com\/si\/vip\/od-nje-ni-ostalo-nic-nekoc-usodno-lepa-tara-reid-danes-sokira-s-svojim-videzom\/#breadcrumb","itemListElement":[{"@type":"ListItem","position":1,"name":"Home","item":"https:\/\/hudo.com\/si\/"},{"@type":"ListItem","position":2,"name":"Od nje ni ostalo ni\u010d: Neko\u010d usodno lepa Tara Reid danes \u0161okira s svojim videzom"}]},{"@type":"WebSite","@id":"https:\/\/hudo.com\/si\/#website","url":"https:\/\/hudo.com\/si\/","name":"Hudo Slovenija","description":"Vse novice iz Slovenije in sveta","publisher":{"@id":"https:\/\/hudo.com\/si\/#organization"},"potentialAction":[{"@type":"SearchAction","target":{"@type":"EntryPoint","urlTemplate":"https:\/\/hudo.com\/si\/?s={search_term_string}"},"query-input":"required name=search_term_string"}],"inLanguage":"sl-SI"},{"@type":"Organization","@id":"https:\/\/hudo.com\/si\/#organization","name":"VSN Media","url":"https:\/\/hudo.com\/si\/","logo":{"@type":"ImageObject","inLanguage":"sl-SI","@id":"https:\/\/hudo.com\/si\/#\/schema\/logo\/image\/","url":"https:\/\/hudo.com\/si\/wp-content\/uploads\/sites\/2\/2021\/03\/hudo-app-2.png","contentUrl":"https:\/\/hudo.com\/si\/wp-content\/uploads\/sites\/2\/2021\/03\/hudo-app-2.png","width":2185,"height":2167,"caption":"VSN Media"},"image":{"@id":"https:\/\/hudo.com\/si\/#\/schema\/logo\/image\/"},"sameAs":["https:\/\/www.facebook.com\/hudo.si","https:\/\/twitter.com\/hudo_si"]},{"@type":"Person","@id":"https:\/\/hudo.com\/si\/#\/schema\/person\/f95639a66e0dd2c682b0568634e85b8b","name":"A. G.","image":{"@type":"ImageObject","inLanguage":"sl-SI","@id":"https:\/\/hudo.com\/si\/#\/schema\/person\/image\/","url":"https:\/\/secure.gravatar.com\/avatar\/9f44de561c70d5d80348d3ed0f4b142d?s=96&d=mm&r=g","contentUrl":"https:\/\/secure.gravatar.com\/avatar\/9f44de561c70d5d80348d3ed0f4b142d?s=96&d=mm&r=g","caption":"A. G."},"url":"https:\/\/hudo.com\/si\/author\/alenkagrmek\/"}]}},"amp_enabled":true,"_links":{"self":[{"href":"https:\/\/hudo.com\/si\/wp-json\/wp\/v2\/posts\/460761"}],"collection":[{"href":"https:\/\/hudo.com\/si\/wp-json\/wp\/v2\/posts"}],"about":[{"href":"https:\/\/hudo.com\/si\/wp-json\/wp\/v2\/types\/post"}],"author":[{"embeddable":true,"href":"https:\/\/hudo.com\/si\/wp-json\/wp\/v2\/users\/6"}],"replies":[{"embeddable":true,"href":"https:\/\/hudo.com\/si\/wp-json\/wp\/v2\/comments?post=460761"}],"version-history":[{"count":3,"href":"https:\/\/hudo.com\/si\/wp-json\/wp\/v2\/posts\/460761\/revisions"}],"predecessor-version":[{"id":460775,"href":"https:\/\/hudo.com\/si\/wp-json\/wp\/v2\/posts\/460761\/revisions\/460775"}],"wp:featuredmedia":[{"embeddable":true,"href":"https:\/\/hudo.com\/si\/wp-json\/wp\/v2\/media\/460767"}],"wp:attachment":[{"href":"https:\/\/hudo.com\/si\/wp-json\/wp\/v2\/media?parent=460761"}],"wp:term":[{"taxonomy":"category","embeddable":true,"href":"https:\/\/hudo.com\/si\/wp-json\/wp\/v2\/categories?post=460761"},{"taxonomy":"post_tag","embeddable":true,"href":"https:\/\/hudo.com\/si\/wp-json\/wp\/v2\/tags?post=460761"},{"taxonomy":"source","embeddable":true,"href":"https:\/\/hudo.com\/si\/wp-json\/wp\/v2\/source?post=460761"},{"taxonomy":"supertag","embeddable":true,"href":"https:\/\/hudo.com\/si\/wp-json\/wp\/v2\/supertag?post=460761"}],"curies":[{"name":"wp","href":"https:\/\/api.w.org\/{rel}","templated":true}]}}