{"id":461037,"date":"2021-11-15T10:15:11","date_gmt":"2021-11-15T09:15:11","guid":{"rendered":"https:\/\/hudo.com\/si\/?p=461037"},"modified":"2021-11-15T13:32:12","modified_gmt":"2021-11-15T12:32:12","slug":"nenadoma-umrla-25-letna-hcerka-slavnega-glasbenika-povsem-sem-zlomljen","status":"publish","type":"post","link":"https:\/\/hudo.com\/si\/vip\/nenadoma-umrla-25-letna-hcerka-slavnega-glasbenika-povsem-sem-zlomljen\/","title":{"rendered":"Nenadoma umrla 25-letna h\u010derka slavnega glasbenika: &#8220;Povsem sem zlomljen&#8221;"},"content":{"rendered":"<p>H\u010derka ameri\u0161kega glasbenika Chrisa Daughtryja, Hannah, je nenadoma umrla pri 25 letih. Policija je namre\u010d Hannah na\u0161la mrtvo na njenem domu v Tennesseeju. Novico je na svojem Instagram profilu objavila njena mama Deanna, delila pa je tudi \u0161tevilne fotografije svoje h\u010derke. &#8220;Moja prvorojenka. Neskon\u010dno te imam rada, Hannah. Na\u0161a dru\u017eina se \u017eeli vsem zahvaliti za vso va\u0161o ljubezen, medtem ko \u017ealujemo za izgubo na\u0161e h\u010derke Hannah,&#8221; je zapisala Deanna in dodala, da \u010dakajo na rezultate obdukcije, kako je Hannah dobila po\u0161kodbe, zaradi katerih je umrla. &#8220;Na\u0161a srca so zlomljena,&#8221; je zapisala.<\/p>\n<blockquote class=\"instagram-media\" style=\"background: #FFF; border: 0; border-radius: 3px; box-shadow: 0 0 1px 0 rgba(0,0,0,0.5),0 1px 10px 0 rgba(0,0,0,0.15); margin: 1px; max-width: 540px; min-width: 326px; padding: 0; width: calc(100% - 2px);\" data-instgrm-permalink=\"https:\/\/www.instagram.com\/p\/CWN__vOgao5\/?utm_source=ig_embed&amp;utm_campaign=loading\" data-instgrm-version=\"14\">\n<div style=\"padding: 16px;\">\n<p>&nbsp;<\/p>\n<div style=\"display: flex; flex-direction: row; align-items: center;\">\n<div style=\"background-color: #f4f4f4; border-radius: 50%; flex-grow: 0; height: 40px; margin-right: 14px; width: 40px;\"><\/div>\n<div style=\"display: flex; flex-direction: column; flex-grow: 1; justify-content: center;\">\n<div style=\"background-color: #f4f4f4; border-radius: 4px; flex-grow: 0; height: 14px; margin-bottom: 6px; width: 100px;\"><\/div>\n<div style=\"background-color: #f4f4f4; border-radius: 4px; flex-grow: 0; height: 14px; width: 60px;\"><\/div>\n<\/div>\n<\/div>\n<div style=\"padding: 19% 0;\"><\/div>\n<div style=\"display: block; height: 50px; margin: 0 auto 12px; width: 50px;\"><\/div>\n<div style=\"padding-top: 8px;\">\n<div style=\"color: #3897f0; font-family: Arial,sans-serif; font-size: 14px; font-style: normal; font-weight: 550; line-height: 18px;\">View this post on Instagram<\/div>\n<\/div>\n<div style=\"padding: 12.5% 0;\"><\/div>\n<div style=\"display: flex; flex-direction: row; margin-bottom: 14px; align-items: center;\">\n<div>\n<div style=\"background-color: #f4f4f4; border-radius: 50%; height: 12.5px; width: 12.5px; transform: translateX(0px) translateY(7px);\"><\/div>\n<div style=\"background-color: #f4f4f4; height: 12.5px; transform: rotate(-45deg) translateX(3px) translateY(1px); width: 12.5px; flex-grow: 0; margin-right: 14px; margin-left: 2px;\"><\/div>\n<div style=\"background-color: #f4f4f4; border-radius: 50%; height: 12.5px; width: 12.5px; transform: translateX(9px) translateY(-18px);\"><\/div>\n<\/div>\n<div style=\"margin-left: 8px;\">\n<div style=\"background-color: #f4f4f4; border-radius: 50%; flex-grow: 0; height: 20px; width: 20px;\"><\/div>\n<div style=\"width: 0; height: 0; border-top: 2px solid transparent; border-left: 6px solid #f4f4f4; border-bottom: 2px solid transparent; transform: translateX(16px) translateY(-4px) rotate(30deg);\"><\/div>\n<\/div>\n<div style=\"margin-left: auto;\">\n<div style=\"width: 0px; border-top: 8px solid #F4F4F4; border-right: 8px solid transparent; transform: translateY(16px);\"><\/div>\n<div style=\"background-color: #f4f4f4; flex-grow: 0; height: 12px; width: 16px; transform: translateY(-4px);\"><\/div>\n<div style=\"width: 0; height: 0; border-top: 8px solid #F4F4F4; border-left: 8px solid transparent; transform: translateY(-4px) translateX(8px);\"><\/div>\n<\/div>\n<\/div>\n<div style=\"display: flex; flex-direction: column; flex-grow: 1; justify-content: center; margin-bottom: 24px;\">\n<div style=\"background-color: #f4f4f4; border-radius: 4px; flex-grow: 0; height: 14px; margin-bottom: 6px; width: 224px;\"><\/div>\n<div style=\"background-color: #f4f4f4; border-radius: 4px; flex-grow: 0; height: 14px; width: 144px;\"><\/div>\n<\/div>\n<p>&nbsp;<\/p>\n<p style=\"color: #c9c8cd; font-family: Arial,sans-serif; font-size: 14px; line-height: 17px; margin-bottom: 0; margin-top: 8px; overflow: hidden; padding: 8px 0 7px; text-align: center; text-overflow: ellipsis; white-space: nowrap;\"><a style=\"color: #c9c8cd; font-family: Arial,sans-serif; font-size: 14px; font-style: normal; font-weight: normal; line-height: 17px; text-decoration: none;\" href=\"https:\/\/www.instagram.com\/p\/CWN__vOgao5\/?utm_source=ig_embed&amp;utm_campaign=loading\" target=\"_blank\" rel=\"noopener noreferrer\">A post shared by Deanna Daughtry (@deanna.daughtry)<\/a><\/p>\n<\/div>\n<\/blockquote>\n<p><div class=\"embed-notice\">Za ogled vstavljene vsebine morate omogo\u010diti <a href=\"#\" onclick=\"Optanon.ToggleInfoDisplay()\">shranjevanje pi\u0161kotkov v napravi<\/a><\/div><script async type=\"text\/plain\" class=\"optanon-category-C0002-C0003-C0004\" optanon-src=\"\/\/www.instagram.com\/embed.js\"><\/script><\/p>\n<p>Na svojem profilu se je tudi Chris poslovil od h\u010derke. &#8220;Popolnoma sem zlomljen. Pred kratkim sem izgubil mamo zaradi raka, a sem se vsaj od nje lahko poslovil. Od na\u0161e Hannah pa se nismo uspeli posloviti in to je hud udarec za vso dru\u017eino. Hvala vsem za izre\u010deno so\u017ealje. Hannah, radi te imamo in pogre\u0161amo te,&#8221; je zapisal glasbenik. Prav tako je bilo objavljeno, da so vsi koncerti skupine Daughtry, v kateri je Chris frontman, prestavljeni ali odpovedani.<\/p>\n<p>Mimogrede, Chris Daughtry je bil leta 2006 finalist pete sezone \u0161ova &#8216;American Idol&#8217;, po kateri je zgradil uspe\u0161no kariero. Njegove najve\u010dje uspe\u0161nice so: &#8216;It&#8217;s not over&#8217;, &#8216;Over you&#8217;, &#8216;September&#8217;, &#8216;Start of something good&#8217;, &#8216;Waiting for Superman&#8217; in \u0161tevilne druge. Dodajmo, da je bila Hannah mati dveh otrok: sina Liama \u200b\u200b(7) in h\u010derke Lily (1).<\/p>\n","protected":false},"excerpt":{"rendered":"<p>Bila je mamica dveh otrok.<\/p>\n","protected":false},"author":6,"featured_media":461038,"comment_status":"closed","ping_status":"closed","sticky":false,"template":"","format":"standard","meta":{"footnotes":""},"categories":[1093],"tags":[19579],"source":[4511],"supertag":[],"acf":[],"yoast_head":"<!-- This site is optimized with the Yoast SEO plugin v21.3 - https:\/\/yoast.com\/wordpress\/plugins\/seo\/ -->\n<title>Nenadoma umrla 25-letna h\u010derka slavnega glasbenika: &quot;Povsem sem zlomljen&quot; - Hudo Slovenija<\/title>\n<meta name=\"robots\" content=\"index, follow, max-snippet:-1, max-image-preview:large, max-video-preview:-1\" \/>\n<link rel=\"canonical\" href=\"https:\/\/hudo.com\/si\/vip\/nenadoma-umrla-25-letna-hcerka-slavnega-glasbenika-povsem-sem-zlomljen\/\" \/>\n<meta property=\"og:locale\" content=\"sl_SI\" \/>\n<meta property=\"og:type\" content=\"article\" \/>\n<meta property=\"og:title\" content=\"Nenadoma umrla 25-letna h\u010derka slavnega glasbenika: &quot;Povsem sem zlomljen&quot; - Hudo Slovenija\" \/>\n<meta property=\"og:description\" content=\"Bila je mamica dveh otrok.\" \/>\n<meta property=\"og:url\" content=\"https:\/\/hudo.com\/si\/vip\/nenadoma-umrla-25-letna-hcerka-slavnega-glasbenika-povsem-sem-zlomljen\/\" \/>\n<meta property=\"og:site_name\" content=\"Hudo Slovenija\" \/>\n<meta property=\"article:publisher\" content=\"https:\/\/www.facebook.com\/hudo.si\" \/>\n<meta property=\"article:published_time\" content=\"2021-11-15T09:15:11+00:00\" \/>\n<meta property=\"article:modified_time\" content=\"2021-11-15T12:32:12+00:00\" \/>\n<meta property=\"og:image\" content=\"https:\/\/hudo.com\/si\/wp-content\/uploads\/sites\/2\/2021\/11\/profimedia-0391690857.jpg\" \/>\n\t<meta property=\"og:image:width\" content=\"1250\" \/>\n\t<meta property=\"og:image:height\" content=\"737\" \/>\n\t<meta property=\"og:image:type\" content=\"image\/jpeg\" \/>\n<meta name=\"author\" content=\"A. G.\" \/>\n<meta name=\"twitter:card\" content=\"summary_large_image\" \/>\n<meta name=\"twitter:creator\" content=\"@hudo_si\" \/>\n<meta name=\"twitter:site\" content=\"@hudo_si\" \/>\n<meta name=\"twitter:label1\" content=\"Written by\" \/>\n\t<meta name=\"twitter:data1\" content=\"A. G.\" \/>\n\t<meta name=\"twitter:label2\" content=\"Est. reading time\" \/>\n\t<meta name=\"twitter:data2\" content=\"1 minuta\" \/>\n<script type=\"application\/ld+json\" class=\"yoast-schema-graph\">{\"@context\":\"https:\/\/schema.org\",\"@graph\":[{\"@type\":\"Article\",\"@id\":\"https:\/\/hudo.com\/si\/vip\/nenadoma-umrla-25-letna-hcerka-slavnega-glasbenika-povsem-sem-zlomljen\/#article\",\"isPartOf\":{\"@id\":\"https:\/\/hudo.com\/si\/vip\/nenadoma-umrla-25-letna-hcerka-slavnega-glasbenika-povsem-sem-zlomljen\/\"},\"author\":{\"name\":\"A. G.\",\"@id\":\"https:\/\/hudo.com\/si\/#\/schema\/person\/f95639a66e0dd2c682b0568634e85b8b\"},\"headline\":\"Nenadoma umrla 25-letna h\u010derka slavnega glasbenika: &#8220;Povsem sem zlomljen&#8221;\",\"datePublished\":\"2021-11-15T09:15:11+00:00\",\"dateModified\":\"2021-11-15T12:32:12+00:00\",\"mainEntityOfPage\":{\"@id\":\"https:\/\/hudo.com\/si\/vip\/nenadoma-umrla-25-letna-hcerka-slavnega-glasbenika-povsem-sem-zlomljen\/\"},\"wordCount\":266,\"publisher\":{\"@id\":\"https:\/\/hudo.com\/si\/#organization\"},\"keywords\":[\"Chris Daughtry\"],\"articleSection\":[\"VIP\"],\"inLanguage\":\"sl-SI\"},{\"@type\":\"WebPage\",\"@id\":\"https:\/\/hudo.com\/si\/vip\/nenadoma-umrla-25-letna-hcerka-slavnega-glasbenika-povsem-sem-zlomljen\/\",\"url\":\"https:\/\/hudo.com\/si\/vip\/nenadoma-umrla-25-letna-hcerka-slavnega-glasbenika-povsem-sem-zlomljen\/\",\"name\":\"Nenadoma umrla 25-letna h\u010derka slavnega glasbenika: \\\"Povsem sem zlomljen\\\" - Hudo Slovenija\",\"isPartOf\":{\"@id\":\"https:\/\/hudo.com\/si\/#website\"},\"datePublished\":\"2021-11-15T09:15:11+00:00\",\"dateModified\":\"2021-11-15T12:32:12+00:00\",\"breadcrumb\":{\"@id\":\"https:\/\/hudo.com\/si\/vip\/nenadoma-umrla-25-letna-hcerka-slavnega-glasbenika-povsem-sem-zlomljen\/#breadcrumb\"},\"inLanguage\":\"sl-SI\",\"potentialAction\":[{\"@type\":\"ReadAction\",\"target\":[\"https:\/\/hudo.com\/si\/vip\/nenadoma-umrla-25-letna-hcerka-slavnega-glasbenika-povsem-sem-zlomljen\/\"]}]},{\"@type\":\"BreadcrumbList\",\"@id\":\"https:\/\/hudo.com\/si\/vip\/nenadoma-umrla-25-letna-hcerka-slavnega-glasbenika-povsem-sem-zlomljen\/#breadcrumb\",\"itemListElement\":[{\"@type\":\"ListItem\",\"position\":1,\"name\":\"Home\",\"item\":\"https:\/\/hudo.com\/si\/\"},{\"@type\":\"ListItem\",\"position\":2,\"name\":\"Nenadoma umrla 25-letna h\u010derka slavnega glasbenika: &#8220;Povsem sem zlomljen&#8221;\"}]},{\"@type\":\"WebSite\",\"@id\":\"https:\/\/hudo.com\/si\/#website\",\"url\":\"https:\/\/hudo.com\/si\/\",\"name\":\"Hudo Slovenija\",\"description\":\"Vse novice iz Slovenije in sveta\",\"publisher\":{\"@id\":\"https:\/\/hudo.com\/si\/#organization\"},\"potentialAction\":[{\"@type\":\"SearchAction\",\"target\":{\"@type\":\"EntryPoint\",\"urlTemplate\":\"https:\/\/hudo.com\/si\/?s={search_term_string}\"},\"query-input\":\"required name=search_term_string\"}],\"inLanguage\":\"sl-SI\"},{\"@type\":\"Organization\",\"@id\":\"https:\/\/hudo.com\/si\/#organization\",\"name\":\"VSN Media\",\"url\":\"https:\/\/hudo.com\/si\/\",\"logo\":{\"@type\":\"ImageObject\",\"inLanguage\":\"sl-SI\",\"@id\":\"https:\/\/hudo.com\/si\/#\/schema\/logo\/image\/\",\"url\":\"https:\/\/hudo.com\/si\/wp-content\/uploads\/sites\/2\/2021\/03\/hudo-app-2.png\",\"contentUrl\":\"https:\/\/hudo.com\/si\/wp-content\/uploads\/sites\/2\/2021\/03\/hudo-app-2.png\",\"width\":2185,\"height\":2167,\"caption\":\"VSN Media\"},\"image\":{\"@id\":\"https:\/\/hudo.com\/si\/#\/schema\/logo\/image\/\"},\"sameAs\":[\"https:\/\/www.facebook.com\/hudo.si\",\"https:\/\/twitter.com\/hudo_si\"]},{\"@type\":\"Person\",\"@id\":\"https:\/\/hudo.com\/si\/#\/schema\/person\/f95639a66e0dd2c682b0568634e85b8b\",\"name\":\"A. G.\",\"image\":{\"@type\":\"ImageObject\",\"inLanguage\":\"sl-SI\",\"@id\":\"https:\/\/hudo.com\/si\/#\/schema\/person\/image\/\",\"url\":\"https:\/\/secure.gravatar.com\/avatar\/9f44de561c70d5d80348d3ed0f4b142d?s=96&d=mm&r=g\",\"contentUrl\":\"https:\/\/secure.gravatar.com\/avatar\/9f44de561c70d5d80348d3ed0f4b142d?s=96&d=mm&r=g\",\"caption\":\"A. G.\"},\"url\":\"https:\/\/hudo.com\/si\/author\/alenkagrmek\/\"}]}<\/script>\n<!-- \/ Yoast SEO plugin. -->","yoast_head_json":{"title":"Nenadoma umrla 25-letna h\u010derka slavnega glasbenika: \"Povsem sem zlomljen\" - Hudo Slovenija","robots":{"index":"index","follow":"follow","max-snippet":"max-snippet:-1","max-image-preview":"max-image-preview:large","max-video-preview":"max-video-preview:-1"},"canonical":"https:\/\/hudo.com\/si\/vip\/nenadoma-umrla-25-letna-hcerka-slavnega-glasbenika-povsem-sem-zlomljen\/","og_locale":"sl_SI","og_type":"article","og_title":"Nenadoma umrla 25-letna h\u010derka slavnega glasbenika: \"Povsem sem zlomljen\" - Hudo Slovenija","og_description":"Bila je mamica dveh otrok.","og_url":"https:\/\/hudo.com\/si\/vip\/nenadoma-umrla-25-letna-hcerka-slavnega-glasbenika-povsem-sem-zlomljen\/","og_site_name":"Hudo Slovenija","article_publisher":"https:\/\/www.facebook.com\/hudo.si","article_published_time":"2021-11-15T09:15:11+00:00","article_modified_time":"2021-11-15T12:32:12+00:00","og_image":[{"width":1250,"height":737,"url":"https:\/\/hudo.com\/si\/wp-content\/uploads\/sites\/2\/2021\/11\/profimedia-0391690857.jpg","type":"image\/jpeg"}],"author":"A. G.","twitter_card":"summary_large_image","twitter_creator":"@hudo_si","twitter_site":"@hudo_si","twitter_misc":{"Written by":"A. G.","Est. reading time":"1 minuta"},"schema":{"@context":"https:\/\/schema.org","@graph":[{"@type":"Article","@id":"https:\/\/hudo.com\/si\/vip\/nenadoma-umrla-25-letna-hcerka-slavnega-glasbenika-povsem-sem-zlomljen\/#article","isPartOf":{"@id":"https:\/\/hudo.com\/si\/vip\/nenadoma-umrla-25-letna-hcerka-slavnega-glasbenika-povsem-sem-zlomljen\/"},"author":{"name":"A. G.","@id":"https:\/\/hudo.com\/si\/#\/schema\/person\/f95639a66e0dd2c682b0568634e85b8b"},"headline":"Nenadoma umrla 25-letna h\u010derka slavnega glasbenika: &#8220;Povsem sem zlomljen&#8221;","datePublished":"2021-11-15T09:15:11+00:00","dateModified":"2021-11-15T12:32:12+00:00","mainEntityOfPage":{"@id":"https:\/\/hudo.com\/si\/vip\/nenadoma-umrla-25-letna-hcerka-slavnega-glasbenika-povsem-sem-zlomljen\/"},"wordCount":266,"publisher":{"@id":"https:\/\/hudo.com\/si\/#organization"},"keywords":["Chris Daughtry"],"articleSection":["VIP"],"inLanguage":"sl-SI"},{"@type":"WebPage","@id":"https:\/\/hudo.com\/si\/vip\/nenadoma-umrla-25-letna-hcerka-slavnega-glasbenika-povsem-sem-zlomljen\/","url":"https:\/\/hudo.com\/si\/vip\/nenadoma-umrla-25-letna-hcerka-slavnega-glasbenika-povsem-sem-zlomljen\/","name":"Nenadoma umrla 25-letna h\u010derka slavnega glasbenika: \"Povsem sem zlomljen\" - Hudo Slovenija","isPartOf":{"@id":"https:\/\/hudo.com\/si\/#website"},"datePublished":"2021-11-15T09:15:11+00:00","dateModified":"2021-11-15T12:32:12+00:00","breadcrumb":{"@id":"https:\/\/hudo.com\/si\/vip\/nenadoma-umrla-25-letna-hcerka-slavnega-glasbenika-povsem-sem-zlomljen\/#breadcrumb"},"inLanguage":"sl-SI","potentialAction":[{"@type":"ReadAction","target":["https:\/\/hudo.com\/si\/vip\/nenadoma-umrla-25-letna-hcerka-slavnega-glasbenika-povsem-sem-zlomljen\/"]}]},{"@type":"BreadcrumbList","@id":"https:\/\/hudo.com\/si\/vip\/nenadoma-umrla-25-letna-hcerka-slavnega-glasbenika-povsem-sem-zlomljen\/#breadcrumb","itemListElement":[{"@type":"ListItem","position":1,"name":"Home","item":"https:\/\/hudo.com\/si\/"},{"@type":"ListItem","position":2,"name":"Nenadoma umrla 25-letna h\u010derka slavnega glasbenika: &#8220;Povsem sem zlomljen&#8221;"}]},{"@type":"WebSite","@id":"https:\/\/hudo.com\/si\/#website","url":"https:\/\/hudo.com\/si\/","name":"Hudo Slovenija","description":"Vse novice iz Slovenije in sveta","publisher":{"@id":"https:\/\/hudo.com\/si\/#organization"},"potentialAction":[{"@type":"SearchAction","target":{"@type":"EntryPoint","urlTemplate":"https:\/\/hudo.com\/si\/?s={search_term_string}"},"query-input":"required name=search_term_string"}],"inLanguage":"sl-SI"},{"@type":"Organization","@id":"https:\/\/hudo.com\/si\/#organization","name":"VSN Media","url":"https:\/\/hudo.com\/si\/","logo":{"@type":"ImageObject","inLanguage":"sl-SI","@id":"https:\/\/hudo.com\/si\/#\/schema\/logo\/image\/","url":"https:\/\/hudo.com\/si\/wp-content\/uploads\/sites\/2\/2021\/03\/hudo-app-2.png","contentUrl":"https:\/\/hudo.com\/si\/wp-content\/uploads\/sites\/2\/2021\/03\/hudo-app-2.png","width":2185,"height":2167,"caption":"VSN Media"},"image":{"@id":"https:\/\/hudo.com\/si\/#\/schema\/logo\/image\/"},"sameAs":["https:\/\/www.facebook.com\/hudo.si","https:\/\/twitter.com\/hudo_si"]},{"@type":"Person","@id":"https:\/\/hudo.com\/si\/#\/schema\/person\/f95639a66e0dd2c682b0568634e85b8b","name":"A. G.","image":{"@type":"ImageObject","inLanguage":"sl-SI","@id":"https:\/\/hudo.com\/si\/#\/schema\/person\/image\/","url":"https:\/\/secure.gravatar.com\/avatar\/9f44de561c70d5d80348d3ed0f4b142d?s=96&d=mm&r=g","contentUrl":"https:\/\/secure.gravatar.com\/avatar\/9f44de561c70d5d80348d3ed0f4b142d?s=96&d=mm&r=g","caption":"A. G."},"url":"https:\/\/hudo.com\/si\/author\/alenkagrmek\/"}]}},"amp_enabled":true,"_links":{"self":[{"href":"https:\/\/hudo.com\/si\/wp-json\/wp\/v2\/posts\/461037"}],"collection":[{"href":"https:\/\/hudo.com\/si\/wp-json\/wp\/v2\/posts"}],"about":[{"href":"https:\/\/hudo.com\/si\/wp-json\/wp\/v2\/types\/post"}],"author":[{"embeddable":true,"href":"https:\/\/hudo.com\/si\/wp-json\/wp\/v2\/users\/6"}],"replies":[{"embeddable":true,"href":"https:\/\/hudo.com\/si\/wp-json\/wp\/v2\/comments?post=461037"}],"version-history":[{"count":4,"href":"https:\/\/hudo.com\/si\/wp-json\/wp\/v2\/posts\/461037\/revisions"}],"predecessor-version":[{"id":461047,"href":"https:\/\/hudo.com\/si\/wp-json\/wp\/v2\/posts\/461037\/revisions\/461047"}],"wp:featuredmedia":[{"embeddable":true,"href":"https:\/\/hudo.com\/si\/wp-json\/wp\/v2\/media\/461038"}],"wp:attachment":[{"href":"https:\/\/hudo.com\/si\/wp-json\/wp\/v2\/media?parent=461037"}],"wp:term":[{"taxonomy":"category","embeddable":true,"href":"https:\/\/hudo.com\/si\/wp-json\/wp\/v2\/categories?post=461037"},{"taxonomy":"post_tag","embeddable":true,"href":"https:\/\/hudo.com\/si\/wp-json\/wp\/v2\/tags?post=461037"},{"taxonomy":"source","embeddable":true,"href":"https:\/\/hudo.com\/si\/wp-json\/wp\/v2\/source?post=461037"},{"taxonomy":"supertag","embeddable":true,"href":"https:\/\/hudo.com\/si\/wp-json\/wp\/v2\/supertag?post=461037"}],"curies":[{"name":"wp","href":"https:\/\/api.w.org\/{rel}","templated":true}]}}