{"id":461160,"date":"2021-11-17T08:42:51","date_gmt":"2021-11-17T07:42:51","guid":{"rendered":"https:\/\/hudo.com\/si\/?p=461160"},"modified":"2021-11-17T08:42:51","modified_gmt":"2021-11-17T07:42:51","slug":"avstrija-zaostruje-pogoje-za-vstop-v-drzavo","status":"publish","type":"post","link":"https:\/\/hudo.com\/si\/aktualno\/svet\/avstrija-zaostruje-pogoje-za-vstop-v-drzavo\/","title":{"rendered":"Avstrija zaostruje pogoje za vstop v dr\u017eavo"},"content":{"rendered":"<div id=\"center\">\n<article class=\"articleui\">\n<div class=\"text\">\n<p>Za dnevne migrante, med katere spadajo denimo tisti, ki pre\u010dkajo mejo zaradi slu\u017ebe, \u0161ole, \u0161tudija in dru\u017einskih razlogov, velja t. i. pravilo 3G, ki vklju\u010duje tudi testiranje z antigenskimi testi pri uradnih izvajalcih, poro\u010da avstrijska tiskovna agencija APA.<\/p>\n<p>Kljub temu se re\u017eim prehajanja meje nekoliko zaostruje tudi za dnevne migrante. Doslej sedemdnevna veljavnost testa PCR se skraj\u0161uje na 72 ur. Antigenski hitri testi bodo po novem veljavni namesto dosedanjih 48 ur veljavni le \u0161e 24 ur. Izjema so posebna potrdila, ki jih imajo \u0161olarji in ki vklju\u010dujejo tudi rezultate testiranja v \u0161olah.<\/p>\n<p>Tako kot sicer v Avstriji tudi za tiste, ki vstopajo v dr\u017eavo, se veljavnost potrdila o cepljenju skraj\u0161uje z enega leta na devet mesecev. Za to prilagoditev sicer velja prehodno obdobje do 6. decembra.<\/p>\n<p>Oblasti v Avstriji so spremembe glede prehajanja meje sprejele v torek, veljati pa za\u010dnejo v ponedeljek.<\/p>\n<\/div>\n<\/article>\n<\/div>\n<div id=\"sidebar\"><\/div>\n","protected":false},"excerpt":{"rendered":"<p>Avstrija spri\u010do zaostrenih epidemiolo\u0161kih razmer zaostruje pogoje za vstop v dr\u017eavo. Od ponedeljka bo za prehod meje obvezno t. i. pravilo 2,5G, ki pomeni, da mora imeti oseba potrdilo o cepljenju proti covidu-19, prebolelosti ali negativnem izvidu testa PCR. Antigenski testi in testi na protitelesa izgubljajo veljavo. Izjema so dnevni migranti.<\/p>\n","protected":false},"author":5,"featured_media":423922,"comment_status":"closed","ping_status":"closed","sticky":false,"template":"","format":"standard","meta":{"footnotes":""},"categories":[18202],"tags":[1934,15632,6297,4780],"source":[4511],"supertag":[],"acf":[],"yoast_head":"<!-- This site is optimized with the Yoast SEO plugin v21.3 - https:\/\/yoast.com\/wordpress\/plugins\/seo\/ -->\n<title>Avstrija zaostruje pogoje za vstop v dr\u017eavo - Hudo Slovenija<\/title>\n<meta name=\"robots\" content=\"index, follow, max-snippet:-1, max-image-preview:large, max-video-preview:-1\" \/>\n<link rel=\"canonical\" href=\"https:\/\/hudo.com\/si\/aktualno\/svet\/avstrija-zaostruje-pogoje-za-vstop-v-drzavo\/\" \/>\n<meta property=\"og:locale\" content=\"sl_SI\" \/>\n<meta property=\"og:type\" content=\"article\" \/>\n<meta property=\"og:title\" content=\"Avstrija zaostruje pogoje za vstop v dr\u017eavo - Hudo Slovenija\" \/>\n<meta property=\"og:description\" content=\"Avstrija spri\u010do zaostrenih epidemiolo\u0161kih razmer zaostruje pogoje za vstop v dr\u017eavo. Od ponedeljka bo za prehod meje obvezno t. i. pravilo 2,5G, ki pomeni, da mora imeti oseba potrdilo o cepljenju proti covidu-19, prebolelosti ali negativnem izvidu testa PCR. Antigenski testi in testi na protitelesa izgubljajo veljavo. Izjema so dnevni migranti.\" \/>\n<meta property=\"og:url\" content=\"https:\/\/hudo.com\/si\/aktualno\/svet\/avstrija-zaostruje-pogoje-za-vstop-v-drzavo\/\" \/>\n<meta property=\"og:site_name\" content=\"Hudo Slovenija\" \/>\n<meta property=\"article:publisher\" content=\"https:\/\/www.facebook.com\/hudo.si\" \/>\n<meta property=\"article:published_time\" content=\"2021-11-17T07:42:51+00:00\" \/>\n<meta property=\"og:image\" content=\"https:\/\/hudo.com\/si\/wp-content\/uploads\/sites\/2\/2020\/05\/profimedia-0291302760.jpg\" \/>\n\t<meta property=\"og:image:width\" content=\"1250\" \/>\n\t<meta property=\"og:image:height\" content=\"833\" \/>\n\t<meta property=\"og:image:type\" content=\"image\/jpeg\" \/>\n<meta name=\"author\" content=\"A. G., STA\" \/>\n<meta name=\"twitter:card\" content=\"summary_large_image\" \/>\n<meta name=\"twitter:creator\" content=\"@hudo_si\" \/>\n<meta name=\"twitter:site\" content=\"@hudo_si\" \/>\n<meta name=\"twitter:label1\" content=\"Written by\" \/>\n\t<meta name=\"twitter:data1\" content=\"A. G., STA\" \/>\n\t<meta name=\"twitter:label2\" content=\"Est. reading time\" \/>\n\t<meta name=\"twitter:data2\" content=\"1 minuta\" \/>\n<script type=\"application\/ld+json\" class=\"yoast-schema-graph\">{\"@context\":\"https:\/\/schema.org\",\"@graph\":[{\"@type\":\"Article\",\"@id\":\"https:\/\/hudo.com\/si\/aktualno\/svet\/avstrija-zaostruje-pogoje-za-vstop-v-drzavo\/#article\",\"isPartOf\":{\"@id\":\"https:\/\/hudo.com\/si\/aktualno\/svet\/avstrija-zaostruje-pogoje-za-vstop-v-drzavo\/\"},\"author\":{\"name\":\"A. G., STA\",\"@id\":\"https:\/\/hudo.com\/si\/#\/schema\/person\/2391667a63ea075ba94f2f2dc6b77537\"},\"headline\":\"Avstrija zaostruje pogoje za vstop v dr\u017eavo\",\"datePublished\":\"2021-11-17T07:42:51+00:00\",\"dateModified\":\"2021-11-17T07:42:51+00:00\",\"mainEntityOfPage\":{\"@id\":\"https:\/\/hudo.com\/si\/aktualno\/svet\/avstrija-zaostruje-pogoje-za-vstop-v-drzavo\/\"},\"wordCount\":157,\"publisher\":{\"@id\":\"https:\/\/hudo.com\/si\/#organization\"},\"keywords\":[\"Avstrija\",\"koronavirus\",\"meja\",\"ukrepi\"],\"articleSection\":[\"Svet\"],\"inLanguage\":\"sl-SI\"},{\"@type\":\"WebPage\",\"@id\":\"https:\/\/hudo.com\/si\/aktualno\/svet\/avstrija-zaostruje-pogoje-za-vstop-v-drzavo\/\",\"url\":\"https:\/\/hudo.com\/si\/aktualno\/svet\/avstrija-zaostruje-pogoje-za-vstop-v-drzavo\/\",\"name\":\"Avstrija zaostruje pogoje za vstop v dr\u017eavo - Hudo Slovenija\",\"isPartOf\":{\"@id\":\"https:\/\/hudo.com\/si\/#website\"},\"datePublished\":\"2021-11-17T07:42:51+00:00\",\"dateModified\":\"2021-11-17T07:42:51+00:00\",\"breadcrumb\":{\"@id\":\"https:\/\/hudo.com\/si\/aktualno\/svet\/avstrija-zaostruje-pogoje-za-vstop-v-drzavo\/#breadcrumb\"},\"inLanguage\":\"sl-SI\",\"potentialAction\":[{\"@type\":\"ReadAction\",\"target\":[\"https:\/\/hudo.com\/si\/aktualno\/svet\/avstrija-zaostruje-pogoje-za-vstop-v-drzavo\/\"]}]},{\"@type\":\"BreadcrumbList\",\"@id\":\"https:\/\/hudo.com\/si\/aktualno\/svet\/avstrija-zaostruje-pogoje-za-vstop-v-drzavo\/#breadcrumb\",\"itemListElement\":[{\"@type\":\"ListItem\",\"position\":1,\"name\":\"Home\",\"item\":\"https:\/\/hudo.com\/si\/\"},{\"@type\":\"ListItem\",\"position\":2,\"name\":\"Avstrija zaostruje pogoje za vstop v dr\u017eavo\"}]},{\"@type\":\"WebSite\",\"@id\":\"https:\/\/hudo.com\/si\/#website\",\"url\":\"https:\/\/hudo.com\/si\/\",\"name\":\"Hudo Slovenija\",\"description\":\"Vse novice iz Slovenije in sveta\",\"publisher\":{\"@id\":\"https:\/\/hudo.com\/si\/#organization\"},\"potentialAction\":[{\"@type\":\"SearchAction\",\"target\":{\"@type\":\"EntryPoint\",\"urlTemplate\":\"https:\/\/hudo.com\/si\/?s={search_term_string}\"},\"query-input\":\"required name=search_term_string\"}],\"inLanguage\":\"sl-SI\"},{\"@type\":\"Organization\",\"@id\":\"https:\/\/hudo.com\/si\/#organization\",\"name\":\"VSN Media\",\"url\":\"https:\/\/hudo.com\/si\/\",\"logo\":{\"@type\":\"ImageObject\",\"inLanguage\":\"sl-SI\",\"@id\":\"https:\/\/hudo.com\/si\/#\/schema\/logo\/image\/\",\"url\":\"https:\/\/hudo.com\/si\/wp-content\/uploads\/sites\/2\/2021\/03\/hudo-app-2.png\",\"contentUrl\":\"https:\/\/hudo.com\/si\/wp-content\/uploads\/sites\/2\/2021\/03\/hudo-app-2.png\",\"width\":2185,\"height\":2167,\"caption\":\"VSN Media\"},\"image\":{\"@id\":\"https:\/\/hudo.com\/si\/#\/schema\/logo\/image\/\"},\"sameAs\":[\"https:\/\/www.facebook.com\/hudo.si\",\"https:\/\/twitter.com\/hudo_si\"]},{\"@type\":\"Person\",\"@id\":\"https:\/\/hudo.com\/si\/#\/schema\/person\/2391667a63ea075ba94f2f2dc6b77537\",\"name\":\"A. G., STA\",\"image\":{\"@type\":\"ImageObject\",\"inLanguage\":\"sl-SI\",\"@id\":\"https:\/\/hudo.com\/si\/#\/schema\/person\/image\/\",\"url\":\"https:\/\/secure.gravatar.com\/avatar\/e13d22ac3e442658d5025fbbe6238a79?s=96&d=mm&r=g\",\"contentUrl\":\"https:\/\/secure.gravatar.com\/avatar\/e13d22ac3e442658d5025fbbe6238a79?s=96&d=mm&r=g\",\"caption\":\"A. G., STA\"},\"url\":\"https:\/\/hudo.com\/si\/author\/alenka\/\"}]}<\/script>\n<!-- \/ Yoast SEO plugin. -->","yoast_head_json":{"title":"Avstrija zaostruje pogoje za vstop v dr\u017eavo - Hudo Slovenija","robots":{"index":"index","follow":"follow","max-snippet":"max-snippet:-1","max-image-preview":"max-image-preview:large","max-video-preview":"max-video-preview:-1"},"canonical":"https:\/\/hudo.com\/si\/aktualno\/svet\/avstrija-zaostruje-pogoje-za-vstop-v-drzavo\/","og_locale":"sl_SI","og_type":"article","og_title":"Avstrija zaostruje pogoje za vstop v dr\u017eavo - Hudo Slovenija","og_description":"Avstrija spri\u010do zaostrenih epidemiolo\u0161kih razmer zaostruje pogoje za vstop v dr\u017eavo. Od ponedeljka bo za prehod meje obvezno t. i. pravilo 2,5G, ki pomeni, da mora imeti oseba potrdilo o cepljenju proti covidu-19, prebolelosti ali negativnem izvidu testa PCR. Antigenski testi in testi na protitelesa izgubljajo veljavo. Izjema so dnevni migranti.","og_url":"https:\/\/hudo.com\/si\/aktualno\/svet\/avstrija-zaostruje-pogoje-za-vstop-v-drzavo\/","og_site_name":"Hudo Slovenija","article_publisher":"https:\/\/www.facebook.com\/hudo.si","article_published_time":"2021-11-17T07:42:51+00:00","og_image":[{"width":1250,"height":833,"url":"https:\/\/hudo.com\/si\/wp-content\/uploads\/sites\/2\/2020\/05\/profimedia-0291302760.jpg","type":"image\/jpeg"}],"author":"A. G., STA","twitter_card":"summary_large_image","twitter_creator":"@hudo_si","twitter_site":"@hudo_si","twitter_misc":{"Written by":"A. G., STA","Est. reading time":"1 minuta"},"schema":{"@context":"https:\/\/schema.org","@graph":[{"@type":"Article","@id":"https:\/\/hudo.com\/si\/aktualno\/svet\/avstrija-zaostruje-pogoje-za-vstop-v-drzavo\/#article","isPartOf":{"@id":"https:\/\/hudo.com\/si\/aktualno\/svet\/avstrija-zaostruje-pogoje-za-vstop-v-drzavo\/"},"author":{"name":"A. G., STA","@id":"https:\/\/hudo.com\/si\/#\/schema\/person\/2391667a63ea075ba94f2f2dc6b77537"},"headline":"Avstrija zaostruje pogoje za vstop v dr\u017eavo","datePublished":"2021-11-17T07:42:51+00:00","dateModified":"2021-11-17T07:42:51+00:00","mainEntityOfPage":{"@id":"https:\/\/hudo.com\/si\/aktualno\/svet\/avstrija-zaostruje-pogoje-za-vstop-v-drzavo\/"},"wordCount":157,"publisher":{"@id":"https:\/\/hudo.com\/si\/#organization"},"keywords":["Avstrija","koronavirus","meja","ukrepi"],"articleSection":["Svet"],"inLanguage":"sl-SI"},{"@type":"WebPage","@id":"https:\/\/hudo.com\/si\/aktualno\/svet\/avstrija-zaostruje-pogoje-za-vstop-v-drzavo\/","url":"https:\/\/hudo.com\/si\/aktualno\/svet\/avstrija-zaostruje-pogoje-za-vstop-v-drzavo\/","name":"Avstrija zaostruje pogoje za vstop v dr\u017eavo - Hudo Slovenija","isPartOf":{"@id":"https:\/\/hudo.com\/si\/#website"},"datePublished":"2021-11-17T07:42:51+00:00","dateModified":"2021-11-17T07:42:51+00:00","breadcrumb":{"@id":"https:\/\/hudo.com\/si\/aktualno\/svet\/avstrija-zaostruje-pogoje-za-vstop-v-drzavo\/#breadcrumb"},"inLanguage":"sl-SI","potentialAction":[{"@type":"ReadAction","target":["https:\/\/hudo.com\/si\/aktualno\/svet\/avstrija-zaostruje-pogoje-za-vstop-v-drzavo\/"]}]},{"@type":"BreadcrumbList","@id":"https:\/\/hudo.com\/si\/aktualno\/svet\/avstrija-zaostruje-pogoje-za-vstop-v-drzavo\/#breadcrumb","itemListElement":[{"@type":"ListItem","position":1,"name":"Home","item":"https:\/\/hudo.com\/si\/"},{"@type":"ListItem","position":2,"name":"Avstrija zaostruje pogoje za vstop v dr\u017eavo"}]},{"@type":"WebSite","@id":"https:\/\/hudo.com\/si\/#website","url":"https:\/\/hudo.com\/si\/","name":"Hudo Slovenija","description":"Vse novice iz Slovenije in sveta","publisher":{"@id":"https:\/\/hudo.com\/si\/#organization"},"potentialAction":[{"@type":"SearchAction","target":{"@type":"EntryPoint","urlTemplate":"https:\/\/hudo.com\/si\/?s={search_term_string}"},"query-input":"required name=search_term_string"}],"inLanguage":"sl-SI"},{"@type":"Organization","@id":"https:\/\/hudo.com\/si\/#organization","name":"VSN Media","url":"https:\/\/hudo.com\/si\/","logo":{"@type":"ImageObject","inLanguage":"sl-SI","@id":"https:\/\/hudo.com\/si\/#\/schema\/logo\/image\/","url":"https:\/\/hudo.com\/si\/wp-content\/uploads\/sites\/2\/2021\/03\/hudo-app-2.png","contentUrl":"https:\/\/hudo.com\/si\/wp-content\/uploads\/sites\/2\/2021\/03\/hudo-app-2.png","width":2185,"height":2167,"caption":"VSN Media"},"image":{"@id":"https:\/\/hudo.com\/si\/#\/schema\/logo\/image\/"},"sameAs":["https:\/\/www.facebook.com\/hudo.si","https:\/\/twitter.com\/hudo_si"]},{"@type":"Person","@id":"https:\/\/hudo.com\/si\/#\/schema\/person\/2391667a63ea075ba94f2f2dc6b77537","name":"A. G., STA","image":{"@type":"ImageObject","inLanguage":"sl-SI","@id":"https:\/\/hudo.com\/si\/#\/schema\/person\/image\/","url":"https:\/\/secure.gravatar.com\/avatar\/e13d22ac3e442658d5025fbbe6238a79?s=96&d=mm&r=g","contentUrl":"https:\/\/secure.gravatar.com\/avatar\/e13d22ac3e442658d5025fbbe6238a79?s=96&d=mm&r=g","caption":"A. G., STA"},"url":"https:\/\/hudo.com\/si\/author\/alenka\/"}]}},"amp_enabled":true,"_links":{"self":[{"href":"https:\/\/hudo.com\/si\/wp-json\/wp\/v2\/posts\/461160"}],"collection":[{"href":"https:\/\/hudo.com\/si\/wp-json\/wp\/v2\/posts"}],"about":[{"href":"https:\/\/hudo.com\/si\/wp-json\/wp\/v2\/types\/post"}],"author":[{"embeddable":true,"href":"https:\/\/hudo.com\/si\/wp-json\/wp\/v2\/users\/5"}],"replies":[{"embeddable":true,"href":"https:\/\/hudo.com\/si\/wp-json\/wp\/v2\/comments?post=461160"}],"version-history":[{"count":1,"href":"https:\/\/hudo.com\/si\/wp-json\/wp\/v2\/posts\/461160\/revisions"}],"predecessor-version":[{"id":461161,"href":"https:\/\/hudo.com\/si\/wp-json\/wp\/v2\/posts\/461160\/revisions\/461161"}],"wp:featuredmedia":[{"embeddable":true,"href":"https:\/\/hudo.com\/si\/wp-json\/wp\/v2\/media\/423922"}],"wp:attachment":[{"href":"https:\/\/hudo.com\/si\/wp-json\/wp\/v2\/media?parent=461160"}],"wp:term":[{"taxonomy":"category","embeddable":true,"href":"https:\/\/hudo.com\/si\/wp-json\/wp\/v2\/categories?post=461160"},{"taxonomy":"post_tag","embeddable":true,"href":"https:\/\/hudo.com\/si\/wp-json\/wp\/v2\/tags?post=461160"},{"taxonomy":"source","embeddable":true,"href":"https:\/\/hudo.com\/si\/wp-json\/wp\/v2\/source?post=461160"},{"taxonomy":"supertag","embeddable":true,"href":"https:\/\/hudo.com\/si\/wp-json\/wp\/v2\/supertag?post=461160"}],"curies":[{"name":"wp","href":"https:\/\/api.w.org\/{rel}","templated":true}]}}